{"id":10524,"date":"2022-09-26T14:18:02","date_gmt":"2022-09-26T11:18:02","guid":{"rendered":"http:\/\/sydialogue.org\/?p=10524"},"modified":"2022-12-04T14:36:50","modified_gmt":"2022-12-04T11:36:50","slug":"kuzey-suriyedeki-turk-aciklamalarina-ve-halk-hareketine-yonelik-muhalif-ve-devrimci-guclerin-soyleminin-temel-ozellikleri","status":"publish","type":"post","link":"https:\/\/sydialogue.org\/tr\/kuzey-suriyedeki-turk-aciklamalarina-ve-halk-hareketine-yonelik-muhalif-ve-devrimci-guclerin-soyleminin-temel-ozellikleri\/","title":{"rendered":"Kuzey Suriye&#8217;deki T\u00fcrk a\u00e7\u0131klamalar\u0131na ve halk hareketine y\u00f6nelik Muhalif ve Devrimci G\u00fc\u00e7lerin s\u00f6yleminin temel \u00f6zellikleri"},"content":{"rendered":"<p dir=\"ltr\" style=\"text-align: justify;\">T\u00fcrkiye D\u0131\u015fi\u015fleri Bakan\u0131 Mevl\u00fct \u00c7avu\u015fo\u011flu&#8217;nun 11.8.2022 Per\u015fembe g\u00fcn\u00fc muhalefet ve rejimin uzla\u015fma ve ter\u00f6ristlerden kurtulmas\u0131 yoluyla s\u00fcrd\u00fcr\u00fclebilir bir bar\u0131\u015fa ula\u015fmas\u0131 gerekti\u011fine ili\u015fkin a\u00e7\u0131klamalar\u0131, Kuzey Suriye b\u00f6lgelerindeki Suriyeliler aras\u0131nda bir protesto dalgas\u0131n\u0131 tetikledi. Protestolarda Esad rejimiyle hi\u00e7bir normalle\u015fme yada uzla\u015fma \u00e7a\u011fr\u0131s\u0131n\u0131 kabul etmediklerini duyurdular.<\/p>\n<p dir=\"ltr\" style=\"text-align: justify;\">Protesto dalgas\u0131, kurtar\u0131lm\u0131\u015f t\u00fcm b\u00f6lgelerdeki \u00e7e\u015fitli \u015fehir, kasaba ve k\u00f6ylerde \u00e7e\u015fitli \u015fekillerde devam etti. Aktivistlerin \u201cUzla\u015fmayaca\u011f\u0131z Cumas\u0131 \u201c adland\u0131rd\u0131klar\u0131 12.8 Cuma g\u00fcn\u00fc bir\u00e7ok protesto devam etti. T\u00fcrk D\u0131\u015fi\u015fleri Bakanl\u0131\u011f\u0131&#8217;n\u0131n Suriye halk\u0131n\u0131 destekledi\u011fine dair resmi bir a\u00e7\u0131klama yapmas\u0131na ra\u011fmen, g\u00f6steriler ertesi g\u00fcn daha yava\u015f olmakla birlikte devam etti.<\/p>\n<p dir=\"ltr\" style=\"text-align: justify;\">Bu protesto dalgas\u0131nda, elektrik \u00fccretleri protestolar\u0131, kurumlar\u0131n yolsuzlu\u011fu ve Tadef kentindeki siper protestolar\u0131 gibi \u00e7e\u015fitli protesto hareketlerinde daha \u00f6nce al\u0131\u015f\u0131lmad\u0131k olaylar ya\u015fand\u0131. Baz\u0131 ki\u015filer taraf\u0131ndan T\u00fcrk bayra\u011f\u0131 yak\u0131ld\u0131 ve \u00e7o\u011fu\u00a0 son T\u00fcrk a\u00e7\u0131klamalar\u0131na sert bir \u015fekilde sald\u0131ran ve \u201cT\u00fcrk vesayeti\u201dni red eden sloganlar at\u0131ld\u0131. T\u00fcm bu h\u0131zlanan olaylar, yurti\u00e7inde ve yurtd\u0131\u015f\u0131nda \u00e7e\u015fitli g\u00fc\u00e7 ve organlar\u0131 bu \u00f6nemli geli\u015fmelere ili\u015fkin tutumlar\u0131n\u0131 belirlemeye \u00e7a\u011f\u0131rd\u0131.<\/p>\n<p dir=\"ltr\" style=\"text-align: justify;\">Makalemiz, ekte detayland\u0131r\u0131lacak 31 heyet ve g\u00fc\u00e7 verilerinin analizini i\u00e7ermektedir. Bunlar Ulusal Koalisyon ve Milli Ordu gibi resmi g\u00fc\u00e7ler, yerel konseyler, sendikalar, devrimci \u00f6rg\u00fctler ve olu\u015fumlar, yerel siyasi organlar, t\u00fczel ki\u015filer ve geleneksel siyasi g\u00fc\u00e7ler olarak s\u0131n\u0131fland\u0131r\u0131lm\u0131\u015ft\u0131r.<\/p>\n<p dir=\"ltr\" style=\"text-align: justify;\">Makale, Muhalif ve Devrimci G\u00fc\u00e7lerin T\u00fcrk a\u00e7\u0131klamalar\u0131na y\u00f6nelik tutumlar\u0131n\u0131n en \u00f6nemli \u00f6zelliklerini belirlemeye \u00e7al\u0131\u015f\u0131yor. Bu da, tutumlar\u0131n tan\u0131mlanmas\u0131na ve sonu\u00e7lar\u0131n\u0131n tahmin edilmesine katk\u0131 sa\u011flayacakt\u0131r. Bu, yay\u0131nlanan verilerin izlenmesi ve \u201ctematik analiz\u201d yakla\u015f\u0131m\u0131na g\u00f6re ve analiz edilmesiyle yap\u0131lm\u0131\u015ft\u0131r.<\/p>\n<p dir=\"ltr\"><a href=\"http:\/\/sydialogue.org\/%d8%a7%d9%84%d8%b3%d9%85%d8%a7%d8%aa-%d8%a7%d9%84%d8%a3%d8%b3%d8%a7%d8%b3%d9%8a%d8%a9-%d9%84%d8%ae%d8%b7%d8%a7%d8%a8-%d9%82%d9%88%d9%89-%d8%a7%d9%84%d8%ab%d9%88%d8%b1%d8%a9-%d9%88%d8%a7%d9%84%d9%85\/\">Yaz\u0131n\u0131n tamam\u0131n\u0131 okumak i\u00e7in (Arap\u00e7a)<\/a><\/p>\n","protected":false},"excerpt":{"rendered":"<p>Makalede, Esad rejimi ile ili\u015fkilerine dair T\u00fcrkiye&#8217;nin a\u00e7\u0131klamalar\u0131na kar\u015f\u0131 Muhalif ve Devrimci G\u00fc\u00e7lerin tutumlar\u0131n\u0131n en \u00f6nemli \u00f6zelliklerini tespit etmeye \u00e7al\u0131\u015f\u0131lm\u0131\u015ft\u0131r. Yay\u0131nlanan verileri izleyerek ve analiz ederek tutumlar\u0131n tan\u0131mlanmas\u0131 ve sonu\u00e7lar\u0131n\u0131n tahmin edilmesi ama\u00e7lanm\u0131\u015ft\u0131r.<\/p>\n","protected":false},"author":1,"featured_media":10525,"comment_status":"open","ping_status":"closed","sticky":false,"template":"","format":"standard","meta":{"_acf_changed":false,"footnotes":""},"categories":[80,92,49],"tags":[],"class_list":["post-10524","post","type-post","status-publish","format-standard","has-post-thumbnail","hentry","category-analytical-articles-tr","category-ortak-kimlik-ve-uzlasi-birimi","category-yayinlar"],"acf":[],"yoast_head":"<!-- This site is optimized with the Yoast SEO plugin v26.0 - https:\/\/yoast.com\/wordpress\/plugins\/seo\/ -->\n<title>Kuzey Suriye&#039;deki T\u00fcrk a\u00e7\u0131klamalar\u0131na ve halk hareketine y\u00f6nelik Muhalif ve Devrimci G\u00fc\u00e7lerin s\u00f6yleminin temel \u00f6zellikleri - Suriye Diyalog Merkezi<\/title>\n<meta name=\"description\" content=\"Makalede, Esad rejimi ile ili\u015fkilerine dair T\u00fcrkiye&#039;nin a\u00e7\u0131klamalar\u0131na kar\u015f\u0131 Muhalif ve Devrimci G\u00fc\u00e7lerin tutumlar\u0131n\u0131n en \u00f6nemli \u00f6zelliklerini tespit etmeye \u00e7al\u0131\u015f\u0131lm\u0131\u015ft\u0131r. Yay\u0131nlanan verileri izleyerek ve analiz ederek tutumlar\u0131n tan\u0131mlanmas\u0131 ve sonu\u00e7lar\u0131n\u0131n tahmin edilmesi ama\u00e7lanm\u0131\u015ft\u0131r.\" \/>\n<meta name=\"robots\" content=\"index, follow, max-snippet:-1, max-image-preview:large, max-video-preview:-1\" \/>\n<link rel=\"canonical\" href=\"https:\/\/sydialogue.org\/tr\/kuzey-suriyedeki-turk-aciklamalarina-ve-halk-hareketine-yonelik-muhalif-ve-devrimci-guclerin-soyleminin-temel-ozellikleri\/\" \/>\n<meta property=\"og:locale\" content=\"tr_TR\" \/>\n<meta property=\"og:type\" content=\"article\" \/>\n<meta property=\"og:title\" content=\"Kuzey Suriye&#039;deki T\u00fcrk a\u00e7\u0131klamalar\u0131na ve halk hareketine y\u00f6nelik Muhalif ve Devrimci G\u00fc\u00e7lerin s\u00f6yleminin temel \u00f6zellikleri - Suriye Diyalog Merkezi\" \/>\n<meta property=\"og:description\" content=\"Makalede, Esad rejimi ile ili\u015fkilerine dair T\u00fcrkiye&#039;nin a\u00e7\u0131klamalar\u0131na kar\u015f\u0131 Muhalif ve Devrimci G\u00fc\u00e7lerin tutumlar\u0131n\u0131n en \u00f6nemli \u00f6zelliklerini tespit etmeye \u00e7al\u0131\u015f\u0131lm\u0131\u015ft\u0131r. Yay\u0131nlanan verileri izleyerek ve analiz ederek tutumlar\u0131n tan\u0131mlanmas\u0131 ve sonu\u00e7lar\u0131n\u0131n tahmin edilmesi ama\u00e7lanm\u0131\u015ft\u0131r.\" \/>\n<meta property=\"og:url\" content=\"https:\/\/sydialogue.org\/tr\/kuzey-suriyedeki-turk-aciklamalarina-ve-halk-hareketine-yonelik-muhalif-ve-devrimci-guclerin-soyleminin-temel-ozellikleri\/\" \/>\n<meta property=\"og:site_name\" content=\"Suriye Diyalog Merkezi\" \/>\n<meta property=\"article:publisher\" content=\"https:\/\/www.facebook.com\/Sydialogue\" \/>\n<meta property=\"article:published_time\" content=\"2022-09-26T11:18:02+00:00\" \/>\n<meta property=\"article:modified_time\" content=\"2022-12-04T11:36:50+00:00\" \/>\n<meta property=\"og:image\" content=\"https:\/\/sydialogue.org\/wp-content\/uploads\/2022\/12\/Tr046-copy.jpg\" \/>\n\t<meta property=\"og:image:width\" content=\"2308\" \/>\n\t<meta property=\"og:image:height\" content=\"1159\" \/>\n\t<meta property=\"og:image:type\" content=\"image\/jpeg\" \/>\n<meta name=\"author\" content=\"\u0645\u0631\u0643\u0632 \u0627\u0644\u062d\u0648\u0627\u0631 \u0627\u0644\u0633\u0648\u0631\u064a\" \/>\n<meta name=\"twitter:card\" content=\"summary_large_image\" \/>\n<meta name=\"twitter:creator\" content=\"@Sydialogue\" \/>\n<meta name=\"twitter:site\" content=\"@Sydialogue\" \/>\n<meta name=\"twitter:label1\" content=\"Yazan:\" \/>\n\t<meta name=\"twitter:data1\" content=\"\u0645\u0631\u0643\u0632 \u0627\u0644\u062d\u0648\u0627\u0631 \u0627\u0644\u0633\u0648\u0631\u064a\" \/>\n\t<meta name=\"twitter:label2\" content=\"Tahmini okuma s\u00fcresi\" \/>\n\t<meta name=\"twitter:data2\" content=\"2 dakika\" \/>\n<script type=\"application\/ld+json\" class=\"yoast-schema-graph\">{\"@context\":\"https:\/\/schema.org\",\"@graph\":[{\"@type\":\"WebPage\",\"@id\":\"https:\/\/sydialogue.org\/tr\/kuzey-suriyedeki-turk-aciklamalarina-ve-halk-hareketine-yonelik-muhalif-ve-devrimci-guclerin-soyleminin-temel-ozellikleri\/\",\"url\":\"https:\/\/sydialogue.org\/tr\/kuzey-suriyedeki-turk-aciklamalarina-ve-halk-hareketine-yonelik-muhalif-ve-devrimci-guclerin-soyleminin-temel-ozellikleri\/\",\"name\":\"Kuzey Suriye'deki T\u00fcrk a\u00e7\u0131klamalar\u0131na ve halk hareketine y\u00f6nelik Muhalif ve Devrimci G\u00fc\u00e7lerin s\u00f6yleminin temel \u00f6zellikleri - Suriye Diyalog Merkezi\",\"isPartOf\":{\"@id\":\"https:\/\/sydialogue.org\/tr\/#website\"},\"primaryImageOfPage\":{\"@id\":\"https:\/\/sydialogue.org\/tr\/kuzey-suriyedeki-turk-aciklamalarina-ve-halk-hareketine-yonelik-muhalif-ve-devrimci-guclerin-soyleminin-temel-ozellikleri\/#primaryimage\"},\"image\":{\"@id\":\"https:\/\/sydialogue.org\/tr\/kuzey-suriyedeki-turk-aciklamalarina-ve-halk-hareketine-yonelik-muhalif-ve-devrimci-guclerin-soyleminin-temel-ozellikleri\/#primaryimage\"},\"thumbnailUrl\":\"https:\/\/e8nd7pn44jx.exactdn.com\/wp-content\/uploads\/2022\/12\/Tr046-copy.jpg?strip=all\",\"datePublished\":\"2022-09-26T11:18:02+00:00\",\"dateModified\":\"2022-12-04T11:36:50+00:00\",\"author\":{\"@id\":\"https:\/\/sydialogue.org\/tr\/#\/schema\/person\/34a2994f7414cbc7ce06e08267c4944d\"},\"description\":\"Makalede, Esad rejimi ile ili\u015fkilerine dair T\u00fcrkiye'nin a\u00e7\u0131klamalar\u0131na kar\u015f\u0131 Muhalif ve Devrimci G\u00fc\u00e7lerin tutumlar\u0131n\u0131n en \u00f6nemli \u00f6zelliklerini tespit etmeye \u00e7al\u0131\u015f\u0131lm\u0131\u015ft\u0131r. Yay\u0131nlanan verileri izleyerek ve analiz ederek tutumlar\u0131n tan\u0131mlanmas\u0131 ve sonu\u00e7lar\u0131n\u0131n tahmin edilmesi ama\u00e7lanm\u0131\u015ft\u0131r.\",\"breadcrumb\":{\"@id\":\"https:\/\/sydialogue.org\/tr\/kuzey-suriyedeki-turk-aciklamalarina-ve-halk-hareketine-yonelik-muhalif-ve-devrimci-guclerin-soyleminin-temel-ozellikleri\/#breadcrumb\"},\"inLanguage\":\"tr\",\"potentialAction\":[{\"@type\":\"ReadAction\",\"target\":[\"https:\/\/sydialogue.org\/tr\/kuzey-suriyedeki-turk-aciklamalarina-ve-halk-hareketine-yonelik-muhalif-ve-devrimci-guclerin-soyleminin-temel-ozellikleri\/\"]}]},{\"@type\":\"ImageObject\",\"inLanguage\":\"tr\",\"@id\":\"https:\/\/sydialogue.org\/tr\/kuzey-suriyedeki-turk-aciklamalarina-ve-halk-hareketine-yonelik-muhalif-ve-devrimci-guclerin-soyleminin-temel-ozellikleri\/#primaryimage\",\"url\":\"https:\/\/e8nd7pn44jx.exactdn.com\/wp-content\/uploads\/2022\/12\/Tr046-copy.jpg?strip=all\",\"contentUrl\":\"https:\/\/e8nd7pn44jx.exactdn.com\/wp-content\/uploads\/2022\/12\/Tr046-copy.jpg?strip=all\",\"width\":2308,\"height\":1159},{\"@type\":\"BreadcrumbList\",\"@id\":\"https:\/\/sydialogue.org\/tr\/kuzey-suriyedeki-turk-aciklamalarina-ve-halk-hareketine-yonelik-muhalif-ve-devrimci-guclerin-soyleminin-temel-ozellikleri\/#breadcrumb\",\"itemListElement\":[{\"@type\":\"ListItem\",\"position\":1,\"name\":\"\u0627\u0644\u0631\u0626\u064a\u0633\u064a\u0629\",\"item\":\"https:\/\/sydialogue.org\/tr\/\"},{\"@type\":\"ListItem\",\"position\":2,\"name\":\"Kuzey Suriye&#8217;deki T\u00fcrk a\u00e7\u0131klamalar\u0131na ve halk hareketine y\u00f6nelik Muhalif ve Devrimci G\u00fc\u00e7lerin s\u00f6yleminin temel \u00f6zellikleri\"}]},{\"@type\":\"WebSite\",\"@id\":\"https:\/\/sydialogue.org\/tr\/#website\",\"url\":\"https:\/\/sydialogue.org\/tr\/\",\"name\":\"\u0645\u0631\u0643\u0632 \u0627\u0644\u062d\u0648\u0627\u0631 \u0627\u0644\u0633\u0648\u0631\u064a\",\"description\":\"Suriyeli bir sivil kurum, Suriye halk\u0131n\u0131 ilgilendiren konularda diyalo\u011fu canland\u0131rmay\u0131 ve harekete ge\u00e7irmeyi hedefliyor ve Suriyeliler aras\u0131nda ili\u015fkileri g\u00fc\u00e7lendirmeye ve i\u015fbirli\u011fi ve koordinasyonu harekete ge\u00e7irmeye \u00e7al\u0131\u015f\u0131yor.\",\"potentialAction\":[{\"@type\":\"SearchAction\",\"target\":{\"@type\":\"EntryPoint\",\"urlTemplate\":\"https:\/\/sydialogue.org\/tr\/?s={search_term_string}\"},\"query-input\":{\"@type\":\"PropertyValueSpecification\",\"valueRequired\":true,\"valueName\":\"search_term_string\"}}],\"inLanguage\":\"tr\"},{\"@type\":\"Person\",\"@id\":\"https:\/\/sydialogue.org\/tr\/#\/schema\/person\/34a2994f7414cbc7ce06e08267c4944d\",\"name\":\"\u0645\u0631\u0643\u0632 \u0627\u0644\u062d\u0648\u0627\u0631 \u0627\u0644\u0633\u0648\u0631\u064a\",\"image\":{\"@type\":\"ImageObject\",\"inLanguage\":\"tr\",\"@id\":\"https:\/\/sydialogue.org\/tr\/#\/schema\/person\/image\/\",\"url\":\"https:\/\/sydialogue.org\/wp-content\/uploads\/2023\/09\/\u0644\u0648\u063a\u0648-\u062e\u0644\u0641\u064a\u0629-\u0634\u0641\u0627\u0641\u0629-1.png\",\"contentUrl\":\"https:\/\/sydialogue.org\/wp-content\/uploads\/2023\/09\/\u0644\u0648\u063a\u0648-\u062e\u0644\u0641\u064a\u0629-\u0634\u0641\u0627\u0641\u0629-1.png\",\"caption\":\"\u0645\u0631\u0643\u0632 \u0627\u0644\u062d\u0648\u0627\u0631 \u0627\u0644\u0633\u0648\u0631\u064a\"},\"description\":\"\u0645\u0624\u0633\u0633\u0629 \u0628\u062d\u062b\u064a\u0629 \u0633\u0648\u0631\u064a\u0629 \u062a\u0633\u0639\u0649 \u0625\u0644\u0649 \u0627\u0644\u0625\u0633\u0647\u0627\u0645 \u0641\u064a \u0628\u0646\u0627\u0621 \u0627\u0644\u0631\u0624\u0649 \u0648\u0627\u0644\u0645\u0639\u0627\u0631\u0641 \u0628\u0645\u0627 \u064a\u0633\u0627\u0639\u062f \u0627\u0644\u0633\u0648\u0631\u064a\u064a\u0646 \u0639\u0644\u0649 \u0625\u0646\u0636\u0627\u062c \u062d\u0644\u0648\u0644 \u0639\u0645\u0644\u064a\u0629 \u0644\u0645\u0648\u0627\u062c\u0647\u0629 \u0627\u0644\u062a\u062d\u062f\u064a\u0627\u062a \u0627\u0644\u0648\u0637\u0646\u064a\u0629 \u0627\u0644\u0645\u0634\u062a\u0631\u0643\u0629 \u0648\u062a\u062d\u0642\u064a\u0642 \u0627\u0644\u062a\u0646\u0645\u064a\u0629 \u0627\u0644\u0645\u0633\u062a\u062f\u0627\u0645\u0629\",\"sameAs\":[\"http:\/\/sydialogue.org\/\",\"Syrian Dialogue Center\"],\"url\":\"#molongui-disabled-link\"}]}<\/script>\n<!-- \/ Yoast SEO plugin. -->","yoast_head_json":{"title":"Kuzey Suriye'deki T\u00fcrk a\u00e7\u0131klamalar\u0131na ve halk hareketine y\u00f6nelik Muhalif ve Devrimci G\u00fc\u00e7lerin s\u00f6yleminin temel \u00f6zellikleri - Suriye Diyalog Merkezi","description":"Makalede, Esad rejimi ile ili\u015fkilerine dair T\u00fcrkiye'nin a\u00e7\u0131klamalar\u0131na kar\u015f\u0131 Muhalif ve Devrimci G\u00fc\u00e7lerin tutumlar\u0131n\u0131n en \u00f6nemli \u00f6zelliklerini tespit etmeye \u00e7al\u0131\u015f\u0131lm\u0131\u015ft\u0131r. Yay\u0131nlanan verileri izleyerek ve analiz ederek tutumlar\u0131n tan\u0131mlanmas\u0131 ve sonu\u00e7lar\u0131n\u0131n tahmin edilmesi ama\u00e7lanm\u0131\u015ft\u0131r.","robots":{"index":"index","follow":"follow","max-snippet":"max-snippet:-1","max-image-preview":"max-image-preview:large","max-video-preview":"max-video-preview:-1"},"canonical":"https:\/\/sydialogue.org\/tr\/kuzey-suriyedeki-turk-aciklamalarina-ve-halk-hareketine-yonelik-muhalif-ve-devrimci-guclerin-soyleminin-temel-ozellikleri\/","og_locale":"tr_TR","og_type":"article","og_title":"Kuzey Suriye'deki T\u00fcrk a\u00e7\u0131klamalar\u0131na ve halk hareketine y\u00f6nelik Muhalif ve Devrimci G\u00fc\u00e7lerin s\u00f6yleminin temel \u00f6zellikleri - Suriye Diyalog Merkezi","og_description":"Makalede, Esad rejimi ile ili\u015fkilerine dair T\u00fcrkiye'nin a\u00e7\u0131klamalar\u0131na kar\u015f\u0131 Muhalif ve Devrimci G\u00fc\u00e7lerin tutumlar\u0131n\u0131n en \u00f6nemli \u00f6zelliklerini tespit etmeye \u00e7al\u0131\u015f\u0131lm\u0131\u015ft\u0131r. Yay\u0131nlanan verileri izleyerek ve analiz ederek tutumlar\u0131n tan\u0131mlanmas\u0131 ve sonu\u00e7lar\u0131n\u0131n tahmin edilmesi ama\u00e7lanm\u0131\u015ft\u0131r.","og_url":"https:\/\/sydialogue.org\/tr\/kuzey-suriyedeki-turk-aciklamalarina-ve-halk-hareketine-yonelik-muhalif-ve-devrimci-guclerin-soyleminin-temel-ozellikleri\/","og_site_name":"Suriye Diyalog Merkezi","article_publisher":"https:\/\/www.facebook.com\/Sydialogue","article_published_time":"2022-09-26T11:18:02+00:00","article_modified_time":"2022-12-04T11:36:50+00:00","og_image":[{"width":2308,"height":1159,"url":"https:\/\/sydialogue.org\/wp-content\/uploads\/2022\/12\/Tr046-copy.jpg","type":"image\/jpeg"}],"author":"\u0645\u0631\u0643\u0632 \u0627\u0644\u062d\u0648\u0627\u0631 \u0627\u0644\u0633\u0648\u0631\u064a","twitter_card":"summary_large_image","twitter_creator":"@Sydialogue","twitter_site":"@Sydialogue","twitter_misc":{"Yazan:":"\u0645\u0631\u0643\u0632 \u0627\u0644\u062d\u0648\u0627\u0631 \u0627\u0644\u0633\u0648\u0631\u064a","Tahmini okuma s\u00fcresi":"2 dakika"},"schema":{"@context":"https:\/\/schema.org","@graph":[{"@type":"WebPage","@id":"https:\/\/sydialogue.org\/tr\/kuzey-suriyedeki-turk-aciklamalarina-ve-halk-hareketine-yonelik-muhalif-ve-devrimci-guclerin-soyleminin-temel-ozellikleri\/","url":"https:\/\/sydialogue.org\/tr\/kuzey-suriyedeki-turk-aciklamalarina-ve-halk-hareketine-yonelik-muhalif-ve-devrimci-guclerin-soyleminin-temel-ozellikleri\/","name":"Kuzey Suriye'deki T\u00fcrk a\u00e7\u0131klamalar\u0131na ve halk hareketine y\u00f6nelik Muhalif ve Devrimci G\u00fc\u00e7lerin s\u00f6yleminin temel \u00f6zellikleri - Suriye Diyalog Merkezi","isPartOf":{"@id":"https:\/\/sydialogue.org\/tr\/#website"},"primaryImageOfPage":{"@id":"https:\/\/sydialogue.org\/tr\/kuzey-suriyedeki-turk-aciklamalarina-ve-halk-hareketine-yonelik-muhalif-ve-devrimci-guclerin-soyleminin-temel-ozellikleri\/#primaryimage"},"image":{"@id":"https:\/\/sydialogue.org\/tr\/kuzey-suriyedeki-turk-aciklamalarina-ve-halk-hareketine-yonelik-muhalif-ve-devrimci-guclerin-soyleminin-temel-ozellikleri\/#primaryimage"},"thumbnailUrl":"https:\/\/e8nd7pn44jx.exactdn.com\/wp-content\/uploads\/2022\/12\/Tr046-copy.jpg?strip=all","datePublished":"2022-09-26T11:18:02+00:00","dateModified":"2022-12-04T11:36:50+00:00","author":{"@id":"https:\/\/sydialogue.org\/tr\/#\/schema\/person\/34a2994f7414cbc7ce06e08267c4944d"},"description":"Makalede, Esad rejimi ile ili\u015fkilerine dair T\u00fcrkiye'nin a\u00e7\u0131klamalar\u0131na kar\u015f\u0131 Muhalif ve Devrimci G\u00fc\u00e7lerin tutumlar\u0131n\u0131n en \u00f6nemli \u00f6zelliklerini tespit etmeye \u00e7al\u0131\u015f\u0131lm\u0131\u015ft\u0131r. Yay\u0131nlanan verileri izleyerek ve analiz ederek tutumlar\u0131n tan\u0131mlanmas\u0131 ve sonu\u00e7lar\u0131n\u0131n tahmin edilmesi ama\u00e7lanm\u0131\u015ft\u0131r.","breadcrumb":{"@id":"https:\/\/sydialogue.org\/tr\/kuzey-suriyedeki-turk-aciklamalarina-ve-halk-hareketine-yonelik-muhalif-ve-devrimci-guclerin-soyleminin-temel-ozellikleri\/#breadcrumb"},"inLanguage":"tr","potentialAction":[{"@type":"ReadAction","target":["https:\/\/sydialogue.org\/tr\/kuzey-suriyedeki-turk-aciklamalarina-ve-halk-hareketine-yonelik-muhalif-ve-devrimci-guclerin-soyleminin-temel-ozellikleri\/"]}]},{"@type":"ImageObject","inLanguage":"tr","@id":"https:\/\/sydialogue.org\/tr\/kuzey-suriyedeki-turk-aciklamalarina-ve-halk-hareketine-yonelik-muhalif-ve-devrimci-guclerin-soyleminin-temel-ozellikleri\/#primaryimage","url":"https:\/\/e8nd7pn44jx.exactdn.com\/wp-content\/uploads\/2022\/12\/Tr046-copy.jpg?strip=all","contentUrl":"https:\/\/e8nd7pn44jx.exactdn.com\/wp-content\/uploads\/2022\/12\/Tr046-copy.jpg?strip=all","width":2308,"height":1159},{"@type":"BreadcrumbList","@id":"https:\/\/sydialogue.org\/tr\/kuzey-suriyedeki-turk-aciklamalarina-ve-halk-hareketine-yonelik-muhalif-ve-devrimci-guclerin-soyleminin-temel-ozellikleri\/#breadcrumb","itemListElement":[{"@type":"ListItem","position":1,"name":"\u0627\u0644\u0631\u0626\u064a\u0633\u064a\u0629","item":"https:\/\/sydialogue.org\/tr\/"},{"@type":"ListItem","position":2,"name":"Kuzey Suriye&#8217;deki T\u00fcrk a\u00e7\u0131klamalar\u0131na ve halk hareketine y\u00f6nelik Muhalif ve Devrimci G\u00fc\u00e7lerin s\u00f6yleminin temel \u00f6zellikleri"}]},{"@type":"WebSite","@id":"https:\/\/sydialogue.org\/tr\/#website","url":"https:\/\/sydialogue.org\/tr\/","name":"\u0645\u0631\u0643\u0632 \u0627\u0644\u062d\u0648\u0627\u0631 \u0627\u0644\u0633\u0648\u0631\u064a","description":"Suriyeli bir sivil kurum, Suriye halk\u0131n\u0131 ilgilendiren konularda diyalo\u011fu canland\u0131rmay\u0131 ve harekete ge\u00e7irmeyi hedefliyor ve Suriyeliler aras\u0131nda ili\u015fkileri g\u00fc\u00e7lendirmeye ve i\u015fbirli\u011fi ve koordinasyonu harekete ge\u00e7irmeye \u00e7al\u0131\u015f\u0131yor.","potentialAction":[{"@type":"SearchAction","target":{"@type":"EntryPoint","urlTemplate":"https:\/\/sydialogue.org\/tr\/?s={search_term_string}"},"query-input":{"@type":"PropertyValueSpecification","valueRequired":true,"valueName":"search_term_string"}}],"inLanguage":"tr"},{"@type":"Person","@id":"https:\/\/sydialogue.org\/tr\/#\/schema\/person\/34a2994f7414cbc7ce06e08267c4944d","name":"\u0645\u0631\u0643\u0632 \u0627\u0644\u062d\u0648\u0627\u0631 \u0627\u0644\u0633\u0648\u0631\u064a","image":{"@type":"ImageObject","inLanguage":"tr","@id":"https:\/\/sydialogue.org\/tr\/#\/schema\/person\/image\/","url":"https:\/\/sydialogue.org\/wp-content\/uploads\/2023\/09\/\u0644\u0648\u063a\u0648-\u062e\u0644\u0641\u064a\u0629-\u0634\u0641\u0627\u0641\u0629-1.png","contentUrl":"https:\/\/sydialogue.org\/wp-content\/uploads\/2023\/09\/\u0644\u0648\u063a\u0648-\u062e\u0644\u0641\u064a\u0629-\u0634\u0641\u0627\u0641\u0629-1.png","caption":"\u0645\u0631\u0643\u0632 \u0627\u0644\u062d\u0648\u0627\u0631 \u0627\u0644\u0633\u0648\u0631\u064a"},"description":"\u0645\u0624\u0633\u0633\u0629 \u0628\u062d\u062b\u064a\u0629 \u0633\u0648\u0631\u064a\u0629 \u062a\u0633\u0639\u0649 \u0625\u0644\u0649 \u0627\u0644\u0625\u0633\u0647\u0627\u0645 \u0641\u064a \u0628\u0646\u0627\u0621 \u0627\u0644\u0631\u0624\u0649 \u0648\u0627\u0644\u0645\u0639\u0627\u0631\u0641 \u0628\u0645\u0627 \u064a\u0633\u0627\u0639\u062f \u0627\u0644\u0633\u0648\u0631\u064a\u064a\u0646 \u0639\u0644\u0649 \u0625\u0646\u0636\u0627\u062c \u062d\u0644\u0648\u0644 \u0639\u0645\u0644\u064a\u0629 \u0644\u0645\u0648\u0627\u062c\u0647\u0629 \u0627\u0644\u062a\u062d\u062f\u064a\u0627\u062a \u0627\u0644\u0648\u0637\u0646\u064a\u0629 \u0627\u0644\u0645\u0634\u062a\u0631\u0643\u0629 \u0648\u062a\u062d\u0642\u064a\u0642 \u0627\u0644\u062a\u0646\u0645\u064a\u0629 \u0627\u0644\u0645\u0633\u062a\u062f\u0627\u0645\u0629","sameAs":["http:\/\/sydialogue.org\/","Syrian Dialogue Center"],"url":"#molongui-disabled-link"}]}},"_links":{"self":[{"href":"https:\/\/sydialogue.org\/tr\/wp-json\/wp\/v2\/posts\/10524","targetHints":{"allow":["GET"]}}],"collection":[{"href":"https:\/\/sydialogue.org\/tr\/wp-json\/wp\/v2\/posts"}],"about":[{"href":"https:\/\/sydialogue.org\/tr\/wp-json\/wp\/v2\/types\/post"}],"author":[{"embeddable":true,"href":"https:\/\/sydialogue.org\/tr\/wp-json\/wp\/v2\/users\/1"}],"replies":[{"embeddable":true,"href":"https:\/\/sydialogue.org\/tr\/wp-json\/wp\/v2\/comments?post=10524"}],"version-history":[{"count":1,"href":"https:\/\/sydialogue.org\/tr\/wp-json\/wp\/v2\/posts\/10524\/revisions"}],"predecessor-version":[{"id":10528,"href":"https:\/\/sydialogue.org\/tr\/wp-json\/wp\/v2\/posts\/10524\/revisions\/10528"}],"wp:featuredmedia":[{"embeddable":true,"href":"https:\/\/sydialogue.org\/tr\/wp-json\/wp\/v2\/media\/10525"}],"wp:attachment":[{"href":"https:\/\/sydialogue.org\/tr\/wp-json\/wp\/v2\/media?parent=10524"}],"wp:term":[{"taxonomy":"category","embeddable":true,"href":"https:\/\/sydialogue.org\/tr\/wp-json\/wp\/v2\/categories?post=10524"},{"taxonomy":"post_tag","embeddable":true,"href":"https:\/\/sydialogue.org\/tr\/wp-json\/wp\/v2\/tags?post=10524"}],"curies":[{"name":"wp","href":"https:\/\/api.w.org\/{rel}","templated":true}]}}