{"id":11589,"date":"2022-02-19T13:18:33","date_gmt":"2022-02-19T10:18:33","guid":{"rendered":"http:\/\/sydialogue.org\/?p=11589"},"modified":"2023-04-07T13:25:50","modified_gmt":"2023-04-07T10:25:50","slug":"adima-karsilik-adim-yaklasiminin-ozellikleri","status":"publish","type":"post","link":"https:\/\/sydialogue.org\/tr\/adima-karsilik-adim-yaklasiminin-ozellikleri\/","title":{"rendered":"\u201cAd\u0131ma Kar\u015f\u0131l\u0131k Ad\u0131m\u201d Yakla\u015f\u0131m\u0131n\u0131n \u00d6zellikleri"},"content":{"rendered":"<p dir=\"ltr\" style=\"text-align: justify;\">2021 y\u0131l\u0131nda Suriye dosyas\u0131nda aktif olan \u00fclkelerin miza\u00e7lar\u0131n\u0131n de\u011fi\u015fti\u011fine dair pratik baz\u0131 g\u00f6stergeler belirdi. Bu g\u00f6stergelerin ba\u015fl\u0131calar\u0131 \u015funlard\u0131: Baz\u0131 Arap \u00fclkelerinin Esad rejimi ile ili\u015fkileri normalle\u015ftirmeye devam etmesi; Suriye topraklar\u0131 \u00fczerinden L\u00fcbnan\u2019a do\u011falgaz ve elektrik ta\u015f\u0131ma projesiyle kendini g\u00f6steren Esad rejimine kar\u015f\u0131 ABD\u2019nin, Sezar Yasas\u0131\u2019n\u0131 uygulamada gev\u015feklik g\u00f6stermesi; Esad rejiminin D\u00fcnya Sa\u011fl\u0131k \u00d6rg\u00fct\u00fc\u2019n\u00fcn (WHO) Y\u00fcr\u00fctme Kurulu gibi baz\u0131 uluslararas\u0131 kurulu\u015flara dahil edilmesi ve \u0130nterpol\u2019e yeniden \u00fcye se\u00e7ilmesi.<\/p>\n<p dir=\"ltr\" style=\"text-align: justify;\">Bu siyasi de\u011fi\u015fikliklerin Suriye siyasi \u00e7\u00f6z\u00fcm dosyas\u0131na do\u011frudan yans\u0131mas\u0131 ka\u00e7\u0131n\u0131lmazd\u0131. BM Suriye \u00d6zel Temsilcisi Pedersen\u2019nin 27.1.2022 tarihinde ABD ve Rusya da i\u00e7inde olmak \u00fczere Suriye dosyas\u0131yla alakal\u0131 \u00fclkelerden \u201cAd\u0131ma kar\u015f\u0131l\u0131k ad\u0131m\u201d olarak isimlendirdi\u011fi yakla\u015f\u0131m\u0131n uygulanmas\u0131n\u0131 ilerletmek i\u00e7in \u201csa\u011flam destek\u201d ald\u0131\u011f\u0131n\u0131 a\u00e7\u0131klad\u0131\u011f\u0131nda ger\u00e7ekte olan buydu. Bu, Suriye M\u00fczakere Komisyonu\u2019nun 2254\/2015 say\u0131l\u0131 karar\u0131n ana hedefi olan siyasi ge\u00e7i\u015fi ger\u00e7ekle\u015ftirmeye ula\u015fman\u0131n alt yap\u0131s\u0131n\u0131 haz\u0131rlamak i\u00e7in pratik ve net \u015fekilde, eksiksiz ve tavizsiz olarak uygulanmas\u0131na yaramad\u0131\u011f\u0131 i\u00e7in reddetti\u011fini a\u00e7\u0131klad\u0131\u011f\u0131 bir yakla\u015f\u0131md\u0131.<\/p>\n<p dir=\"ltr\" style=\"text-align: justify;\">Uluslararas\u0131 El\u00e7i Pedersen\u2019in savundu\u011fu yakla\u015f\u0131m\u0131n \u00f6zellikleri nelerdir? Suriye\u2019de istenen siyasi \u00e7\u00f6z\u00fcm\u00fcn uygulanmas\u0131na ger\u00e7ekten katk\u0131 sa\u011flayacak m\u0131? Yoksa ge\u00e7i\u015f d\u00f6nemi y\u00f6netim organ\u0131 fikrini atlamak ve siyasi \u00e7\u00f6z\u00fcm\u00fc sadece anayasa ve se\u00e7imlere indirgeme takozlar\u0131ndan biri olan ve kendisinden \u00f6nceki el\u00e7i Stephane de Mistura\u2019ya ait &#8220;D\u00f6rt Sepet&#8221; ad\u0131m\u0131na benzer bir ad\u0131m m\u0131?<\/p>\n<p dir=\"ltr\"><a href=\"http:\/\/sydialogue.org\/%d9%85%d9%84%d8%a7%d9%85%d8%ad-%d9%85%d9%82%d8%a7%d8%b1%d8%a8%d8%a9-%d8%ae%d8%b7%d9%88%d8%a9-%d9%85%d9%82%d8%a7%d8%a8%d9%84-%d8%ae%d8%b7%d9%88%d8%a9\/\">Analiz makalesinin tamam\u0131n\u0131 okumak i\u00e7in (Arap\u00e7a)<\/a><\/p>\n","protected":false},"excerpt":{"rendered":"<p>Bu makale, uluslararas\u0131 el\u00e7i Pedersen&#8217;in savundu\u011fu yakla\u015f\u0131m\u0131n \u00f6zelliklerini ve bunun siyasi \u00e7\u00f6z\u00fcme sevk edici bir ad\u0131m m\u0131 yoksa BM kararlar\u0131n\u0131 ve siyasi ge\u00e7i\u015fi atlayarak insani ve g\u00fcvenlik konular\u0131na Rusya&#8217;n\u0131n vizyonuna g\u00f6re odaklanma manevras\u0131 m\u0131 oldu\u011funu ara\u015ft\u0131r\u0131yor.<\/p>\n","protected":false},"author":1,"featured_media":11590,"comment_status":"open","ping_status":"closed","sticky":false,"template":"","format":"standard","meta":{"_acf_changed":false,"footnotes":""},"categories":[80,92,49],"tags":[],"class_list":["post-11589","post","type-post","status-publish","format-standard","has-post-thumbnail","hentry","category-analytical-articles-tr","category-ortak-kimlik-ve-uzlasi-birimi","category-yayinlar"],"acf":[],"yoast_head":"<!-- This site is optimized with the Yoast SEO plugin v26.0 - https:\/\/yoast.com\/wordpress\/plugins\/seo\/ -->\n<title>\u201cAd\u0131ma Kar\u015f\u0131l\u0131k Ad\u0131m\u201d Yakla\u015f\u0131m\u0131n\u0131n \u00d6zellikleri - Suriye Diyalog Merkezi<\/title>\n<meta name=\"description\" content=\"Bu makale, uluslararas\u0131 el\u00e7i Pedersen&#039;in savundu\u011fu yakla\u015f\u0131m\u0131n \u00f6zelliklerini ve bunun siyasi \u00e7\u00f6z\u00fcme sevk edici bir ad\u0131m m\u0131 yoksa BM kararlar\u0131n\u0131 ve siyasi ge\u00e7i\u015fi atlayarak insani ve g\u00fcvenlik konular\u0131na Rusya&#039;n\u0131n vizyonuna g\u00f6re odaklanma manevras\u0131 m\u0131 oldu\u011funu ara\u015ft\u0131r\u0131yor.\" \/>\n<meta name=\"robots\" content=\"index, follow, max-snippet:-1, max-image-preview:large, max-video-preview:-1\" \/>\n<link rel=\"canonical\" href=\"https:\/\/sydialogue.org\/tr\/adima-karsilik-adim-yaklasiminin-ozellikleri\/\" \/>\n<meta property=\"og:locale\" content=\"tr_TR\" \/>\n<meta property=\"og:type\" content=\"article\" \/>\n<meta property=\"og:title\" content=\"\u201cAd\u0131ma Kar\u015f\u0131l\u0131k Ad\u0131m\u201d Yakla\u015f\u0131m\u0131n\u0131n \u00d6zellikleri - Suriye Diyalog Merkezi\" \/>\n<meta property=\"og:description\" content=\"Bu makale, uluslararas\u0131 el\u00e7i Pedersen&#039;in savundu\u011fu yakla\u015f\u0131m\u0131n \u00f6zelliklerini ve bunun siyasi \u00e7\u00f6z\u00fcme sevk edici bir ad\u0131m m\u0131 yoksa BM kararlar\u0131n\u0131 ve siyasi ge\u00e7i\u015fi atlayarak insani ve g\u00fcvenlik konular\u0131na Rusya&#039;n\u0131n vizyonuna g\u00f6re odaklanma manevras\u0131 m\u0131 oldu\u011funu ara\u015ft\u0131r\u0131yor.\" \/>\n<meta property=\"og:url\" content=\"https:\/\/sydialogue.org\/tr\/adima-karsilik-adim-yaklasiminin-ozellikleri\/\" \/>\n<meta property=\"og:site_name\" content=\"Suriye Diyalog Merkezi\" \/>\n<meta property=\"article:publisher\" content=\"https:\/\/www.facebook.com\/Sydialogue\" \/>\n<meta property=\"article:published_time\" content=\"2022-02-19T10:18:33+00:00\" \/>\n<meta property=\"article:modified_time\" content=\"2023-04-07T10:25:50+00:00\" \/>\n<meta property=\"og:image\" content=\"https:\/\/sydialogue.org\/wp-content\/uploads\/2023\/04\/Tr056.jpg\" \/>\n\t<meta property=\"og:image:width\" content=\"2308\" \/>\n\t<meta property=\"og:image:height\" content=\"1159\" \/>\n\t<meta property=\"og:image:type\" content=\"image\/jpeg\" \/>\n<meta name=\"author\" content=\"\u0645\u0631\u0643\u0632 \u0627\u0644\u062d\u0648\u0627\u0631 \u0627\u0644\u0633\u0648\u0631\u064a\" \/>\n<meta name=\"twitter:card\" content=\"summary_large_image\" \/>\n<meta name=\"twitter:creator\" content=\"@Sydialogue\" \/>\n<meta name=\"twitter:site\" content=\"@Sydialogue\" \/>\n<meta name=\"twitter:label1\" content=\"Yazan:\" \/>\n\t<meta name=\"twitter:data1\" content=\"\u0645\u0631\u0643\u0632 \u0627\u0644\u062d\u0648\u0627\u0631 \u0627\u0644\u0633\u0648\u0631\u064a\" \/>\n\t<meta name=\"twitter:label2\" content=\"Tahmini okuma s\u00fcresi\" \/>\n\t<meta name=\"twitter:data2\" content=\"2 dakika\" \/>\n<script type=\"application\/ld+json\" class=\"yoast-schema-graph\">{\"@context\":\"https:\/\/schema.org\",\"@graph\":[{\"@type\":\"WebPage\",\"@id\":\"https:\/\/sydialogue.org\/tr\/adima-karsilik-adim-yaklasiminin-ozellikleri\/\",\"url\":\"https:\/\/sydialogue.org\/tr\/adima-karsilik-adim-yaklasiminin-ozellikleri\/\",\"name\":\"\u201cAd\u0131ma Kar\u015f\u0131l\u0131k Ad\u0131m\u201d Yakla\u015f\u0131m\u0131n\u0131n \u00d6zellikleri - Suriye Diyalog Merkezi\",\"isPartOf\":{\"@id\":\"https:\/\/sydialogue.org\/tr\/#website\"},\"primaryImageOfPage\":{\"@id\":\"https:\/\/sydialogue.org\/tr\/adima-karsilik-adim-yaklasiminin-ozellikleri\/#primaryimage\"},\"image\":{\"@id\":\"https:\/\/sydialogue.org\/tr\/adima-karsilik-adim-yaklasiminin-ozellikleri\/#primaryimage\"},\"thumbnailUrl\":\"https:\/\/e8nd7pn44jx.exactdn.com\/wp-content\/uploads\/2023\/04\/Tr056.jpg?strip=all\",\"datePublished\":\"2022-02-19T10:18:33+00:00\",\"dateModified\":\"2023-04-07T10:25:50+00:00\",\"author\":{\"@id\":\"https:\/\/sydialogue.org\/tr\/#\/schema\/person\/34a2994f7414cbc7ce06e08267c4944d\"},\"description\":\"Bu makale, uluslararas\u0131 el\u00e7i Pedersen'in savundu\u011fu yakla\u015f\u0131m\u0131n \u00f6zelliklerini ve bunun siyasi \u00e7\u00f6z\u00fcme sevk edici bir ad\u0131m m\u0131 yoksa BM kararlar\u0131n\u0131 ve siyasi ge\u00e7i\u015fi atlayarak insani ve g\u00fcvenlik konular\u0131na Rusya'n\u0131n vizyonuna g\u00f6re odaklanma manevras\u0131 m\u0131 oldu\u011funu ara\u015ft\u0131r\u0131yor.\",\"breadcrumb\":{\"@id\":\"https:\/\/sydialogue.org\/tr\/adima-karsilik-adim-yaklasiminin-ozellikleri\/#breadcrumb\"},\"inLanguage\":\"tr\",\"potentialAction\":[{\"@type\":\"ReadAction\",\"target\":[\"https:\/\/sydialogue.org\/tr\/adima-karsilik-adim-yaklasiminin-ozellikleri\/\"]}]},{\"@type\":\"ImageObject\",\"inLanguage\":\"tr\",\"@id\":\"https:\/\/sydialogue.org\/tr\/adima-karsilik-adim-yaklasiminin-ozellikleri\/#primaryimage\",\"url\":\"https:\/\/e8nd7pn44jx.exactdn.com\/wp-content\/uploads\/2023\/04\/Tr056.jpg?strip=all\",\"contentUrl\":\"https:\/\/e8nd7pn44jx.exactdn.com\/wp-content\/uploads\/2023\/04\/Tr056.jpg?strip=all\",\"width\":2308,\"height\":1159},{\"@type\":\"BreadcrumbList\",\"@id\":\"https:\/\/sydialogue.org\/tr\/adima-karsilik-adim-yaklasiminin-ozellikleri\/#breadcrumb\",\"itemListElement\":[{\"@type\":\"ListItem\",\"position\":1,\"name\":\"\u0627\u0644\u0631\u0626\u064a\u0633\u064a\u0629\",\"item\":\"https:\/\/sydialogue.org\/tr\/\"},{\"@type\":\"ListItem\",\"position\":2,\"name\":\"\u201cAd\u0131ma Kar\u015f\u0131l\u0131k Ad\u0131m\u201d Yakla\u015f\u0131m\u0131n\u0131n \u00d6zellikleri\"}]},{\"@type\":\"WebSite\",\"@id\":\"https:\/\/sydialogue.org\/tr\/#website\",\"url\":\"https:\/\/sydialogue.org\/tr\/\",\"name\":\"\u0645\u0631\u0643\u0632 \u0627\u0644\u062d\u0648\u0627\u0631 \u0627\u0644\u0633\u0648\u0631\u064a\",\"description\":\"Suriyeli bir sivil kurum, Suriye halk\u0131n\u0131 ilgilendiren konularda diyalo\u011fu canland\u0131rmay\u0131 ve harekete ge\u00e7irmeyi hedefliyor ve Suriyeliler aras\u0131nda ili\u015fkileri g\u00fc\u00e7lendirmeye ve i\u015fbirli\u011fi ve koordinasyonu harekete ge\u00e7irmeye \u00e7al\u0131\u015f\u0131yor.\",\"potentialAction\":[{\"@type\":\"SearchAction\",\"target\":{\"@type\":\"EntryPoint\",\"urlTemplate\":\"https:\/\/sydialogue.org\/tr\/?s={search_term_string}\"},\"query-input\":{\"@type\":\"PropertyValueSpecification\",\"valueRequired\":true,\"valueName\":\"search_term_string\"}}],\"inLanguage\":\"tr\"},{\"@type\":\"Person\",\"@id\":\"https:\/\/sydialogue.org\/tr\/#\/schema\/person\/34a2994f7414cbc7ce06e08267c4944d\",\"name\":\"\u0645\u0631\u0643\u0632 \u0627\u0644\u062d\u0648\u0627\u0631 \u0627\u0644\u0633\u0648\u0631\u064a\",\"image\":{\"@type\":\"ImageObject\",\"inLanguage\":\"tr\",\"@id\":\"https:\/\/sydialogue.org\/tr\/#\/schema\/person\/image\/\",\"url\":\"https:\/\/sydialogue.org\/wp-content\/uploads\/2023\/09\/\u0644\u0648\u063a\u0648-\u062e\u0644\u0641\u064a\u0629-\u0634\u0641\u0627\u0641\u0629-1.png\",\"contentUrl\":\"https:\/\/sydialogue.org\/wp-content\/uploads\/2023\/09\/\u0644\u0648\u063a\u0648-\u062e\u0644\u0641\u064a\u0629-\u0634\u0641\u0627\u0641\u0629-1.png\",\"caption\":\"\u0645\u0631\u0643\u0632 \u0627\u0644\u062d\u0648\u0627\u0631 \u0627\u0644\u0633\u0648\u0631\u064a\"},\"description\":\"\u0645\u0624\u0633\u0633\u0629 \u0628\u062d\u062b\u064a\u0629 \u0633\u0648\u0631\u064a\u0629 \u062a\u0633\u0639\u0649 \u0625\u0644\u0649 \u0627\u0644\u0625\u0633\u0647\u0627\u0645 \u0641\u064a \u0628\u0646\u0627\u0621 \u0627\u0644\u0631\u0624\u0649 \u0648\u0627\u0644\u0645\u0639\u0627\u0631\u0641 \u0628\u0645\u0627 \u064a\u0633\u0627\u0639\u062f \u0627\u0644\u0633\u0648\u0631\u064a\u064a\u0646 \u0639\u0644\u0649 \u0625\u0646\u0636\u0627\u062c \u062d\u0644\u0648\u0644 \u0639\u0645\u0644\u064a\u0629 \u0644\u0645\u0648\u0627\u062c\u0647\u0629 \u0627\u0644\u062a\u062d\u062f\u064a\u0627\u062a \u0627\u0644\u0648\u0637\u0646\u064a\u0629 \u0627\u0644\u0645\u0634\u062a\u0631\u0643\u0629 \u0648\u062a\u062d\u0642\u064a\u0642 \u0627\u0644\u062a\u0646\u0645\u064a\u0629 \u0627\u0644\u0645\u0633\u062a\u062f\u0627\u0645\u0629\",\"sameAs\":[\"http:\/\/sydialogue.org\/\",\"Syrian Dialogue Center\"],\"url\":\"#molongui-disabled-link\"}]}<\/script>\n<!-- \/ Yoast SEO plugin. -->","yoast_head_json":{"title":"\u201cAd\u0131ma Kar\u015f\u0131l\u0131k Ad\u0131m\u201d Yakla\u015f\u0131m\u0131n\u0131n \u00d6zellikleri - Suriye Diyalog Merkezi","description":"Bu makale, uluslararas\u0131 el\u00e7i Pedersen'in savundu\u011fu yakla\u015f\u0131m\u0131n \u00f6zelliklerini ve bunun siyasi \u00e7\u00f6z\u00fcme sevk edici bir ad\u0131m m\u0131 yoksa BM kararlar\u0131n\u0131 ve siyasi ge\u00e7i\u015fi atlayarak insani ve g\u00fcvenlik konular\u0131na Rusya'n\u0131n vizyonuna g\u00f6re odaklanma manevras\u0131 m\u0131 oldu\u011funu ara\u015ft\u0131r\u0131yor.","robots":{"index":"index","follow":"follow","max-snippet":"max-snippet:-1","max-image-preview":"max-image-preview:large","max-video-preview":"max-video-preview:-1"},"canonical":"https:\/\/sydialogue.org\/tr\/adima-karsilik-adim-yaklasiminin-ozellikleri\/","og_locale":"tr_TR","og_type":"article","og_title":"\u201cAd\u0131ma Kar\u015f\u0131l\u0131k Ad\u0131m\u201d Yakla\u015f\u0131m\u0131n\u0131n \u00d6zellikleri - Suriye Diyalog Merkezi","og_description":"Bu makale, uluslararas\u0131 el\u00e7i Pedersen'in savundu\u011fu yakla\u015f\u0131m\u0131n \u00f6zelliklerini ve bunun siyasi \u00e7\u00f6z\u00fcme sevk edici bir ad\u0131m m\u0131 yoksa BM kararlar\u0131n\u0131 ve siyasi ge\u00e7i\u015fi atlayarak insani ve g\u00fcvenlik konular\u0131na Rusya'n\u0131n vizyonuna g\u00f6re odaklanma manevras\u0131 m\u0131 oldu\u011funu ara\u015ft\u0131r\u0131yor.","og_url":"https:\/\/sydialogue.org\/tr\/adima-karsilik-adim-yaklasiminin-ozellikleri\/","og_site_name":"Suriye Diyalog Merkezi","article_publisher":"https:\/\/www.facebook.com\/Sydialogue","article_published_time":"2022-02-19T10:18:33+00:00","article_modified_time":"2023-04-07T10:25:50+00:00","og_image":[{"width":2308,"height":1159,"url":"https:\/\/sydialogue.org\/wp-content\/uploads\/2023\/04\/Tr056.jpg","type":"image\/jpeg"}],"author":"\u0645\u0631\u0643\u0632 \u0627\u0644\u062d\u0648\u0627\u0631 \u0627\u0644\u0633\u0648\u0631\u064a","twitter_card":"summary_large_image","twitter_creator":"@Sydialogue","twitter_site":"@Sydialogue","twitter_misc":{"Yazan:":"\u0645\u0631\u0643\u0632 \u0627\u0644\u062d\u0648\u0627\u0631 \u0627\u0644\u0633\u0648\u0631\u064a","Tahmini okuma s\u00fcresi":"2 dakika"},"schema":{"@context":"https:\/\/schema.org","@graph":[{"@type":"WebPage","@id":"https:\/\/sydialogue.org\/tr\/adima-karsilik-adim-yaklasiminin-ozellikleri\/","url":"https:\/\/sydialogue.org\/tr\/adima-karsilik-adim-yaklasiminin-ozellikleri\/","name":"\u201cAd\u0131ma Kar\u015f\u0131l\u0131k Ad\u0131m\u201d Yakla\u015f\u0131m\u0131n\u0131n \u00d6zellikleri - Suriye Diyalog Merkezi","isPartOf":{"@id":"https:\/\/sydialogue.org\/tr\/#website"},"primaryImageOfPage":{"@id":"https:\/\/sydialogue.org\/tr\/adima-karsilik-adim-yaklasiminin-ozellikleri\/#primaryimage"},"image":{"@id":"https:\/\/sydialogue.org\/tr\/adima-karsilik-adim-yaklasiminin-ozellikleri\/#primaryimage"},"thumbnailUrl":"https:\/\/e8nd7pn44jx.exactdn.com\/wp-content\/uploads\/2023\/04\/Tr056.jpg?strip=all","datePublished":"2022-02-19T10:18:33+00:00","dateModified":"2023-04-07T10:25:50+00:00","author":{"@id":"https:\/\/sydialogue.org\/tr\/#\/schema\/person\/34a2994f7414cbc7ce06e08267c4944d"},"description":"Bu makale, uluslararas\u0131 el\u00e7i Pedersen'in savundu\u011fu yakla\u015f\u0131m\u0131n \u00f6zelliklerini ve bunun siyasi \u00e7\u00f6z\u00fcme sevk edici bir ad\u0131m m\u0131 yoksa BM kararlar\u0131n\u0131 ve siyasi ge\u00e7i\u015fi atlayarak insani ve g\u00fcvenlik konular\u0131na Rusya'n\u0131n vizyonuna g\u00f6re odaklanma manevras\u0131 m\u0131 oldu\u011funu ara\u015ft\u0131r\u0131yor.","breadcrumb":{"@id":"https:\/\/sydialogue.org\/tr\/adima-karsilik-adim-yaklasiminin-ozellikleri\/#breadcrumb"},"inLanguage":"tr","potentialAction":[{"@type":"ReadAction","target":["https:\/\/sydialogue.org\/tr\/adima-karsilik-adim-yaklasiminin-ozellikleri\/"]}]},{"@type":"ImageObject","inLanguage":"tr","@id":"https:\/\/sydialogue.org\/tr\/adima-karsilik-adim-yaklasiminin-ozellikleri\/#primaryimage","url":"https:\/\/e8nd7pn44jx.exactdn.com\/wp-content\/uploads\/2023\/04\/Tr056.jpg?strip=all","contentUrl":"https:\/\/e8nd7pn44jx.exactdn.com\/wp-content\/uploads\/2023\/04\/Tr056.jpg?strip=all","width":2308,"height":1159},{"@type":"BreadcrumbList","@id":"https:\/\/sydialogue.org\/tr\/adima-karsilik-adim-yaklasiminin-ozellikleri\/#breadcrumb","itemListElement":[{"@type":"ListItem","position":1,"name":"\u0627\u0644\u0631\u0626\u064a\u0633\u064a\u0629","item":"https:\/\/sydialogue.org\/tr\/"},{"@type":"ListItem","position":2,"name":"\u201cAd\u0131ma Kar\u015f\u0131l\u0131k Ad\u0131m\u201d Yakla\u015f\u0131m\u0131n\u0131n \u00d6zellikleri"}]},{"@type":"WebSite","@id":"https:\/\/sydialogue.org\/tr\/#website","url":"https:\/\/sydialogue.org\/tr\/","name":"\u0645\u0631\u0643\u0632 \u0627\u0644\u062d\u0648\u0627\u0631 \u0627\u0644\u0633\u0648\u0631\u064a","description":"Suriyeli bir sivil kurum, Suriye halk\u0131n\u0131 ilgilendiren konularda diyalo\u011fu canland\u0131rmay\u0131 ve harekete ge\u00e7irmeyi hedefliyor ve Suriyeliler aras\u0131nda ili\u015fkileri g\u00fc\u00e7lendirmeye ve i\u015fbirli\u011fi ve koordinasyonu harekete ge\u00e7irmeye \u00e7al\u0131\u015f\u0131yor.","potentialAction":[{"@type":"SearchAction","target":{"@type":"EntryPoint","urlTemplate":"https:\/\/sydialogue.org\/tr\/?s={search_term_string}"},"query-input":{"@type":"PropertyValueSpecification","valueRequired":true,"valueName":"search_term_string"}}],"inLanguage":"tr"},{"@type":"Person","@id":"https:\/\/sydialogue.org\/tr\/#\/schema\/person\/34a2994f7414cbc7ce06e08267c4944d","name":"\u0645\u0631\u0643\u0632 \u0627\u0644\u062d\u0648\u0627\u0631 \u0627\u0644\u0633\u0648\u0631\u064a","image":{"@type":"ImageObject","inLanguage":"tr","@id":"https:\/\/sydialogue.org\/tr\/#\/schema\/person\/image\/","url":"https:\/\/sydialogue.org\/wp-content\/uploads\/2023\/09\/\u0644\u0648\u063a\u0648-\u062e\u0644\u0641\u064a\u0629-\u0634\u0641\u0627\u0641\u0629-1.png","contentUrl":"https:\/\/sydialogue.org\/wp-content\/uploads\/2023\/09\/\u0644\u0648\u063a\u0648-\u062e\u0644\u0641\u064a\u0629-\u0634\u0641\u0627\u0641\u0629-1.png","caption":"\u0645\u0631\u0643\u0632 \u0627\u0644\u062d\u0648\u0627\u0631 \u0627\u0644\u0633\u0648\u0631\u064a"},"description":"\u0645\u0624\u0633\u0633\u0629 \u0628\u062d\u062b\u064a\u0629 \u0633\u0648\u0631\u064a\u0629 \u062a\u0633\u0639\u0649 \u0625\u0644\u0649 \u0627\u0644\u0625\u0633\u0647\u0627\u0645 \u0641\u064a \u0628\u0646\u0627\u0621 \u0627\u0644\u0631\u0624\u0649 \u0648\u0627\u0644\u0645\u0639\u0627\u0631\u0641 \u0628\u0645\u0627 \u064a\u0633\u0627\u0639\u062f \u0627\u0644\u0633\u0648\u0631\u064a\u064a\u0646 \u0639\u0644\u0649 \u0625\u0646\u0636\u0627\u062c \u062d\u0644\u0648\u0644 \u0639\u0645\u0644\u064a\u0629 \u0644\u0645\u0648\u0627\u062c\u0647\u0629 \u0627\u0644\u062a\u062d\u062f\u064a\u0627\u062a \u0627\u0644\u0648\u0637\u0646\u064a\u0629 \u0627\u0644\u0645\u0634\u062a\u0631\u0643\u0629 \u0648\u062a\u062d\u0642\u064a\u0642 \u0627\u0644\u062a\u0646\u0645\u064a\u0629 \u0627\u0644\u0645\u0633\u062a\u062f\u0627\u0645\u0629","sameAs":["http:\/\/sydialogue.org\/","Syrian Dialogue Center"],"url":"#molongui-disabled-link"}]}},"_links":{"self":[{"href":"https:\/\/sydialogue.org\/tr\/wp-json\/wp\/v2\/posts\/11589","targetHints":{"allow":["GET"]}}],"collection":[{"href":"https:\/\/sydialogue.org\/tr\/wp-json\/wp\/v2\/posts"}],"about":[{"href":"https:\/\/sydialogue.org\/tr\/wp-json\/wp\/v2\/types\/post"}],"author":[{"embeddable":true,"href":"https:\/\/sydialogue.org\/tr\/wp-json\/wp\/v2\/users\/1"}],"replies":[{"embeddable":true,"href":"https:\/\/sydialogue.org\/tr\/wp-json\/wp\/v2\/comments?post=11589"}],"version-history":[{"count":1,"href":"https:\/\/sydialogue.org\/tr\/wp-json\/wp\/v2\/posts\/11589\/revisions"}],"predecessor-version":[{"id":11593,"href":"https:\/\/sydialogue.org\/tr\/wp-json\/wp\/v2\/posts\/11589\/revisions\/11593"}],"wp:featuredmedia":[{"embeddable":true,"href":"https:\/\/sydialogue.org\/tr\/wp-json\/wp\/v2\/media\/11590"}],"wp:attachment":[{"href":"https:\/\/sydialogue.org\/tr\/wp-json\/wp\/v2\/media?parent=11589"}],"wp:term":[{"taxonomy":"category","embeddable":true,"href":"https:\/\/sydialogue.org\/tr\/wp-json\/wp\/v2\/categories?post=11589"},{"taxonomy":"post_tag","embeddable":true,"href":"https:\/\/sydialogue.org\/tr\/wp-json\/wp\/v2\/tags?post=11589"}],"curies":[{"name":"wp","href":"https:\/\/api.w.org\/{rel}","templated":true}]}}