{"id":11629,"date":"2022-03-01T17:21:23","date_gmt":"2022-03-01T14:21:23","guid":{"rendered":"http:\/\/sydialogue.org\/?p=11629"},"modified":"2023-04-18T17:26:15","modified_gmt":"2023-04-18T14:26:15","slug":"misir-ve-iraktaki-resmi-fetva-mercileri-suriye-icin-cikarilacak-dersler","status":"publish","type":"post","link":"https:\/\/sydialogue.org\/tr\/misir-ve-iraktaki-resmi-fetva-mercileri-suriye-icin-cikarilacak-dersler\/","title":{"rendered":"M\u0131s\u0131r ve Irak&#8217;taki Resmi Fetva Mercileri- Suriye \u0130\u00e7in \u00c7\u0131kar\u0131lacak Dersler"},"content":{"rendered":"<h2 dir=\"ltr\" style=\"text-align: justify;\"><span style=\"color: #333399;\"><strong>\u00d6zet:<\/strong><\/span><\/h2>\n<p dir=\"ltr\" style=\"text-align: justify;\">Bu makale, Osmanl\u0131 \u0130mparatorlu\u011fu&#8217;nun da\u011f\u0131lmas\u0131ndan sonra olu\u015fan modern Arap devletlerinin \u00e7o\u011funun ortaya \u00e7\u0131k\u0131\u015f ko\u015fullar\u0131n\u0131n benzerli\u011fini g\u00f6z \u00f6n\u00fcnde bulundurarak bu \u00fclkelerin Osmanl\u0131 d\u00f6neminden kalma kurumlar\u0131 aras\u0131nda fetva kurumunda oldu\u011fu gibi bir benzerlik oldu\u011fu varsay\u0131m\u0131ndan hareket etmektedir. Bu nedenle de ara\u015ft\u0131rmam\u0131z, M\u0131s\u0131r ve Irak&#8217;taki iki resmi fetva kurumunun deneyimlerini; bu kurumlar\u0131n y\u00f6netimini etkileyen fakt\u00f6rleri belirlemek ve gelecekteki hallerini \u00f6ng\u00f6rmek suretiyle Suriye dosyas\u0131 a\u00e7\u0131s\u0131ndan en \u00f6nemli dersleri \u00e7\u0131karmaya yarayacak \u015fekilde kar\u015f\u0131la\u015ft\u0131rmal\u0131 bir y\u00f6ntemle analiz etmeye \u00e7al\u0131\u015fmaktad\u0131r.<\/p>\n<p dir=\"ltr\" style=\"text-align: justify;\">M\u0131s\u0131r&#8217;daki resmi fetva mercileriyle alakal\u0131 yap\u0131lan analiz, fetva g\u00f6revinin Ezher ve M\u0131s\u0131r fetva kurumu Daru\u2019l-ifta gibi iki kurum aras\u0131nda payla\u015f\u0131ld\u0131\u011f\u0131n\u0131 ve tarihsel olarak Ezher&#8217;in bu pozisyonu \u00fcstlenmek i\u00e7in hem yasal hem ilmi olarak hem de itibar edilme bak\u0131m\u0131ndan en g\u00fc\u00e7l\u00fc kurum oldu\u011funu g\u00f6stermektedir. Ancak Ezher\u2019in belli d\u00f6nemlerde siyasi duru\u015flar sergilemesi; otoritelerin, Ezher&#8217;in tavr\u0131n\u0131 kendi \u00e7\u0131kar\u0131na kullanmak i\u00e7in \u0131srarc\u0131 \u00e7abalar\u0131 y\u00f6n\u00fcyle pratikteki ba\u011f\u0131ms\u0131zl\u0131\u011f\u0131n\u0131 zay\u0131flatm\u0131\u015ft\u0131r. Nitekim M\u0131s\u0131r\u2019\u0131n son anayasalar\u0131na dahil edilen yasal g\u00fcvenceler fetva kurumunun ba\u011f\u0131ms\u0131zl\u0131\u011f\u0131n\u0131 garanti alt\u0131na almak i\u00e7in yeterli olmad\u0131. Zira, s\u00f6z konusu h\u00fck\u00fcmlere uyma konusunda ne otorite taraf\u0131nda samimi bir irade vard\u0131 ne de ba\u015fta ba\u011f\u0131ms\u0131z yarg\u0131 olmak \u00fczere di\u011fer kurumsal g\u00fcvenceler bulunuyordu.<\/p>\n<p dir=\"ltr\" style=\"text-align: justify;\">Irak Devleti \u00f6rne\u011finde ise yasal metnin titizlikle ele al\u0131n\u0131p al\u0131nmamas\u0131na ve bu metnin detaylar\u0131na bak\u0131lmaks\u0131z\u0131n, fetva yay\u0131nlayan resmi sistemin, \u0130lmi Fetva Meclisi\u2019ni de b\u00fcnyesinde bar\u0131nd\u0131ran S\u00fcnni Vakf\u0131 Divan\u0131\u2019n\u0131 bu rolden sorumlu merci yapt\u0131\u011f\u0131 ortaya \u00e7\u0131kt\u0131. Ayn\u0131 zamanda, resmi olmayan bir S\u00fcnni ilmi merci olarak Irak F\u0131k\u0131h Konseyi&#8217;ne yasal koruma sa\u011flan\u0131rken, yaratt\u0131\u011f\u0131 polemi\u011fe ra\u011fmen \u0130ran&#8217;\u0131n deste\u011fini alan Samedi\u2019i i\u00e7in de yasal korumalar mevcut.<\/p>\n<p dir=\"ltr\" style=\"text-align: justify;\">Analizi yap\u0131lan iki tecr\u00fcbeden, Suriye i\u00e7in dersler \u00e7\u0131karma hususuna gelince, makalemiz, m\u00fcft\u00fcn\u00fcn atanma de\u011fil se\u00e7imle g\u00f6reve gelmesi gibi fetva y\u00f6netiminin ba\u011f\u0131ms\u0131zl\u0131\u011f\u0131n\u0131n kaybolan g\u00fcvencelerini geri kazanman\u0131n ve bu g\u00fcvencelere vurgu yapan anayasal metin gibi yeni g\u00fcvencelerin gereklili\u011finin alt\u0131n\u0131 \u00e7izdi. \u00a0Nitekim bu hususlar, Ademi-merkeziyet\u00e7ilik fikrini kamusal alana \u00e7ekme cihetinden, Devrimci ve Muhalif G\u00fc\u00e7lerin belgelerinin \u00e7o\u011funun savundu\u011fu ilkelerle dolayl\u0131 olarak kesi\u015fmektedir. Bu sayede, Suriye&#8217;deki fetva y\u00f6netimi \u00f6zel yap\u0131da bir idari organa d\u00f6n\u00fc\u015f\u00fcr.<\/p>\n<p dir=\"ltr\"><a href=\"http:\/\/sydialogue.org\/%d8%a7%d9%84%d8%a5%d9%81%d8%aa%d8%a7%d8%a1-%d8%a7%d9%84%d8%b1%d8%b3%d9%85%d9%8a-%d9%81%d9%8a-%d9%85%d8%b5%d8%b1-%d9%88%d8%a7%d9%84%d8%b9%d8%b1%d8%a7%d9%82-%d8%af%d8%b1%d9%88%d8%b3-%d9%85%d8%b3%d8%aa\/\">Analiz raporunun tamam\u0131n\u0131 okumak i\u00e7in (Arap\u00e7a)<\/a><\/p>\n","protected":false},"excerpt":{"rendered":"<p>Bu belge, M\u0131s\u0131r ve Irak&#8217;taki iki resmi fetva kurumunun deneyimlerini, bu kurumlar\u0131n y\u00f6netimini etkileyen fakt\u00f6rleri belirlemek ve gelecekteki hallerini \u00f6ng\u00f6rmek suretiyle Suriye dosyas\u0131 a\u00e7\u0131s\u0131ndan en belirgin dersleri \u00e7\u0131karmaya yarayacak \u015fekilde analiz etmeye \u00e7al\u0131\u015fmaktad\u0131r. <\/p>\n","protected":false},"author":1,"featured_media":11630,"comment_status":"open","ping_status":"closed","sticky":false,"template":"","format":"standard","meta":{"_acf_changed":false,"footnotes":""},"categories":[78,92,49],"tags":[],"class_list":["post-11629","post","type-post","status-publish","format-standard","has-post-thumbnail","hentry","category-research-and-studies-tr","category-ortak-kimlik-ve-uzlasi-birimi","category-yayinlar"],"acf":[],"yoast_head":"<!-- This site is optimized with the Yoast SEO plugin v26.0 - https:\/\/yoast.com\/wordpress\/plugins\/seo\/ -->\n<title>M\u0131s\u0131r ve Irak&#039;taki Resmi Fetva Mercileri- Suriye \u0130\u00e7in \u00c7\u0131kar\u0131lacak Dersler - Suriye Diyalog Merkezi<\/title>\n<meta name=\"description\" content=\"Bu belge, M\u0131s\u0131r ve Irak&#039;taki iki resmi fetva kurumunun deneyimlerini, bu kurumlar\u0131n y\u00f6netimini etkileyen fakt\u00f6rleri belirlemek ve gelecekteki hallerini \u00f6ng\u00f6rmek suretiyle Suriye dosyas\u0131 a\u00e7\u0131s\u0131ndan en belirgin dersleri \u00e7\u0131karmaya yarayacak \u015fekilde analiz etmeye \u00e7al\u0131\u015fmaktad\u0131r.\" \/>\n<meta name=\"robots\" content=\"index, follow, max-snippet:-1, max-image-preview:large, max-video-preview:-1\" \/>\n<link rel=\"canonical\" href=\"https:\/\/sydialogue.org\/tr\/misir-ve-iraktaki-resmi-fetva-mercileri-suriye-icin-cikarilacak-dersler\/\" \/>\n<meta property=\"og:locale\" content=\"tr_TR\" \/>\n<meta property=\"og:type\" content=\"article\" \/>\n<meta property=\"og:title\" content=\"M\u0131s\u0131r ve Irak&#039;taki Resmi Fetva Mercileri- Suriye \u0130\u00e7in \u00c7\u0131kar\u0131lacak Dersler - Suriye Diyalog Merkezi\" \/>\n<meta property=\"og:description\" content=\"Bu belge, M\u0131s\u0131r ve Irak&#039;taki iki resmi fetva kurumunun deneyimlerini, bu kurumlar\u0131n y\u00f6netimini etkileyen fakt\u00f6rleri belirlemek ve gelecekteki hallerini \u00f6ng\u00f6rmek suretiyle Suriye dosyas\u0131 a\u00e7\u0131s\u0131ndan en belirgin dersleri \u00e7\u0131karmaya yarayacak \u015fekilde analiz etmeye \u00e7al\u0131\u015fmaktad\u0131r.\" \/>\n<meta property=\"og:url\" content=\"https:\/\/sydialogue.org\/tr\/misir-ve-iraktaki-resmi-fetva-mercileri-suriye-icin-cikarilacak-dersler\/\" \/>\n<meta property=\"og:site_name\" content=\"Suriye Diyalog Merkezi\" \/>\n<meta property=\"article:publisher\" content=\"https:\/\/www.facebook.com\/Sydialogue\" \/>\n<meta property=\"article:published_time\" content=\"2022-03-01T14:21:23+00:00\" \/>\n<meta property=\"article:modified_time\" content=\"2023-04-18T14:26:15+00:00\" \/>\n<meta property=\"og:image\" content=\"https:\/\/sydialogue.org\/wp-content\/uploads\/2023\/04\/Tr059-copy.jpg\" \/>\n\t<meta property=\"og:image:width\" content=\"2308\" \/>\n\t<meta property=\"og:image:height\" content=\"1159\" \/>\n\t<meta property=\"og:image:type\" content=\"image\/jpeg\" \/>\n<meta name=\"author\" content=\"\u0645\u0631\u0643\u0632 \u0627\u0644\u062d\u0648\u0627\u0631 \u0627\u0644\u0633\u0648\u0631\u064a\" \/>\n<meta name=\"twitter:card\" content=\"summary_large_image\" \/>\n<meta name=\"twitter:creator\" content=\"@Sydialogue\" \/>\n<meta name=\"twitter:site\" content=\"@Sydialogue\" \/>\n<meta name=\"twitter:label1\" content=\"Yazan:\" \/>\n\t<meta name=\"twitter:data1\" content=\"\u0645\u0631\u0643\u0632 \u0627\u0644\u062d\u0648\u0627\u0631 \u0627\u0644\u0633\u0648\u0631\u064a\" \/>\n\t<meta name=\"twitter:label2\" content=\"Tahmini okuma s\u00fcresi\" \/>\n\t<meta name=\"twitter:data2\" content=\"3 dakika\" \/>\n<script type=\"application\/ld+json\" class=\"yoast-schema-graph\">{\"@context\":\"https:\/\/schema.org\",\"@graph\":[{\"@type\":\"WebPage\",\"@id\":\"https:\/\/sydialogue.org\/tr\/misir-ve-iraktaki-resmi-fetva-mercileri-suriye-icin-cikarilacak-dersler\/\",\"url\":\"https:\/\/sydialogue.org\/tr\/misir-ve-iraktaki-resmi-fetva-mercileri-suriye-icin-cikarilacak-dersler\/\",\"name\":\"M\u0131s\u0131r ve Irak'taki Resmi Fetva Mercileri- Suriye \u0130\u00e7in \u00c7\u0131kar\u0131lacak Dersler - Suriye Diyalog Merkezi\",\"isPartOf\":{\"@id\":\"https:\/\/sydialogue.org\/tr\/#website\"},\"primaryImageOfPage\":{\"@id\":\"https:\/\/sydialogue.org\/tr\/misir-ve-iraktaki-resmi-fetva-mercileri-suriye-icin-cikarilacak-dersler\/#primaryimage\"},\"image\":{\"@id\":\"https:\/\/sydialogue.org\/tr\/misir-ve-iraktaki-resmi-fetva-mercileri-suriye-icin-cikarilacak-dersler\/#primaryimage\"},\"thumbnailUrl\":\"https:\/\/e8nd7pn44jx.exactdn.com\/wp-content\/uploads\/2023\/04\/Tr059-copy.jpg?strip=all\",\"datePublished\":\"2022-03-01T14:21:23+00:00\",\"dateModified\":\"2023-04-18T14:26:15+00:00\",\"author\":{\"@id\":\"https:\/\/sydialogue.org\/tr\/#\/schema\/person\/34a2994f7414cbc7ce06e08267c4944d\"},\"description\":\"Bu belge, M\u0131s\u0131r ve Irak'taki iki resmi fetva kurumunun deneyimlerini, bu kurumlar\u0131n y\u00f6netimini etkileyen fakt\u00f6rleri belirlemek ve gelecekteki hallerini \u00f6ng\u00f6rmek suretiyle Suriye dosyas\u0131 a\u00e7\u0131s\u0131ndan en belirgin dersleri \u00e7\u0131karmaya yarayacak \u015fekilde analiz etmeye \u00e7al\u0131\u015fmaktad\u0131r.\",\"breadcrumb\":{\"@id\":\"https:\/\/sydialogue.org\/tr\/misir-ve-iraktaki-resmi-fetva-mercileri-suriye-icin-cikarilacak-dersler\/#breadcrumb\"},\"inLanguage\":\"tr\",\"potentialAction\":[{\"@type\":\"ReadAction\",\"target\":[\"https:\/\/sydialogue.org\/tr\/misir-ve-iraktaki-resmi-fetva-mercileri-suriye-icin-cikarilacak-dersler\/\"]}]},{\"@type\":\"ImageObject\",\"inLanguage\":\"tr\",\"@id\":\"https:\/\/sydialogue.org\/tr\/misir-ve-iraktaki-resmi-fetva-mercileri-suriye-icin-cikarilacak-dersler\/#primaryimage\",\"url\":\"https:\/\/e8nd7pn44jx.exactdn.com\/wp-content\/uploads\/2023\/04\/Tr059-copy.jpg?strip=all\",\"contentUrl\":\"https:\/\/e8nd7pn44jx.exactdn.com\/wp-content\/uploads\/2023\/04\/Tr059-copy.jpg?strip=all\",\"width\":2308,\"height\":1159},{\"@type\":\"BreadcrumbList\",\"@id\":\"https:\/\/sydialogue.org\/tr\/misir-ve-iraktaki-resmi-fetva-mercileri-suriye-icin-cikarilacak-dersler\/#breadcrumb\",\"itemListElement\":[{\"@type\":\"ListItem\",\"position\":1,\"name\":\"\u0627\u0644\u0631\u0626\u064a\u0633\u064a\u0629\",\"item\":\"https:\/\/sydialogue.org\/tr\/\"},{\"@type\":\"ListItem\",\"position\":2,\"name\":\"M\u0131s\u0131r ve Irak&#8217;taki Resmi Fetva Mercileri- Suriye \u0130\u00e7in \u00c7\u0131kar\u0131lacak Dersler\"}]},{\"@type\":\"WebSite\",\"@id\":\"https:\/\/sydialogue.org\/tr\/#website\",\"url\":\"https:\/\/sydialogue.org\/tr\/\",\"name\":\"\u0645\u0631\u0643\u0632 \u0627\u0644\u062d\u0648\u0627\u0631 \u0627\u0644\u0633\u0648\u0631\u064a\",\"description\":\"Suriyeli bir sivil kurum, Suriye halk\u0131n\u0131 ilgilendiren konularda diyalo\u011fu canland\u0131rmay\u0131 ve harekete ge\u00e7irmeyi hedefliyor ve Suriyeliler aras\u0131nda ili\u015fkileri g\u00fc\u00e7lendirmeye ve i\u015fbirli\u011fi ve koordinasyonu harekete ge\u00e7irmeye \u00e7al\u0131\u015f\u0131yor.\",\"potentialAction\":[{\"@type\":\"SearchAction\",\"target\":{\"@type\":\"EntryPoint\",\"urlTemplate\":\"https:\/\/sydialogue.org\/tr\/?s={search_term_string}\"},\"query-input\":{\"@type\":\"PropertyValueSpecification\",\"valueRequired\":true,\"valueName\":\"search_term_string\"}}],\"inLanguage\":\"tr\"},{\"@type\":\"Person\",\"@id\":\"https:\/\/sydialogue.org\/tr\/#\/schema\/person\/34a2994f7414cbc7ce06e08267c4944d\",\"name\":\"\u0645\u0631\u0643\u0632 \u0627\u0644\u062d\u0648\u0627\u0631 \u0627\u0644\u0633\u0648\u0631\u064a\",\"image\":{\"@type\":\"ImageObject\",\"inLanguage\":\"tr\",\"@id\":\"https:\/\/sydialogue.org\/tr\/#\/schema\/person\/image\/\",\"url\":\"https:\/\/sydialogue.org\/wp-content\/uploads\/2023\/09\/\u0644\u0648\u063a\u0648-\u062e\u0644\u0641\u064a\u0629-\u0634\u0641\u0627\u0641\u0629-1.png\",\"contentUrl\":\"https:\/\/sydialogue.org\/wp-content\/uploads\/2023\/09\/\u0644\u0648\u063a\u0648-\u062e\u0644\u0641\u064a\u0629-\u0634\u0641\u0627\u0641\u0629-1.png\",\"caption\":\"\u0645\u0631\u0643\u0632 \u0627\u0644\u062d\u0648\u0627\u0631 \u0627\u0644\u0633\u0648\u0631\u064a\"},\"description\":\"\u0645\u0624\u0633\u0633\u0629 \u0628\u062d\u062b\u064a\u0629 \u0633\u0648\u0631\u064a\u0629 \u062a\u0633\u0639\u0649 \u0625\u0644\u0649 \u0627\u0644\u0625\u0633\u0647\u0627\u0645 \u0641\u064a \u0628\u0646\u0627\u0621 \u0627\u0644\u0631\u0624\u0649 \u0648\u0627\u0644\u0645\u0639\u0627\u0631\u0641 \u0628\u0645\u0627 \u064a\u0633\u0627\u0639\u062f \u0627\u0644\u0633\u0648\u0631\u064a\u064a\u0646 \u0639\u0644\u0649 \u0625\u0646\u0636\u0627\u062c \u062d\u0644\u0648\u0644 \u0639\u0645\u0644\u064a\u0629 \u0644\u0645\u0648\u0627\u062c\u0647\u0629 \u0627\u0644\u062a\u062d\u062f\u064a\u0627\u062a \u0627\u0644\u0648\u0637\u0646\u064a\u0629 \u0627\u0644\u0645\u0634\u062a\u0631\u0643\u0629 \u0648\u062a\u062d\u0642\u064a\u0642 \u0627\u0644\u062a\u0646\u0645\u064a\u0629 \u0627\u0644\u0645\u0633\u062a\u062f\u0627\u0645\u0629\",\"sameAs\":[\"http:\/\/sydialogue.org\/\",\"Syrian Dialogue Center\"],\"url\":\"#molongui-disabled-link\"}]}<\/script>\n<!-- \/ Yoast SEO plugin. -->","yoast_head_json":{"title":"M\u0131s\u0131r ve Irak'taki Resmi Fetva Mercileri- Suriye \u0130\u00e7in \u00c7\u0131kar\u0131lacak Dersler - Suriye Diyalog Merkezi","description":"Bu belge, M\u0131s\u0131r ve Irak'taki iki resmi fetva kurumunun deneyimlerini, bu kurumlar\u0131n y\u00f6netimini etkileyen fakt\u00f6rleri belirlemek ve gelecekteki hallerini \u00f6ng\u00f6rmek suretiyle Suriye dosyas\u0131 a\u00e7\u0131s\u0131ndan en belirgin dersleri \u00e7\u0131karmaya yarayacak \u015fekilde analiz etmeye \u00e7al\u0131\u015fmaktad\u0131r.","robots":{"index":"index","follow":"follow","max-snippet":"max-snippet:-1","max-image-preview":"max-image-preview:large","max-video-preview":"max-video-preview:-1"},"canonical":"https:\/\/sydialogue.org\/tr\/misir-ve-iraktaki-resmi-fetva-mercileri-suriye-icin-cikarilacak-dersler\/","og_locale":"tr_TR","og_type":"article","og_title":"M\u0131s\u0131r ve Irak'taki Resmi Fetva Mercileri- Suriye \u0130\u00e7in \u00c7\u0131kar\u0131lacak Dersler - Suriye Diyalog Merkezi","og_description":"Bu belge, M\u0131s\u0131r ve Irak'taki iki resmi fetva kurumunun deneyimlerini, bu kurumlar\u0131n y\u00f6netimini etkileyen fakt\u00f6rleri belirlemek ve gelecekteki hallerini \u00f6ng\u00f6rmek suretiyle Suriye dosyas\u0131 a\u00e7\u0131s\u0131ndan en belirgin dersleri \u00e7\u0131karmaya yarayacak \u015fekilde analiz etmeye \u00e7al\u0131\u015fmaktad\u0131r.","og_url":"https:\/\/sydialogue.org\/tr\/misir-ve-iraktaki-resmi-fetva-mercileri-suriye-icin-cikarilacak-dersler\/","og_site_name":"Suriye Diyalog Merkezi","article_publisher":"https:\/\/www.facebook.com\/Sydialogue","article_published_time":"2022-03-01T14:21:23+00:00","article_modified_time":"2023-04-18T14:26:15+00:00","og_image":[{"width":2308,"height":1159,"url":"https:\/\/sydialogue.org\/wp-content\/uploads\/2023\/04\/Tr059-copy.jpg","type":"image\/jpeg"}],"author":"\u0645\u0631\u0643\u0632 \u0627\u0644\u062d\u0648\u0627\u0631 \u0627\u0644\u0633\u0648\u0631\u064a","twitter_card":"summary_large_image","twitter_creator":"@Sydialogue","twitter_site":"@Sydialogue","twitter_misc":{"Yazan:":"\u0645\u0631\u0643\u0632 \u0627\u0644\u062d\u0648\u0627\u0631 \u0627\u0644\u0633\u0648\u0631\u064a","Tahmini okuma s\u00fcresi":"3 dakika"},"schema":{"@context":"https:\/\/schema.org","@graph":[{"@type":"WebPage","@id":"https:\/\/sydialogue.org\/tr\/misir-ve-iraktaki-resmi-fetva-mercileri-suriye-icin-cikarilacak-dersler\/","url":"https:\/\/sydialogue.org\/tr\/misir-ve-iraktaki-resmi-fetva-mercileri-suriye-icin-cikarilacak-dersler\/","name":"M\u0131s\u0131r ve Irak'taki Resmi Fetva Mercileri- Suriye \u0130\u00e7in \u00c7\u0131kar\u0131lacak Dersler - Suriye Diyalog Merkezi","isPartOf":{"@id":"https:\/\/sydialogue.org\/tr\/#website"},"primaryImageOfPage":{"@id":"https:\/\/sydialogue.org\/tr\/misir-ve-iraktaki-resmi-fetva-mercileri-suriye-icin-cikarilacak-dersler\/#primaryimage"},"image":{"@id":"https:\/\/sydialogue.org\/tr\/misir-ve-iraktaki-resmi-fetva-mercileri-suriye-icin-cikarilacak-dersler\/#primaryimage"},"thumbnailUrl":"https:\/\/e8nd7pn44jx.exactdn.com\/wp-content\/uploads\/2023\/04\/Tr059-copy.jpg?strip=all","datePublished":"2022-03-01T14:21:23+00:00","dateModified":"2023-04-18T14:26:15+00:00","author":{"@id":"https:\/\/sydialogue.org\/tr\/#\/schema\/person\/34a2994f7414cbc7ce06e08267c4944d"},"description":"Bu belge, M\u0131s\u0131r ve Irak'taki iki resmi fetva kurumunun deneyimlerini, bu kurumlar\u0131n y\u00f6netimini etkileyen fakt\u00f6rleri belirlemek ve gelecekteki hallerini \u00f6ng\u00f6rmek suretiyle Suriye dosyas\u0131 a\u00e7\u0131s\u0131ndan en belirgin dersleri \u00e7\u0131karmaya yarayacak \u015fekilde analiz etmeye \u00e7al\u0131\u015fmaktad\u0131r.","breadcrumb":{"@id":"https:\/\/sydialogue.org\/tr\/misir-ve-iraktaki-resmi-fetva-mercileri-suriye-icin-cikarilacak-dersler\/#breadcrumb"},"inLanguage":"tr","potentialAction":[{"@type":"ReadAction","target":["https:\/\/sydialogue.org\/tr\/misir-ve-iraktaki-resmi-fetva-mercileri-suriye-icin-cikarilacak-dersler\/"]}]},{"@type":"ImageObject","inLanguage":"tr","@id":"https:\/\/sydialogue.org\/tr\/misir-ve-iraktaki-resmi-fetva-mercileri-suriye-icin-cikarilacak-dersler\/#primaryimage","url":"https:\/\/e8nd7pn44jx.exactdn.com\/wp-content\/uploads\/2023\/04\/Tr059-copy.jpg?strip=all","contentUrl":"https:\/\/e8nd7pn44jx.exactdn.com\/wp-content\/uploads\/2023\/04\/Tr059-copy.jpg?strip=all","width":2308,"height":1159},{"@type":"BreadcrumbList","@id":"https:\/\/sydialogue.org\/tr\/misir-ve-iraktaki-resmi-fetva-mercileri-suriye-icin-cikarilacak-dersler\/#breadcrumb","itemListElement":[{"@type":"ListItem","position":1,"name":"\u0627\u0644\u0631\u0626\u064a\u0633\u064a\u0629","item":"https:\/\/sydialogue.org\/tr\/"},{"@type":"ListItem","position":2,"name":"M\u0131s\u0131r ve Irak&#8217;taki Resmi Fetva Mercileri- Suriye \u0130\u00e7in \u00c7\u0131kar\u0131lacak Dersler"}]},{"@type":"WebSite","@id":"https:\/\/sydialogue.org\/tr\/#website","url":"https:\/\/sydialogue.org\/tr\/","name":"\u0645\u0631\u0643\u0632 \u0627\u0644\u062d\u0648\u0627\u0631 \u0627\u0644\u0633\u0648\u0631\u064a","description":"Suriyeli bir sivil kurum, Suriye halk\u0131n\u0131 ilgilendiren konularda diyalo\u011fu canland\u0131rmay\u0131 ve harekete ge\u00e7irmeyi hedefliyor ve Suriyeliler aras\u0131nda ili\u015fkileri g\u00fc\u00e7lendirmeye ve i\u015fbirli\u011fi ve koordinasyonu harekete ge\u00e7irmeye \u00e7al\u0131\u015f\u0131yor.","potentialAction":[{"@type":"SearchAction","target":{"@type":"EntryPoint","urlTemplate":"https:\/\/sydialogue.org\/tr\/?s={search_term_string}"},"query-input":{"@type":"PropertyValueSpecification","valueRequired":true,"valueName":"search_term_string"}}],"inLanguage":"tr"},{"@type":"Person","@id":"https:\/\/sydialogue.org\/tr\/#\/schema\/person\/34a2994f7414cbc7ce06e08267c4944d","name":"\u0645\u0631\u0643\u0632 \u0627\u0644\u062d\u0648\u0627\u0631 \u0627\u0644\u0633\u0648\u0631\u064a","image":{"@type":"ImageObject","inLanguage":"tr","@id":"https:\/\/sydialogue.org\/tr\/#\/schema\/person\/image\/","url":"https:\/\/sydialogue.org\/wp-content\/uploads\/2023\/09\/\u0644\u0648\u063a\u0648-\u062e\u0644\u0641\u064a\u0629-\u0634\u0641\u0627\u0641\u0629-1.png","contentUrl":"https:\/\/sydialogue.org\/wp-content\/uploads\/2023\/09\/\u0644\u0648\u063a\u0648-\u062e\u0644\u0641\u064a\u0629-\u0634\u0641\u0627\u0641\u0629-1.png","caption":"\u0645\u0631\u0643\u0632 \u0627\u0644\u062d\u0648\u0627\u0631 \u0627\u0644\u0633\u0648\u0631\u064a"},"description":"\u0645\u0624\u0633\u0633\u0629 \u0628\u062d\u062b\u064a\u0629 \u0633\u0648\u0631\u064a\u0629 \u062a\u0633\u0639\u0649 \u0625\u0644\u0649 \u0627\u0644\u0625\u0633\u0647\u0627\u0645 \u0641\u064a \u0628\u0646\u0627\u0621 \u0627\u0644\u0631\u0624\u0649 \u0648\u0627\u0644\u0645\u0639\u0627\u0631\u0641 \u0628\u0645\u0627 \u064a\u0633\u0627\u0639\u062f \u0627\u0644\u0633\u0648\u0631\u064a\u064a\u0646 \u0639\u0644\u0649 \u0625\u0646\u0636\u0627\u062c \u062d\u0644\u0648\u0644 \u0639\u0645\u0644\u064a\u0629 \u0644\u0645\u0648\u0627\u062c\u0647\u0629 \u0627\u0644\u062a\u062d\u062f\u064a\u0627\u062a \u0627\u0644\u0648\u0637\u0646\u064a\u0629 \u0627\u0644\u0645\u0634\u062a\u0631\u0643\u0629 \u0648\u062a\u062d\u0642\u064a\u0642 \u0627\u0644\u062a\u0646\u0645\u064a\u0629 \u0627\u0644\u0645\u0633\u062a\u062f\u0627\u0645\u0629","sameAs":["http:\/\/sydialogue.org\/","Syrian Dialogue Center"],"url":"#molongui-disabled-link"}]}},"_links":{"self":[{"href":"https:\/\/sydialogue.org\/tr\/wp-json\/wp\/v2\/posts\/11629","targetHints":{"allow":["GET"]}}],"collection":[{"href":"https:\/\/sydialogue.org\/tr\/wp-json\/wp\/v2\/posts"}],"about":[{"href":"https:\/\/sydialogue.org\/tr\/wp-json\/wp\/v2\/types\/post"}],"author":[{"embeddable":true,"href":"https:\/\/sydialogue.org\/tr\/wp-json\/wp\/v2\/users\/1"}],"replies":[{"embeddable":true,"href":"https:\/\/sydialogue.org\/tr\/wp-json\/wp\/v2\/comments?post=11629"}],"version-history":[{"count":1,"href":"https:\/\/sydialogue.org\/tr\/wp-json\/wp\/v2\/posts\/11629\/revisions"}],"predecessor-version":[{"id":11633,"href":"https:\/\/sydialogue.org\/tr\/wp-json\/wp\/v2\/posts\/11629\/revisions\/11633"}],"wp:featuredmedia":[{"embeddable":true,"href":"https:\/\/sydialogue.org\/tr\/wp-json\/wp\/v2\/media\/11630"}],"wp:attachment":[{"href":"https:\/\/sydialogue.org\/tr\/wp-json\/wp\/v2\/media?parent=11629"}],"wp:term":[{"taxonomy":"category","embeddable":true,"href":"https:\/\/sydialogue.org\/tr\/wp-json\/wp\/v2\/categories?post=11629"},{"taxonomy":"post_tag","embeddable":true,"href":"https:\/\/sydialogue.org\/tr\/wp-json\/wp\/v2\/tags?post=11629"}],"curies":[{"name":"wp","href":"https:\/\/api.w.org\/{rel}","templated":true}]}}