{"id":12334,"date":"2021-01-02T19:08:04","date_gmt":"2021-01-02T16:08:04","guid":{"rendered":"http:\/\/sydialogue.org\/?p=12334"},"modified":"2023-08-17T01:02:13","modified_gmt":"2023-08-16T22:02:13","slug":"2011-sonrasi-suriyedeki-insani-calismalarin-zihinsel-imaji-ihtiyac-zorluklari-ve-kaynak-yetersizligi","status":"publish","type":"post","link":"https:\/\/sydialogue.org\/tr\/2011-sonrasi-suriyedeki-insani-calismalarin-zihinsel-imaji-ihtiyac-zorluklari-ve-kaynak-yetersizligi\/","title":{"rendered":"2011 Sonras\u0131 Suriye\u2019deki \u0130nsani \u00c7al\u0131\u015fmalar\u0131n Zihinsel \u0130maj\u0131 \u2013 \u0130htiya\u00e7 Zorluklar\u0131 ve Kaynak Yetersizli\u011fi"},"content":{"rendered":"<h2 dir=\"ltr\" style=\"text-align: justify;\"><span style=\"color: #333399;\"><strong>Y\u00f6netici \u00d6zeti:<\/strong><\/span><\/h2>\n<p dir=\"ltr\" style=\"text-align: justify;\">Suriye devriminin ba\u015flamas\u0131 ve devrimin, rejimin g\u00fcvenlik ve askeri k\u0131skac\u0131yla kar\u015f\u0131 kar\u015f\u0131ya kalmas\u0131ndan sonra; ma\u011fdur olanlara, yerinden edilmi\u015f ki\u015filere ve evsizlere \u00e7e\u015fitli alanlarda (t\u0131bbi, insani yard\u0131m, vb.) yard\u0131m ula\u015ft\u0131rma gereklili\u011fi peyda oldu. Suriye rejiminin baz\u0131 b\u00f6lgelerde kontrol\u00fcn\u00fcn azalmas\u0131yla birlikte, devlet kurumlar\u0131n\u0131n yoklu\u011funun b\u0131rakt\u0131\u011f\u0131 bo\u015flu\u011fu doldurma ihtiyac\u0131 daha net hale geldi. Ve b\u00f6ylece devrimin ilk y\u0131llar\u0131nda ihtiya\u00e7lar\u0131 gidermek amac\u0131yla gerek bireylerden gerekse yerel ve b\u00f6lgesel kurulu\u015flardan gelen ba\u011f\u0131\u015flara dayanan g\u00f6n\u00fcll\u00fc ekipler ve yerel olu\u015fumlar ortaya \u00e7\u0131kt\u0131.<\/p>\n<p dir=\"ltr\" style=\"text-align: justify;\">2014 y\u0131l\u0131nda uluslararas\u0131 deste\u011fin insani m\u00fcdahale hatt\u0131na giri\u015fi, bu g\u00f6n\u00fcll\u00fc ekip ve kurulu\u015flar\u0131n idari ve saha \u00e7al\u0131\u015fmalar\u0131n\u0131 geli\u015ftirmelerinde ve Suriye\u2019deki uluslararas\u0131 insani yard\u0131m sistemine kat\u0131labilecek uygulama orta\u011f\u0131 olarak kendilerini sunan kurulu\u015flara d\u00f6n\u00fc\u015fmelerinde etkili olmu\u015ftur.<\/p>\n<p dir=\"ltr\" style=\"text-align: justify;\">\u00c7al\u0131\u015fma, Suriyelilerin geneli aras\u0131nda \u201csivil toplum\u201d kavram\u0131n\u0131n ne oldu\u011fu hakk\u0131nda hala bir belirsizlik oldu\u011funu g\u00f6steriyor. \u00d6yle ki g\u0131da sepetleri, nakdi yard\u0131m ya da sa\u011fl\u0131k ve e\u011fitim hizmetleri gibi somut maddi yard\u0131mlar\u0131 sunan yard\u0131m kurulu\u015flar\u0131na odaklan\u0131lm\u0131\u015f durumda. Nitekim bu \u015fekilde, kamu tesislerinin ayd\u0131nlat\u0131lmas\u0131 veya altyap\u0131n\u0131n onar\u0131m\u0131 ya da davet ve daha ba\u015fka alanlarda baz\u0131 kamu hizmetleri sunan kurum ve kurulu\u015flar\u0131n sahip oldu\u011fu portreden uzakla\u015f\u0131l\u0131yor.<\/p>\n<p dir=\"ltr\" style=\"text-align: justify;\">Anketin sonu\u00e7lar\u0131, \u00f6zellikle gerek mali ve idari \u015feffafl\u0131k konusunda olsun gerekse i\u00e7 i\u015flerle alakal\u0131 mali ve idari yolsuzluk konu\u015fmalar\u0131n yay\u0131lmas\u0131 hususunda olsun, olumsuz izlenimin olumlu izlenimden daha fazla oldu\u011funu g\u00f6sterdi. B\u00f6yle olmas\u0131 da hakl\u0131 ve anla\u015f\u0131l\u0131r sebeplerden ileri geliyor: Halk, temel ihtiya\u00e7lar\u0131n\u0131n kurulu\u015flar taraf\u0131ndan yeterince kar\u015f\u0131land\u0131\u011f\u0131n\u0131 d\u00fc\u015f\u00fcnm\u00fcyor. Buna, bu kurulu\u015flar taraf\u0131ndan yap\u0131lan ger\u00e7ek hatalar sebep olmu\u015f olabilir veya \u015feffafl\u0131\u011f\u0131n olmamas\u0131 ve halk ile tart\u0131\u015fma oturumlar\u0131n\u0131n olmamas\u0131 nedeniyle kurulu\u015flar\u0131n sorumlu tutulabilece\u011fi halk\u0131n yanl\u0131\u015f anlamas\u0131ndan kaynaklan\u0131yor olabilir. \u00c7al\u0131\u015fma \u00f6rnekleminin olumlu izlenimi de kurulu\u015flar\u0131n \u00e7al\u0131\u015fmalar\u0131n\u0131n baz\u0131 y\u00f6nleriyle, \u00f6zellikle de kurulu\u015flar\u0131n performans\u0131n\u0131n geli\u015ftirilmesi ve acil durumlarda sunduklar\u0131 hizmetler ile s\u0131n\u0131rl\u0131 kal\u0131yor.<\/p>\n<p dir=\"ltr\" style=\"text-align: justify;\">Sonu\u00e7lar 40 ya\u015f\u0131n \u00fcst\u00fcndekiler, \u00fcniversite mezunlar\u0131 ve organizasyonlardan s\u0131n\u0131rl\u0131 \u015fekilde faydalananlar gibi her birinin kendince hakl\u0131 nedenleri olan bir\u00e7ok \u00f6fkeli ve k\u0131zg\u0131n kesimin, organizasyonlarla ilgili olumsuz bir zihinsel imaj olu\u015fturdu\u011funu g\u00f6sterdi.<\/p>\n<p dir=\"ltr\" style=\"text-align: justify;\">Halk\u0131n geni\u015f bir kesiminde do\u011fru bilginin eksik oldu\u011fu a\u00e7\u0131k\u00e7a g\u00f6r\u00fcn\u00fcyor. Ayn\u0131 \u015fekilde, derinden etkilenen ve son derece k\u00f6t\u00fc insani ko\u015fullar ya\u015fayan bu kesimin izlenimlerinin \u015fekillenmesinde psikolojik fakt\u00f6r\u00fcn \u00f6nemli bir rol oynad\u0131\u011f\u0131 g\u00f6r\u00fclmektedir. Dolay\u0131s\u0131yla bu kesimin olumsuz izlenimlerinin yerini olumlu izlenimlerle de\u011fi\u015ftirebilmesi i\u00e7in temel ya\u015fam ko\u015fullar\u0131ndaki de\u011fi\u015fikli\u011fi net bir \u015fekilde hissetmesi elzemdir.<\/p>\n<p dir=\"ltr\" style=\"text-align: justify;\">Suriyeli STK \u00e7al\u0131\u015fanlar\u0131n\u0131n cevaplar\u0131 da beklenen ba\u011flam\u0131n d\u0131\u015f\u0131nda bir g\u00f6r\u00fcn\u00fcm sergiledi. \u00d6yle ki \u00e7al\u0131\u015fanlar\u0131n, kendi organizasyonlar\u0131n\u0131n i\u015flerine ve bu i\u015fe e\u015flik eden ko\u015fullara a\u015fina olmas\u0131 gerekirken; \u00e7al\u0131\u015fanlar aras\u0131nda, tarafs\u0131zl\u0131k(ne olumlu ne de olumsuz) y\u00fczdesi belirgin boyuttayd\u0131. Bu da bu kurulu\u015flardaki \u00e7al\u0131\u015fanlar aras\u0131nda kesin bilginin eksikli\u011fini g\u00f6steriyor. Yine, organizasyonu herhangi bir \u015fayia veya iftiraya kar\u015f\u0131 savunmas\u0131 gereken ki\u015filerde bile organizasyonun \u00e7al\u0131\u015fmalar\u0131nda \u015feffafl\u0131k olmad\u0131\u011f\u0131n\u0131 ortaya koyuyor.<\/p>\n<p dir=\"ltr\" style=\"text-align: justify;\">Suriyeli sivil toplum \u00f6rg\u00fctlerinin yapt\u0131\u011f\u0131 insani \u00e7al\u0131\u015fmalara y\u00f6nelik zihinsel imaj muhtelif fakt\u00f6rlerden \u00f6t\u00fcr\u00fc belirsiz ve kar\u0131\u015f\u0131k g\u00f6r\u00fcn\u00fcyor. \u0130lk olarak, halktan geni\u015f bir kesiminin ya\u015fad\u0131\u011f\u0131 insanl\u0131k d\u0131\u015f\u0131 ko\u015fullar sonucunda toplumda meydana gelen de\u011fi\u015fim var. Bu zorlu ko\u015fullar, ac\u0131lar\u0131 istismar etmeye ve ko\u015fullara teslim olmaya \u00e7al\u0131\u015fan davran\u0131\u015flara yans\u0131m\u0131\u015ft\u0131r. Bir di\u011fer fakt\u00f6r de ko\u015fullar\u0131 iyile\u015ftirme iste\u011finin olmamas\u0131. Nitekim Suriye toplumu sava\u015f y\u0131llar\u0131nda \u00fcretken bir toplumdan ihtiya\u00e7 sahibi bir topluma d\u00f6n\u00fc\u015ft\u00fc. Suriyelilerin maruz kald\u0131\u011f\u0131 b\u00fcy\u00fck hasarlar ve hayal k\u0131r\u0131kl\u0131klar\u0131 sonucunda meydana gelen hiddet ve k\u0131zg\u0131nl\u0131\u011f\u0131n t\u0131rmanmas\u0131 da bir di\u011fer fakt\u00f6r. Son olarak, iyi veya k\u00f6t\u00fc ayr\u0131m\u0131na gidilmeksizin, insani yard\u0131m sekt\u00f6rlerindeki t\u00fcm \u00e7al\u0131\u015fanlara y\u00f6nelik genelleme e\u011filimi bu zihinsel imaj\u0131n olu\u015fmas\u0131nda \u00f6nemli bir role sahip.<\/p>\n<p dir=\"ltr\" style=\"text-align: justify;\">Ayr\u0131ca, halkta, yard\u0131mlar\u0131n sunulma ve y\u00f6netilme mekanizmas\u0131na dair d\u00fczg\u00fcn bir imaj\u0131n da olmad\u0131\u011f\u0131 bariz bi\u00e7imde g\u00f6r\u00fcnmektedir. \u00d6yle ki uluslararas\u0131 \u00f6rg\u00fctlerle muamele bi\u00e7iminin, para veren ancak uygulamada kurulu\u015fa bir \u00f6zg\u00fcrl\u00fck alan\u0131 b\u0131rakan bireysel ba\u011f\u0131\u015f\u00e7\u0131larla muamele bi\u00e7imine benzer oldu\u011funa y\u00f6nelik yay\u0131lan bir kan\u0131 var. Ya da bu \u00f6rg\u00fct ve kurulu\u015flar\u0131n, insani m\u00fcdahale s\u00fcrecinin kurallar\u0131n\u0131 ve mekanizmalar\u0131n\u0131 bilmeden, bir sekt\u00f6re tahsis edilen deste\u011fi ba\u015fka bir sekt\u00f6re aktarmaya kolayca ikna edilebilece\u011fine inan\u0131l\u0131yor.<\/p>\n<p dir=\"ltr\" style=\"text-align: justify;\">\u00d6zellikle, ailelerin \u00e7o\u011funu sadece bir sekt\u00f6rde muhta\u00e7 bir aile iken birka\u00e7 sekt\u00f6rdeki muhta\u00e7 ailelere d\u00f6n\u00fc\u015ft\u00fcren istisnai ko\u015fullar g\u00f6z \u00f6n\u00fcne al\u0131nd\u0131\u011f\u0131nda, giderilmesi gereken b\u00fcy\u00fck ihtiya\u00e7 ile nereye harcanaca\u011f\u0131 belirlenmi\u015f destek aras\u0131ndaki b\u00fcy\u00fck bo\u015fluk, \u00e7ekilen s\u0131k\u0131nt\u0131y\u0131 daha da artt\u0131rm\u0131\u015f vaziyette. Ayr\u0131ca, uluslararas\u0131 ba\u011f\u0131\u015f ve hibeler hen\u00fcz belirli bir sekt\u00f6r\u00fc tam olarak kar\u015f\u0131layamad\u0131. Bu durum, ba\u011f\u0131\u015f\u00e7\u0131lar\u0131, verdikleri deste\u011fi t\u00fcm sekt\u00f6rleri k\u0131smen ve e\u015fit olmayan bir \u015fekilde kapsayacak \u015fekilde da\u011f\u0131tmaya sevk etti.<\/p>\n<p dir=\"ltr\" style=\"text-align: justify;\">\u00d6te yandan, ba\u011f\u0131\u015f\u00e7\u0131 \u00fclkelerin a\u00e7\u0131klad\u0131\u011f\u0131 yard\u0131mlar \u00f6ncelikli ihtiya\u00e7lara g\u00f6re de\u011fil, ba\u015fka hususlara g\u00f6re ve Suriyelileri bar\u0131nd\u0131ran \u00fclkelere da\u011f\u0131t\u0131ld\u0131. Suriye&#8217;nin pay\u0131 da rejim kontrol\u00fcndeki b\u00f6lgelere, muhalif g\u00fc\u00e7lerin kontrol\u00fcndeki b\u00f6lgelere ve ayr\u0131l\u0131k\u00e7\u0131 milislerin kontrol\u00fcndeki b\u00f6lgelere da\u011f\u0131t\u0131ld\u0131.<\/p>\n<p dir=\"ltr\" style=\"text-align: justify;\">Benzer bi\u00e7imde, destek veren kurulu\u015flar\u0131n \u00f6ncelikleri, projeleri uygulayan kurulu\u015flar\u0131n ve bu projelerden yaralanan gruplar\u0131n \u00f6nceliklerinden farkl\u0131l\u0131k g\u00f6steriyor.<\/p>\n<p dir=\"ltr\" style=\"text-align: justify;\">\u00dclkeler ve destek veren kurulu\u015flar, acil durumlarda \u00f6ncelikleri aras\u0131nda, asgari d\u00fczeyde de olsa insanlar\u0131 hayatta tutacak \u015feyleri tedarik etmek oldu\u011funu d\u00fc\u015f\u00fcn\u00fcrken; destek veren kurulu\u015flar -uluslararas\u0131 kurulu\u015flar veya BM\u2019ye ait organizasyonlar- \u00f6nceliklerinin ihtiya\u00e7 derecesi ve \u00f6nem derecesi ne kadar b\u00fcy\u00fck olursa olsun ba\u015fka bir alanda de\u011fil de kendileri i\u00e7in belirledikleri alanlarda destek vermek oldu\u011funu g\u00f6r\u00fcrlerken; yerel kurulu\u015flar\u0131n \u00f6nceli\u011fi, \u00e7al\u0131\u015fmalar\u0131n\u0131n devaml\u0131l\u0131\u011f\u0131n\u0131 sa\u011flamak ve halk\u0131n ihtiya\u00e7lar\u0131na bu ihtiya\u00e7lar\u0131n\u0131 de\u011ferlendirerek \u00a0ve bu ihtiya\u00e7lara ula\u015fabilme g\u00fcc\u00fcne g\u00f6re cevap vermektir. Yararlan\u0131c\u0131 kesimin \u00f6ncelikleri ise ihtiya\u00e7lar\u0131n\u0131n geni\u015fli\u011fi ve hi\u00e7birine birine yeti\u015fememe olarak di\u011ferlerinden de\u011fi\u015fiklik g\u00f6steriyor.<\/p>\n<p dir=\"ltr\" style=\"text-align: justify;\">\u0130nsani yard\u0131m \u00e7al\u0131\u015fmalar\u0131n\u0131 denetleyen bir g\u00f6zetleme organ\u0131n\u0131n\/mekanizmas\u0131n\u0131n olmay\u0131\u015f\u0131, kurulu\u015flara y\u00f6nelik yolsuzluk, savurganl\u0131k, k\u00f6t\u00fc y\u00f6netim veya manip\u00fclasyonla ilgili, a\u00e7\u0131k delillere ve kan\u0131tlara dayanmayan bir\u00e7ok su\u00e7laman\u0131n yay\u0131lmas\u0131na yol a\u00e7t\u0131. Benzer \u015fekilde, finansal \u015feffafl\u0131k faaliyetinin zay\u0131fl\u0131\u011f\u0131 veya olmamas\u0131 bir\u00e7ok insan\u0131 \u00e7o\u011fu kez &#8220;Ba\u011f\u0131\u015f paralar\u0131 nereye gitti?&#8221; ve &#8220;Nas\u0131l harcand\u0131?&#8221; t\u00fcr\u00fcnden sorulara y\u00f6neltti.<\/p>\n<p dir=\"ltr\" style=\"text-align: justify;\">\u0130dari \u015feffafl\u0131\u011f\u0131n olmamas\u0131n\u0131n yan\u0131 s\u0131ra \u00f6zellikle i\u015fe al\u0131m s\u00fcreci ve kadrolar\u0131n se\u00e7imi ile ilgili yap\u0131lan hatalar da insani yard\u0131m \u00e7al\u0131\u015fmalar\u0131n\u0131n olumsuz imaj\u0131n\u0131n daha da k\u00f6t\u00fcle\u015fmesine neden oldu. \u00c7ok say\u0131da i\u015f ba\u015fvurusu oldu\u011fu i\u00e7in kurulu\u015flar\u0131n t\u00fcm ba\u015fvuru sahipleri ile ileti\u015fim kurmas\u0131 veya e-postalar\u0131na yan\u0131t vermesinin zorla\u015fmas\u0131yla kurumlar, \u00e7al\u0131\u015fan se\u00e7iminde izleyecekleri mekanizmay\u0131 a\u00e7\u0131klam\u0131yorlar ve bu da \u00e7al\u0131\u015fanlar\u0131n\u0131 net bir sisteme g\u00f6re se\u00e7medi\u011fi y\u00f6n\u00fcnde kuruma yine olumsuz bir izlenim kazand\u0131rmaktad\u0131r.<\/p>\n<p dir=\"ltr\" style=\"text-align: justify;\">Burada insani \u00e7al\u0131\u015fmalar\u0131n zihinsel imaj\u0131 \u00fczerinde en g\u00fc\u00e7l\u00fc etkenin mali \u015feffafl\u0131k oldu\u011fu belirgin \u015fekilde g\u00f6r\u00fcn\u00fcyor. Ba\u011f\u0131\u015fta bulunan taraflar\u0131n ve kurulu\u015flar\u0131n faaliyet g\u00f6sterdi\u011fi b\u00f6lgelerdeki h\u00fck\u00fcmetlerin talep etti\u011fi mali ve denetim k\u0131s\u0131tlamalar\u0131na ve bir\u00e7o\u011funun, mali hesaplar\u0131n\u0131 denetlemek i\u00e7in bu konuda uzmanla\u015fm\u0131\u015f \u015firketlere ba\u015fvurmas\u0131na ra\u011fmen bu kurulu\u015flar mali hareketlerini izleyen halk taban\u0131na d\u00fczenli ve anla\u015f\u0131l\u0131r bir \u015fekilde sunmada b\u00fcy\u00fck \u00f6l\u00e7\u00fcde eksik kal\u0131yorlar. Bunun yerine, genellikle sadece ba\u015far\u0131 raporlar\u0131n\u0131 detay ve a\u00e7\u0131klama sunmadan duyurmakla yetinmekteler.<\/p>\n<p dir=\"ltr\" style=\"text-align: justify;\">Bu kurulu\u015flar\u0131n \u00e7o\u011fu; baz\u0131 projelerin medyada yer almas\u0131na abart\u0131l\u0131 bir \u015fekilde odaklanma, sahada uygulamada gereken kalite ve \u00f6zenin g\u00f6zetilmesinde kusur g\u00f6sterme, yanl\u0131\u015fl\u0131klar\u0131n itiraf\u0131nda zay\u0131f kalma ve bu yanl\u0131\u015flar\u0131 gizlice ve yaygara \u00e7\u0131karmadan d\u00fczeltme yoluna ba\u015fvurma t\u00fcr\u00fcnden nedenlerle zihinsel imaj y\u00f6netiminde hataya d\u00fc\u015ft\u00fc. Gerek kurumun sayfas\u0131ndan gelen ele\u015ftirilerle ve yorumlarla olumsuz etkile\u015fim gerekse sorunlar\u0131 izleme, yard\u0131m taleplerini alma veya baz\u0131 soru ve \u00f6nerilere cevap vermek i\u00e7in net bir mekanizman\u0131n bulunmamas\u0131 ve yap\u0131lan faaliyetleri belgelememe t\u00fcr\u00fcnden i\u00e7ine d\u00fc\u015f\u00fclen hatalar, kurulu\u015flar\u0131n zihinsel alg\u0131 y\u00f6netimindeki di\u011fer hatalard\u0131. Bu sebeplerin t\u00fcm\u00fc, s\u00f6z konusu olumsuz imaj\u0131n olu\u015fmas\u0131na ve bu alanda \u00e7al\u0131\u015fan t\u00fcm ki\u015filere genellenmesine neden oldu.<\/p>\n<p dir=\"ltr\" style=\"text-align: justify;\">\u0130nsani yard\u0131m organizasyonlar\u0131 akademik niteliklere sahip bir\u00e7ok \u00e7al\u0131\u015fan ki\u015fiyi b\u00fcnyelerinde bar\u0131nd\u0131rmas\u0131na ra\u011fmen, yararlan\u0131c\u0131larla ilgilenme, onlarla anla\u015fma, onlar i\u00e7in uygun s\u00f6ylemi se\u00e7me becerilerine sahip ve ayn\u0131 zamanda insani yard\u0131m \u00e7al\u0131\u015fma sistemini, zorluklar\u0131n\u0131 ve ihtiya\u00e7lar\u0131n\u0131 anlay\u0131p bunlarla etkile\u015fim i\u00e7inde olabilecek niteliklere sahip kadrolardan yoksunlar.<\/p>\n<p dir=\"ltr\" style=\"text-align: justify;\">Bu \u00e7al\u0131\u015fmayla, Suriye&#8217;nin kuzeyindeki insani yard\u0131m \u00e7al\u0131\u015fmalar\u0131na d\u00f6n\u00fck imaj\u0131n, \u00f6rg\u00fctler taraf\u0131ndan olu\u015fturulmad\u0131\u011f\u0131, daha ziyade var olan olumsuz atmosfer sebebiyle rastgele bir \u015fekilde olu\u015ftu\u011fu sonucuna var\u0131lm\u0131\u015ft\u0131r. Bu olumsuz havan\u0131n esmesinin en b\u00fcy\u00fck etkeni de tecr\u00fcbe eksikli\u011fi ve \u00e7al\u0131\u015fman\u0131n yap\u0131ld\u0131\u011f\u0131 ola\u011fan\u00fcst\u00fc ko\u015fullard\u0131r. Yaln\u0131z, kurulu\u015flar\u0131n da bunda b\u00fcy\u00fck sorumlulu\u011fu bulunmakla beraber, halk taban\u0131 da olanlar\u0131n k\u0131smen sorumlusu konumundad\u0131r.<\/p>\n<p dir=\"ltr\" style=\"text-align: justify;\">\u00d6te yandan, herhangi bir kurulu\u015fun imaj\u0131, insani yard\u0131m \u00e7al\u0131\u015fmalar\u0131n\u0131n imaj\u0131ndan genel manada etkilenmi\u015f g\u00f6r\u00fcn\u00fcyor. Kurumun idari, mali ve y\u00f6netim performans\u0131n\u0131 geli\u015ftirmesi art\u0131k yeterli olmay\u0131p, insani yard\u0131m \u00e7al\u0131\u015fmalar\u0131 sekt\u00f6r\u00fcn\u00fcn genel performans\u0131n\u0131 geli\u015ftirmesi elzem bir hal alm\u0131\u015ft\u0131r. Zira baz\u0131 ki\u015filerin yapt\u0131\u011f\u0131 hatalar bir \u015fekilde di\u011fer kurulu\u015flara da yans\u0131yacak ve onlar\u0131n zihinsel imaj\u0131n\u0131 da etkileyecektir.<\/p>\n<p dir=\"ltr\" style=\"text-align: justify;\">\u00c7al\u0131\u015fma; baz\u0131 hatalar\u0131 d\u00fczeltme, halk nezdindeki tansiyonu d\u00fc\u015f\u00fcrme ve insani yard\u0131m \u00e7al\u0131\u015fmalar\u0131n\u0131n sisteminin d\u00fczeltilip geli\u015ftirilmesi amac\u0131yla ihtiya\u00e7lar\u0131n giderilmesine, halkla kayna\u015fmaya ve istikrars\u0131z olan istisnai \u00e7al\u0131\u015fma ko\u015fullar\u0131ndaki s\u00fcrd\u00fcr\u00fclebilirli\u011fe daha fazla katk\u0131 sunulmas\u0131 ad\u0131na \u00e7o\u011funlu\u011fu yard\u0131m organizasyonlar\u0131na y\u00f6nelik bir dizi tavsiye ile nihayete erdi.<\/p>\n<p dir=\"ltr\"><a href=\"http:\/\/sydialogue.org\/%d8%a7%d9%84%d9%88%d8%b1%d9%82%d8%a9-%d8%a7%d9%84%d8%a8%d8%ad%d8%ab%d9%8a%d8%a9-%d8%a7%d9%84%d8%b5%d9%88%d8%b1%d8%a9-%d8%a7%d9%84%d8%b0%d9%87%d9%86%d9%8a%d8%a9-%d9%84%d9%84%d8%b9%d9%85%d9%84-%d8%a7\/\">Ara\u015ft\u0131rma makalesinin tamam\u0131n\u0131 okuyun<\/a><\/p>\n","protected":false},"excerpt":{"rendered":"<p>Bu belge halk taban\u0131 nezdinde insani yard\u0131m faaliyetleri y\u00fcr\u00fcten organizasyonlara y\u00f6nelik olu\u015fan olumsuz zihinsel imaj\u0131 ve bu kurumlar\u0131n Suriye\u2019nin kuzeyindeki \u00e7al\u0131\u015fmalar\u0131n\u0131 tan\u0131tmay\u0131 hedeflemektedir.<\/p>\n","protected":false},"author":1,"featured_media":12349,"comment_status":"open","ping_status":"closed","sticky":false,"template":"","format":"standard","meta":{"_acf_changed":false,"footnotes":""},"categories":[78,92,49],"tags":[],"class_list":["post-12334","post","type-post","status-publish","format-standard","has-post-thumbnail","hentry","category-research-and-studies-tr","category-ortak-kimlik-ve-uzlasi-birimi","category-yayinlar"],"acf":[],"yoast_head":"<!-- This site is optimized with the Yoast SEO plugin v26.0 - https:\/\/yoast.com\/wordpress\/plugins\/seo\/ -->\n<title>2011 Sonras\u0131 Suriye\u2019deki \u0130nsani \u00c7al\u0131\u015fmalar\u0131n Zihinsel \u0130maj\u0131 \u2013 \u0130htiya\u00e7 Zorluklar\u0131 ve Kaynak Yetersizli\u011fi - Suriye Diyalog Merkezi<\/title>\n<meta name=\"description\" content=\"Bu belge halk taban\u0131 nezdinde insani yard\u0131m faaliyetleri y\u00fcr\u00fcten organizasyonlara y\u00f6nelik olu\u015fan olumsuz zihinsel imaj\u0131 ve bu kurumlar\u0131n Suriye\u2019nin kuzeyindeki \u00e7al\u0131\u015fmalar\u0131n\u0131 tan\u0131tmay\u0131 hedeflemektedir.\" \/>\n<meta name=\"robots\" content=\"index, follow, max-snippet:-1, max-image-preview:large, max-video-preview:-1\" \/>\n<link rel=\"canonical\" href=\"https:\/\/sydialogue.org\/tr\/2011-sonrasi-suriyedeki-insani-calismalarin-zihinsel-imaji-ihtiyac-zorluklari-ve-kaynak-yetersizligi\/\" \/>\n<meta property=\"og:locale\" content=\"tr_TR\" \/>\n<meta property=\"og:type\" content=\"article\" \/>\n<meta property=\"og:title\" content=\"2011 Sonras\u0131 Suriye\u2019deki \u0130nsani \u00c7al\u0131\u015fmalar\u0131n Zihinsel \u0130maj\u0131 \u2013 \u0130htiya\u00e7 Zorluklar\u0131 ve Kaynak Yetersizli\u011fi - Suriye Diyalog Merkezi\" \/>\n<meta property=\"og:description\" content=\"Bu belge halk taban\u0131 nezdinde insani yard\u0131m faaliyetleri y\u00fcr\u00fcten organizasyonlara y\u00f6nelik olu\u015fan olumsuz zihinsel imaj\u0131 ve bu kurumlar\u0131n Suriye\u2019nin kuzeyindeki \u00e7al\u0131\u015fmalar\u0131n\u0131 tan\u0131tmay\u0131 hedeflemektedir.\" \/>\n<meta property=\"og:url\" content=\"https:\/\/sydialogue.org\/tr\/2011-sonrasi-suriyedeki-insani-calismalarin-zihinsel-imaji-ihtiyac-zorluklari-ve-kaynak-yetersizligi\/\" \/>\n<meta property=\"og:site_name\" content=\"Suriye Diyalog Merkezi\" \/>\n<meta property=\"article:publisher\" content=\"https:\/\/www.facebook.com\/Sydialogue\" \/>\n<meta property=\"article:published_time\" content=\"2021-01-02T16:08:04+00:00\" \/>\n<meta property=\"article:modified_time\" content=\"2023-08-16T22:02:13+00:00\" \/>\n<meta property=\"og:image\" content=\"https:\/\/sydialogue.org\/wp-content\/uploads\/2021\/01\/1RTT.jpg\" \/>\n\t<meta property=\"og:image:width\" content=\"2308\" \/>\n\t<meta property=\"og:image:height\" content=\"1159\" \/>\n\t<meta property=\"og:image:type\" content=\"image\/jpeg\" \/>\n<meta name=\"author\" content=\"\u0645\u0631\u0643\u0632 \u0627\u0644\u062d\u0648\u0627\u0631 \u0627\u0644\u0633\u0648\u0631\u064a\" \/>\n<meta name=\"twitter:card\" content=\"summary_large_image\" \/>\n<meta name=\"twitter:creator\" content=\"@Sydialogue\" \/>\n<meta name=\"twitter:site\" content=\"@Sydialogue\" \/>\n<meta name=\"twitter:label1\" content=\"Yazan:\" \/>\n\t<meta name=\"twitter:data1\" content=\"\u0645\u0631\u0643\u0632 \u0627\u0644\u062d\u0648\u0627\u0631 \u0627\u0644\u0633\u0648\u0631\u064a\" \/>\n\t<meta name=\"twitter:label2\" content=\"Tahmini okuma s\u00fcresi\" \/>\n\t<meta name=\"twitter:data2\" content=\"10 dakika\" \/>\n<script type=\"application\/ld+json\" class=\"yoast-schema-graph\">{\"@context\":\"https:\/\/schema.org\",\"@graph\":[{\"@type\":\"WebPage\",\"@id\":\"https:\/\/sydialogue.org\/tr\/2011-sonrasi-suriyedeki-insani-calismalarin-zihinsel-imaji-ihtiyac-zorluklari-ve-kaynak-yetersizligi\/\",\"url\":\"https:\/\/sydialogue.org\/tr\/2011-sonrasi-suriyedeki-insani-calismalarin-zihinsel-imaji-ihtiyac-zorluklari-ve-kaynak-yetersizligi\/\",\"name\":\"2011 Sonras\u0131 Suriye\u2019deki \u0130nsani \u00c7al\u0131\u015fmalar\u0131n Zihinsel \u0130maj\u0131 \u2013 \u0130htiya\u00e7 Zorluklar\u0131 ve Kaynak Yetersizli\u011fi - Suriye Diyalog Merkezi\",\"isPartOf\":{\"@id\":\"https:\/\/sydialogue.org\/tr\/#website\"},\"primaryImageOfPage\":{\"@id\":\"https:\/\/sydialogue.org\/tr\/2011-sonrasi-suriyedeki-insani-calismalarin-zihinsel-imaji-ihtiyac-zorluklari-ve-kaynak-yetersizligi\/#primaryimage\"},\"image\":{\"@id\":\"https:\/\/sydialogue.org\/tr\/2011-sonrasi-suriyedeki-insani-calismalarin-zihinsel-imaji-ihtiyac-zorluklari-ve-kaynak-yetersizligi\/#primaryimage\"},\"thumbnailUrl\":\"https:\/\/e8nd7pn44jx.exactdn.com\/wp-content\/uploads\/2021\/01\/1RTT.jpg?strip=all\",\"datePublished\":\"2021-01-02T16:08:04+00:00\",\"dateModified\":\"2023-08-16T22:02:13+00:00\",\"author\":{\"@id\":\"https:\/\/sydialogue.org\/tr\/#\/schema\/person\/34a2994f7414cbc7ce06e08267c4944d\"},\"description\":\"Bu belge halk taban\u0131 nezdinde insani yard\u0131m faaliyetleri y\u00fcr\u00fcten organizasyonlara y\u00f6nelik olu\u015fan olumsuz zihinsel imaj\u0131 ve bu kurumlar\u0131n Suriye\u2019nin kuzeyindeki \u00e7al\u0131\u015fmalar\u0131n\u0131 tan\u0131tmay\u0131 hedeflemektedir.\",\"breadcrumb\":{\"@id\":\"https:\/\/sydialogue.org\/tr\/2011-sonrasi-suriyedeki-insani-calismalarin-zihinsel-imaji-ihtiyac-zorluklari-ve-kaynak-yetersizligi\/#breadcrumb\"},\"inLanguage\":\"tr\",\"potentialAction\":[{\"@type\":\"ReadAction\",\"target\":[\"https:\/\/sydialogue.org\/tr\/2011-sonrasi-suriyedeki-insani-calismalarin-zihinsel-imaji-ihtiyac-zorluklari-ve-kaynak-yetersizligi\/\"]}]},{\"@type\":\"ImageObject\",\"inLanguage\":\"tr\",\"@id\":\"https:\/\/sydialogue.org\/tr\/2011-sonrasi-suriyedeki-insani-calismalarin-zihinsel-imaji-ihtiyac-zorluklari-ve-kaynak-yetersizligi\/#primaryimage\",\"url\":\"https:\/\/e8nd7pn44jx.exactdn.com\/wp-content\/uploads\/2021\/01\/1RTT.jpg?strip=all\",\"contentUrl\":\"https:\/\/e8nd7pn44jx.exactdn.com\/wp-content\/uploads\/2021\/01\/1RTT.jpg?strip=all\",\"width\":2308,\"height\":1159},{\"@type\":\"BreadcrumbList\",\"@id\":\"https:\/\/sydialogue.org\/tr\/2011-sonrasi-suriyedeki-insani-calismalarin-zihinsel-imaji-ihtiyac-zorluklari-ve-kaynak-yetersizligi\/#breadcrumb\",\"itemListElement\":[{\"@type\":\"ListItem\",\"position\":1,\"name\":\"\u0627\u0644\u0631\u0626\u064a\u0633\u064a\u0629\",\"item\":\"https:\/\/sydialogue.org\/tr\/\"},{\"@type\":\"ListItem\",\"position\":2,\"name\":\"2011 Sonras\u0131 Suriye\u2019deki \u0130nsani \u00c7al\u0131\u015fmalar\u0131n Zihinsel \u0130maj\u0131 \u2013 \u0130htiya\u00e7 Zorluklar\u0131 ve Kaynak Yetersizli\u011fi\"}]},{\"@type\":\"WebSite\",\"@id\":\"https:\/\/sydialogue.org\/tr\/#website\",\"url\":\"https:\/\/sydialogue.org\/tr\/\",\"name\":\"\u0645\u0631\u0643\u0632 \u0627\u0644\u062d\u0648\u0627\u0631 \u0627\u0644\u0633\u0648\u0631\u064a\",\"description\":\"Suriyeli bir sivil kurum, Suriye halk\u0131n\u0131 ilgilendiren konularda diyalo\u011fu canland\u0131rmay\u0131 ve harekete ge\u00e7irmeyi hedefliyor ve Suriyeliler aras\u0131nda ili\u015fkileri g\u00fc\u00e7lendirmeye ve i\u015fbirli\u011fi ve koordinasyonu harekete ge\u00e7irmeye \u00e7al\u0131\u015f\u0131yor.\",\"potentialAction\":[{\"@type\":\"SearchAction\",\"target\":{\"@type\":\"EntryPoint\",\"urlTemplate\":\"https:\/\/sydialogue.org\/tr\/?s={search_term_string}\"},\"query-input\":{\"@type\":\"PropertyValueSpecification\",\"valueRequired\":true,\"valueName\":\"search_term_string\"}}],\"inLanguage\":\"tr\"},{\"@type\":\"Person\",\"@id\":\"https:\/\/sydialogue.org\/tr\/#\/schema\/person\/34a2994f7414cbc7ce06e08267c4944d\",\"name\":\"\u0645\u0631\u0643\u0632 \u0627\u0644\u062d\u0648\u0627\u0631 \u0627\u0644\u0633\u0648\u0631\u064a\",\"image\":{\"@type\":\"ImageObject\",\"inLanguage\":\"tr\",\"@id\":\"https:\/\/sydialogue.org\/tr\/#\/schema\/person\/image\/\",\"url\":\"https:\/\/sydialogue.org\/wp-content\/uploads\/2023\/09\/\u0644\u0648\u063a\u0648-\u062e\u0644\u0641\u064a\u0629-\u0634\u0641\u0627\u0641\u0629-1.png\",\"contentUrl\":\"https:\/\/sydialogue.org\/wp-content\/uploads\/2023\/09\/\u0644\u0648\u063a\u0648-\u062e\u0644\u0641\u064a\u0629-\u0634\u0641\u0627\u0641\u0629-1.png\",\"caption\":\"\u0645\u0631\u0643\u0632 \u0627\u0644\u062d\u0648\u0627\u0631 \u0627\u0644\u0633\u0648\u0631\u064a\"},\"description\":\"\u0645\u0624\u0633\u0633\u0629 \u0628\u062d\u062b\u064a\u0629 \u0633\u0648\u0631\u064a\u0629 \u062a\u0633\u0639\u0649 \u0625\u0644\u0649 \u0627\u0644\u0625\u0633\u0647\u0627\u0645 \u0641\u064a \u0628\u0646\u0627\u0621 \u0627\u0644\u0631\u0624\u0649 \u0648\u0627\u0644\u0645\u0639\u0627\u0631\u0641 \u0628\u0645\u0627 \u064a\u0633\u0627\u0639\u062f \u0627\u0644\u0633\u0648\u0631\u064a\u064a\u0646 \u0639\u0644\u0649 \u0625\u0646\u0636\u0627\u062c \u062d\u0644\u0648\u0644 \u0639\u0645\u0644\u064a\u0629 \u0644\u0645\u0648\u0627\u062c\u0647\u0629 \u0627\u0644\u062a\u062d\u062f\u064a\u0627\u062a \u0627\u0644\u0648\u0637\u0646\u064a\u0629 \u0627\u0644\u0645\u0634\u062a\u0631\u0643\u0629 \u0648\u062a\u062d\u0642\u064a\u0642 \u0627\u0644\u062a\u0646\u0645\u064a\u0629 \u0627\u0644\u0645\u0633\u062a\u062f\u0627\u0645\u0629\",\"sameAs\":[\"http:\/\/sydialogue.org\/\",\"Syrian Dialogue Center\"],\"url\":\"#molongui-disabled-link\"}]}<\/script>\n<!-- \/ Yoast SEO plugin. -->","yoast_head_json":{"title":"2011 Sonras\u0131 Suriye\u2019deki \u0130nsani \u00c7al\u0131\u015fmalar\u0131n Zihinsel \u0130maj\u0131 \u2013 \u0130htiya\u00e7 Zorluklar\u0131 ve Kaynak Yetersizli\u011fi - Suriye Diyalog Merkezi","description":"Bu belge halk taban\u0131 nezdinde insani yard\u0131m faaliyetleri y\u00fcr\u00fcten organizasyonlara y\u00f6nelik olu\u015fan olumsuz zihinsel imaj\u0131 ve bu kurumlar\u0131n Suriye\u2019nin kuzeyindeki \u00e7al\u0131\u015fmalar\u0131n\u0131 tan\u0131tmay\u0131 hedeflemektedir.","robots":{"index":"index","follow":"follow","max-snippet":"max-snippet:-1","max-image-preview":"max-image-preview:large","max-video-preview":"max-video-preview:-1"},"canonical":"https:\/\/sydialogue.org\/tr\/2011-sonrasi-suriyedeki-insani-calismalarin-zihinsel-imaji-ihtiyac-zorluklari-ve-kaynak-yetersizligi\/","og_locale":"tr_TR","og_type":"article","og_title":"2011 Sonras\u0131 Suriye\u2019deki \u0130nsani \u00c7al\u0131\u015fmalar\u0131n Zihinsel \u0130maj\u0131 \u2013 \u0130htiya\u00e7 Zorluklar\u0131 ve Kaynak Yetersizli\u011fi - Suriye Diyalog Merkezi","og_description":"Bu belge halk taban\u0131 nezdinde insani yard\u0131m faaliyetleri y\u00fcr\u00fcten organizasyonlara y\u00f6nelik olu\u015fan olumsuz zihinsel imaj\u0131 ve bu kurumlar\u0131n Suriye\u2019nin kuzeyindeki \u00e7al\u0131\u015fmalar\u0131n\u0131 tan\u0131tmay\u0131 hedeflemektedir.","og_url":"https:\/\/sydialogue.org\/tr\/2011-sonrasi-suriyedeki-insani-calismalarin-zihinsel-imaji-ihtiyac-zorluklari-ve-kaynak-yetersizligi\/","og_site_name":"Suriye Diyalog Merkezi","article_publisher":"https:\/\/www.facebook.com\/Sydialogue","article_published_time":"2021-01-02T16:08:04+00:00","article_modified_time":"2023-08-16T22:02:13+00:00","og_image":[{"width":2308,"height":1159,"url":"https:\/\/sydialogue.org\/wp-content\/uploads\/2021\/01\/1RTT.jpg","type":"image\/jpeg"}],"author":"\u0645\u0631\u0643\u0632 \u0627\u0644\u062d\u0648\u0627\u0631 \u0627\u0644\u0633\u0648\u0631\u064a","twitter_card":"summary_large_image","twitter_creator":"@Sydialogue","twitter_site":"@Sydialogue","twitter_misc":{"Yazan:":"\u0645\u0631\u0643\u0632 \u0627\u0644\u062d\u0648\u0627\u0631 \u0627\u0644\u0633\u0648\u0631\u064a","Tahmini okuma s\u00fcresi":"10 dakika"},"schema":{"@context":"https:\/\/schema.org","@graph":[{"@type":"WebPage","@id":"https:\/\/sydialogue.org\/tr\/2011-sonrasi-suriyedeki-insani-calismalarin-zihinsel-imaji-ihtiyac-zorluklari-ve-kaynak-yetersizligi\/","url":"https:\/\/sydialogue.org\/tr\/2011-sonrasi-suriyedeki-insani-calismalarin-zihinsel-imaji-ihtiyac-zorluklari-ve-kaynak-yetersizligi\/","name":"2011 Sonras\u0131 Suriye\u2019deki \u0130nsani \u00c7al\u0131\u015fmalar\u0131n Zihinsel \u0130maj\u0131 \u2013 \u0130htiya\u00e7 Zorluklar\u0131 ve Kaynak Yetersizli\u011fi - Suriye Diyalog Merkezi","isPartOf":{"@id":"https:\/\/sydialogue.org\/tr\/#website"},"primaryImageOfPage":{"@id":"https:\/\/sydialogue.org\/tr\/2011-sonrasi-suriyedeki-insani-calismalarin-zihinsel-imaji-ihtiyac-zorluklari-ve-kaynak-yetersizligi\/#primaryimage"},"image":{"@id":"https:\/\/sydialogue.org\/tr\/2011-sonrasi-suriyedeki-insani-calismalarin-zihinsel-imaji-ihtiyac-zorluklari-ve-kaynak-yetersizligi\/#primaryimage"},"thumbnailUrl":"https:\/\/e8nd7pn44jx.exactdn.com\/wp-content\/uploads\/2021\/01\/1RTT.jpg?strip=all","datePublished":"2021-01-02T16:08:04+00:00","dateModified":"2023-08-16T22:02:13+00:00","author":{"@id":"https:\/\/sydialogue.org\/tr\/#\/schema\/person\/34a2994f7414cbc7ce06e08267c4944d"},"description":"Bu belge halk taban\u0131 nezdinde insani yard\u0131m faaliyetleri y\u00fcr\u00fcten organizasyonlara y\u00f6nelik olu\u015fan olumsuz zihinsel imaj\u0131 ve bu kurumlar\u0131n Suriye\u2019nin kuzeyindeki \u00e7al\u0131\u015fmalar\u0131n\u0131 tan\u0131tmay\u0131 hedeflemektedir.","breadcrumb":{"@id":"https:\/\/sydialogue.org\/tr\/2011-sonrasi-suriyedeki-insani-calismalarin-zihinsel-imaji-ihtiyac-zorluklari-ve-kaynak-yetersizligi\/#breadcrumb"},"inLanguage":"tr","potentialAction":[{"@type":"ReadAction","target":["https:\/\/sydialogue.org\/tr\/2011-sonrasi-suriyedeki-insani-calismalarin-zihinsel-imaji-ihtiyac-zorluklari-ve-kaynak-yetersizligi\/"]}]},{"@type":"ImageObject","inLanguage":"tr","@id":"https:\/\/sydialogue.org\/tr\/2011-sonrasi-suriyedeki-insani-calismalarin-zihinsel-imaji-ihtiyac-zorluklari-ve-kaynak-yetersizligi\/#primaryimage","url":"https:\/\/e8nd7pn44jx.exactdn.com\/wp-content\/uploads\/2021\/01\/1RTT.jpg?strip=all","contentUrl":"https:\/\/e8nd7pn44jx.exactdn.com\/wp-content\/uploads\/2021\/01\/1RTT.jpg?strip=all","width":2308,"height":1159},{"@type":"BreadcrumbList","@id":"https:\/\/sydialogue.org\/tr\/2011-sonrasi-suriyedeki-insani-calismalarin-zihinsel-imaji-ihtiyac-zorluklari-ve-kaynak-yetersizligi\/#breadcrumb","itemListElement":[{"@type":"ListItem","position":1,"name":"\u0627\u0644\u0631\u0626\u064a\u0633\u064a\u0629","item":"https:\/\/sydialogue.org\/tr\/"},{"@type":"ListItem","position":2,"name":"2011 Sonras\u0131 Suriye\u2019deki \u0130nsani \u00c7al\u0131\u015fmalar\u0131n Zihinsel \u0130maj\u0131 \u2013 \u0130htiya\u00e7 Zorluklar\u0131 ve Kaynak Yetersizli\u011fi"}]},{"@type":"WebSite","@id":"https:\/\/sydialogue.org\/tr\/#website","url":"https:\/\/sydialogue.org\/tr\/","name":"\u0645\u0631\u0643\u0632 \u0627\u0644\u062d\u0648\u0627\u0631 \u0627\u0644\u0633\u0648\u0631\u064a","description":"Suriyeli bir sivil kurum, Suriye halk\u0131n\u0131 ilgilendiren konularda diyalo\u011fu canland\u0131rmay\u0131 ve harekete ge\u00e7irmeyi hedefliyor ve Suriyeliler aras\u0131nda ili\u015fkileri g\u00fc\u00e7lendirmeye ve i\u015fbirli\u011fi ve koordinasyonu harekete ge\u00e7irmeye \u00e7al\u0131\u015f\u0131yor.","potentialAction":[{"@type":"SearchAction","target":{"@type":"EntryPoint","urlTemplate":"https:\/\/sydialogue.org\/tr\/?s={search_term_string}"},"query-input":{"@type":"PropertyValueSpecification","valueRequired":true,"valueName":"search_term_string"}}],"inLanguage":"tr"},{"@type":"Person","@id":"https:\/\/sydialogue.org\/tr\/#\/schema\/person\/34a2994f7414cbc7ce06e08267c4944d","name":"\u0645\u0631\u0643\u0632 \u0627\u0644\u062d\u0648\u0627\u0631 \u0627\u0644\u0633\u0648\u0631\u064a","image":{"@type":"ImageObject","inLanguage":"tr","@id":"https:\/\/sydialogue.org\/tr\/#\/schema\/person\/image\/","url":"https:\/\/sydialogue.org\/wp-content\/uploads\/2023\/09\/\u0644\u0648\u063a\u0648-\u062e\u0644\u0641\u064a\u0629-\u0634\u0641\u0627\u0641\u0629-1.png","contentUrl":"https:\/\/sydialogue.org\/wp-content\/uploads\/2023\/09\/\u0644\u0648\u063a\u0648-\u062e\u0644\u0641\u064a\u0629-\u0634\u0641\u0627\u0641\u0629-1.png","caption":"\u0645\u0631\u0643\u0632 \u0627\u0644\u062d\u0648\u0627\u0631 \u0627\u0644\u0633\u0648\u0631\u064a"},"description":"\u0645\u0624\u0633\u0633\u0629 \u0628\u062d\u062b\u064a\u0629 \u0633\u0648\u0631\u064a\u0629 \u062a\u0633\u0639\u0649 \u0625\u0644\u0649 \u0627\u0644\u0625\u0633\u0647\u0627\u0645 \u0641\u064a \u0628\u0646\u0627\u0621 \u0627\u0644\u0631\u0624\u0649 \u0648\u0627\u0644\u0645\u0639\u0627\u0631\u0641 \u0628\u0645\u0627 \u064a\u0633\u0627\u0639\u062f \u0627\u0644\u0633\u0648\u0631\u064a\u064a\u0646 \u0639\u0644\u0649 \u0625\u0646\u0636\u0627\u062c \u062d\u0644\u0648\u0644 \u0639\u0645\u0644\u064a\u0629 \u0644\u0645\u0648\u0627\u062c\u0647\u0629 \u0627\u0644\u062a\u062d\u062f\u064a\u0627\u062a \u0627\u0644\u0648\u0637\u0646\u064a\u0629 \u0627\u0644\u0645\u0634\u062a\u0631\u0643\u0629 \u0648\u062a\u062d\u0642\u064a\u0642 \u0627\u0644\u062a\u0646\u0645\u064a\u0629 \u0627\u0644\u0645\u0633\u062a\u062f\u0627\u0645\u0629","sameAs":["http:\/\/sydialogue.org\/","Syrian Dialogue Center"],"url":"#molongui-disabled-link"}]}},"_links":{"self":[{"href":"https:\/\/sydialogue.org\/tr\/wp-json\/wp\/v2\/posts\/12334","targetHints":{"allow":["GET"]}}],"collection":[{"href":"https:\/\/sydialogue.org\/tr\/wp-json\/wp\/v2\/posts"}],"about":[{"href":"https:\/\/sydialogue.org\/tr\/wp-json\/wp\/v2\/types\/post"}],"author":[{"embeddable":true,"href":"https:\/\/sydialogue.org\/tr\/wp-json\/wp\/v2\/users\/1"}],"replies":[{"embeddable":true,"href":"https:\/\/sydialogue.org\/tr\/wp-json\/wp\/v2\/comments?post=12334"}],"version-history":[{"count":1,"href":"https:\/\/sydialogue.org\/tr\/wp-json\/wp\/v2\/posts\/12334\/revisions"}],"predecessor-version":[{"id":12338,"href":"https:\/\/sydialogue.org\/tr\/wp-json\/wp\/v2\/posts\/12334\/revisions\/12338"}],"wp:featuredmedia":[{"embeddable":true,"href":"https:\/\/sydialogue.org\/tr\/wp-json\/wp\/v2\/media\/12349"}],"wp:attachment":[{"href":"https:\/\/sydialogue.org\/tr\/wp-json\/wp\/v2\/media?parent=12334"}],"wp:term":[{"taxonomy":"category","embeddable":true,"href":"https:\/\/sydialogue.org\/tr\/wp-json\/wp\/v2\/categories?post=12334"},{"taxonomy":"post_tag","embeddable":true,"href":"https:\/\/sydialogue.org\/tr\/wp-json\/wp\/v2\/tags?post=12334"}],"curies":[{"name":"wp","href":"https:\/\/api.w.org\/{rel}","templated":true}]}}