{"id":12365,"date":"2021-01-28T23:13:34","date_gmt":"2021-01-28T20:13:34","guid":{"rendered":"http:\/\/sydialogue.org\/?p=12365"},"modified":"2023-08-19T23:20:21","modified_gmt":"2023-08-19T20:20:21","slug":"anayasa-komisyonunun-basarisizliginin-nesnel-faktorleri-siyasi-cozumler-icin-engelleyici-bir-ortam","status":"publish","type":"post","link":"https:\/\/sydialogue.org\/tr\/anayasa-komisyonunun-basarisizliginin-nesnel-faktorleri-siyasi-cozumler-icin-engelleyici-bir-ortam\/","title":{"rendered":"Anayasa Komisyonunun Ba\u015far\u0131s\u0131zl\u0131\u011f\u0131n\u0131n Nesnel Fakt\u00f6rleri: Siyasi \u00c7\u00f6z\u00fcmler i\u00e7in Engelleyici Bir Ortam"},"content":{"rendered":"<h2 dir=\"ltr\" style=\"text-align: justify;\"><span style=\"color: #333399;\"><strong>\u00d6n S\u00f6z:<\/strong><\/span><\/h2>\n<p dir=\"ltr\" style=\"text-align: justify;\">Suriye&#8217;deki siyasi \u00e7\u00f6z\u00fcm\u00fcn uluslararas\u0131 d\u00fczeydeki g\u00f6r\u00fcn\u00fcm\u00fc \u00e7e\u015fitli a\u015famalardan ge\u00e7ti: Cenevre 1 Bildirisi ile ba\u015flay\u0131p uluslararas\u0131 el\u00e7ilerin Suriye i\u00e7in \u00fczerinde \u00e7al\u0131\u015ft\u0131klar\u0131 y\u00fcr\u00fctme vizyonlar\u0131, Viyana Beyannameleri 1-2 ve Cenevre&#8217;ye paralel bir yolu temsil eden Astana ve So\u00e7i hatt\u0131ndan ge\u00e7erek, BM G\u00fcvenlik Konseyinin 2254 say\u0131l\u0131 uluslararas\u0131 karar ile son buldu. Ard\u0131ndan anayasa komitesi olu\u015ftu ve 2019 ortalar\u0131nda da ilk oturumunun ba\u015flamas\u0131 ger\u00e7ekle\u015fti.<\/p>\n<p dir=\"ltr\" style=\"text-align: justify;\">Anayasa komitesinin kurulu\u015funun ilk kez duyurulmas\u0131ndan bu yana, devrimci ve muhalif g\u00fc\u00e7lerin i\u00e7inden, komiteye kat\u0131lmay\u0131 kesinlikle reddeden sesler y\u00fckseldi. Ba\u015fkalar\u0131 da anayasa komitesinin kurulmas\u0131n\u0131n \u00fczerinden bir bu\u00e7uk y\u0131ldan fazla zaman ge\u00e7mi\u015fken, bu ad\u0131m\u0131 tebrik etmek ve komiteye dahil olmak i\u00e7in elini \u00e7abuk tutmaya ba\u015flad\u0131. Komiteyi destekleyenlerle ona kar\u015f\u0131 \u00e7\u0131kanlar aras\u0131nda ise, komiteye kat\u0131lman\u0131n faydas\u0131n\u0131n ne olaca\u011f\u0131 ve komitenin yeni bir siyasi sisteme ge\u00e7i\u015fte Suriye halk\u0131n\u0131n beklentilerini kar\u015f\u0131lamaya yetip yetmeyece\u011fi hakk\u0131nda h\u00e2l\u00e2 devam eden bir tart\u0131\u015fma var.<\/p>\n<p dir=\"ltr\" style=\"text-align: justify;\">Her bir grubun, kendi g\u00f6r\u00fc\u015f\u00fcn\u00fc desteklemek i\u00e7in kulland\u0131\u011f\u0131 savlar\u0131n d\u0131\u015f\u0131nda, bir\u00e7ok ki\u015fi, anayasa komitesiyle s\u0131n\u0131rland\u0131r\u0131lan siyasi s\u00fcrecin gidi\u015fat\u0131n\u0131 \u00e7evreleyen halihaz\u0131rdaki nesnel ko\u015fullara g\u00f6re komitenin nereye varaca\u011f\u0131n\u0131 merak ediyor.<\/p>\n<p dir=\"ltr\" style=\"text-align: justify;\">Bu raporda, Devrim ve Muhalefet G\u00fc\u00e7lerinin performans\u0131 ve yap\u0131s\u0131 ile ilgili subjektif fakt\u00f6rlerden, anayasa komitesinin olu\u015fumu ile ilgili \u00f6zel fakt\u00f6rlerden ve Esad rejimine \u00f6zg\u00fc fakt\u00f6rlerden ba\u011f\u0131ms\u0131z olarak, anayasa komitesinin ba\u015far\u0131s\u0131z olma ihtimalini art\u0131ran nesnel fakt\u00f6rleri g\u00f6zden ge\u00e7irmeye \u00e7al\u0131\u015f\u0131yoruz.<\/p>\n<p dir=\"ltr\"><a href=\"http:\/\/sydialogue.org\/%d8%a7%d9%84%d8%aa%d9%82%d8%b1%d9%8a%d8%b1-%d8%a7%d9%84%d8%aa%d8%ad%d9%84%d9%8a%d9%84%d9%8a-%d8%a7%d9%84%d8%b9%d9%88%d8%a7%d9%85%d9%84-%d8%a7%d9%84%d9%85%d9%88%d8%b6%d9%88%d8%b9%d9%8a%d8%a9-%d9%84\/\">Raporun tamam\u0131n\u0131 okuyun (Arap\u00e7a)<\/a><\/p>\n","protected":false},"excerpt":{"rendered":"<p>Bu \u00e7al\u0131\u015fma, Anayasa Komitesi&#8217;nin ba\u015far\u0131s\u0131zl\u0131\u011f\u0131n\u0131 etkileyen nesnel fakt\u00f6rleri, Devrim ve Muhalefet G\u00fc\u00e7lerinin performans\u0131 ve yap\u0131s\u0131, Komitenin olu\u015fturulmas\u0131 ve Esad rejimi ile ilgili olan fakt\u00f6rlerden ba\u011f\u0131ms\u0131z \u015fekilde incelemeyi ama\u00e7lamaktad\u0131r.<\/p>\n","protected":false},"author":1,"featured_media":12366,"comment_status":"open","ping_status":"closed","sticky":false,"template":"","format":"standard","meta":{"_acf_changed":false,"footnotes":""},"categories":[78,92,49],"tags":[],"class_list":["post-12365","post","type-post","status-publish","format-standard","has-post-thumbnail","hentry","category-research-and-studies-tr","category-ortak-kimlik-ve-uzlasi-birimi","category-yayinlar"],"acf":[],"yoast_head":"<!-- This site is optimized with the Yoast SEO plugin v26.0 - https:\/\/yoast.com\/wordpress\/plugins\/seo\/ -->\n<title>Anayasa Komisyonunun Ba\u015far\u0131s\u0131zl\u0131\u011f\u0131n\u0131n Nesnel Fakt\u00f6rleri: Siyasi \u00c7\u00f6z\u00fcmler i\u00e7in Engelleyici Bir Ortam - Suriye Diyalog Merkezi<\/title>\n<meta name=\"description\" content=\"Bu \u00e7al\u0131\u015fma, Anayasa Komitesi&#039;nin ba\u015far\u0131s\u0131zl\u0131\u011f\u0131n\u0131 etkileyen nesnel fakt\u00f6rleri, Devrim ve Muhalefet G\u00fc\u00e7lerinin performans\u0131 ve yap\u0131s\u0131, Komitenin olu\u015fturulmas\u0131 ve Esad rejimi ile ilgili olan fakt\u00f6rlerden ba\u011f\u0131ms\u0131z \u015fekilde incelemeyi ama\u00e7lamaktad\u0131r.\" \/>\n<meta name=\"robots\" content=\"index, follow, max-snippet:-1, max-image-preview:large, max-video-preview:-1\" \/>\n<link rel=\"canonical\" href=\"https:\/\/sydialogue.org\/tr\/anayasa-komisyonunun-basarisizliginin-nesnel-faktorleri-siyasi-cozumler-icin-engelleyici-bir-ortam\/\" \/>\n<meta property=\"og:locale\" content=\"tr_TR\" \/>\n<meta property=\"og:type\" content=\"article\" \/>\n<meta property=\"og:title\" content=\"Anayasa Komisyonunun Ba\u015far\u0131s\u0131zl\u0131\u011f\u0131n\u0131n Nesnel Fakt\u00f6rleri: Siyasi \u00c7\u00f6z\u00fcmler i\u00e7in Engelleyici Bir Ortam - Suriye Diyalog Merkezi\" \/>\n<meta property=\"og:description\" content=\"Bu \u00e7al\u0131\u015fma, Anayasa Komitesi&#039;nin ba\u015far\u0131s\u0131zl\u0131\u011f\u0131n\u0131 etkileyen nesnel fakt\u00f6rleri, Devrim ve Muhalefet G\u00fc\u00e7lerinin performans\u0131 ve yap\u0131s\u0131, Komitenin olu\u015fturulmas\u0131 ve Esad rejimi ile ilgili olan fakt\u00f6rlerden ba\u011f\u0131ms\u0131z \u015fekilde incelemeyi ama\u00e7lamaktad\u0131r.\" \/>\n<meta property=\"og:url\" content=\"https:\/\/sydialogue.org\/tr\/anayasa-komisyonunun-basarisizliginin-nesnel-faktorleri-siyasi-cozumler-icin-engelleyici-bir-ortam\/\" \/>\n<meta property=\"og:site_name\" content=\"Suriye Diyalog Merkezi\" \/>\n<meta property=\"article:publisher\" content=\"https:\/\/www.facebook.com\/Sydialogue\" \/>\n<meta property=\"article:published_time\" content=\"2021-01-28T20:13:34+00:00\" \/>\n<meta property=\"article:modified_time\" content=\"2023-08-19T20:20:21+00:00\" \/>\n<meta property=\"og:image\" content=\"https:\/\/sydialogue.org\/wp-content\/uploads\/2023\/08\/tr62.jpg\" \/>\n\t<meta property=\"og:image:width\" content=\"2308\" \/>\n\t<meta property=\"og:image:height\" content=\"1159\" \/>\n\t<meta property=\"og:image:type\" content=\"image\/jpeg\" \/>\n<meta name=\"author\" content=\"\u0645\u0631\u0643\u0632 \u0627\u0644\u062d\u0648\u0627\u0631 \u0627\u0644\u0633\u0648\u0631\u064a\" \/>\n<meta name=\"twitter:card\" content=\"summary_large_image\" \/>\n<meta name=\"twitter:creator\" content=\"@Sydialogue\" \/>\n<meta name=\"twitter:site\" content=\"@Sydialogue\" \/>\n<meta name=\"twitter:label1\" content=\"Yazan:\" \/>\n\t<meta name=\"twitter:data1\" content=\"\u0645\u0631\u0643\u0632 \u0627\u0644\u062d\u0648\u0627\u0631 \u0627\u0644\u0633\u0648\u0631\u064a\" \/>\n\t<meta name=\"twitter:label2\" content=\"Tahmini okuma s\u00fcresi\" \/>\n\t<meta name=\"twitter:data2\" content=\"2 dakika\" \/>\n<script type=\"application\/ld+json\" class=\"yoast-schema-graph\">{\"@context\":\"https:\/\/schema.org\",\"@graph\":[{\"@type\":\"WebPage\",\"@id\":\"https:\/\/sydialogue.org\/tr\/anayasa-komisyonunun-basarisizliginin-nesnel-faktorleri-siyasi-cozumler-icin-engelleyici-bir-ortam\/\",\"url\":\"https:\/\/sydialogue.org\/tr\/anayasa-komisyonunun-basarisizliginin-nesnel-faktorleri-siyasi-cozumler-icin-engelleyici-bir-ortam\/\",\"name\":\"Anayasa Komisyonunun Ba\u015far\u0131s\u0131zl\u0131\u011f\u0131n\u0131n Nesnel Fakt\u00f6rleri: Siyasi \u00c7\u00f6z\u00fcmler i\u00e7in Engelleyici Bir Ortam - Suriye Diyalog Merkezi\",\"isPartOf\":{\"@id\":\"https:\/\/sydialogue.org\/tr\/#website\"},\"primaryImageOfPage\":{\"@id\":\"https:\/\/sydialogue.org\/tr\/anayasa-komisyonunun-basarisizliginin-nesnel-faktorleri-siyasi-cozumler-icin-engelleyici-bir-ortam\/#primaryimage\"},\"image\":{\"@id\":\"https:\/\/sydialogue.org\/tr\/anayasa-komisyonunun-basarisizliginin-nesnel-faktorleri-siyasi-cozumler-icin-engelleyici-bir-ortam\/#primaryimage\"},\"thumbnailUrl\":\"https:\/\/egsaqtt58cu.exactdn.com\/wp-content\/uploads\/2023\/08\/tr62.jpg?strip=all&lossy=1&ssl=1\",\"datePublished\":\"2021-01-28T20:13:34+00:00\",\"dateModified\":\"2023-08-19T20:20:21+00:00\",\"author\":{\"@id\":\"https:\/\/sydialogue.org\/tr\/#\/schema\/person\/34a2994f7414cbc7ce06e08267c4944d\"},\"description\":\"Bu \u00e7al\u0131\u015fma, Anayasa Komitesi'nin ba\u015far\u0131s\u0131zl\u0131\u011f\u0131n\u0131 etkileyen nesnel fakt\u00f6rleri, Devrim ve Muhalefet G\u00fc\u00e7lerinin performans\u0131 ve yap\u0131s\u0131, Komitenin olu\u015fturulmas\u0131 ve Esad rejimi ile ilgili olan fakt\u00f6rlerden ba\u011f\u0131ms\u0131z \u015fekilde incelemeyi ama\u00e7lamaktad\u0131r.\",\"breadcrumb\":{\"@id\":\"https:\/\/sydialogue.org\/tr\/anayasa-komisyonunun-basarisizliginin-nesnel-faktorleri-siyasi-cozumler-icin-engelleyici-bir-ortam\/#breadcrumb\"},\"inLanguage\":\"tr\",\"potentialAction\":[{\"@type\":\"ReadAction\",\"target\":[\"https:\/\/sydialogue.org\/tr\/anayasa-komisyonunun-basarisizliginin-nesnel-faktorleri-siyasi-cozumler-icin-engelleyici-bir-ortam\/\"]}]},{\"@type\":\"ImageObject\",\"inLanguage\":\"tr\",\"@id\":\"https:\/\/sydialogue.org\/tr\/anayasa-komisyonunun-basarisizliginin-nesnel-faktorleri-siyasi-cozumler-icin-engelleyici-bir-ortam\/#primaryimage\",\"url\":\"https:\/\/egsaqtt58cu.exactdn.com\/wp-content\/uploads\/2023\/08\/tr62.jpg?strip=all&lossy=1&ssl=1\",\"contentUrl\":\"https:\/\/egsaqtt58cu.exactdn.com\/wp-content\/uploads\/2023\/08\/tr62.jpg?strip=all&lossy=1&ssl=1\",\"width\":2308,\"height\":1159},{\"@type\":\"BreadcrumbList\",\"@id\":\"https:\/\/sydialogue.org\/tr\/anayasa-komisyonunun-basarisizliginin-nesnel-faktorleri-siyasi-cozumler-icin-engelleyici-bir-ortam\/#breadcrumb\",\"itemListElement\":[{\"@type\":\"ListItem\",\"position\":1,\"name\":\"\u0627\u0644\u0631\u0626\u064a\u0633\u064a\u0629\",\"item\":\"https:\/\/sydialogue.org\/tr\/\"},{\"@type\":\"ListItem\",\"position\":2,\"name\":\"Anayasa Komisyonunun Ba\u015far\u0131s\u0131zl\u0131\u011f\u0131n\u0131n Nesnel Fakt\u00f6rleri: Siyasi \u00c7\u00f6z\u00fcmler i\u00e7in Engelleyici Bir Ortam\"}]},{\"@type\":\"WebSite\",\"@id\":\"https:\/\/sydialogue.org\/tr\/#website\",\"url\":\"https:\/\/sydialogue.org\/tr\/\",\"name\":\"\u0645\u0631\u0643\u0632 \u0627\u0644\u062d\u0648\u0627\u0631 \u0627\u0644\u0633\u0648\u0631\u064a\",\"description\":\"Suriyeli bir sivil kurum, Suriye halk\u0131n\u0131 ilgilendiren konularda diyalo\u011fu canland\u0131rmay\u0131 ve harekete ge\u00e7irmeyi hedefliyor ve Suriyeliler aras\u0131nda ili\u015fkileri g\u00fc\u00e7lendirmeye ve i\u015fbirli\u011fi ve koordinasyonu harekete ge\u00e7irmeye \u00e7al\u0131\u015f\u0131yor.\",\"potentialAction\":[{\"@type\":\"SearchAction\",\"target\":{\"@type\":\"EntryPoint\",\"urlTemplate\":\"https:\/\/sydialogue.org\/tr\/?s={search_term_string}\"},\"query-input\":{\"@type\":\"PropertyValueSpecification\",\"valueRequired\":true,\"valueName\":\"search_term_string\"}}],\"inLanguage\":\"tr\"},{\"@type\":\"Person\",\"@id\":\"https:\/\/sydialogue.org\/tr\/#\/schema\/person\/34a2994f7414cbc7ce06e08267c4944d\",\"name\":\"\u0645\u0631\u0643\u0632 \u0627\u0644\u062d\u0648\u0627\u0631 \u0627\u0644\u0633\u0648\u0631\u064a\",\"image\":{\"@type\":\"ImageObject\",\"inLanguage\":\"tr\",\"@id\":\"https:\/\/sydialogue.org\/tr\/#\/schema\/person\/image\/\",\"url\":\"https:\/\/sydialogue.org\/wp-content\/uploads\/2023\/09\/\u0644\u0648\u063a\u0648-\u062e\u0644\u0641\u064a\u0629-\u0634\u0641\u0627\u0641\u0629-1.png\",\"contentUrl\":\"https:\/\/sydialogue.org\/wp-content\/uploads\/2023\/09\/\u0644\u0648\u063a\u0648-\u062e\u0644\u0641\u064a\u0629-\u0634\u0641\u0627\u0641\u0629-1.png\",\"caption\":\"\u0645\u0631\u0643\u0632 \u0627\u0644\u062d\u0648\u0627\u0631 \u0627\u0644\u0633\u0648\u0631\u064a\"},\"description\":\"\u0645\u0624\u0633\u0633\u0629 \u0628\u062d\u062b\u064a\u0629 \u0633\u0648\u0631\u064a\u0629 \u062a\u0633\u0639\u0649 \u0625\u0644\u0649 \u0627\u0644\u0625\u0633\u0647\u0627\u0645 \u0641\u064a \u0628\u0646\u0627\u0621 \u0627\u0644\u0631\u0624\u0649 \u0648\u0627\u0644\u0645\u0639\u0627\u0631\u0641 \u0628\u0645\u0627 \u064a\u0633\u0627\u0639\u062f \u0627\u0644\u0633\u0648\u0631\u064a\u064a\u0646 \u0639\u0644\u0649 \u0625\u0646\u0636\u0627\u062c \u062d\u0644\u0648\u0644 \u0639\u0645\u0644\u064a\u0629 \u0644\u0645\u0648\u0627\u062c\u0647\u0629 \u0627\u0644\u062a\u062d\u062f\u064a\u0627\u062a \u0627\u0644\u0648\u0637\u0646\u064a\u0629 \u0627\u0644\u0645\u0634\u062a\u0631\u0643\u0629 \u0648\u062a\u062d\u0642\u064a\u0642 \u0627\u0644\u062a\u0646\u0645\u064a\u0629 \u0627\u0644\u0645\u0633\u062a\u062f\u0627\u0645\u0629\",\"sameAs\":[\"http:\/\/sydialogue.org\/\",\"Syrian Dialogue Center\"],\"url\":\"#molongui-disabled-link\"}]}<\/script>\n<!-- \/ Yoast SEO plugin. -->","yoast_head_json":{"title":"Anayasa Komisyonunun Ba\u015far\u0131s\u0131zl\u0131\u011f\u0131n\u0131n Nesnel Fakt\u00f6rleri: Siyasi \u00c7\u00f6z\u00fcmler i\u00e7in Engelleyici Bir Ortam - Suriye Diyalog Merkezi","description":"Bu \u00e7al\u0131\u015fma, Anayasa Komitesi'nin ba\u015far\u0131s\u0131zl\u0131\u011f\u0131n\u0131 etkileyen nesnel fakt\u00f6rleri, Devrim ve Muhalefet G\u00fc\u00e7lerinin performans\u0131 ve yap\u0131s\u0131, Komitenin olu\u015fturulmas\u0131 ve Esad rejimi ile ilgili olan fakt\u00f6rlerden ba\u011f\u0131ms\u0131z \u015fekilde incelemeyi ama\u00e7lamaktad\u0131r.","robots":{"index":"index","follow":"follow","max-snippet":"max-snippet:-1","max-image-preview":"max-image-preview:large","max-video-preview":"max-video-preview:-1"},"canonical":"https:\/\/sydialogue.org\/tr\/anayasa-komisyonunun-basarisizliginin-nesnel-faktorleri-siyasi-cozumler-icin-engelleyici-bir-ortam\/","og_locale":"tr_TR","og_type":"article","og_title":"Anayasa Komisyonunun Ba\u015far\u0131s\u0131zl\u0131\u011f\u0131n\u0131n Nesnel Fakt\u00f6rleri: Siyasi \u00c7\u00f6z\u00fcmler i\u00e7in Engelleyici Bir Ortam - Suriye Diyalog Merkezi","og_description":"Bu \u00e7al\u0131\u015fma, Anayasa Komitesi'nin ba\u015far\u0131s\u0131zl\u0131\u011f\u0131n\u0131 etkileyen nesnel fakt\u00f6rleri, Devrim ve Muhalefet G\u00fc\u00e7lerinin performans\u0131 ve yap\u0131s\u0131, Komitenin olu\u015fturulmas\u0131 ve Esad rejimi ile ilgili olan fakt\u00f6rlerden ba\u011f\u0131ms\u0131z \u015fekilde incelemeyi ama\u00e7lamaktad\u0131r.","og_url":"https:\/\/sydialogue.org\/tr\/anayasa-komisyonunun-basarisizliginin-nesnel-faktorleri-siyasi-cozumler-icin-engelleyici-bir-ortam\/","og_site_name":"Suriye Diyalog Merkezi","article_publisher":"https:\/\/www.facebook.com\/Sydialogue","article_published_time":"2021-01-28T20:13:34+00:00","article_modified_time":"2023-08-19T20:20:21+00:00","og_image":[{"width":2308,"height":1159,"url":"https:\/\/sydialogue.org\/wp-content\/uploads\/2023\/08\/tr62.jpg","type":"image\/jpeg"}],"author":"\u0645\u0631\u0643\u0632 \u0627\u0644\u062d\u0648\u0627\u0631 \u0627\u0644\u0633\u0648\u0631\u064a","twitter_card":"summary_large_image","twitter_creator":"@Sydialogue","twitter_site":"@Sydialogue","twitter_misc":{"Yazan:":"\u0645\u0631\u0643\u0632 \u0627\u0644\u062d\u0648\u0627\u0631 \u0627\u0644\u0633\u0648\u0631\u064a","Tahmini okuma s\u00fcresi":"2 dakika"},"schema":{"@context":"https:\/\/schema.org","@graph":[{"@type":"WebPage","@id":"https:\/\/sydialogue.org\/tr\/anayasa-komisyonunun-basarisizliginin-nesnel-faktorleri-siyasi-cozumler-icin-engelleyici-bir-ortam\/","url":"https:\/\/sydialogue.org\/tr\/anayasa-komisyonunun-basarisizliginin-nesnel-faktorleri-siyasi-cozumler-icin-engelleyici-bir-ortam\/","name":"Anayasa Komisyonunun Ba\u015far\u0131s\u0131zl\u0131\u011f\u0131n\u0131n Nesnel Fakt\u00f6rleri: Siyasi \u00c7\u00f6z\u00fcmler i\u00e7in Engelleyici Bir Ortam - Suriye Diyalog Merkezi","isPartOf":{"@id":"https:\/\/sydialogue.org\/tr\/#website"},"primaryImageOfPage":{"@id":"https:\/\/sydialogue.org\/tr\/anayasa-komisyonunun-basarisizliginin-nesnel-faktorleri-siyasi-cozumler-icin-engelleyici-bir-ortam\/#primaryimage"},"image":{"@id":"https:\/\/sydialogue.org\/tr\/anayasa-komisyonunun-basarisizliginin-nesnel-faktorleri-siyasi-cozumler-icin-engelleyici-bir-ortam\/#primaryimage"},"thumbnailUrl":"https:\/\/egsaqtt58cu.exactdn.com\/wp-content\/uploads\/2023\/08\/tr62.jpg?strip=all&lossy=1&ssl=1","datePublished":"2021-01-28T20:13:34+00:00","dateModified":"2023-08-19T20:20:21+00:00","author":{"@id":"https:\/\/sydialogue.org\/tr\/#\/schema\/person\/34a2994f7414cbc7ce06e08267c4944d"},"description":"Bu \u00e7al\u0131\u015fma, Anayasa Komitesi'nin ba\u015far\u0131s\u0131zl\u0131\u011f\u0131n\u0131 etkileyen nesnel fakt\u00f6rleri, Devrim ve Muhalefet G\u00fc\u00e7lerinin performans\u0131 ve yap\u0131s\u0131, Komitenin olu\u015fturulmas\u0131 ve Esad rejimi ile ilgili olan fakt\u00f6rlerden ba\u011f\u0131ms\u0131z \u015fekilde incelemeyi ama\u00e7lamaktad\u0131r.","breadcrumb":{"@id":"https:\/\/sydialogue.org\/tr\/anayasa-komisyonunun-basarisizliginin-nesnel-faktorleri-siyasi-cozumler-icin-engelleyici-bir-ortam\/#breadcrumb"},"inLanguage":"tr","potentialAction":[{"@type":"ReadAction","target":["https:\/\/sydialogue.org\/tr\/anayasa-komisyonunun-basarisizliginin-nesnel-faktorleri-siyasi-cozumler-icin-engelleyici-bir-ortam\/"]}]},{"@type":"ImageObject","inLanguage":"tr","@id":"https:\/\/sydialogue.org\/tr\/anayasa-komisyonunun-basarisizliginin-nesnel-faktorleri-siyasi-cozumler-icin-engelleyici-bir-ortam\/#primaryimage","url":"https:\/\/egsaqtt58cu.exactdn.com\/wp-content\/uploads\/2023\/08\/tr62.jpg?strip=all&lossy=1&ssl=1","contentUrl":"https:\/\/egsaqtt58cu.exactdn.com\/wp-content\/uploads\/2023\/08\/tr62.jpg?strip=all&lossy=1&ssl=1","width":2308,"height":1159},{"@type":"BreadcrumbList","@id":"https:\/\/sydialogue.org\/tr\/anayasa-komisyonunun-basarisizliginin-nesnel-faktorleri-siyasi-cozumler-icin-engelleyici-bir-ortam\/#breadcrumb","itemListElement":[{"@type":"ListItem","position":1,"name":"\u0627\u0644\u0631\u0626\u064a\u0633\u064a\u0629","item":"https:\/\/sydialogue.org\/tr\/"},{"@type":"ListItem","position":2,"name":"Anayasa Komisyonunun Ba\u015far\u0131s\u0131zl\u0131\u011f\u0131n\u0131n Nesnel Fakt\u00f6rleri: Siyasi \u00c7\u00f6z\u00fcmler i\u00e7in Engelleyici Bir Ortam"}]},{"@type":"WebSite","@id":"https:\/\/sydialogue.org\/tr\/#website","url":"https:\/\/sydialogue.org\/tr\/","name":"\u0645\u0631\u0643\u0632 \u0627\u0644\u062d\u0648\u0627\u0631 \u0627\u0644\u0633\u0648\u0631\u064a","description":"Suriyeli bir sivil kurum, Suriye halk\u0131n\u0131 ilgilendiren konularda diyalo\u011fu canland\u0131rmay\u0131 ve harekete ge\u00e7irmeyi hedefliyor ve Suriyeliler aras\u0131nda ili\u015fkileri g\u00fc\u00e7lendirmeye ve i\u015fbirli\u011fi ve koordinasyonu harekete ge\u00e7irmeye \u00e7al\u0131\u015f\u0131yor.","potentialAction":[{"@type":"SearchAction","target":{"@type":"EntryPoint","urlTemplate":"https:\/\/sydialogue.org\/tr\/?s={search_term_string}"},"query-input":{"@type":"PropertyValueSpecification","valueRequired":true,"valueName":"search_term_string"}}],"inLanguage":"tr"},{"@type":"Person","@id":"https:\/\/sydialogue.org\/tr\/#\/schema\/person\/34a2994f7414cbc7ce06e08267c4944d","name":"\u0645\u0631\u0643\u0632 \u0627\u0644\u062d\u0648\u0627\u0631 \u0627\u0644\u0633\u0648\u0631\u064a","image":{"@type":"ImageObject","inLanguage":"tr","@id":"https:\/\/sydialogue.org\/tr\/#\/schema\/person\/image\/","url":"https:\/\/sydialogue.org\/wp-content\/uploads\/2023\/09\/\u0644\u0648\u063a\u0648-\u062e\u0644\u0641\u064a\u0629-\u0634\u0641\u0627\u0641\u0629-1.png","contentUrl":"https:\/\/sydialogue.org\/wp-content\/uploads\/2023\/09\/\u0644\u0648\u063a\u0648-\u062e\u0644\u0641\u064a\u0629-\u0634\u0641\u0627\u0641\u0629-1.png","caption":"\u0645\u0631\u0643\u0632 \u0627\u0644\u062d\u0648\u0627\u0631 \u0627\u0644\u0633\u0648\u0631\u064a"},"description":"\u0645\u0624\u0633\u0633\u0629 \u0628\u062d\u062b\u064a\u0629 \u0633\u0648\u0631\u064a\u0629 \u062a\u0633\u0639\u0649 \u0625\u0644\u0649 \u0627\u0644\u0625\u0633\u0647\u0627\u0645 \u0641\u064a \u0628\u0646\u0627\u0621 \u0627\u0644\u0631\u0624\u0649 \u0648\u0627\u0644\u0645\u0639\u0627\u0631\u0641 \u0628\u0645\u0627 \u064a\u0633\u0627\u0639\u062f \u0627\u0644\u0633\u0648\u0631\u064a\u064a\u0646 \u0639\u0644\u0649 \u0625\u0646\u0636\u0627\u062c \u062d\u0644\u0648\u0644 \u0639\u0645\u0644\u064a\u0629 \u0644\u0645\u0648\u0627\u062c\u0647\u0629 \u0627\u0644\u062a\u062d\u062f\u064a\u0627\u062a \u0627\u0644\u0648\u0637\u0646\u064a\u0629 \u0627\u0644\u0645\u0634\u062a\u0631\u0643\u0629 \u0648\u062a\u062d\u0642\u064a\u0642 \u0627\u0644\u062a\u0646\u0645\u064a\u0629 \u0627\u0644\u0645\u0633\u062a\u062f\u0627\u0645\u0629","sameAs":["http:\/\/sydialogue.org\/","Syrian Dialogue Center"],"url":"#molongui-disabled-link"}]}},"_links":{"self":[{"href":"https:\/\/sydialogue.org\/tr\/wp-json\/wp\/v2\/posts\/12365","targetHints":{"allow":["GET"]}}],"collection":[{"href":"https:\/\/sydialogue.org\/tr\/wp-json\/wp\/v2\/posts"}],"about":[{"href":"https:\/\/sydialogue.org\/tr\/wp-json\/wp\/v2\/types\/post"}],"author":[{"embeddable":true,"href":"https:\/\/sydialogue.org\/tr\/wp-json\/wp\/v2\/users\/1"}],"replies":[{"embeddable":true,"href":"https:\/\/sydialogue.org\/tr\/wp-json\/wp\/v2\/comments?post=12365"}],"version-history":[{"count":1,"href":"https:\/\/sydialogue.org\/tr\/wp-json\/wp\/v2\/posts\/12365\/revisions"}],"predecessor-version":[{"id":12369,"href":"https:\/\/sydialogue.org\/tr\/wp-json\/wp\/v2\/posts\/12365\/revisions\/12369"}],"wp:featuredmedia":[{"embeddable":true,"href":"https:\/\/sydialogue.org\/tr\/wp-json\/wp\/v2\/media\/12366"}],"wp:attachment":[{"href":"https:\/\/sydialogue.org\/tr\/wp-json\/wp\/v2\/media?parent=12365"}],"wp:term":[{"taxonomy":"category","embeddable":true,"href":"https:\/\/sydialogue.org\/tr\/wp-json\/wp\/v2\/categories?post=12365"},{"taxonomy":"post_tag","embeddable":true,"href":"https:\/\/sydialogue.org\/tr\/wp-json\/wp\/v2\/tags?post=12365"}],"curies":[{"name":"wp","href":"https:\/\/api.w.org\/{rel}","templated":true}]}}