{"id":12467,"date":"2021-05-26T01:30:24","date_gmt":"2021-05-25T22:30:24","guid":{"rendered":"http:\/\/sydialogue.org\/?p=12467"},"modified":"2023-09-03T01:37:58","modified_gmt":"2023-09-02T22:37:58","slug":"sezardan-sonra-suriyede-kotulesen-insani-ve-ekonomik-kosullarin-sorumlusu-kim","status":"publish","type":"post","link":"https:\/\/sydialogue.org\/tr\/sezardan-sonra-suriyede-kotulesen-insani-ve-ekonomik-kosullarin-sorumlusu-kim\/","title":{"rendered":"Sezar\u2019dan Sonra: Suriye\u2019de K\u00f6t\u00fcle\u015fen \u0130nsani ve Ekonomik Ko\u015fullar\u0131n Sorumlusu Kim?"},"content":{"rendered":"<p dir=\"ltr\" style=\"text-align: justify;\">Esad rejimi, 2020\u2019nin ba\u015flar\u0131nda Sezar Yasas\u0131\u2019n\u0131n kabul edilmesinden sonra, Suriye\u2019deki k\u00f6t\u00fcle\u015fen insanl\u0131k durumunun sebebinin, \u201cekonomik yapt\u0131r\u0131mlar\u201d oldu\u011funa dayal\u0131 s\u00f6ylentisine destek olacak geni\u015f kapsaml\u0131 bir medya kampanyas\u0131 y\u00fcr\u00fct\u00fcyor. ABD\u2019nin rejime dayatt\u0131\u011f\u0131 zorlay\u0131c\u0131 \u00f6nlemlerin Suriye halk\u0131n\u0131n ya\u015fad\u0131\u011f\u0131 s\u0131k\u0131nt\u0131lar\u0131 daha da art\u0131rd\u0131\u011f\u0131ndan hareketle, \u00e7e\u015fitli Arap \u00fclkelerinden \u00e7o\u011funlu\u011fu Hristiyan olan bir grup siyasi ve k\u00fclt\u00fcrel fig\u00fcr ABD ve Fransa Cumhurba\u015fkanlar\u0131na Suriye rejimine y\u00f6nelik yapt\u0131r\u0131mlar\u0131n kald\u0131r\u0131lmas\u0131 talebinde bulunan iki mektup g\u00f6nderdi.<\/p>\n<p dir=\"ltr\" style=\"text-align: justify;\">Bu sivil hamleler, uygulanan yapt\u0131r\u0131mlar\u0131n Suriye\u2019nin ekonomik temelini \u201cciddi bir \u015fekilde\u201d y\u0131pratt\u0131\u011f\u0131 ve Suriyelilerin t\u0131bbi yard\u0131m ve hizmetlere eri\u015fimini engelledi\u011fi gerek\u00e7esiyle, bu yapt\u0131r\u0131mlar\u0131n kald\u0131r\u0131lmas\u0131 i\u00e7in rejimin m\u00fcttefikleri olan Rusya ve \u00c7in\u2019in AB\u2019ye y\u00f6nelik giri\u015fimlerinin ve \u00e7a\u011fr\u0131lar\u0131n\u0131n ard\u0131ndan ger\u00e7ekle\u015fti. BM \u00f6zel raport\u00f6r\u00fc taraf\u0131ndan, tek tarafl\u0131 zorlay\u0131c\u0131 \u00f6nlemlerin insan haklar\u0131ndan yararlanma \u00fczerindeki olumsuz etkisine ili\u015fkin yapt\u0131\u011f\u0131 a\u00e7\u0131klamaya dayanarak, yapt\u0131r\u0131mlar\u0131n \u00f6zellikle Covid-19 salg\u0131n\u0131 ba\u011flam\u0131nda Suriye\u2019de zaten zor olan insani durumu daha da k\u00f6t\u00fcle\u015ftirebilece\u011fi dikkate al\u0131nd\u0131\u011f\u0131nda Suriye halk\u0131 a\u011f\u0131r insan haklar\u0131 ihlalleri riskine maruz kalabilir.<\/p>\n<p dir=\"ltr\" style=\"text-align: justify;\">Yap\u0131lan \u00f6nceki a\u00e7\u0131klama, sonuncusu Sezar Yasas\u0131 olan ekonomik yapt\u0131r\u0131mlar\u0131n, \u00f6zellikle Covid-19 salg\u0131n\u0131 s\u00fcreci de ya\u015fan\u0131rken, Suriye\u2019deki iktisadi ve insani durumun k\u00f6t\u00fcle\u015fmesinin nedenlerinden biri olup olmad\u0131\u011f\u0131 ve bu yapt\u0131r\u0131mlar\u0131n Suriye\u2019nin ald\u0131\u011f\u0131 insani yard\u0131mlar\u0131 ne \u00f6l\u00e7\u00fcde etkiledi\u011fi ya da Sezar Yasas\u0131\u2019n\u0131n da dahil oldu\u011fu bir\u00e7ok ba\u015fka nedenin sonucu olup olmad\u0131\u011f\u0131 hakk\u0131nda bir\u00e7ok soruyu g\u00fcndeme getirdi.<\/p>\n<p dir=\"ltr\"><a href=\"http:\/\/sydialogue.org\/%d9%85%d8%a7-%d8%a8%d8%b9%d8%af-%d9%82%d9%8a%d8%b5%d8%b1%d8%9b-%d9%85%d9%8e%d9%86-%d9%8a%d8%aa%d8%ad%d9%85%d9%84-%d8%a7%d9%84%d9%85%d8%b3%d8%a4%d9%88%d9%84%d9%8a%d8%a9-%d8%b9%d9%86-%d8%aa%d8%b1%d8%af\/\">Raporun tamam\u0131n\u0131 okumak i\u00e7in (Arap\u00e7a)<\/a><\/p>\n","protected":false},"excerpt":{"rendered":"<p>Bu rapor, Esad rejiminin, se\u00e7im kampanyas\u0131 s\u00fcrecinde daha iyi bir gelecek vadederek Suriyeli vatanda\u015flar\u0131n\u0131n \u00e7ektikleri s\u0131k\u0131nt\u0131lar\u0131n uluslararas\u0131 yapt\u0131r\u0131mlardan kaynakland\u0131\u011f\u0131 y\u00f6n\u00fcndeki iddialar\u0131na ve bu iddialar\u0131n do\u011frulu\u011funa \u0131\u015f\u0131k tutmaya \u00e7al\u0131\u015f\u0131yor.<\/p>\n","protected":false},"author":1,"featured_media":12468,"comment_status":"open","ping_status":"closed","sticky":false,"template":"","format":"standard","meta":{"_acf_changed":false,"footnotes":""},"categories":[78,93,49],"tags":[],"class_list":["post-12467","post","type-post","status-publish","format-standard","has-post-thumbnail","hentry","category-research-and-studies-tr","category-sosyal-birim","category-yayinlar"],"acf":[],"yoast_head":"<!-- This site is optimized with the Yoast SEO plugin v26.0 - https:\/\/yoast.com\/wordpress\/plugins\/seo\/ -->\n<title>Sezar\u2019dan Sonra: Suriye\u2019de K\u00f6t\u00fcle\u015fen \u0130nsani ve Ekonomik Ko\u015fullar\u0131n Sorumlusu Kim? - Suriye Diyalog Merkezi<\/title>\n<meta name=\"description\" content=\"Bu rapor, Esad rejiminin, se\u00e7im kampanyas\u0131 s\u00fcrecinde daha iyi bir gelecek vadederek Suriyeli vatanda\u015flar\u0131n\u0131n \u00e7ektikleri s\u0131k\u0131nt\u0131lar\u0131n uluslararas\u0131 yapt\u0131r\u0131mlardan kaynakland\u0131\u011f\u0131 y\u00f6n\u00fcndeki iddialar\u0131na ve bu iddialar\u0131n do\u011frulu\u011funa \u0131\u015f\u0131k tutmaya \u00e7al\u0131\u015f\u0131yor.\" \/>\n<meta name=\"robots\" content=\"index, follow, max-snippet:-1, max-image-preview:large, max-video-preview:-1\" \/>\n<link rel=\"canonical\" href=\"https:\/\/sydialogue.org\/tr\/sezardan-sonra-suriyede-kotulesen-insani-ve-ekonomik-kosullarin-sorumlusu-kim\/\" \/>\n<meta property=\"og:locale\" content=\"tr_TR\" \/>\n<meta property=\"og:type\" content=\"article\" \/>\n<meta property=\"og:title\" content=\"Sezar\u2019dan Sonra: Suriye\u2019de K\u00f6t\u00fcle\u015fen \u0130nsani ve Ekonomik Ko\u015fullar\u0131n Sorumlusu Kim? - Suriye Diyalog Merkezi\" \/>\n<meta property=\"og:description\" content=\"Bu rapor, Esad rejiminin, se\u00e7im kampanyas\u0131 s\u00fcrecinde daha iyi bir gelecek vadederek Suriyeli vatanda\u015flar\u0131n\u0131n \u00e7ektikleri s\u0131k\u0131nt\u0131lar\u0131n uluslararas\u0131 yapt\u0131r\u0131mlardan kaynakland\u0131\u011f\u0131 y\u00f6n\u00fcndeki iddialar\u0131na ve bu iddialar\u0131n do\u011frulu\u011funa \u0131\u015f\u0131k tutmaya \u00e7al\u0131\u015f\u0131yor.\" \/>\n<meta property=\"og:url\" content=\"https:\/\/sydialogue.org\/tr\/sezardan-sonra-suriyede-kotulesen-insani-ve-ekonomik-kosullarin-sorumlusu-kim\/\" \/>\n<meta property=\"og:site_name\" content=\"Suriye Diyalog Merkezi\" \/>\n<meta property=\"article:publisher\" content=\"https:\/\/www.facebook.com\/Sydialogue\" \/>\n<meta property=\"article:published_time\" content=\"2021-05-25T22:30:24+00:00\" \/>\n<meta property=\"article:modified_time\" content=\"2023-09-02T22:37:58+00:00\" \/>\n<meta property=\"og:image\" content=\"https:\/\/sydialogue.org\/wp-content\/uploads\/2023\/09\/tr112-copy.jpg\" \/>\n\t<meta property=\"og:image:width\" content=\"2308\" \/>\n\t<meta property=\"og:image:height\" content=\"1159\" \/>\n\t<meta property=\"og:image:type\" content=\"image\/jpeg\" \/>\n<meta name=\"author\" content=\"\u0645\u0631\u0643\u0632 \u0627\u0644\u062d\u0648\u0627\u0631 \u0627\u0644\u0633\u0648\u0631\u064a\" \/>\n<meta name=\"twitter:card\" content=\"summary_large_image\" \/>\n<meta name=\"twitter:creator\" content=\"@Sydialogue\" \/>\n<meta name=\"twitter:site\" content=\"@Sydialogue\" \/>\n<meta name=\"twitter:label1\" content=\"Yazan:\" \/>\n\t<meta name=\"twitter:data1\" content=\"\u0645\u0631\u0643\u0632 \u0627\u0644\u062d\u0648\u0627\u0631 \u0627\u0644\u0633\u0648\u0631\u064a\" \/>\n\t<meta name=\"twitter:label2\" content=\"Tahmini okuma s\u00fcresi\" \/>\n\t<meta name=\"twitter:data2\" content=\"2 dakika\" \/>\n<script type=\"application\/ld+json\" class=\"yoast-schema-graph\">{\"@context\":\"https:\/\/schema.org\",\"@graph\":[{\"@type\":\"WebPage\",\"@id\":\"https:\/\/sydialogue.org\/tr\/sezardan-sonra-suriyede-kotulesen-insani-ve-ekonomik-kosullarin-sorumlusu-kim\/\",\"url\":\"https:\/\/sydialogue.org\/tr\/sezardan-sonra-suriyede-kotulesen-insani-ve-ekonomik-kosullarin-sorumlusu-kim\/\",\"name\":\"Sezar\u2019dan Sonra: Suriye\u2019de K\u00f6t\u00fcle\u015fen \u0130nsani ve Ekonomik Ko\u015fullar\u0131n Sorumlusu Kim? - Suriye Diyalog Merkezi\",\"isPartOf\":{\"@id\":\"https:\/\/sydialogue.org\/tr\/#website\"},\"primaryImageOfPage\":{\"@id\":\"https:\/\/sydialogue.org\/tr\/sezardan-sonra-suriyede-kotulesen-insani-ve-ekonomik-kosullarin-sorumlusu-kim\/#primaryimage\"},\"image\":{\"@id\":\"https:\/\/sydialogue.org\/tr\/sezardan-sonra-suriyede-kotulesen-insani-ve-ekonomik-kosullarin-sorumlusu-kim\/#primaryimage\"},\"thumbnailUrl\":\"https:\/\/e8nd7pn44jx.exactdn.com\/wp-content\/uploads\/2023\/09\/tr112-copy.jpg?strip=all\",\"datePublished\":\"2021-05-25T22:30:24+00:00\",\"dateModified\":\"2023-09-02T22:37:58+00:00\",\"author\":{\"@id\":\"https:\/\/sydialogue.org\/tr\/#\/schema\/person\/34a2994f7414cbc7ce06e08267c4944d\"},\"description\":\"Bu rapor, Esad rejiminin, se\u00e7im kampanyas\u0131 s\u00fcrecinde daha iyi bir gelecek vadederek Suriyeli vatanda\u015flar\u0131n\u0131n \u00e7ektikleri s\u0131k\u0131nt\u0131lar\u0131n uluslararas\u0131 yapt\u0131r\u0131mlardan kaynakland\u0131\u011f\u0131 y\u00f6n\u00fcndeki iddialar\u0131na ve bu iddialar\u0131n do\u011frulu\u011funa \u0131\u015f\u0131k tutmaya \u00e7al\u0131\u015f\u0131yor.\",\"breadcrumb\":{\"@id\":\"https:\/\/sydialogue.org\/tr\/sezardan-sonra-suriyede-kotulesen-insani-ve-ekonomik-kosullarin-sorumlusu-kim\/#breadcrumb\"},\"inLanguage\":\"tr\",\"potentialAction\":[{\"@type\":\"ReadAction\",\"target\":[\"https:\/\/sydialogue.org\/tr\/sezardan-sonra-suriyede-kotulesen-insani-ve-ekonomik-kosullarin-sorumlusu-kim\/\"]}]},{\"@type\":\"ImageObject\",\"inLanguage\":\"tr\",\"@id\":\"https:\/\/sydialogue.org\/tr\/sezardan-sonra-suriyede-kotulesen-insani-ve-ekonomik-kosullarin-sorumlusu-kim\/#primaryimage\",\"url\":\"https:\/\/e8nd7pn44jx.exactdn.com\/wp-content\/uploads\/2023\/09\/tr112-copy.jpg?strip=all\",\"contentUrl\":\"https:\/\/e8nd7pn44jx.exactdn.com\/wp-content\/uploads\/2023\/09\/tr112-copy.jpg?strip=all\",\"width\":2308,\"height\":1159},{\"@type\":\"BreadcrumbList\",\"@id\":\"https:\/\/sydialogue.org\/tr\/sezardan-sonra-suriyede-kotulesen-insani-ve-ekonomik-kosullarin-sorumlusu-kim\/#breadcrumb\",\"itemListElement\":[{\"@type\":\"ListItem\",\"position\":1,\"name\":\"\u0627\u0644\u0631\u0626\u064a\u0633\u064a\u0629\",\"item\":\"https:\/\/sydialogue.org\/tr\/\"},{\"@type\":\"ListItem\",\"position\":2,\"name\":\"Sezar\u2019dan Sonra: Suriye\u2019de K\u00f6t\u00fcle\u015fen \u0130nsani ve Ekonomik Ko\u015fullar\u0131n Sorumlusu Kim?\"}]},{\"@type\":\"WebSite\",\"@id\":\"https:\/\/sydialogue.org\/tr\/#website\",\"url\":\"https:\/\/sydialogue.org\/tr\/\",\"name\":\"\u0645\u0631\u0643\u0632 \u0627\u0644\u062d\u0648\u0627\u0631 \u0627\u0644\u0633\u0648\u0631\u064a\",\"description\":\"Suriyeli bir sivil kurum, Suriye halk\u0131n\u0131 ilgilendiren konularda diyalo\u011fu canland\u0131rmay\u0131 ve harekete ge\u00e7irmeyi hedefliyor ve Suriyeliler aras\u0131nda ili\u015fkileri g\u00fc\u00e7lendirmeye ve i\u015fbirli\u011fi ve koordinasyonu harekete ge\u00e7irmeye \u00e7al\u0131\u015f\u0131yor.\",\"potentialAction\":[{\"@type\":\"SearchAction\",\"target\":{\"@type\":\"EntryPoint\",\"urlTemplate\":\"https:\/\/sydialogue.org\/tr\/?s={search_term_string}\"},\"query-input\":{\"@type\":\"PropertyValueSpecification\",\"valueRequired\":true,\"valueName\":\"search_term_string\"}}],\"inLanguage\":\"tr\"},{\"@type\":\"Person\",\"@id\":\"https:\/\/sydialogue.org\/tr\/#\/schema\/person\/34a2994f7414cbc7ce06e08267c4944d\",\"name\":\"\u0645\u0631\u0643\u0632 \u0627\u0644\u062d\u0648\u0627\u0631 \u0627\u0644\u0633\u0648\u0631\u064a\",\"image\":{\"@type\":\"ImageObject\",\"inLanguage\":\"tr\",\"@id\":\"https:\/\/sydialogue.org\/tr\/#\/schema\/person\/image\/\",\"url\":\"https:\/\/sydialogue.org\/wp-content\/uploads\/2023\/09\/\u0644\u0648\u063a\u0648-\u062e\u0644\u0641\u064a\u0629-\u0634\u0641\u0627\u0641\u0629-1.png\",\"contentUrl\":\"https:\/\/sydialogue.org\/wp-content\/uploads\/2023\/09\/\u0644\u0648\u063a\u0648-\u062e\u0644\u0641\u064a\u0629-\u0634\u0641\u0627\u0641\u0629-1.png\",\"caption\":\"\u0645\u0631\u0643\u0632 \u0627\u0644\u062d\u0648\u0627\u0631 \u0627\u0644\u0633\u0648\u0631\u064a\"},\"description\":\"\u0645\u0624\u0633\u0633\u0629 \u0628\u062d\u062b\u064a\u0629 \u0633\u0648\u0631\u064a\u0629 \u062a\u0633\u0639\u0649 \u0625\u0644\u0649 \u0627\u0644\u0625\u0633\u0647\u0627\u0645 \u0641\u064a \u0628\u0646\u0627\u0621 \u0627\u0644\u0631\u0624\u0649 \u0648\u0627\u0644\u0645\u0639\u0627\u0631\u0641 \u0628\u0645\u0627 \u064a\u0633\u0627\u0639\u062f \u0627\u0644\u0633\u0648\u0631\u064a\u064a\u0646 \u0639\u0644\u0649 \u0625\u0646\u0636\u0627\u062c \u062d\u0644\u0648\u0644 \u0639\u0645\u0644\u064a\u0629 \u0644\u0645\u0648\u0627\u062c\u0647\u0629 \u0627\u0644\u062a\u062d\u062f\u064a\u0627\u062a \u0627\u0644\u0648\u0637\u0646\u064a\u0629 \u0627\u0644\u0645\u0634\u062a\u0631\u0643\u0629 \u0648\u062a\u062d\u0642\u064a\u0642 \u0627\u0644\u062a\u0646\u0645\u064a\u0629 \u0627\u0644\u0645\u0633\u062a\u062f\u0627\u0645\u0629\",\"sameAs\":[\"http:\/\/sydialogue.org\/\",\"Syrian Dialogue Center\"],\"url\":\"#molongui-disabled-link\"}]}<\/script>\n<!-- \/ Yoast SEO plugin. -->","yoast_head_json":{"title":"Sezar\u2019dan Sonra: Suriye\u2019de K\u00f6t\u00fcle\u015fen \u0130nsani ve Ekonomik Ko\u015fullar\u0131n Sorumlusu Kim? - Suriye Diyalog Merkezi","description":"Bu rapor, Esad rejiminin, se\u00e7im kampanyas\u0131 s\u00fcrecinde daha iyi bir gelecek vadederek Suriyeli vatanda\u015flar\u0131n\u0131n \u00e7ektikleri s\u0131k\u0131nt\u0131lar\u0131n uluslararas\u0131 yapt\u0131r\u0131mlardan kaynakland\u0131\u011f\u0131 y\u00f6n\u00fcndeki iddialar\u0131na ve bu iddialar\u0131n do\u011frulu\u011funa \u0131\u015f\u0131k tutmaya \u00e7al\u0131\u015f\u0131yor.","robots":{"index":"index","follow":"follow","max-snippet":"max-snippet:-1","max-image-preview":"max-image-preview:large","max-video-preview":"max-video-preview:-1"},"canonical":"https:\/\/sydialogue.org\/tr\/sezardan-sonra-suriyede-kotulesen-insani-ve-ekonomik-kosullarin-sorumlusu-kim\/","og_locale":"tr_TR","og_type":"article","og_title":"Sezar\u2019dan Sonra: Suriye\u2019de K\u00f6t\u00fcle\u015fen \u0130nsani ve Ekonomik Ko\u015fullar\u0131n Sorumlusu Kim? - Suriye Diyalog Merkezi","og_description":"Bu rapor, Esad rejiminin, se\u00e7im kampanyas\u0131 s\u00fcrecinde daha iyi bir gelecek vadederek Suriyeli vatanda\u015flar\u0131n\u0131n \u00e7ektikleri s\u0131k\u0131nt\u0131lar\u0131n uluslararas\u0131 yapt\u0131r\u0131mlardan kaynakland\u0131\u011f\u0131 y\u00f6n\u00fcndeki iddialar\u0131na ve bu iddialar\u0131n do\u011frulu\u011funa \u0131\u015f\u0131k tutmaya \u00e7al\u0131\u015f\u0131yor.","og_url":"https:\/\/sydialogue.org\/tr\/sezardan-sonra-suriyede-kotulesen-insani-ve-ekonomik-kosullarin-sorumlusu-kim\/","og_site_name":"Suriye Diyalog Merkezi","article_publisher":"https:\/\/www.facebook.com\/Sydialogue","article_published_time":"2021-05-25T22:30:24+00:00","article_modified_time":"2023-09-02T22:37:58+00:00","og_image":[{"width":2308,"height":1159,"url":"https:\/\/sydialogue.org\/wp-content\/uploads\/2023\/09\/tr112-copy.jpg","type":"image\/jpeg"}],"author":"\u0645\u0631\u0643\u0632 \u0627\u0644\u062d\u0648\u0627\u0631 \u0627\u0644\u0633\u0648\u0631\u064a","twitter_card":"summary_large_image","twitter_creator":"@Sydialogue","twitter_site":"@Sydialogue","twitter_misc":{"Yazan:":"\u0645\u0631\u0643\u0632 \u0627\u0644\u062d\u0648\u0627\u0631 \u0627\u0644\u0633\u0648\u0631\u064a","Tahmini okuma s\u00fcresi":"2 dakika"},"schema":{"@context":"https:\/\/schema.org","@graph":[{"@type":"WebPage","@id":"https:\/\/sydialogue.org\/tr\/sezardan-sonra-suriyede-kotulesen-insani-ve-ekonomik-kosullarin-sorumlusu-kim\/","url":"https:\/\/sydialogue.org\/tr\/sezardan-sonra-suriyede-kotulesen-insani-ve-ekonomik-kosullarin-sorumlusu-kim\/","name":"Sezar\u2019dan Sonra: Suriye\u2019de K\u00f6t\u00fcle\u015fen \u0130nsani ve Ekonomik Ko\u015fullar\u0131n Sorumlusu Kim? - Suriye Diyalog Merkezi","isPartOf":{"@id":"https:\/\/sydialogue.org\/tr\/#website"},"primaryImageOfPage":{"@id":"https:\/\/sydialogue.org\/tr\/sezardan-sonra-suriyede-kotulesen-insani-ve-ekonomik-kosullarin-sorumlusu-kim\/#primaryimage"},"image":{"@id":"https:\/\/sydialogue.org\/tr\/sezardan-sonra-suriyede-kotulesen-insani-ve-ekonomik-kosullarin-sorumlusu-kim\/#primaryimage"},"thumbnailUrl":"https:\/\/e8nd7pn44jx.exactdn.com\/wp-content\/uploads\/2023\/09\/tr112-copy.jpg?strip=all","datePublished":"2021-05-25T22:30:24+00:00","dateModified":"2023-09-02T22:37:58+00:00","author":{"@id":"https:\/\/sydialogue.org\/tr\/#\/schema\/person\/34a2994f7414cbc7ce06e08267c4944d"},"description":"Bu rapor, Esad rejiminin, se\u00e7im kampanyas\u0131 s\u00fcrecinde daha iyi bir gelecek vadederek Suriyeli vatanda\u015flar\u0131n\u0131n \u00e7ektikleri s\u0131k\u0131nt\u0131lar\u0131n uluslararas\u0131 yapt\u0131r\u0131mlardan kaynakland\u0131\u011f\u0131 y\u00f6n\u00fcndeki iddialar\u0131na ve bu iddialar\u0131n do\u011frulu\u011funa \u0131\u015f\u0131k tutmaya \u00e7al\u0131\u015f\u0131yor.","breadcrumb":{"@id":"https:\/\/sydialogue.org\/tr\/sezardan-sonra-suriyede-kotulesen-insani-ve-ekonomik-kosullarin-sorumlusu-kim\/#breadcrumb"},"inLanguage":"tr","potentialAction":[{"@type":"ReadAction","target":["https:\/\/sydialogue.org\/tr\/sezardan-sonra-suriyede-kotulesen-insani-ve-ekonomik-kosullarin-sorumlusu-kim\/"]}]},{"@type":"ImageObject","inLanguage":"tr","@id":"https:\/\/sydialogue.org\/tr\/sezardan-sonra-suriyede-kotulesen-insani-ve-ekonomik-kosullarin-sorumlusu-kim\/#primaryimage","url":"https:\/\/e8nd7pn44jx.exactdn.com\/wp-content\/uploads\/2023\/09\/tr112-copy.jpg?strip=all","contentUrl":"https:\/\/e8nd7pn44jx.exactdn.com\/wp-content\/uploads\/2023\/09\/tr112-copy.jpg?strip=all","width":2308,"height":1159},{"@type":"BreadcrumbList","@id":"https:\/\/sydialogue.org\/tr\/sezardan-sonra-suriyede-kotulesen-insani-ve-ekonomik-kosullarin-sorumlusu-kim\/#breadcrumb","itemListElement":[{"@type":"ListItem","position":1,"name":"\u0627\u0644\u0631\u0626\u064a\u0633\u064a\u0629","item":"https:\/\/sydialogue.org\/tr\/"},{"@type":"ListItem","position":2,"name":"Sezar\u2019dan Sonra: Suriye\u2019de K\u00f6t\u00fcle\u015fen \u0130nsani ve Ekonomik Ko\u015fullar\u0131n Sorumlusu Kim?"}]},{"@type":"WebSite","@id":"https:\/\/sydialogue.org\/tr\/#website","url":"https:\/\/sydialogue.org\/tr\/","name":"\u0645\u0631\u0643\u0632 \u0627\u0644\u062d\u0648\u0627\u0631 \u0627\u0644\u0633\u0648\u0631\u064a","description":"Suriyeli bir sivil kurum, Suriye halk\u0131n\u0131 ilgilendiren konularda diyalo\u011fu canland\u0131rmay\u0131 ve harekete ge\u00e7irmeyi hedefliyor ve Suriyeliler aras\u0131nda ili\u015fkileri g\u00fc\u00e7lendirmeye ve i\u015fbirli\u011fi ve koordinasyonu harekete ge\u00e7irmeye \u00e7al\u0131\u015f\u0131yor.","potentialAction":[{"@type":"SearchAction","target":{"@type":"EntryPoint","urlTemplate":"https:\/\/sydialogue.org\/tr\/?s={search_term_string}"},"query-input":{"@type":"PropertyValueSpecification","valueRequired":true,"valueName":"search_term_string"}}],"inLanguage":"tr"},{"@type":"Person","@id":"https:\/\/sydialogue.org\/tr\/#\/schema\/person\/34a2994f7414cbc7ce06e08267c4944d","name":"\u0645\u0631\u0643\u0632 \u0627\u0644\u062d\u0648\u0627\u0631 \u0627\u0644\u0633\u0648\u0631\u064a","image":{"@type":"ImageObject","inLanguage":"tr","@id":"https:\/\/sydialogue.org\/tr\/#\/schema\/person\/image\/","url":"https:\/\/sydialogue.org\/wp-content\/uploads\/2023\/09\/\u0644\u0648\u063a\u0648-\u062e\u0644\u0641\u064a\u0629-\u0634\u0641\u0627\u0641\u0629-1.png","contentUrl":"https:\/\/sydialogue.org\/wp-content\/uploads\/2023\/09\/\u0644\u0648\u063a\u0648-\u062e\u0644\u0641\u064a\u0629-\u0634\u0641\u0627\u0641\u0629-1.png","caption":"\u0645\u0631\u0643\u0632 \u0627\u0644\u062d\u0648\u0627\u0631 \u0627\u0644\u0633\u0648\u0631\u064a"},"description":"\u0645\u0624\u0633\u0633\u0629 \u0628\u062d\u062b\u064a\u0629 \u0633\u0648\u0631\u064a\u0629 \u062a\u0633\u0639\u0649 \u0625\u0644\u0649 \u0627\u0644\u0625\u0633\u0647\u0627\u0645 \u0641\u064a \u0628\u0646\u0627\u0621 \u0627\u0644\u0631\u0624\u0649 \u0648\u0627\u0644\u0645\u0639\u0627\u0631\u0641 \u0628\u0645\u0627 \u064a\u0633\u0627\u0639\u062f \u0627\u0644\u0633\u0648\u0631\u064a\u064a\u0646 \u0639\u0644\u0649 \u0625\u0646\u0636\u0627\u062c \u062d\u0644\u0648\u0644 \u0639\u0645\u0644\u064a\u0629 \u0644\u0645\u0648\u0627\u062c\u0647\u0629 \u0627\u0644\u062a\u062d\u062f\u064a\u0627\u062a \u0627\u0644\u0648\u0637\u0646\u064a\u0629 \u0627\u0644\u0645\u0634\u062a\u0631\u0643\u0629 \u0648\u062a\u062d\u0642\u064a\u0642 \u0627\u0644\u062a\u0646\u0645\u064a\u0629 \u0627\u0644\u0645\u0633\u062a\u062f\u0627\u0645\u0629","sameAs":["http:\/\/sydialogue.org\/","Syrian Dialogue Center"],"url":"#molongui-disabled-link"}]}},"_links":{"self":[{"href":"https:\/\/sydialogue.org\/tr\/wp-json\/wp\/v2\/posts\/12467","targetHints":{"allow":["GET"]}}],"collection":[{"href":"https:\/\/sydialogue.org\/tr\/wp-json\/wp\/v2\/posts"}],"about":[{"href":"https:\/\/sydialogue.org\/tr\/wp-json\/wp\/v2\/types\/post"}],"author":[{"embeddable":true,"href":"https:\/\/sydialogue.org\/tr\/wp-json\/wp\/v2\/users\/1"}],"replies":[{"embeddable":true,"href":"https:\/\/sydialogue.org\/tr\/wp-json\/wp\/v2\/comments?post=12467"}],"version-history":[{"count":1,"href":"https:\/\/sydialogue.org\/tr\/wp-json\/wp\/v2\/posts\/12467\/revisions"}],"predecessor-version":[{"id":12471,"href":"https:\/\/sydialogue.org\/tr\/wp-json\/wp\/v2\/posts\/12467\/revisions\/12471"}],"wp:featuredmedia":[{"embeddable":true,"href":"https:\/\/sydialogue.org\/tr\/wp-json\/wp\/v2\/media\/12468"}],"wp:attachment":[{"href":"https:\/\/sydialogue.org\/tr\/wp-json\/wp\/v2\/media?parent=12467"}],"wp:term":[{"taxonomy":"category","embeddable":true,"href":"https:\/\/sydialogue.org\/tr\/wp-json\/wp\/v2\/categories?post=12467"},{"taxonomy":"post_tag","embeddable":true,"href":"https:\/\/sydialogue.org\/tr\/wp-json\/wp\/v2\/tags?post=12467"}],"curies":[{"name":"wp","href":"https:\/\/api.w.org\/{rel}","templated":true}]}}