{"id":12487,"date":"2021-11-17T20:34:23","date_gmt":"2021-11-17T17:34:23","guid":{"rendered":"http:\/\/sydialogue.org\/?p=12487"},"modified":"2023-09-03T20:41:21","modified_gmt":"2023-09-03T17:41:21","slug":"stklar-icin-uluslararasi-yasal-guvenceler-ve-suriye-orneginde-uygulanma-kapsami","status":"publish","type":"post","link":"https:\/\/sydialogue.org\/tr\/stklar-icin-uluslararasi-yasal-guvenceler-ve-suriye-orneginde-uygulanma-kapsami\/","title":{"rendered":"STK&#8217;lar i\u00e7in Uluslararas\u0131 Yasal G\u00fcvenceler ve Suriye \u00d6rne\u011finde Uygulanma Kapsam\u0131"},"content":{"rendered":"<h2 dir=\"ltr\" style=\"text-align: justify;\"><span style=\"color: #333399;\"><strong>Giri\u015f:<\/strong><\/span><\/h2>\n<p dir=\"ltr\" style=\"text-align: justify;\">Bug\u00fcnk\u00fc insan haklar\u0131 sistemi, insanl\u0131k tarihinin uzun d\u00f6nemleri boyunca olu\u015fan birikimli bir s\u00fcrecin sonucunda son halini alm\u0131\u015ft\u0131r. Eski zamanlarda bunun ya\u015fanan en \u00f6nemli basamaklar\u0131ndan biri Hz. Peygamber&#8217;in Medine S\u00f6zle\u015fmesi\u2019ydi. Modern d\u00f6nemde ise 2. D\u00fcnya Sava\u015f\u0131&#8217;ndan sonra onaylanan belge ve anla\u015fmalar bu sistemin en \u00f6nemli duraklar\u0131 aras\u0131nda say\u0131l\u0131r. Bu sistem daha sonra birbirine ba\u011fl\u0131 ve b\u00f6l\u00fcnme kabul etmeyen haklar\u0131 i\u00e7eren geni\u015f bir yelpazeyi kapsayan bir hal ald\u0131. Uluslararas\u0131 insan haklar\u0131 yasas\u0131ndaki bu k\u00f6kl\u00fc haklar aras\u0131nda, bar\u0131\u015f\u00e7\u0131l topluluklar\u0131n kurulmas\u0131 hakk\u0131 \u00f6ne \u00e7\u0131k\u0131yor. Bu hak, farkl\u0131 y\u00f6nleriyle sivil faaliyetler yoluyla kamuyu ilgilendiren i\u015flere kat\u0131l\u0131m\u0131n kap\u0131lar\u0131ndan biri say\u0131l\u0131yor ve ayn\u0131 zamanda birtak\u0131m insan haklar\u0131n\u0131n uygulanmas\u0131n\u0131n haddi zat\u0131nda bir yoludur.<\/p>\n<p dir=\"ltr\" style=\"text-align: justify;\">Sivil toplum kurulu\u015flar\u0131 NGO\u2019lar\u0131n da \u00e7e\u015fitli bile\u015fenleriyle i\u00e7inde bulundu\u011fu sivil toplum kavram\u0131n\u0131n \u00f6nemine ba\u011fl\u0131 olarak ve bu kavram\u0131n, bar\u0131\u015f zaman\u0131nda kapsaml\u0131 ve s\u00fcrd\u00fcr\u00fclebilir kalk\u0131nmay\u0131 da i\u00e7eren \u00e7e\u015fitli y\u00f6nlerdeki artan rol\u00fcyle -ki bu rol, silahl\u0131 \u00e7at\u0131\u015fmalar s\u0131ras\u0131nda kamu hizmetlerinin sa\u011flanmas\u0131, yeniden yap\u0131lanma ve bar\u0131\u015f\u0131n in\u015fas\u0131 gibi i\u015flevleri nedeniyle daha da belirgin bir hal al\u0131r- uluslararas\u0131 s\u00f6zle\u015fmelerde bu hakka olan ilgi artm\u0131\u015f, \u00f6zg\u00fcr ve otoriteden ba\u011f\u0131ms\u0131z sivil toplum kurulu\u015flar\u0131n\u0131n varl\u0131\u011f\u0131n\u0131n yasal g\u00fcvencesini temsil eden normatif kurallar, kademeli olarak olu\u015fmaya ba\u015flam\u0131\u015ft\u0131r. Ancak bu hak -do\u011fas\u0131 gere\u011fi- mutlak bir hak olmad\u0131\u011f\u0131ndan, bu mevzuatlar aras\u0131nda herhangi bir benzerlik olmaks\u0131z\u0131n, farkl\u0131 \u00fclkeler bu hakk\u0131n uygulanmas\u0131n\u0131 d\u00fczenleyen yasal \u00e7er\u00e7eveyi belirlemi\u015flerdir. Baz\u0131 \u00fclkeler bu hakk\u0131 iyi \u015fekilde d\u00fczenlerken baz\u0131lar\u0131 ise metinleri tahrif ederek veya uygulamalar\u0131 \u00e7i\u011fneyerek -ilgili t\u00fcm uluslararas\u0131 ilkeleri- hi\u00e7e sayarak bu hakk\u0131 ihlal edip i\u00e7ini bo\u015faltt\u0131. Bu durum -esas olarak- otoritenin, \u00f6ncelikle g\u00fc\u00e7l\u00fc ve ger\u00e7ek bir sivil toplumun varl\u0131\u011f\u0131n\u0131 destekleme y\u00f6n\u00fcndeki bak\u0131\u015f a\u00e7\u0131s\u0131na dayan\u0131yor.<\/p>\n<h2 dir=\"ltr\" style=\"text-align: justify;\"><span style=\"color: #333399;\"><strong>Ara\u015ft\u0131rman\u0131n Problemi:<\/strong><\/span><\/h2>\n<p dir=\"ltr\" style=\"text-align: justify;\">Suriye&#8217;de dernek kurma hakk\u0131 \u00e7e\u015fitli anayasalarda yasal olarak d\u00fczenlenmi\u015ftir. Ayn\u0131 \u015fekilde sivil toplum kurulu\u015flar\u0131n\u0131n \u00e7al\u0131\u015fmalar\u0131n\u0131 d\u00fczenleyen mevzuatlar da \u00e7\u0131kar\u0131lm\u0131\u015ft\u0131r. Suriye devriminin ba\u015flamas\u0131yla birlikte Suriye&#8217;nin \u00e7e\u015fitli b\u00f6lgeleri -Esad rejiminin g\u00fcvenlik kontrol\u00fcnden kurtulmas\u0131n\u0131n ard\u0131ndan ve nesnel ihtiya\u00e7lar sonucunda- bu \u00f6rg\u00fctlerde b\u00fcy\u00fck bir b\u00fcy\u00fcmeye tan\u0131k oldu. Bu \u00f6rg\u00fctlenmeler kamu hizmetlerinin sunulmas\u0131nda h\u00fck\u00fcmetin s\u00f6zde rol\u00fcn\u00fcn kaybolmas\u0131n\u0131n, ard\u0131nda b\u0131rakt\u0131\u011f\u0131 bo\u015flu\u011fu doldurma rol\u00fcyle kendini g\u00f6sterdi ve \u015fu anda Suriye&#8217;nin gelece\u011fini haz\u0131rlamaya g\u00fc\u00e7l\u00fc bir \u015fekilde katk\u0131da bulunuyor.<\/p>\n<p dir=\"ltr\" style=\"text-align: justify;\">Uluslararas\u0131 ve anayasal a\u00e7\u0131dan bu hakk\u0131n d\u00fczenlendi\u011fi ve bir\u00e7ok g\u00fcvenceyle \u00e7er\u00e7evelendirildi\u011fi bir zeminde, \u015fu soru kar\u015f\u0131m\u0131za \u00e7\u0131k\u0131yor: Suriye yasalar\u0131 dernek kurma hakk\u0131n\u0131 koruma konusunda uluslararas\u0131 hukuk standartlar\u0131na ne \u00f6l\u00e7\u00fcde uyuyor? Suriye devriminin ba\u015flamas\u0131ndan sonra \u00e7e\u015fitli b\u00f6lgelerdeki kontrol\u00fc elinde tutan taraflar, yay\u0131nlanan d\u00fczenlemelerle veya pratik uygulamalarla bu g\u00fcvencelere ba\u011fl\u0131 kald\u0131lar m\u0131? Bu problemden bir grup ba\u015fka alt sorular da do\u011fuyor:<\/p>\n<ul dir=\"ltr\" style=\"text-align: justify;\">\n<li>\u00d6nceki Suriye mevzuat\u0131, \u00f6zg\u00fcr ve ba\u011f\u0131ms\u0131z bir sivil toplumun \u00f6rg\u00fctlenmesi i\u00e7in ideal standartlara ne \u00f6l\u00e7\u00fcde uyuyor?<\/li>\n<li>Suriye devriminin ba\u015flamas\u0131ndan sonra Suriye&#8217;nin \u00e7e\u015fitli b\u00f6lgelerinde sivil toplum kurulu\u015flar\u0131n\u0131n \u00f6rg\u00fctlenmesine y\u00f6nelik yasal denetimler mevcut muydu?<\/li>\n<li>Suriye&#8217;deki kontrol alanlar\u0131ndan herhangi biri STK&#8217;lar i\u00e7in uygun yasal ortam\u0131n ko\u015fullar\u0131n\u0131 sa\u011fl\u0131yor mu?<\/li>\n<li>Yeni Suriye&#8217;nin in\u015fas\u0131 a\u015famas\u0131nda Suriye yasalar\u0131nda bulunmas\u0131 gereken g\u00fcvenceler nelerdir?<\/li>\n<\/ul>\n<h2 dir=\"ltr\" style=\"text-align: justify;\"><span style=\"color: #333399;\"><strong>Ara\u015ft\u0131rman\u0131n \u00c7er\u00e7evesi:<\/strong><\/span><\/h2>\n<p dir=\"ltr\" style=\"text-align: justify;\">Bu \u00e7al\u0131\u015fma, sivil toplum kurulu\u015flar\u0131n\u0131 d\u00fczenleyen kanunlar \u00fczerine yo\u011funla\u015f\u0131yor. Sendika, parti vb. di\u011fer sivil toplum kurulu\u015flar\u0131na ili\u015fkin t\u00fcm yasa ve y\u00f6netmelikler ara\u015ft\u0131rman\u0131n kapsam\u0131 d\u0131\u015f\u0131nda kal\u0131yor.<\/p>\n<p dir=\"ltr\" style=\"text-align: justify;\">Ara\u015ft\u0131rma, \u201cmevcut otoritenin\u201d yasal metinler ve idari uygulamalar d\u00fczeyindeki resmi sorunlar\u0131yla ilgilidir. Suriyeli sivil toplum kurulu\u015flar\u0131n\u0131n kar\u015f\u0131la\u015ft\u0131\u011f\u0131 bir dizi engel ve zorluklar, ara\u015ft\u0131rma kapsam\u0131n\u0131n d\u0131\u015f\u0131nda yer al\u0131yor yine. Bunlar i\u00e7 problemler (\u00f6rg\u00fctlerin ve idari yap\u0131lar\u0131n\u0131n kurumsalla\u015fmas\u0131, yolsuzlukla m\u00fccadele vb.) olaca\u011f\u0131 gibi (yetersiz finansman, \u00f6nceki sosyal izlenimler; askeri operasyonlar\u0131n ko\u015fullar\u0131yla ili\u015fkili g\u00fcvenlik riskleri ve adam ka\u00e7\u0131rma, h\u0131rs\u0131zl\u0131k t\u00fcr\u00fcnden ba\u015fka su\u00e7lar gibi) d\u0131\u015f sorunlar da olabilir.<\/p>\n<h2 dir=\"ltr\" style=\"text-align: justify;\"><span style=\"color: #333399;\"><strong>Ara\u015ft\u0131rman\u0131n \u00d6nemi ve Hedefleri:<\/strong><\/span><\/h2>\n<p dir=\"ltr\" style=\"text-align: justify;\">Bu ara\u015ft\u0131rman\u0131n \u00f6nemi, halen \u00e7e\u015fitli d\u00fczeylerde tart\u0131\u015f\u0131lan ve uluslararas\u0131 ve yerel d\u00fczeyde bulunan en \u00f6nemli g\u00fcncel hukuki sorunlardan biriyle olan ba\u011flant\u0131s\u0131ndan kaynaklanmaktad\u0131r. Bu sorun STK\u2019lar\u0131n ve faaliyetlerinin d\u00fczenlenmesi; ayr\u0131ca bu kurulu\u015flar\u0131n \u00e7al\u0131\u015fma \u00f6zg\u00fcrl\u00fc\u011f\u00fcn\u00fc ve genel olarak ba\u011f\u0131ms\u0131zl\u0131\u011f\u0131n\u0131 temin edecek g\u00fcvencelerin yeterlili\u011fi ve yasal metin tasla\u011f\u0131n\u0131n haz\u0131rlanmas\u0131 meselesidir. \u00d6zellikle Suriye \u00f6rne\u011finde, sivil toplum kurulu\u015flar\u0131n\u0131n \u00e7al\u0131\u015fmalar\u0131n\u0131 d\u00fczenleyen yasal \u00e7er\u00e7eve, bu \u00e7er\u00e7evenin i\u00e7erdi\u011fi \u00e7ok say\u0131da ihlale i\u015faret eden ara\u015ft\u0131rma ve yaz\u0131lar\u0131n varl\u0131\u011f\u0131 dikkate al\u0131nd\u0131\u011f\u0131nda, \u00f6nemli bir durum de\u011ferlendirmesi anlam\u0131n\u0131 ta\u015f\u0131maktad\u0131r ki bu durum; g\u00fcvenlik bask\u0131s\u0131, yolsuzluk, h\u00fck\u00fcmet zay\u0131fl\u0131\u011f\u0131 gibi di\u011fer ihlallerin d\u0131\u015f\u0131nda bu t\u00fcrden ihlalleri ayd\u0131nlatmaya yard\u0131mc\u0131 olacak \u015fekilde s\u00f6z konusu metinlerin uluslararas\u0131 g\u00fcvencelere uygun olarak ayarlanmas\u0131n\u0131 gerektiriyor.<\/p>\n<p dir=\"ltr\" style=\"text-align: justify;\">Bu nedenle, bu ara\u015ft\u0131rma esas olarak Suriye&#8217;nin \u00e7e\u015fitli b\u00f6lgelerinde(Esad rejiminin kontrol etti\u011fi alanlar, kurtar\u0131lan b\u00f6lgeler, Heyet Tahrir el-\u015eam\u2019\u0131n \u201cHT\u015e\u201d kontrol etti\u011fi b\u00f6lgeler ve \u201cSDG\u201d taraf\u0131ndan kontrol edilen b\u00f6lgeler) \u00a0halihaz\u0131rda y\u00fcr\u00fcrl\u00fckte olan yasalar\u0131n uluslararas\u0131 standartlarla -bu standartlar\u0131 de\u011ferlendirmeksizin veya onaylamaks\u0131z\u0131n- ne \u00f6l\u00e7\u00fcde uyumlu oldu\u011funu, bu standartlar\u0131n ne kadar yerine getirildi\u011fini; ve gelecekteki herhangi bir Suriye mevzuat\u0131nda istenen standart yasal g\u00fcvenceler hakk\u0131nda kamuoyunda tart\u0131\u015fmay\u0131 sa\u011flamaya veya hi\u00e7 de\u011filse Suriye&#8217;deki sivil toplum kurulu\u015flar\u0131 i\u00e7in yasal ortam\u0131n ger\u00e7ekli\u011fine \u0131\u015f\u0131k tutmaya nelerin katk\u0131da bulunabilece\u011fini de\u011ferlendirmeyi ama\u00e7lamaktad\u0131r. Ara\u015ft\u0131rmam\u0131z ayr\u0131ca kamu i\u015flerine kat\u0131l\u0131m durumunu geli\u015ftirmek \u00fczere, sivil \u00e7al\u0131\u015fmalar organize edilirken, bu kurulu\u015flar\u0131n \u00f6zg\u00fcrl\u00fck ve ba\u011f\u0131ms\u0131zl\u0131\u011f\u0131n\u0131 g\u00fcvence alt\u0131na alacak \u015fekilde, kurtar\u0131lm\u0131\u015f b\u00f6lgelerdeki y\u00f6netici otoritelerin dikkatini, uyulmas\u0131 gereken kurallara \u00e7ekmeyi ama\u00e7l\u0131yor.<\/p>\n<p dir=\"ltr\" style=\"text-align: justify;\">Sivil toplum kurulu\u015flar\u0131n\u0131n Suriye&#8217;nin herhangi bir b\u00f6lgesindeki belirli bir otorite alt\u0131nda \u00f6rg\u00fctlenmesinin ger\u00e7ekli\u011fine ili\u015fkin \u00e7al\u0131\u015fmam\u0131z\u0131n, bu otoritelerin me\u015fruiyetini kabul etmek anlam\u0131na gelmedi\u011fini belirtmek isteriz. \u00c7al\u0131\u015fmam\u0131z daha ziyade siyasi boyutlardan uzak, sivil toplum kurulu\u015flar\u0131na y\u00f6nelik hukuk sisteminin bir incelemesini temsil ediyor.<\/p>\n<h2 dir=\"ltr\" style=\"text-align: justify;\"><span style=\"color: #333399;\"><strong>Ara\u015ft\u0131rman\u0131n Metodolojisi ve B\u00f6l\u00fcmlendirilmesi:<\/strong><\/span><\/h2>\n<p dir=\"ltr\" style=\"text-align: justify;\">Bu \u00e7al\u0131\u015fma esas olarak betimsel analitik y\u00f6nteme dayanmakta. Bu da hukuk kurallar\u0131n\u0131n ulusal ve uluslararas\u0131 d\u00fczeyde \u00e7e\u015fitli seviyelerde ve kaynaklarda incelenmesi ve ard\u0131ndan istenen sonu\u00e7lar\u0131n elde edilmesi i\u00e7in analiz edilmesi yoluyla ger\u00e7ekle\u015ftirilir. Ayr\u0131ca, gerekti\u011finde Suriye Devleti d\u00f6nemlerine ait veya \u015fu anki farkl\u0131 kontrol b\u00f6lgelerindeki farkl\u0131 yasal metinleri kar\u015f\u0131la\u015ft\u0131rarak zamansal ve mek\u00e2nsal kar\u015f\u0131la\u015ft\u0131rmal\u0131 yakla\u015f\u0131ma da ba\u015fvurmu\u015ftur.<\/p>\n<p dir=\"ltr\" style=\"text-align: justify;\">\u00c7al\u0131\u015fma \u00fc\u00e7 ana b\u00f6l\u00fcme ayr\u0131ld\u0131: Bunlardan ilki, uluslararas\u0131 hukukta sivil toplum kurulu\u015flar\u0131na y\u00f6nelik yasal g\u00fcvenceleri ele ald\u0131. Burada g\u00fcvencelere ve en belirgin ihlallere de\u011findik. Bu normatif temelden yola \u00e7\u0131karak Suriye&#8217;deki sivil toplum \u00f6rg\u00fctlerine ili\u015fkin yasal d\u00fczenlemenin uluslararas\u0131 standartlara uygunlu\u011funu ikinci b\u00f6l\u00fcmde inceledik. Bu da anayasa metnindeki her bir organizasyonun ve yasal d\u00fczenlemelerinin incelenmesi yoluyla ger\u00e7ekle\u015fti. \u00dc\u00e7\u00fcnc\u00fc b\u00f6l\u00fcmde bu metinlerin Suriye\u2019nin d\u00f6rt b\u00f6lgesinde (Esad rejiminin kontrol etti\u011fi alanlar, kurtar\u0131lan b\u00f6lgeler, Heyet Tahrir el-\u015eam\u2019\u0131n \u201cHT\u015e\u201d kontrol etti\u011fi b\u00f6lgeler ve \u201cSDG\u201d taraf\u0131ndan kontrol edilen b\u00f6lgeler) ger\u00e7ek\u00e7i uygulamas\u0131n\u0131 inceleyece\u011fiz.<\/p>\n<p dir=\"ltr\" style=\"text-align: justify;\"><a href=\"http:\/\/sydialogue.org\/%d8%a7%d9%84%d8%b6%d9%85%d8%a7%d9%86%d8%a7%d8%aa-%d8%a7%d9%84%d9%82%d8%a7%d9%86%d9%88%d9%86%d9%8a%d8%a9-%d8%a7%d9%84%d8%af%d9%88%d9%84%d9%8a%d8%a9-%d9%84%d9%84%d9%85%d9%86%d8%b8%d9%85%d8%a7%d8%aa\/\">Ara\u015ft\u0131rma makalesinin tamam\u0131n\u0131 okumak i\u00e7in (Arap\u00e7a)<\/a><\/p>\n","protected":false},"excerpt":{"rendered":"<p>Bu ara\u015ft\u0131rma Suriye&#8217;nin \u00e7e\u015fitli b\u00f6lgelerinde y\u00fcr\u00fcrl\u00fckte olan yasalar\u0131n, uluslararas\u0131 standartlarla ne \u00f6l\u00e7\u00fcde uyumlu oldu\u011funu ve bu standartlara ne derece uyuldu\u011funu de\u011ferlendirmeyi ama\u00e7l\u0131yor.<\/p>\n","protected":false},"author":1,"featured_media":12488,"comment_status":"open","ping_status":"closed","sticky":false,"template":"","format":"standard","meta":{"_acf_changed":false,"footnotes":""},"categories":[78,92,49],"tags":[],"class_list":["post-12487","post","type-post","status-publish","format-standard","has-post-thumbnail","hentry","category-research-and-studies-tr","category-ortak-kimlik-ve-uzlasi-birimi","category-yayinlar"],"acf":[],"yoast_head":"<!-- This site is optimized with the Yoast SEO plugin v26.0 - https:\/\/yoast.com\/wordpress\/plugins\/seo\/ -->\n<title>STK&#039;lar i\u00e7in Uluslararas\u0131 Yasal G\u00fcvenceler ve Suriye \u00d6rne\u011finde Uygulanma Kapsam\u0131 - Suriye Diyalog Merkezi<\/title>\n<meta name=\"description\" content=\"Bu ara\u015ft\u0131rma Suriye&#039;nin \u00e7e\u015fitli b\u00f6lgelerinde y\u00fcr\u00fcrl\u00fckte olan yasalar\u0131n, uluslararas\u0131 standartlarla ne \u00f6l\u00e7\u00fcde uyumlu oldu\u011funu ve bu standartlara ne derece uyuldu\u011funu de\u011ferlendirmeyi ama\u00e7l\u0131yor.\" \/>\n<meta name=\"robots\" content=\"index, follow, max-snippet:-1, max-image-preview:large, max-video-preview:-1\" \/>\n<link rel=\"canonical\" href=\"https:\/\/sydialogue.org\/tr\/stklar-icin-uluslararasi-yasal-guvenceler-ve-suriye-orneginde-uygulanma-kapsami\/\" \/>\n<meta property=\"og:locale\" content=\"tr_TR\" \/>\n<meta property=\"og:type\" content=\"article\" \/>\n<meta property=\"og:title\" content=\"STK&#039;lar i\u00e7in Uluslararas\u0131 Yasal G\u00fcvenceler ve Suriye \u00d6rne\u011finde Uygulanma Kapsam\u0131 - Suriye Diyalog Merkezi\" \/>\n<meta property=\"og:description\" content=\"Bu ara\u015ft\u0131rma Suriye&#039;nin \u00e7e\u015fitli b\u00f6lgelerinde y\u00fcr\u00fcrl\u00fckte olan yasalar\u0131n, uluslararas\u0131 standartlarla ne \u00f6l\u00e7\u00fcde uyumlu oldu\u011funu ve bu standartlara ne derece uyuldu\u011funu de\u011ferlendirmeyi ama\u00e7l\u0131yor.\" \/>\n<meta property=\"og:url\" content=\"https:\/\/sydialogue.org\/tr\/stklar-icin-uluslararasi-yasal-guvenceler-ve-suriye-orneginde-uygulanma-kapsami\/\" \/>\n<meta property=\"og:site_name\" content=\"Suriye Diyalog Merkezi\" \/>\n<meta property=\"article:publisher\" content=\"https:\/\/www.facebook.com\/Sydialogue\" \/>\n<meta property=\"article:published_time\" content=\"2021-11-17T17:34:23+00:00\" \/>\n<meta property=\"article:modified_time\" content=\"2023-09-03T17:41:21+00:00\" \/>\n<meta property=\"og:image\" content=\"https:\/\/sydialogue.org\/wp-content\/uploads\/2023\/09\/tr116-copy.jpg\" \/>\n\t<meta property=\"og:image:width\" content=\"2308\" \/>\n\t<meta property=\"og:image:height\" content=\"1159\" \/>\n\t<meta property=\"og:image:type\" content=\"image\/jpeg\" \/>\n<meta name=\"author\" content=\"\u0645\u0631\u0643\u0632 \u0627\u0644\u062d\u0648\u0627\u0631 \u0627\u0644\u0633\u0648\u0631\u064a\" \/>\n<meta name=\"twitter:card\" content=\"summary_large_image\" \/>\n<meta name=\"twitter:creator\" content=\"@Sydialogue\" \/>\n<meta name=\"twitter:site\" content=\"@Sydialogue\" \/>\n<meta name=\"twitter:label1\" content=\"Yazan:\" \/>\n\t<meta name=\"twitter:data1\" content=\"\u0645\u0631\u0643\u0632 \u0627\u0644\u062d\u0648\u0627\u0631 \u0627\u0644\u0633\u0648\u0631\u064a\" \/>\n\t<meta name=\"twitter:label2\" content=\"Tahmini okuma s\u00fcresi\" \/>\n\t<meta name=\"twitter:data2\" content=\"7 dakika\" \/>\n<script type=\"application\/ld+json\" class=\"yoast-schema-graph\">{\"@context\":\"https:\/\/schema.org\",\"@graph\":[{\"@type\":\"WebPage\",\"@id\":\"https:\/\/sydialogue.org\/tr\/stklar-icin-uluslararasi-yasal-guvenceler-ve-suriye-orneginde-uygulanma-kapsami\/\",\"url\":\"https:\/\/sydialogue.org\/tr\/stklar-icin-uluslararasi-yasal-guvenceler-ve-suriye-orneginde-uygulanma-kapsami\/\",\"name\":\"STK'lar i\u00e7in Uluslararas\u0131 Yasal G\u00fcvenceler ve Suriye \u00d6rne\u011finde Uygulanma Kapsam\u0131 - Suriye Diyalog Merkezi\",\"isPartOf\":{\"@id\":\"https:\/\/sydialogue.org\/tr\/#website\"},\"primaryImageOfPage\":{\"@id\":\"https:\/\/sydialogue.org\/tr\/stklar-icin-uluslararasi-yasal-guvenceler-ve-suriye-orneginde-uygulanma-kapsami\/#primaryimage\"},\"image\":{\"@id\":\"https:\/\/sydialogue.org\/tr\/stklar-icin-uluslararasi-yasal-guvenceler-ve-suriye-orneginde-uygulanma-kapsami\/#primaryimage\"},\"thumbnailUrl\":\"https:\/\/e8nd7pn44jx.exactdn.com\/wp-content\/uploads\/2023\/09\/tr116-copy.jpg?strip=all\",\"datePublished\":\"2021-11-17T17:34:23+00:00\",\"dateModified\":\"2023-09-03T17:41:21+00:00\",\"author\":{\"@id\":\"https:\/\/sydialogue.org\/tr\/#\/schema\/person\/34a2994f7414cbc7ce06e08267c4944d\"},\"description\":\"Bu ara\u015ft\u0131rma Suriye'nin \u00e7e\u015fitli b\u00f6lgelerinde y\u00fcr\u00fcrl\u00fckte olan yasalar\u0131n, uluslararas\u0131 standartlarla ne \u00f6l\u00e7\u00fcde uyumlu oldu\u011funu ve bu standartlara ne derece uyuldu\u011funu de\u011ferlendirmeyi ama\u00e7l\u0131yor.\",\"breadcrumb\":{\"@id\":\"https:\/\/sydialogue.org\/tr\/stklar-icin-uluslararasi-yasal-guvenceler-ve-suriye-orneginde-uygulanma-kapsami\/#breadcrumb\"},\"inLanguage\":\"tr\",\"potentialAction\":[{\"@type\":\"ReadAction\",\"target\":[\"https:\/\/sydialogue.org\/tr\/stklar-icin-uluslararasi-yasal-guvenceler-ve-suriye-orneginde-uygulanma-kapsami\/\"]}]},{\"@type\":\"ImageObject\",\"inLanguage\":\"tr\",\"@id\":\"https:\/\/sydialogue.org\/tr\/stklar-icin-uluslararasi-yasal-guvenceler-ve-suriye-orneginde-uygulanma-kapsami\/#primaryimage\",\"url\":\"https:\/\/e8nd7pn44jx.exactdn.com\/wp-content\/uploads\/2023\/09\/tr116-copy.jpg?strip=all\",\"contentUrl\":\"https:\/\/e8nd7pn44jx.exactdn.com\/wp-content\/uploads\/2023\/09\/tr116-copy.jpg?strip=all\",\"width\":2308,\"height\":1159},{\"@type\":\"BreadcrumbList\",\"@id\":\"https:\/\/sydialogue.org\/tr\/stklar-icin-uluslararasi-yasal-guvenceler-ve-suriye-orneginde-uygulanma-kapsami\/#breadcrumb\",\"itemListElement\":[{\"@type\":\"ListItem\",\"position\":1,\"name\":\"\u0627\u0644\u0631\u0626\u064a\u0633\u064a\u0629\",\"item\":\"https:\/\/sydialogue.org\/tr\/\"},{\"@type\":\"ListItem\",\"position\":2,\"name\":\"STK&#8217;lar i\u00e7in Uluslararas\u0131 Yasal G\u00fcvenceler ve Suriye \u00d6rne\u011finde Uygulanma Kapsam\u0131\"}]},{\"@type\":\"WebSite\",\"@id\":\"https:\/\/sydialogue.org\/tr\/#website\",\"url\":\"https:\/\/sydialogue.org\/tr\/\",\"name\":\"\u0645\u0631\u0643\u0632 \u0627\u0644\u062d\u0648\u0627\u0631 \u0627\u0644\u0633\u0648\u0631\u064a\",\"description\":\"Suriyeli bir sivil kurum, Suriye halk\u0131n\u0131 ilgilendiren konularda diyalo\u011fu canland\u0131rmay\u0131 ve harekete ge\u00e7irmeyi hedefliyor ve Suriyeliler aras\u0131nda ili\u015fkileri g\u00fc\u00e7lendirmeye ve i\u015fbirli\u011fi ve koordinasyonu harekete ge\u00e7irmeye \u00e7al\u0131\u015f\u0131yor.\",\"potentialAction\":[{\"@type\":\"SearchAction\",\"target\":{\"@type\":\"EntryPoint\",\"urlTemplate\":\"https:\/\/sydialogue.org\/tr\/?s={search_term_string}\"},\"query-input\":{\"@type\":\"PropertyValueSpecification\",\"valueRequired\":true,\"valueName\":\"search_term_string\"}}],\"inLanguage\":\"tr\"},{\"@type\":\"Person\",\"@id\":\"https:\/\/sydialogue.org\/tr\/#\/schema\/person\/34a2994f7414cbc7ce06e08267c4944d\",\"name\":\"\u0645\u0631\u0643\u0632 \u0627\u0644\u062d\u0648\u0627\u0631 \u0627\u0644\u0633\u0648\u0631\u064a\",\"image\":{\"@type\":\"ImageObject\",\"inLanguage\":\"tr\",\"@id\":\"https:\/\/sydialogue.org\/tr\/#\/schema\/person\/image\/\",\"url\":\"https:\/\/sydialogue.org\/wp-content\/uploads\/2023\/09\/\u0644\u0648\u063a\u0648-\u062e\u0644\u0641\u064a\u0629-\u0634\u0641\u0627\u0641\u0629-1.png\",\"contentUrl\":\"https:\/\/sydialogue.org\/wp-content\/uploads\/2023\/09\/\u0644\u0648\u063a\u0648-\u062e\u0644\u0641\u064a\u0629-\u0634\u0641\u0627\u0641\u0629-1.png\",\"caption\":\"\u0645\u0631\u0643\u0632 \u0627\u0644\u062d\u0648\u0627\u0631 \u0627\u0644\u0633\u0648\u0631\u064a\"},\"description\":\"\u0645\u0624\u0633\u0633\u0629 \u0628\u062d\u062b\u064a\u0629 \u0633\u0648\u0631\u064a\u0629 \u062a\u0633\u0639\u0649 \u0625\u0644\u0649 \u0627\u0644\u0625\u0633\u0647\u0627\u0645 \u0641\u064a \u0628\u0646\u0627\u0621 \u0627\u0644\u0631\u0624\u0649 \u0648\u0627\u0644\u0645\u0639\u0627\u0631\u0641 \u0628\u0645\u0627 \u064a\u0633\u0627\u0639\u062f \u0627\u0644\u0633\u0648\u0631\u064a\u064a\u0646 \u0639\u0644\u0649 \u0625\u0646\u0636\u0627\u062c \u062d\u0644\u0648\u0644 \u0639\u0645\u0644\u064a\u0629 \u0644\u0645\u0648\u0627\u062c\u0647\u0629 \u0627\u0644\u062a\u062d\u062f\u064a\u0627\u062a \u0627\u0644\u0648\u0637\u0646\u064a\u0629 \u0627\u0644\u0645\u0634\u062a\u0631\u0643\u0629 \u0648\u062a\u062d\u0642\u064a\u0642 \u0627\u0644\u062a\u0646\u0645\u064a\u0629 \u0627\u0644\u0645\u0633\u062a\u062f\u0627\u0645\u0629\",\"sameAs\":[\"http:\/\/sydialogue.org\/\",\"Syrian Dialogue Center\"],\"url\":\"#molongui-disabled-link\"}]}<\/script>\n<!-- \/ Yoast SEO plugin. -->","yoast_head_json":{"title":"STK'lar i\u00e7in Uluslararas\u0131 Yasal G\u00fcvenceler ve Suriye \u00d6rne\u011finde Uygulanma Kapsam\u0131 - Suriye Diyalog Merkezi","description":"Bu ara\u015ft\u0131rma Suriye'nin \u00e7e\u015fitli b\u00f6lgelerinde y\u00fcr\u00fcrl\u00fckte olan yasalar\u0131n, uluslararas\u0131 standartlarla ne \u00f6l\u00e7\u00fcde uyumlu oldu\u011funu ve bu standartlara ne derece uyuldu\u011funu de\u011ferlendirmeyi ama\u00e7l\u0131yor.","robots":{"index":"index","follow":"follow","max-snippet":"max-snippet:-1","max-image-preview":"max-image-preview:large","max-video-preview":"max-video-preview:-1"},"canonical":"https:\/\/sydialogue.org\/tr\/stklar-icin-uluslararasi-yasal-guvenceler-ve-suriye-orneginde-uygulanma-kapsami\/","og_locale":"tr_TR","og_type":"article","og_title":"STK'lar i\u00e7in Uluslararas\u0131 Yasal G\u00fcvenceler ve Suriye \u00d6rne\u011finde Uygulanma Kapsam\u0131 - Suriye Diyalog Merkezi","og_description":"Bu ara\u015ft\u0131rma Suriye'nin \u00e7e\u015fitli b\u00f6lgelerinde y\u00fcr\u00fcrl\u00fckte olan yasalar\u0131n, uluslararas\u0131 standartlarla ne \u00f6l\u00e7\u00fcde uyumlu oldu\u011funu ve bu standartlara ne derece uyuldu\u011funu de\u011ferlendirmeyi ama\u00e7l\u0131yor.","og_url":"https:\/\/sydialogue.org\/tr\/stklar-icin-uluslararasi-yasal-guvenceler-ve-suriye-orneginde-uygulanma-kapsami\/","og_site_name":"Suriye Diyalog Merkezi","article_publisher":"https:\/\/www.facebook.com\/Sydialogue","article_published_time":"2021-11-17T17:34:23+00:00","article_modified_time":"2023-09-03T17:41:21+00:00","og_image":[{"width":2308,"height":1159,"url":"https:\/\/sydialogue.org\/wp-content\/uploads\/2023\/09\/tr116-copy.jpg","type":"image\/jpeg"}],"author":"\u0645\u0631\u0643\u0632 \u0627\u0644\u062d\u0648\u0627\u0631 \u0627\u0644\u0633\u0648\u0631\u064a","twitter_card":"summary_large_image","twitter_creator":"@Sydialogue","twitter_site":"@Sydialogue","twitter_misc":{"Yazan:":"\u0645\u0631\u0643\u0632 \u0627\u0644\u062d\u0648\u0627\u0631 \u0627\u0644\u0633\u0648\u0631\u064a","Tahmini okuma s\u00fcresi":"7 dakika"},"schema":{"@context":"https:\/\/schema.org","@graph":[{"@type":"WebPage","@id":"https:\/\/sydialogue.org\/tr\/stklar-icin-uluslararasi-yasal-guvenceler-ve-suriye-orneginde-uygulanma-kapsami\/","url":"https:\/\/sydialogue.org\/tr\/stklar-icin-uluslararasi-yasal-guvenceler-ve-suriye-orneginde-uygulanma-kapsami\/","name":"STK'lar i\u00e7in Uluslararas\u0131 Yasal G\u00fcvenceler ve Suriye \u00d6rne\u011finde Uygulanma Kapsam\u0131 - Suriye Diyalog Merkezi","isPartOf":{"@id":"https:\/\/sydialogue.org\/tr\/#website"},"primaryImageOfPage":{"@id":"https:\/\/sydialogue.org\/tr\/stklar-icin-uluslararasi-yasal-guvenceler-ve-suriye-orneginde-uygulanma-kapsami\/#primaryimage"},"image":{"@id":"https:\/\/sydialogue.org\/tr\/stklar-icin-uluslararasi-yasal-guvenceler-ve-suriye-orneginde-uygulanma-kapsami\/#primaryimage"},"thumbnailUrl":"https:\/\/e8nd7pn44jx.exactdn.com\/wp-content\/uploads\/2023\/09\/tr116-copy.jpg?strip=all","datePublished":"2021-11-17T17:34:23+00:00","dateModified":"2023-09-03T17:41:21+00:00","author":{"@id":"https:\/\/sydialogue.org\/tr\/#\/schema\/person\/34a2994f7414cbc7ce06e08267c4944d"},"description":"Bu ara\u015ft\u0131rma Suriye'nin \u00e7e\u015fitli b\u00f6lgelerinde y\u00fcr\u00fcrl\u00fckte olan yasalar\u0131n, uluslararas\u0131 standartlarla ne \u00f6l\u00e7\u00fcde uyumlu oldu\u011funu ve bu standartlara ne derece uyuldu\u011funu de\u011ferlendirmeyi ama\u00e7l\u0131yor.","breadcrumb":{"@id":"https:\/\/sydialogue.org\/tr\/stklar-icin-uluslararasi-yasal-guvenceler-ve-suriye-orneginde-uygulanma-kapsami\/#breadcrumb"},"inLanguage":"tr","potentialAction":[{"@type":"ReadAction","target":["https:\/\/sydialogue.org\/tr\/stklar-icin-uluslararasi-yasal-guvenceler-ve-suriye-orneginde-uygulanma-kapsami\/"]}]},{"@type":"ImageObject","inLanguage":"tr","@id":"https:\/\/sydialogue.org\/tr\/stklar-icin-uluslararasi-yasal-guvenceler-ve-suriye-orneginde-uygulanma-kapsami\/#primaryimage","url":"https:\/\/e8nd7pn44jx.exactdn.com\/wp-content\/uploads\/2023\/09\/tr116-copy.jpg?strip=all","contentUrl":"https:\/\/e8nd7pn44jx.exactdn.com\/wp-content\/uploads\/2023\/09\/tr116-copy.jpg?strip=all","width":2308,"height":1159},{"@type":"BreadcrumbList","@id":"https:\/\/sydialogue.org\/tr\/stklar-icin-uluslararasi-yasal-guvenceler-ve-suriye-orneginde-uygulanma-kapsami\/#breadcrumb","itemListElement":[{"@type":"ListItem","position":1,"name":"\u0627\u0644\u0631\u0626\u064a\u0633\u064a\u0629","item":"https:\/\/sydialogue.org\/tr\/"},{"@type":"ListItem","position":2,"name":"STK&#8217;lar i\u00e7in Uluslararas\u0131 Yasal G\u00fcvenceler ve Suriye \u00d6rne\u011finde Uygulanma Kapsam\u0131"}]},{"@type":"WebSite","@id":"https:\/\/sydialogue.org\/tr\/#website","url":"https:\/\/sydialogue.org\/tr\/","name":"\u0645\u0631\u0643\u0632 \u0627\u0644\u062d\u0648\u0627\u0631 \u0627\u0644\u0633\u0648\u0631\u064a","description":"Suriyeli bir sivil kurum, Suriye halk\u0131n\u0131 ilgilendiren konularda diyalo\u011fu canland\u0131rmay\u0131 ve harekete ge\u00e7irmeyi hedefliyor ve Suriyeliler aras\u0131nda ili\u015fkileri g\u00fc\u00e7lendirmeye ve i\u015fbirli\u011fi ve koordinasyonu harekete ge\u00e7irmeye \u00e7al\u0131\u015f\u0131yor.","potentialAction":[{"@type":"SearchAction","target":{"@type":"EntryPoint","urlTemplate":"https:\/\/sydialogue.org\/tr\/?s={search_term_string}"},"query-input":{"@type":"PropertyValueSpecification","valueRequired":true,"valueName":"search_term_string"}}],"inLanguage":"tr"},{"@type":"Person","@id":"https:\/\/sydialogue.org\/tr\/#\/schema\/person\/34a2994f7414cbc7ce06e08267c4944d","name":"\u0645\u0631\u0643\u0632 \u0627\u0644\u062d\u0648\u0627\u0631 \u0627\u0644\u0633\u0648\u0631\u064a","image":{"@type":"ImageObject","inLanguage":"tr","@id":"https:\/\/sydialogue.org\/tr\/#\/schema\/person\/image\/","url":"https:\/\/sydialogue.org\/wp-content\/uploads\/2023\/09\/\u0644\u0648\u063a\u0648-\u062e\u0644\u0641\u064a\u0629-\u0634\u0641\u0627\u0641\u0629-1.png","contentUrl":"https:\/\/sydialogue.org\/wp-content\/uploads\/2023\/09\/\u0644\u0648\u063a\u0648-\u062e\u0644\u0641\u064a\u0629-\u0634\u0641\u0627\u0641\u0629-1.png","caption":"\u0645\u0631\u0643\u0632 \u0627\u0644\u062d\u0648\u0627\u0631 \u0627\u0644\u0633\u0648\u0631\u064a"},"description":"\u0645\u0624\u0633\u0633\u0629 \u0628\u062d\u062b\u064a\u0629 \u0633\u0648\u0631\u064a\u0629 \u062a\u0633\u0639\u0649 \u0625\u0644\u0649 \u0627\u0644\u0625\u0633\u0647\u0627\u0645 \u0641\u064a \u0628\u0646\u0627\u0621 \u0627\u0644\u0631\u0624\u0649 \u0648\u0627\u0644\u0645\u0639\u0627\u0631\u0641 \u0628\u0645\u0627 \u064a\u0633\u0627\u0639\u062f \u0627\u0644\u0633\u0648\u0631\u064a\u064a\u0646 \u0639\u0644\u0649 \u0625\u0646\u0636\u0627\u062c \u062d\u0644\u0648\u0644 \u0639\u0645\u0644\u064a\u0629 \u0644\u0645\u0648\u0627\u062c\u0647\u0629 \u0627\u0644\u062a\u062d\u062f\u064a\u0627\u062a \u0627\u0644\u0648\u0637\u0646\u064a\u0629 \u0627\u0644\u0645\u0634\u062a\u0631\u0643\u0629 \u0648\u062a\u062d\u0642\u064a\u0642 \u0627\u0644\u062a\u0646\u0645\u064a\u0629 \u0627\u0644\u0645\u0633\u062a\u062f\u0627\u0645\u0629","sameAs":["http:\/\/sydialogue.org\/","Syrian Dialogue Center"],"url":"#molongui-disabled-link"}]}},"_links":{"self":[{"href":"https:\/\/sydialogue.org\/tr\/wp-json\/wp\/v2\/posts\/12487","targetHints":{"allow":["GET"]}}],"collection":[{"href":"https:\/\/sydialogue.org\/tr\/wp-json\/wp\/v2\/posts"}],"about":[{"href":"https:\/\/sydialogue.org\/tr\/wp-json\/wp\/v2\/types\/post"}],"author":[{"embeddable":true,"href":"https:\/\/sydialogue.org\/tr\/wp-json\/wp\/v2\/users\/1"}],"replies":[{"embeddable":true,"href":"https:\/\/sydialogue.org\/tr\/wp-json\/wp\/v2\/comments?post=12487"}],"version-history":[{"count":1,"href":"https:\/\/sydialogue.org\/tr\/wp-json\/wp\/v2\/posts\/12487\/revisions"}],"predecessor-version":[{"id":12491,"href":"https:\/\/sydialogue.org\/tr\/wp-json\/wp\/v2\/posts\/12487\/revisions\/12491"}],"wp:featuredmedia":[{"embeddable":true,"href":"https:\/\/sydialogue.org\/tr\/wp-json\/wp\/v2\/media\/12488"}],"wp:attachment":[{"href":"https:\/\/sydialogue.org\/tr\/wp-json\/wp\/v2\/media?parent=12487"}],"wp:term":[{"taxonomy":"category","embeddable":true,"href":"https:\/\/sydialogue.org\/tr\/wp-json\/wp\/v2\/categories?post=12487"},{"taxonomy":"post_tag","embeddable":true,"href":"https:\/\/sydialogue.org\/tr\/wp-json\/wp\/v2\/tags?post=12487"}],"curies":[{"name":"wp","href":"https:\/\/api.w.org\/{rel}","templated":true}]}}