{"id":12492,"date":"2021-10-15T20:44:23","date_gmt":"2021-10-15T17:44:23","guid":{"rendered":"http:\/\/sydialogue.org\/?p=12492"},"modified":"2023-09-03T20:50:14","modified_gmt":"2023-09-03T17:50:14","slug":"suriyeliler-arasinda-toplumsal-guveni-artirma-mekanizmalari","status":"publish","type":"post","link":"https:\/\/sydialogue.org\/tr\/suriyeliler-arasinda-toplumsal-guveni-artirma-mekanizmalari\/","title":{"rendered":"Suriyeliler Aras\u0131nda Toplumsal G\u00fcveni Art\u0131rma Mekanizmalar\u0131"},"content":{"rendered":"<h2 dir=\"ltr\" style=\"text-align: justify;\"><span style=\"color: #333399;\"><strong>\u00d6zet<\/strong>:<\/span><\/h2>\n<p dir=\"ltr\" style=\"text-align: justify;\">Bu rapor, Suriye Diyalog Merkezi taraf\u0131ndan d\u00fczenlenen \u201cSuriyeliler Aras\u0131nda Toplumsal G\u00fcveni Art\u0131rma Mekanizmalar\u0131\u201d ba\u015fl\u0131kl\u0131 iki seminerde, kat\u0131l\u0131mc\u0131lar aras\u0131nda ger\u00e7ekle\u015ftirilen tart\u0131\u015fmalar\u0131n \u00f6zetini te\u015fkil ediyor. Raporda dokuz ana ba\u015fl\u0131k yer ald\u0131:<\/p>\n<p dir=\"ltr\" style=\"text-align: justify;\">\u0130lk ba\u015fl\u0131kta, Suriyeliler aras\u0131nda toplumsal g\u00fcveni in\u015fa etmek i\u00e7in gerekli olan; kamu \u00e7\u0131karlar\u0131n\u0131n \u00f6zel \u00e7\u0131karlar\u0131n \u00fcst\u00fcnde tutulmas\u0131, bile\u015fenlerin birbirleriyle ili\u015fkilerinin sahadaki ba\u015far\u0131lar\u0131yla g\u00fc\u00e7lendirilmesi, yap\u0131c\u0131 ele\u015ftirilerle proje ve planlar\u0131n geli\u015ftirilmesi ve iyile\u015ftirilmesi konusunda s\u00fcrekli \u00e7al\u0131\u015fma, Suriye&#8217;deki kurtar\u0131lm\u0131\u015f b\u00f6lgelerde kurumsal bir model olu\u015fturma \u015feklinde ifade edilebilecek esaslara odaklan\u0131ld\u0131.<\/p>\n<p dir=\"ltr\" style=\"text-align: justify;\">\u0130kinci ba\u015fl\u0131k, toplumsal g\u00fcvenin in\u015fas\u0131nda ailenin rol\u00fcne ili\u015fkin g\u00f6r\u00fc\u015flere yer veriyordu. Bu hususta kad\u0131nlara d\u00fc\u015fen role de\u011finildi ve Suriyeli kad\u0131nlar\u0131n toplumsal destekteki rol\u00fcn\u00fcn devrimin muhtelif a\u015famalar\u0131nda dalgalanmas\u0131na dikkat \u00e7ekildi.<\/p>\n<p dir=\"ltr\" style=\"text-align: justify;\">\u00dc\u00e7\u00fcnc\u00fc ba\u015fl\u0131kta, e\u011fitim kurumlar\u0131n\u0131n rol\u00fcne ve toplumsal g\u00fcven in\u015fas\u0131na hizmet edecek \u015fekilde bu kurumlar\u0131n \u00e7al\u0131\u015fmalar\u0131n\u0131 geli\u015ftirme yollar\u0131 \u00fczerine yap\u0131lan tart\u0131\u015fmalara ayr\u0131ld\u0131. Burada e\u011fitim kurumunun, Esad rejiminin haz\u0131rlad\u0131\u011f\u0131 Suriye m\u00fcfredat\u0131n\u0131n yerine ge\u00e7ecek bir m\u00fcfredat olu\u015fturma konusundaki zay\u0131fl\u0131\u011f\u0131na dikkat \u00e7ekildi. Ayn\u0131 \u015fekilde, e\u011fitim kurumlar\u0131n\u0131n, bireylerin \u00f6nce kendilerine daha sonra hem\u015ferilerine olan g\u00fcvenlerini in\u015fa etme sorumlulu\u011fundan bahsedildi ve e\u011fitim kurumlar\u0131n\u0131n genel durumunu iyile\u015ftirmeye yard\u0131mc\u0131 olacak ve onlar\u0131 Suriyeliler aras\u0131nda toplumsal g\u00fcvenin olu\u015fturulmas\u0131nda daha olumlu bir rol oynama konusunda yetkin k\u0131lmaya yard\u0131mc\u0131 olacak baz\u0131 \u00e7\u00f6z\u00fcm ve fikirler sunma sorumlulu\u011fundan s\u00f6z edildi.<\/p>\n<p dir=\"ltr\" style=\"text-align: justify;\">D\u00f6rd\u00fcnc\u00fc ba\u015fl\u0131kta, dini kurumlar\u0131n toplumsal g\u00fcveni g\u00fc\u00e7lendirmedeki rol\u00fcne de\u011finildi. Bilhassa Suriye \u0130slam Konseyi&#8217;nin i\u00e7 d\u00fczeyde, konseyin alt\u0131ndaki bile\u015fenler aras\u0131nda bu g\u00fcvenin in\u015fa edilmesindeki rol\u00fcne de\u011finilirken; bir yerde de d\u0131\u015f d\u00fczeyde, di\u011fer kurum ve bile\u015fenlerle, bir k\u0131sm\u0131n\u0131n \u00f6nc\u00fcl\u00fc\u011f\u00fcn\u00fc kendisinin yapt\u0131\u011f\u0131 ortak a\u00e7\u0131klamalar yaparak; ba\u015fka bir yerde de halk d\u00fczeyinde, halk taban\u0131n\u0131 muhatap alarak ve onlar\u0131n bilin\u00e7lenmelerini sa\u011flayarak oynayabilece\u011fi role de\u011finildi.<\/p>\n<p dir=\"ltr\" style=\"text-align: justify;\">Be\u015finci ba\u015fl\u0131k, Suriye medya ara\u00e7lar\u0131n\u0131n rol\u00fcne dair konu\u015fmalara ayr\u0131ld\u0131. Zira muhalif medyan\u0131n durumu, destek\u00e7ilere ba\u011f\u0131ml\u0131 olmas\u0131 nedeniyle Esad rejimi medyas\u0131n\u0131n durumuna benzer hale geldi. \u0130ster Suriye olsun ister s\u0131\u011f\u0131n\u0131lan \u00fclke olsun, her nerede olursa olsun, kendisini etkileyen olaylar \u00e7emberi i\u00e7erisinde Suriyelilere ula\u015fmay\u0131 ifade eden medyaya bi\u00e7ilen role vurgu yap\u0131ld\u0131. Nitekim medya de\u011ferlerinin ve ahlak\u0131n\u0131n g\u00fc\u00e7lendirilmesi aidiyeti art\u0131rmada oldu\u011fu gibi g\u00fcven in\u015fa etmede de \u00f6nemli bir rol oynar.<\/p>\n<p dir=\"ltr\" style=\"text-align: justify;\">Alt\u0131nc\u0131 ba\u015fl\u0131k, STK\u2019lerin rol\u00fcne \u0131\u015f\u0131k tuttu. Payla\u015f\u0131lan g\u00f6r\u00fc\u015fler, bireyin i\u015f piyasas\u0131na dahil edilmesi yoluyla organizasyonlardan yararland\u0131ktan sonra toplumdaki rol\u00fcn\u00fcn etkinle\u015ftirilmesine davet ediyordu. Ayn\u0131 \u015fekilde, toplum hizmetinin sorunsuz bir \u015fekilde yerine getirilmesinin \u00f6n\u00fc a\u00e7\u0131larak g\u00f6n\u00fcll\u00fc ekiplere d\u00fc\u015fen rol\u00fcn etkinle\u015ftirilmesi tavsiyesinde bulunuyordu. Ayr\u0131ca \u015feffafl\u0131k ve hesap verebilirlik ilkelerinin g\u00fc\u00e7lendirilmesi de tavsiye edildi.<\/p>\n<p dir=\"ltr\" style=\"text-align: justify;\">Yedinci ba\u015fl\u0131kta, g\u00fcven in\u015fa etmede politikac\u0131lar\u0131n ve y\u00f6netim sistemlerinin rol\u00fcn\u00fcn \u00f6nemine dair vurgular yer ald\u0131. Bu kurumlar\u0131n yap\u0131sal zay\u0131fl\u0131\u011f\u0131n\u0131n ve \u015feffafl\u0131k eksikli\u011finin, bilhassa k\u0131smi \u00e7\u0131karlar\u0131 kamu \u00e7\u0131karlar\u0131n\u0131n \u00f6n\u00fcnde tutan bir k\u0131s\u0131m siyaset\u00e7inin varl\u0131\u011f\u0131yla beraber toplumsal g\u00fcvenin d\u00fc\u015fmesine neden oldu\u011funa dikkat \u00e7ekildi. Bu durumdan kurtulmak i\u00e7in baz\u0131 \u00e7\u00f6z\u00fcm yollar\u0131 konu\u015fuldu. \u00dczerine konu\u015fulan bu yollar \u015funlard\u0131: Olaylar\u0131 ele alma denkleminde \u201cSuriyelilerin maslahat\u0131n\u0131n tek sabit\u201d haline getirilmesinin gereklili\u011fi; bu maslahat\u0131n politikac\u0131lar, uzmanlar ve \u00e7al\u0131\u015fma ve d\u00fc\u015f\u00fcnce merkezleri aras\u0131ndaki isti\u015fare ve diyalog yoluyla belirlenmesi; politikac\u0131lar\u0131n, ikna olmas\u0131 ve yerle\u015fik siyasi vizyonu desteklemesi i\u00e7in halka y\u00f6nelmesi yoluyla bir i\u00e7 me\u015fruiyet in\u015fa etme; politikac\u0131lar\u0131n inisiyatif ruhunu kazanmas\u0131 ve olaylarla ya da kendisine dikte edilenlerle me\u015fgul olan pasif konumla yetinmemeleri.<\/p>\n<p dir=\"ltr\" style=\"text-align: justify;\">Sekizinci ba\u015fl\u0131kta Milli Ordu\u2019nun toplumsal g\u00fcveni art\u0131rmadaki rol\u00fc tart\u0131\u015f\u0131ld\u0131. Bu kuruma olan g\u00fcvenin \u015fu anki zay\u0131fl\u0131\u011f\u0131 bir\u00e7ok nedenden kaynaklan\u0131yor. Bu nedenlerin en \u00f6nemlileri \u015funlar: Askeri g\u00fc\u00e7lerin rollerinin yanl\u0131\u015f anla\u015f\u0131lmas\u0131; kaynaklar\u0131n k\u0131tl\u0131\u011f\u0131 ve sancaklar\u0131n \u00e7oklu\u011fu zemininde beklentilerin y\u00fcksek tutulmas\u0131. Ba\u015fl\u0131k alt\u0131nda ayr\u0131ca, askeri g\u00fc\u00e7lerin kurumsal reformunun ve toplumsal bar\u0131\u015f\u0131n sa\u011flanmas\u0131n\u0131n, ayr\u0131ca kurtar\u0131lm\u0131\u015f b\u00f6lgelere herhangi bir s\u0131zmay\u0131 \u00f6nleyemeye yarayacak bir g\u00fcvenlik ayg\u0131t\u0131n\u0131n in\u015fas\u0131n\u0131n, halk ile bu kurum aras\u0131ndaki g\u00fcvenin yeniden tesisine katk\u0131da bulunabilece\u011fi vurguland\u0131.<\/p>\n<p dir=\"ltr\" style=\"text-align: justify;\">Son ba\u015fl\u0131kta, toplumsal g\u00fcvenin in\u015fas\u0131nda ekonomik ve co\u011frafi fakt\u00f6rlerin rol\u00fc g\u00f6zden ge\u00e7irildi. Baz\u0131lar\u0131 bu rol\u00fcn Suriye konusunda \u00f6nemli oldu\u011funu d\u00fc\u015f\u00fcn\u00fcrken; ba\u015fkalar\u0131, Japonya&#8217;y\u0131 \u00f6rnek g\u00f6stererek bunun \u00f6nemli bir rol oynamad\u0131\u011f\u0131n\u0131, belirli bir zamanda ekonomik durumdaki d\u00fc\u015f\u00fc\u015f\u00fcn g\u00fcvene olumsuz yans\u0131mayabilece\u011fini, kurumsal ve yasal fakt\u00f6r\u00fcn bunu destekleyen ana fakt\u00f6r olmaya devam etti\u011fini \u00f6ne s\u00fcrd\u00fc.<\/p>\n<p dir=\"ltr\" style=\"text-align: justify;\">Rapor, Devrim ve Muhalefet G\u00fc\u00e7lerinin \u00e7e\u015fitli uzmanl\u0131klardaki kurumlar\u0131na y\u00f6nelik baz\u0131 tavsiyelerle nihayete erdirildi.<\/p>\n<p dir=\"ltr\" style=\"text-align: justify;\"><a href=\"http:\/\/sydialogue.org\/%d8%a2%d9%84%d9%8a%d8%a7%d8%aa-%d8%aa%d8%b9%d8%b2%d9%8a%d8%b2-%d8%a7%d9%84%d8%ab%d9%82%d8%a9-%d8%a7%d9%84%d9%85%d8%ac%d8%aa%d9%85%d8%b9%d9%8a%d8%a9\/\">Raporun tamam\u0131n\u0131 okumak i\u00e7in (Arap\u00e7a)<\/a><\/p>\n","protected":false},"excerpt":{"rendered":"<p>Bu rapor, bir grup uzman ve ara\u015ft\u0131rmac\u0131n\u0131n, okuyuculara baz\u0131 taraflar\u0131n ve fakt\u00f6rlerin toplumsal g\u00fcveni in\u015fa etmeye y\u00f6nelik rollerini aktarmak \u00fczere geliyor.<\/p>\n","protected":false},"author":1,"featured_media":12493,"comment_status":"open","ping_status":"closed","sticky":false,"template":"","format":"standard","meta":{"_acf_changed":false,"footnotes":""},"categories":[54,92,49],"tags":[],"class_list":["post-12492","post","type-post","status-publish","format-standard","has-post-thumbnail","hentry","category-gelisim-raporlar","category-ortak-kimlik-ve-uzlasi-birimi","category-yayinlar"],"acf":[],"yoast_head":"<!-- This site is optimized with the Yoast SEO plugin v26.0 - https:\/\/yoast.com\/wordpress\/plugins\/seo\/ -->\n<title>Suriyeliler Aras\u0131nda Toplumsal G\u00fcveni Art\u0131rma Mekanizmalar\u0131 - Suriye Diyalog Merkezi<\/title>\n<meta name=\"description\" content=\"Bu rapor, bir grup uzman ve ara\u015ft\u0131rmac\u0131n\u0131n, okuyuculara baz\u0131 taraflar\u0131n ve fakt\u00f6rlerin toplumsal g\u00fcveni in\u015fa etmeye y\u00f6nelik rollerini aktarmak \u00fczere geliyor.\" \/>\n<meta name=\"robots\" content=\"index, follow, max-snippet:-1, max-image-preview:large, max-video-preview:-1\" \/>\n<link rel=\"canonical\" href=\"https:\/\/sydialogue.org\/tr\/suriyeliler-arasinda-toplumsal-guveni-artirma-mekanizmalari\/\" \/>\n<meta property=\"og:locale\" content=\"tr_TR\" \/>\n<meta property=\"og:type\" content=\"article\" \/>\n<meta property=\"og:title\" content=\"Suriyeliler Aras\u0131nda Toplumsal G\u00fcveni Art\u0131rma Mekanizmalar\u0131 - Suriye Diyalog Merkezi\" \/>\n<meta property=\"og:description\" content=\"Bu rapor, bir grup uzman ve ara\u015ft\u0131rmac\u0131n\u0131n, okuyuculara baz\u0131 taraflar\u0131n ve fakt\u00f6rlerin toplumsal g\u00fcveni in\u015fa etmeye y\u00f6nelik rollerini aktarmak \u00fczere geliyor.\" \/>\n<meta property=\"og:url\" content=\"https:\/\/sydialogue.org\/tr\/suriyeliler-arasinda-toplumsal-guveni-artirma-mekanizmalari\/\" \/>\n<meta property=\"og:site_name\" content=\"Suriye Diyalog Merkezi\" \/>\n<meta property=\"article:publisher\" content=\"https:\/\/www.facebook.com\/Sydialogue\" \/>\n<meta property=\"article:published_time\" content=\"2021-10-15T17:44:23+00:00\" \/>\n<meta property=\"article:modified_time\" content=\"2023-09-03T17:50:14+00:00\" \/>\n<meta property=\"og:image\" content=\"https:\/\/sydialogue.org\/wp-content\/uploads\/2023\/09\/tr118-copy.jpg\" \/>\n\t<meta property=\"og:image:width\" content=\"2308\" \/>\n\t<meta property=\"og:image:height\" content=\"1159\" \/>\n\t<meta property=\"og:image:type\" content=\"image\/jpeg\" \/>\n<meta name=\"author\" content=\"\u0645\u0631\u0643\u0632 \u0627\u0644\u062d\u0648\u0627\u0631 \u0627\u0644\u0633\u0648\u0631\u064a\" \/>\n<meta name=\"twitter:card\" content=\"summary_large_image\" \/>\n<meta name=\"twitter:creator\" content=\"@Sydialogue\" \/>\n<meta name=\"twitter:site\" content=\"@Sydialogue\" \/>\n<meta name=\"twitter:label1\" content=\"Yazan:\" \/>\n\t<meta name=\"twitter:data1\" content=\"\u0645\u0631\u0643\u0632 \u0627\u0644\u062d\u0648\u0627\u0631 \u0627\u0644\u0633\u0648\u0631\u064a\" \/>\n\t<meta name=\"twitter:label2\" content=\"Tahmini okuma s\u00fcresi\" \/>\n\t<meta name=\"twitter:data2\" content=\"5 dakika\" \/>\n<script type=\"application\/ld+json\" class=\"yoast-schema-graph\">{\"@context\":\"https:\/\/schema.org\",\"@graph\":[{\"@type\":\"WebPage\",\"@id\":\"https:\/\/sydialogue.org\/tr\/suriyeliler-arasinda-toplumsal-guveni-artirma-mekanizmalari\/\",\"url\":\"https:\/\/sydialogue.org\/tr\/suriyeliler-arasinda-toplumsal-guveni-artirma-mekanizmalari\/\",\"name\":\"Suriyeliler Aras\u0131nda Toplumsal G\u00fcveni Art\u0131rma Mekanizmalar\u0131 - Suriye Diyalog Merkezi\",\"isPartOf\":{\"@id\":\"https:\/\/sydialogue.org\/tr\/#website\"},\"primaryImageOfPage\":{\"@id\":\"https:\/\/sydialogue.org\/tr\/suriyeliler-arasinda-toplumsal-guveni-artirma-mekanizmalari\/#primaryimage\"},\"image\":{\"@id\":\"https:\/\/sydialogue.org\/tr\/suriyeliler-arasinda-toplumsal-guveni-artirma-mekanizmalari\/#primaryimage\"},\"thumbnailUrl\":\"https:\/\/egsaqtt58cu.exactdn.com\/wp-content\/uploads\/2023\/09\/tr118-copy.jpg?strip=all&lossy=1&ssl=1\",\"datePublished\":\"2021-10-15T17:44:23+00:00\",\"dateModified\":\"2023-09-03T17:50:14+00:00\",\"author\":{\"@id\":\"https:\/\/sydialogue.org\/tr\/#\/schema\/person\/34a2994f7414cbc7ce06e08267c4944d\"},\"description\":\"Bu rapor, bir grup uzman ve ara\u015ft\u0131rmac\u0131n\u0131n, okuyuculara baz\u0131 taraflar\u0131n ve fakt\u00f6rlerin toplumsal g\u00fcveni in\u015fa etmeye y\u00f6nelik rollerini aktarmak \u00fczere geliyor.\",\"breadcrumb\":{\"@id\":\"https:\/\/sydialogue.org\/tr\/suriyeliler-arasinda-toplumsal-guveni-artirma-mekanizmalari\/#breadcrumb\"},\"inLanguage\":\"tr\",\"potentialAction\":[{\"@type\":\"ReadAction\",\"target\":[\"https:\/\/sydialogue.org\/tr\/suriyeliler-arasinda-toplumsal-guveni-artirma-mekanizmalari\/\"]}]},{\"@type\":\"ImageObject\",\"inLanguage\":\"tr\",\"@id\":\"https:\/\/sydialogue.org\/tr\/suriyeliler-arasinda-toplumsal-guveni-artirma-mekanizmalari\/#primaryimage\",\"url\":\"https:\/\/egsaqtt58cu.exactdn.com\/wp-content\/uploads\/2023\/09\/tr118-copy.jpg?strip=all&lossy=1&ssl=1\",\"contentUrl\":\"https:\/\/egsaqtt58cu.exactdn.com\/wp-content\/uploads\/2023\/09\/tr118-copy.jpg?strip=all&lossy=1&ssl=1\",\"width\":2308,\"height\":1159},{\"@type\":\"BreadcrumbList\",\"@id\":\"https:\/\/sydialogue.org\/tr\/suriyeliler-arasinda-toplumsal-guveni-artirma-mekanizmalari\/#breadcrumb\",\"itemListElement\":[{\"@type\":\"ListItem\",\"position\":1,\"name\":\"\u0627\u0644\u0631\u0626\u064a\u0633\u064a\u0629\",\"item\":\"https:\/\/sydialogue.org\/tr\/\"},{\"@type\":\"ListItem\",\"position\":2,\"name\":\"Suriyeliler Aras\u0131nda Toplumsal G\u00fcveni Art\u0131rma Mekanizmalar\u0131\"}]},{\"@type\":\"WebSite\",\"@id\":\"https:\/\/sydialogue.org\/tr\/#website\",\"url\":\"https:\/\/sydialogue.org\/tr\/\",\"name\":\"\u0645\u0631\u0643\u0632 \u0627\u0644\u062d\u0648\u0627\u0631 \u0627\u0644\u0633\u0648\u0631\u064a\",\"description\":\"Suriyeli bir sivil kurum, Suriye halk\u0131n\u0131 ilgilendiren konularda diyalo\u011fu canland\u0131rmay\u0131 ve harekete ge\u00e7irmeyi hedefliyor ve Suriyeliler aras\u0131nda ili\u015fkileri g\u00fc\u00e7lendirmeye ve i\u015fbirli\u011fi ve koordinasyonu harekete ge\u00e7irmeye \u00e7al\u0131\u015f\u0131yor.\",\"potentialAction\":[{\"@type\":\"SearchAction\",\"target\":{\"@type\":\"EntryPoint\",\"urlTemplate\":\"https:\/\/sydialogue.org\/tr\/?s={search_term_string}\"},\"query-input\":{\"@type\":\"PropertyValueSpecification\",\"valueRequired\":true,\"valueName\":\"search_term_string\"}}],\"inLanguage\":\"tr\"},{\"@type\":\"Person\",\"@id\":\"https:\/\/sydialogue.org\/tr\/#\/schema\/person\/34a2994f7414cbc7ce06e08267c4944d\",\"name\":\"\u0645\u0631\u0643\u0632 \u0627\u0644\u062d\u0648\u0627\u0631 \u0627\u0644\u0633\u0648\u0631\u064a\",\"image\":{\"@type\":\"ImageObject\",\"inLanguage\":\"tr\",\"@id\":\"https:\/\/sydialogue.org\/tr\/#\/schema\/person\/image\/\",\"url\":\"https:\/\/sydialogue.org\/wp-content\/uploads\/2023\/09\/\u0644\u0648\u063a\u0648-\u062e\u0644\u0641\u064a\u0629-\u0634\u0641\u0627\u0641\u0629-1.png\",\"contentUrl\":\"https:\/\/sydialogue.org\/wp-content\/uploads\/2023\/09\/\u0644\u0648\u063a\u0648-\u062e\u0644\u0641\u064a\u0629-\u0634\u0641\u0627\u0641\u0629-1.png\",\"caption\":\"\u0645\u0631\u0643\u0632 \u0627\u0644\u062d\u0648\u0627\u0631 \u0627\u0644\u0633\u0648\u0631\u064a\"},\"description\":\"\u0645\u0624\u0633\u0633\u0629 \u0628\u062d\u062b\u064a\u0629 \u0633\u0648\u0631\u064a\u0629 \u062a\u0633\u0639\u0649 \u0625\u0644\u0649 \u0627\u0644\u0625\u0633\u0647\u0627\u0645 \u0641\u064a \u0628\u0646\u0627\u0621 \u0627\u0644\u0631\u0624\u0649 \u0648\u0627\u0644\u0645\u0639\u0627\u0631\u0641 \u0628\u0645\u0627 \u064a\u0633\u0627\u0639\u062f \u0627\u0644\u0633\u0648\u0631\u064a\u064a\u0646 \u0639\u0644\u0649 \u0625\u0646\u0636\u0627\u062c \u062d\u0644\u0648\u0644 \u0639\u0645\u0644\u064a\u0629 \u0644\u0645\u0648\u0627\u062c\u0647\u0629 \u0627\u0644\u062a\u062d\u062f\u064a\u0627\u062a \u0627\u0644\u0648\u0637\u0646\u064a\u0629 \u0627\u0644\u0645\u0634\u062a\u0631\u0643\u0629 \u0648\u062a\u062d\u0642\u064a\u0642 \u0627\u0644\u062a\u0646\u0645\u064a\u0629 \u0627\u0644\u0645\u0633\u062a\u062f\u0627\u0645\u0629\",\"sameAs\":[\"http:\/\/sydialogue.org\/\",\"Syrian Dialogue Center\"],\"url\":\"#molongui-disabled-link\"}]}<\/script>\n<!-- \/ Yoast SEO plugin. -->","yoast_head_json":{"title":"Suriyeliler Aras\u0131nda Toplumsal G\u00fcveni Art\u0131rma Mekanizmalar\u0131 - Suriye Diyalog Merkezi","description":"Bu rapor, bir grup uzman ve ara\u015ft\u0131rmac\u0131n\u0131n, okuyuculara baz\u0131 taraflar\u0131n ve fakt\u00f6rlerin toplumsal g\u00fcveni in\u015fa etmeye y\u00f6nelik rollerini aktarmak \u00fczere geliyor.","robots":{"index":"index","follow":"follow","max-snippet":"max-snippet:-1","max-image-preview":"max-image-preview:large","max-video-preview":"max-video-preview:-1"},"canonical":"https:\/\/sydialogue.org\/tr\/suriyeliler-arasinda-toplumsal-guveni-artirma-mekanizmalari\/","og_locale":"tr_TR","og_type":"article","og_title":"Suriyeliler Aras\u0131nda Toplumsal G\u00fcveni Art\u0131rma Mekanizmalar\u0131 - Suriye Diyalog Merkezi","og_description":"Bu rapor, bir grup uzman ve ara\u015ft\u0131rmac\u0131n\u0131n, okuyuculara baz\u0131 taraflar\u0131n ve fakt\u00f6rlerin toplumsal g\u00fcveni in\u015fa etmeye y\u00f6nelik rollerini aktarmak \u00fczere geliyor.","og_url":"https:\/\/sydialogue.org\/tr\/suriyeliler-arasinda-toplumsal-guveni-artirma-mekanizmalari\/","og_site_name":"Suriye Diyalog Merkezi","article_publisher":"https:\/\/www.facebook.com\/Sydialogue","article_published_time":"2021-10-15T17:44:23+00:00","article_modified_time":"2023-09-03T17:50:14+00:00","og_image":[{"width":2308,"height":1159,"url":"https:\/\/sydialogue.org\/wp-content\/uploads\/2023\/09\/tr118-copy.jpg","type":"image\/jpeg"}],"author":"\u0645\u0631\u0643\u0632 \u0627\u0644\u062d\u0648\u0627\u0631 \u0627\u0644\u0633\u0648\u0631\u064a","twitter_card":"summary_large_image","twitter_creator":"@Sydialogue","twitter_site":"@Sydialogue","twitter_misc":{"Yazan:":"\u0645\u0631\u0643\u0632 \u0627\u0644\u062d\u0648\u0627\u0631 \u0627\u0644\u0633\u0648\u0631\u064a","Tahmini okuma s\u00fcresi":"5 dakika"},"schema":{"@context":"https:\/\/schema.org","@graph":[{"@type":"WebPage","@id":"https:\/\/sydialogue.org\/tr\/suriyeliler-arasinda-toplumsal-guveni-artirma-mekanizmalari\/","url":"https:\/\/sydialogue.org\/tr\/suriyeliler-arasinda-toplumsal-guveni-artirma-mekanizmalari\/","name":"Suriyeliler Aras\u0131nda Toplumsal G\u00fcveni Art\u0131rma Mekanizmalar\u0131 - Suriye Diyalog Merkezi","isPartOf":{"@id":"https:\/\/sydialogue.org\/tr\/#website"},"primaryImageOfPage":{"@id":"https:\/\/sydialogue.org\/tr\/suriyeliler-arasinda-toplumsal-guveni-artirma-mekanizmalari\/#primaryimage"},"image":{"@id":"https:\/\/sydialogue.org\/tr\/suriyeliler-arasinda-toplumsal-guveni-artirma-mekanizmalari\/#primaryimage"},"thumbnailUrl":"https:\/\/egsaqtt58cu.exactdn.com\/wp-content\/uploads\/2023\/09\/tr118-copy.jpg?strip=all&lossy=1&ssl=1","datePublished":"2021-10-15T17:44:23+00:00","dateModified":"2023-09-03T17:50:14+00:00","author":{"@id":"https:\/\/sydialogue.org\/tr\/#\/schema\/person\/34a2994f7414cbc7ce06e08267c4944d"},"description":"Bu rapor, bir grup uzman ve ara\u015ft\u0131rmac\u0131n\u0131n, okuyuculara baz\u0131 taraflar\u0131n ve fakt\u00f6rlerin toplumsal g\u00fcveni in\u015fa etmeye y\u00f6nelik rollerini aktarmak \u00fczere geliyor.","breadcrumb":{"@id":"https:\/\/sydialogue.org\/tr\/suriyeliler-arasinda-toplumsal-guveni-artirma-mekanizmalari\/#breadcrumb"},"inLanguage":"tr","potentialAction":[{"@type":"ReadAction","target":["https:\/\/sydialogue.org\/tr\/suriyeliler-arasinda-toplumsal-guveni-artirma-mekanizmalari\/"]}]},{"@type":"ImageObject","inLanguage":"tr","@id":"https:\/\/sydialogue.org\/tr\/suriyeliler-arasinda-toplumsal-guveni-artirma-mekanizmalari\/#primaryimage","url":"https:\/\/egsaqtt58cu.exactdn.com\/wp-content\/uploads\/2023\/09\/tr118-copy.jpg?strip=all&lossy=1&ssl=1","contentUrl":"https:\/\/egsaqtt58cu.exactdn.com\/wp-content\/uploads\/2023\/09\/tr118-copy.jpg?strip=all&lossy=1&ssl=1","width":2308,"height":1159},{"@type":"BreadcrumbList","@id":"https:\/\/sydialogue.org\/tr\/suriyeliler-arasinda-toplumsal-guveni-artirma-mekanizmalari\/#breadcrumb","itemListElement":[{"@type":"ListItem","position":1,"name":"\u0627\u0644\u0631\u0626\u064a\u0633\u064a\u0629","item":"https:\/\/sydialogue.org\/tr\/"},{"@type":"ListItem","position":2,"name":"Suriyeliler Aras\u0131nda Toplumsal G\u00fcveni Art\u0131rma Mekanizmalar\u0131"}]},{"@type":"WebSite","@id":"https:\/\/sydialogue.org\/tr\/#website","url":"https:\/\/sydialogue.org\/tr\/","name":"\u0645\u0631\u0643\u0632 \u0627\u0644\u062d\u0648\u0627\u0631 \u0627\u0644\u0633\u0648\u0631\u064a","description":"Suriyeli bir sivil kurum, Suriye halk\u0131n\u0131 ilgilendiren konularda diyalo\u011fu canland\u0131rmay\u0131 ve harekete ge\u00e7irmeyi hedefliyor ve Suriyeliler aras\u0131nda ili\u015fkileri g\u00fc\u00e7lendirmeye ve i\u015fbirli\u011fi ve koordinasyonu harekete ge\u00e7irmeye \u00e7al\u0131\u015f\u0131yor.","potentialAction":[{"@type":"SearchAction","target":{"@type":"EntryPoint","urlTemplate":"https:\/\/sydialogue.org\/tr\/?s={search_term_string}"},"query-input":{"@type":"PropertyValueSpecification","valueRequired":true,"valueName":"search_term_string"}}],"inLanguage":"tr"},{"@type":"Person","@id":"https:\/\/sydialogue.org\/tr\/#\/schema\/person\/34a2994f7414cbc7ce06e08267c4944d","name":"\u0645\u0631\u0643\u0632 \u0627\u0644\u062d\u0648\u0627\u0631 \u0627\u0644\u0633\u0648\u0631\u064a","image":{"@type":"ImageObject","inLanguage":"tr","@id":"https:\/\/sydialogue.org\/tr\/#\/schema\/person\/image\/","url":"https:\/\/sydialogue.org\/wp-content\/uploads\/2023\/09\/\u0644\u0648\u063a\u0648-\u062e\u0644\u0641\u064a\u0629-\u0634\u0641\u0627\u0641\u0629-1.png","contentUrl":"https:\/\/sydialogue.org\/wp-content\/uploads\/2023\/09\/\u0644\u0648\u063a\u0648-\u062e\u0644\u0641\u064a\u0629-\u0634\u0641\u0627\u0641\u0629-1.png","caption":"\u0645\u0631\u0643\u0632 \u0627\u0644\u062d\u0648\u0627\u0631 \u0627\u0644\u0633\u0648\u0631\u064a"},"description":"\u0645\u0624\u0633\u0633\u0629 \u0628\u062d\u062b\u064a\u0629 \u0633\u0648\u0631\u064a\u0629 \u062a\u0633\u0639\u0649 \u0625\u0644\u0649 \u0627\u0644\u0625\u0633\u0647\u0627\u0645 \u0641\u064a \u0628\u0646\u0627\u0621 \u0627\u0644\u0631\u0624\u0649 \u0648\u0627\u0644\u0645\u0639\u0627\u0631\u0641 \u0628\u0645\u0627 \u064a\u0633\u0627\u0639\u062f \u0627\u0644\u0633\u0648\u0631\u064a\u064a\u0646 \u0639\u0644\u0649 \u0625\u0646\u0636\u0627\u062c \u062d\u0644\u0648\u0644 \u0639\u0645\u0644\u064a\u0629 \u0644\u0645\u0648\u0627\u062c\u0647\u0629 \u0627\u0644\u062a\u062d\u062f\u064a\u0627\u062a \u0627\u0644\u0648\u0637\u0646\u064a\u0629 \u0627\u0644\u0645\u0634\u062a\u0631\u0643\u0629 \u0648\u062a\u062d\u0642\u064a\u0642 \u0627\u0644\u062a\u0646\u0645\u064a\u0629 \u0627\u0644\u0645\u0633\u062a\u062f\u0627\u0645\u0629","sameAs":["http:\/\/sydialogue.org\/","Syrian Dialogue Center"],"url":"#molongui-disabled-link"}]}},"_links":{"self":[{"href":"https:\/\/sydialogue.org\/tr\/wp-json\/wp\/v2\/posts\/12492","targetHints":{"allow":["GET"]}}],"collection":[{"href":"https:\/\/sydialogue.org\/tr\/wp-json\/wp\/v2\/posts"}],"about":[{"href":"https:\/\/sydialogue.org\/tr\/wp-json\/wp\/v2\/types\/post"}],"author":[{"embeddable":true,"href":"https:\/\/sydialogue.org\/tr\/wp-json\/wp\/v2\/users\/1"}],"replies":[{"embeddable":true,"href":"https:\/\/sydialogue.org\/tr\/wp-json\/wp\/v2\/comments?post=12492"}],"version-history":[{"count":2,"href":"https:\/\/sydialogue.org\/tr\/wp-json\/wp\/v2\/posts\/12492\/revisions"}],"predecessor-version":[{"id":12497,"href":"https:\/\/sydialogue.org\/tr\/wp-json\/wp\/v2\/posts\/12492\/revisions\/12497"}],"wp:featuredmedia":[{"embeddable":true,"href":"https:\/\/sydialogue.org\/tr\/wp-json\/wp\/v2\/media\/12493"}],"wp:attachment":[{"href":"https:\/\/sydialogue.org\/tr\/wp-json\/wp\/v2\/media?parent=12492"}],"wp:term":[{"taxonomy":"category","embeddable":true,"href":"https:\/\/sydialogue.org\/tr\/wp-json\/wp\/v2\/categories?post=12492"},{"taxonomy":"post_tag","embeddable":true,"href":"https:\/\/sydialogue.org\/tr\/wp-json\/wp\/v2\/tags?post=12492"}],"curies":[{"name":"wp","href":"https:\/\/api.w.org\/{rel}","templated":true}]}}