{"id":12503,"date":"2021-10-18T21:03:39","date_gmt":"2021-10-18T18:03:39","guid":{"rendered":"http:\/\/sydialogue.org\/?p=12503"},"modified":"2023-09-03T21:09:22","modified_gmt":"2023-09-03T18:09:22","slug":"siyasi-durus-ile-bu-durusun-yaklasimi-arasindaki-iliskiler-suriye-devrim-ve-muhalefet-guclerine-yonelik-tutumlarin-durum-incelemesi","status":"publish","type":"post","link":"https:\/\/sydialogue.org\/tr\/siyasi-durus-ile-bu-durusun-yaklasimi-arasindaki-iliskiler-suriye-devrim-ve-muhalefet-guclerine-yonelik-tutumlarin-durum-incelemesi\/","title":{"rendered":"Siyasi Duru\u015f ile Bu Duru\u015fun Yakla\u015f\u0131m\u0131 Aras\u0131ndaki \u0130li\u015fkiler: Suriye Devrim ve Muhalefet G\u00fc\u00e7lerine Y\u00f6nelik Tutumlar\u0131n Durum \u0130ncelemesi"},"content":{"rendered":"<h2 dir=\"ltr\" style=\"text-align: justify;\"><span style=\"color: #333399;\"><strong>Giri\u015f:<\/strong><\/span><\/h2>\n<p dir=\"ltr\" style=\"text-align: justify;\">Ba\u015fta, devletin ulusal g\u00fcvenli\u011fini etkileyen temel ve stratejik konular olmak \u00fczere, \u00e7e\u015fitli siyasi g\u00fc\u00e7ler aras\u0131nda ulusal uzla\u015fman\u0131n \u00f6nemine ra\u011fmen, s\u00f6z konusu uzla\u015f\u0131 yine de bir istisna olarak kal\u0131yor ve mevcut taktiksel siyasi pozisyonlar \u00e7er\u00e7evesinde temel kaide olarak devam eden, pozisyonlardaki ihtilaf oluyor. E\u011fer istikrarl\u0131 \u00fclkeler s\u00f6z konusu oldu\u011funda bu sonu\u00e7 ge\u00e7erliyse, belki de \u015fu anda Suriye&#8217;de oldu\u011fu gibi istisnai durumlarda, devrim zamanlar\u0131nda ve ulusal kurtulu\u015f hallerinde durum farkl\u0131 g\u00f6r\u00fcnebilir. Sadece Suriye&#8217;nin gelece\u011fi, devletin \u015fekli ve kimli\u011fi gibi temel konularda de\u011fil, ayn\u0131 zamanda taktiksel siyasi pozisyonlar konusunda da b\u00fcy\u00fck oranlarda bir uzla\u015f\u0131ya ihtiya\u00e7 duyulmaktad\u0131r.<\/p>\n<p dir=\"ltr\" style=\"text-align: justify;\">2011&#8217;de Suriye devriminin patlak vermesinin ard\u0131ndan, siyasi g\u00fc\u00e7ler yap\u0131sal birle\u015fmeye (\u00f6rne\u011fin, Devrim ve Muhalefet G\u00fc\u00e7lerini temsil edecek bir &#8220;organ&#8221; olu\u015fturmak gibi) ula\u015fmak i\u00e7in s\u0131kl\u0131kla (objektif) tak\u0131nd\u0131klar\u0131 tutumlar\u0131 bir k\u0131lma \u00e7a\u011fr\u0131s\u0131nda bulundular. Ge\u00e7ti\u011fimiz on y\u0131lda bu hedef b\u00fcy\u00fck \u00f6l\u00e7\u00fcde ger\u00e7ekle\u015ftirilemedi. Bu durum, olay\u0131 g\u00f6zlemleyenler nezdinde, \u00e7aba ve tav\u0131rlar\u0131n birle\u015fmemesi ve bunun sonucunda bu temsili organa eri\u015fimin olmamas\u0131ndaki belirleyici fakt\u00f6rlerden birinin \u201cpozisyon farkl\u0131l\u0131\u011f\u0131\u201d oldu\u011fu y\u00f6n\u00fcnde genel bir izlenim olu\u015fturdu. Ancak bir yandan Devrim ve Muhalefet G\u00fc\u00e7lerinin, Ulusal Uzla\u015f\u0131 Endeksi&#8217;nde analize ve \u00f6l\u00e7\u00fcme konu olan olaylar kar\u015f\u0131s\u0131ndaki konumlar\u0131na, di\u011fer yandan birden fazla \u00e7al\u0131\u015fmayla ortaya konan t\u00fcz\u00fck ve vizyonlar\u0131na d\u00f6n\u00fck analitik bir \u00f6n bak\u0131\u015f ise aksini g\u00f6steriyor. Bir yandan g\u00fcncel olaylara, di\u011fer yandan \u00fclkenin gelece\u011fine ili\u015fkin taktiksel ve stratejik d\u00fczeylerde, tart\u0131\u015fmal\u0131 ve sorunlu noktalar\u0131n \u00fcstesinden gelmek i\u00e7in sa\u011flam bir zemin olu\u015fturabilecek b\u00fcy\u00fck oranda nesnel bir fikir birli\u011fi bulunmaktad\u0131r.<\/p>\n<p dir=\"ltr\" style=\"text-align: justify;\">Bununla birlikte, bir g\u00fcc\u00fcn veya ilgili bir taraf\u0131n siyasi bir olaya ili\u015fkin genel pozisyonuna \u0131\u015f\u0131k tutmak yeterli olmayabilir. \u00d6zellikle de siyasi pozisyonlar\u0131 \u201clehinde veya aleyhinde\u201d diye keskin bir \u015fekilde kategorize etmek \u00e7o\u011fu zaman zordur. Bunun aksine, genellikle aralar\u0131ndaki uzla\u015f\u0131 ve anla\u015fmazl\u0131k boyutunu test etmek i\u00e7in bu konumlar\u0131n daha fazla analiz edilmesini gerektirecek \u015fekilde &#8220;tarafs\u0131z, lehinde ama, aleyhinde ama, temkinli, \u015f\u00fcpheci vb.\u201d birden fazla yakla\u015f\u0131m oluyor.<\/p>\n<p dir=\"ltr\" style=\"text-align: justify;\">Bu noktadan hareketle, belgemiz iki hipotezi\/varsay\u0131m\u0131 test ediyor. Birincisi; ba\u011flam, hedefler, y\u00f6nlendirilmi\u015f mesajlar vb. a\u00e7\u0131lardan bu pozisyona ili\u015fkin genel olarak uzla\u015f\u0131 anlam\u0131na gelen, bir olaya y\u00f6nelik siyasi duru\u015ftaki uzla\u015f\u0131. \u0130kincisi; olay\u0131n sebeplerini, gerek\u00e7elerini, olay \u00fczerinden y\u00f6nlendirilmi\u015f mesajlar\u0131 vb. tespit etme a\u00e7\u0131lar\u0131ndan pozisyona ili\u015fkin anla\u015fmazl\u0131k anlam\u0131n\u0131 ta\u015f\u0131yan, bir olaya ili\u015fkin siyasi duru\u015ftaki ihtilaf.<\/p>\n<p dir=\"ltr\" style=\"text-align: justify;\">\u00c7al\u0131\u015fma, genellikle Ulusal Uzla\u015f\u0131 Endeksi arac\u0131l\u0131\u011f\u0131yla izlenen bu g\u00fc\u00e7lerin genel pozisyonlar\u0131 d\u0131\u015f\u0131nda, analize konu olan siyasi pozisyonlar\u0131n, aralar\u0131ndaki uzla\u015f\u0131 ve anla\u015fmazl\u0131k boyutunun belirlenmesine yard\u0131mc\u0131 olacak \u015fekilde daha derin okunmalar\u0131n\u0131 sa\u011flamay\u0131 ama\u00e7l\u0131yor.<\/p>\n<p dir=\"ltr\" style=\"text-align: justify;\">Bu makalenin \u00f6nemi, Devrim ve Muhalefet G\u00fc\u00e7lerinin siyasi pozisyonlar\u0131n\u0131n uzla\u015f\u0131 ve anla\u015fmazl\u0131k noktalar\u0131 cihetinden -genel d\u00fczeyde de\u011fil ayr\u0131nt\u0131l\u0131 ve do\u011fru bir \u015fekilde- \u00f6\u011frenilmesine katk\u0131da bulunmas\u0131ndan geliyor. Ayn\u0131 zamanda benzer siyasi pozisyonlardaki uzla\u015f\u0131 ve anla\u015fmazl\u0131k noktalar\u0131n\u0131 \u00f6nceden tahmin etmeye ve b\u00f6ylece sorunlu alanlar\u0131, taktiksel pozisyon d\u00fczeyinde -bu g\u00fc\u00e7lerin, bu sorunlu alanlar\u0131 a\u015fmas\u0131 ya da en az\u0131ndan y\u00f6netmesi i\u00e7in aralar\u0131nda ara diyaloglar kurmaya yarayacak \u015fekilde- titizlikle belirlemeye yard\u0131mc\u0131 olur.<\/p>\n<p dir=\"ltr\" style=\"text-align: justify;\"><a href=\"http:\/\/sydialogue.org\/%d8%a7%d9%84%d8%b9%d9%84%d8%a7%d9%82%d8%a9-%d8%a8%d9%8a%d9%86-%d8%a7%d9%84%d9%85%d9%88%d9%82%d9%81-%d8%a7%d9%84%d8%b3%d9%8a%d8%a7%d8%b3%d9%8a-%d9%88%d8%ad%d9%8a%d8%ab%d9%8a%d8%a7%d8%aa%d9%87%d8%8c\/\">Analitik makalenin tamam\u0131n\u0131 okumak i\u00e7in (Arap\u00e7a)<\/a><\/p>\n","protected":false},"excerpt":{"rendered":"<p>Bu makalenin \u00f6nemi, Devrim ve Muhalefet G\u00fc\u00e7lerinin siyasi pozisyonlar\u0131n\u0131n uzla\u015f\u0131 ve anla\u015fmazl\u0131k noktalar\u0131 y\u00f6n\u00fcnden, ayr\u0131nt\u0131l\u0131 ve do\u011fru bir \u015fekilde tan\u0131nmas\u0131na katk\u0131da bulunmas\u0131ndan kaynaklan\u0131yor.<\/p>\n","protected":false},"author":1,"featured_media":12504,"comment_status":"open","ping_status":"closed","sticky":false,"template":"","format":"standard","meta":{"_acf_changed":false,"footnotes":""},"categories":[78,92,49],"tags":[],"class_list":["post-12503","post","type-post","status-publish","format-standard","has-post-thumbnail","hentry","category-research-and-studies-tr","category-ortak-kimlik-ve-uzlasi-birimi","category-yayinlar"],"acf":[],"yoast_head":"<!-- This site is optimized with the Yoast SEO plugin v26.0 - https:\/\/yoast.com\/wordpress\/plugins\/seo\/ -->\n<title>Siyasi Duru\u015f ile Bu Duru\u015fun Yakla\u015f\u0131m\u0131 Aras\u0131ndaki \u0130li\u015fkiler: Suriye Devrim ve Muhalefet G\u00fc\u00e7lerine Y\u00f6nelik Tutumlar\u0131n Durum \u0130ncelemesi - Suriye Diyalog Merkezi<\/title>\n<meta name=\"description\" content=\"Bu makalenin \u00f6nemi, Devrim ve Muhalefet G\u00fc\u00e7lerinin siyasi pozisyonlar\u0131n\u0131n uzla\u015f\u0131 ve anla\u015fmazl\u0131k noktalar\u0131 y\u00f6n\u00fcnden, ayr\u0131nt\u0131l\u0131 ve do\u011fru bir \u015fekilde tan\u0131nmas\u0131na katk\u0131da bulunmas\u0131ndan kaynaklan\u0131yor.\" \/>\n<meta name=\"robots\" content=\"index, follow, max-snippet:-1, max-image-preview:large, max-video-preview:-1\" \/>\n<link rel=\"canonical\" href=\"https:\/\/sydialogue.org\/tr\/siyasi-durus-ile-bu-durusun-yaklasimi-arasindaki-iliskiler-suriye-devrim-ve-muhalefet-guclerine-yonelik-tutumlarin-durum-incelemesi\/\" \/>\n<meta property=\"og:locale\" content=\"tr_TR\" \/>\n<meta property=\"og:type\" content=\"article\" \/>\n<meta property=\"og:title\" content=\"Siyasi Duru\u015f ile Bu Duru\u015fun Yakla\u015f\u0131m\u0131 Aras\u0131ndaki \u0130li\u015fkiler: Suriye Devrim ve Muhalefet G\u00fc\u00e7lerine Y\u00f6nelik Tutumlar\u0131n Durum \u0130ncelemesi - Suriye Diyalog Merkezi\" \/>\n<meta property=\"og:description\" content=\"Bu makalenin \u00f6nemi, Devrim ve Muhalefet G\u00fc\u00e7lerinin siyasi pozisyonlar\u0131n\u0131n uzla\u015f\u0131 ve anla\u015fmazl\u0131k noktalar\u0131 y\u00f6n\u00fcnden, ayr\u0131nt\u0131l\u0131 ve do\u011fru bir \u015fekilde tan\u0131nmas\u0131na katk\u0131da bulunmas\u0131ndan kaynaklan\u0131yor.\" \/>\n<meta property=\"og:url\" content=\"https:\/\/sydialogue.org\/tr\/siyasi-durus-ile-bu-durusun-yaklasimi-arasindaki-iliskiler-suriye-devrim-ve-muhalefet-guclerine-yonelik-tutumlarin-durum-incelemesi\/\" \/>\n<meta property=\"og:site_name\" content=\"Suriye Diyalog Merkezi\" \/>\n<meta property=\"article:publisher\" content=\"https:\/\/www.facebook.com\/Sydialogue\" \/>\n<meta property=\"article:published_time\" content=\"2021-10-18T18:03:39+00:00\" \/>\n<meta property=\"article:modified_time\" content=\"2023-09-03T18:09:22+00:00\" \/>\n<meta property=\"og:image\" content=\"https:\/\/sydialogue.org\/wp-content\/uploads\/2023\/09\/tr120-copy.jpg\" \/>\n\t<meta property=\"og:image:width\" content=\"2308\" \/>\n\t<meta property=\"og:image:height\" content=\"1159\" \/>\n\t<meta property=\"og:image:type\" content=\"image\/jpeg\" \/>\n<meta name=\"author\" content=\"\u0645\u0631\u0643\u0632 \u0627\u0644\u062d\u0648\u0627\u0631 \u0627\u0644\u0633\u0648\u0631\u064a\" \/>\n<meta name=\"twitter:card\" content=\"summary_large_image\" \/>\n<meta name=\"twitter:creator\" content=\"@Sydialogue\" \/>\n<meta name=\"twitter:site\" content=\"@Sydialogue\" \/>\n<meta name=\"twitter:label1\" content=\"Yazan:\" \/>\n\t<meta name=\"twitter:data1\" content=\"\u0645\u0631\u0643\u0632 \u0627\u0644\u062d\u0648\u0627\u0631 \u0627\u0644\u0633\u0648\u0631\u064a\" \/>\n\t<meta name=\"twitter:label2\" content=\"Tahmini okuma s\u00fcresi\" \/>\n\t<meta name=\"twitter:data2\" content=\"4 dakika\" \/>\n<script type=\"application\/ld+json\" class=\"yoast-schema-graph\">{\"@context\":\"https:\/\/schema.org\",\"@graph\":[{\"@type\":\"WebPage\",\"@id\":\"https:\/\/sydialogue.org\/tr\/siyasi-durus-ile-bu-durusun-yaklasimi-arasindaki-iliskiler-suriye-devrim-ve-muhalefet-guclerine-yonelik-tutumlarin-durum-incelemesi\/\",\"url\":\"https:\/\/sydialogue.org\/tr\/siyasi-durus-ile-bu-durusun-yaklasimi-arasindaki-iliskiler-suriye-devrim-ve-muhalefet-guclerine-yonelik-tutumlarin-durum-incelemesi\/\",\"name\":\"Siyasi Duru\u015f ile Bu Duru\u015fun Yakla\u015f\u0131m\u0131 Aras\u0131ndaki \u0130li\u015fkiler: Suriye Devrim ve Muhalefet G\u00fc\u00e7lerine Y\u00f6nelik Tutumlar\u0131n Durum \u0130ncelemesi - Suriye Diyalog Merkezi\",\"isPartOf\":{\"@id\":\"https:\/\/sydialogue.org\/tr\/#website\"},\"primaryImageOfPage\":{\"@id\":\"https:\/\/sydialogue.org\/tr\/siyasi-durus-ile-bu-durusun-yaklasimi-arasindaki-iliskiler-suriye-devrim-ve-muhalefet-guclerine-yonelik-tutumlarin-durum-incelemesi\/#primaryimage\"},\"image\":{\"@id\":\"https:\/\/sydialogue.org\/tr\/siyasi-durus-ile-bu-durusun-yaklasimi-arasindaki-iliskiler-suriye-devrim-ve-muhalefet-guclerine-yonelik-tutumlarin-durum-incelemesi\/#primaryimage\"},\"thumbnailUrl\":\"https:\/\/egsaqtt58cu.exactdn.com\/wp-content\/uploads\/2023\/09\/tr120-copy.jpg?strip=all&lossy=1&ssl=1\",\"datePublished\":\"2021-10-18T18:03:39+00:00\",\"dateModified\":\"2023-09-03T18:09:22+00:00\",\"author\":{\"@id\":\"https:\/\/sydialogue.org\/tr\/#\/schema\/person\/34a2994f7414cbc7ce06e08267c4944d\"},\"description\":\"Bu makalenin \u00f6nemi, Devrim ve Muhalefet G\u00fc\u00e7lerinin siyasi pozisyonlar\u0131n\u0131n uzla\u015f\u0131 ve anla\u015fmazl\u0131k noktalar\u0131 y\u00f6n\u00fcnden, ayr\u0131nt\u0131l\u0131 ve do\u011fru bir \u015fekilde tan\u0131nmas\u0131na katk\u0131da bulunmas\u0131ndan kaynaklan\u0131yor.\",\"breadcrumb\":{\"@id\":\"https:\/\/sydialogue.org\/tr\/siyasi-durus-ile-bu-durusun-yaklasimi-arasindaki-iliskiler-suriye-devrim-ve-muhalefet-guclerine-yonelik-tutumlarin-durum-incelemesi\/#breadcrumb\"},\"inLanguage\":\"tr\",\"potentialAction\":[{\"@type\":\"ReadAction\",\"target\":[\"https:\/\/sydialogue.org\/tr\/siyasi-durus-ile-bu-durusun-yaklasimi-arasindaki-iliskiler-suriye-devrim-ve-muhalefet-guclerine-yonelik-tutumlarin-durum-incelemesi\/\"]}]},{\"@type\":\"ImageObject\",\"inLanguage\":\"tr\",\"@id\":\"https:\/\/sydialogue.org\/tr\/siyasi-durus-ile-bu-durusun-yaklasimi-arasindaki-iliskiler-suriye-devrim-ve-muhalefet-guclerine-yonelik-tutumlarin-durum-incelemesi\/#primaryimage\",\"url\":\"https:\/\/egsaqtt58cu.exactdn.com\/wp-content\/uploads\/2023\/09\/tr120-copy.jpg?strip=all&lossy=1&ssl=1\",\"contentUrl\":\"https:\/\/egsaqtt58cu.exactdn.com\/wp-content\/uploads\/2023\/09\/tr120-copy.jpg?strip=all&lossy=1&ssl=1\",\"width\":2308,\"height\":1159},{\"@type\":\"BreadcrumbList\",\"@id\":\"https:\/\/sydialogue.org\/tr\/siyasi-durus-ile-bu-durusun-yaklasimi-arasindaki-iliskiler-suriye-devrim-ve-muhalefet-guclerine-yonelik-tutumlarin-durum-incelemesi\/#breadcrumb\",\"itemListElement\":[{\"@type\":\"ListItem\",\"position\":1,\"name\":\"\u0627\u0644\u0631\u0626\u064a\u0633\u064a\u0629\",\"item\":\"https:\/\/sydialogue.org\/tr\/\"},{\"@type\":\"ListItem\",\"position\":2,\"name\":\"Siyasi Duru\u015f ile Bu Duru\u015fun Yakla\u015f\u0131m\u0131 Aras\u0131ndaki \u0130li\u015fkiler: Suriye Devrim ve Muhalefet G\u00fc\u00e7lerine Y\u00f6nelik Tutumlar\u0131n Durum \u0130ncelemesi\"}]},{\"@type\":\"WebSite\",\"@id\":\"https:\/\/sydialogue.org\/tr\/#website\",\"url\":\"https:\/\/sydialogue.org\/tr\/\",\"name\":\"\u0645\u0631\u0643\u0632 \u0627\u0644\u062d\u0648\u0627\u0631 \u0627\u0644\u0633\u0648\u0631\u064a\",\"description\":\"Suriyeli bir sivil kurum, Suriye halk\u0131n\u0131 ilgilendiren konularda diyalo\u011fu canland\u0131rmay\u0131 ve harekete ge\u00e7irmeyi hedefliyor ve Suriyeliler aras\u0131nda ili\u015fkileri g\u00fc\u00e7lendirmeye ve i\u015fbirli\u011fi ve koordinasyonu harekete ge\u00e7irmeye \u00e7al\u0131\u015f\u0131yor.\",\"potentialAction\":[{\"@type\":\"SearchAction\",\"target\":{\"@type\":\"EntryPoint\",\"urlTemplate\":\"https:\/\/sydialogue.org\/tr\/?s={search_term_string}\"},\"query-input\":{\"@type\":\"PropertyValueSpecification\",\"valueRequired\":true,\"valueName\":\"search_term_string\"}}],\"inLanguage\":\"tr\"},{\"@type\":\"Person\",\"@id\":\"https:\/\/sydialogue.org\/tr\/#\/schema\/person\/34a2994f7414cbc7ce06e08267c4944d\",\"name\":\"\u0645\u0631\u0643\u0632 \u0627\u0644\u062d\u0648\u0627\u0631 \u0627\u0644\u0633\u0648\u0631\u064a\",\"image\":{\"@type\":\"ImageObject\",\"inLanguage\":\"tr\",\"@id\":\"https:\/\/sydialogue.org\/tr\/#\/schema\/person\/image\/\",\"url\":\"https:\/\/sydialogue.org\/wp-content\/uploads\/2023\/09\/\u0644\u0648\u063a\u0648-\u062e\u0644\u0641\u064a\u0629-\u0634\u0641\u0627\u0641\u0629-1.png\",\"contentUrl\":\"https:\/\/sydialogue.org\/wp-content\/uploads\/2023\/09\/\u0644\u0648\u063a\u0648-\u062e\u0644\u0641\u064a\u0629-\u0634\u0641\u0627\u0641\u0629-1.png\",\"caption\":\"\u0645\u0631\u0643\u0632 \u0627\u0644\u062d\u0648\u0627\u0631 \u0627\u0644\u0633\u0648\u0631\u064a\"},\"description\":\"\u0645\u0624\u0633\u0633\u0629 \u0628\u062d\u062b\u064a\u0629 \u0633\u0648\u0631\u064a\u0629 \u062a\u0633\u0639\u0649 \u0625\u0644\u0649 \u0627\u0644\u0625\u0633\u0647\u0627\u0645 \u0641\u064a \u0628\u0646\u0627\u0621 \u0627\u0644\u0631\u0624\u0649 \u0648\u0627\u0644\u0645\u0639\u0627\u0631\u0641 \u0628\u0645\u0627 \u064a\u0633\u0627\u0639\u062f \u0627\u0644\u0633\u0648\u0631\u064a\u064a\u0646 \u0639\u0644\u0649 \u0625\u0646\u0636\u0627\u062c \u062d\u0644\u0648\u0644 \u0639\u0645\u0644\u064a\u0629 \u0644\u0645\u0648\u0627\u062c\u0647\u0629 \u0627\u0644\u062a\u062d\u062f\u064a\u0627\u062a \u0627\u0644\u0648\u0637\u0646\u064a\u0629 \u0627\u0644\u0645\u0634\u062a\u0631\u0643\u0629 \u0648\u062a\u062d\u0642\u064a\u0642 \u0627\u0644\u062a\u0646\u0645\u064a\u0629 \u0627\u0644\u0645\u0633\u062a\u062f\u0627\u0645\u0629\",\"sameAs\":[\"http:\/\/sydialogue.org\/\",\"Syrian Dialogue Center\"],\"url\":\"#molongui-disabled-link\"}]}<\/script>\n<!-- \/ Yoast SEO plugin. -->","yoast_head_json":{"title":"Siyasi Duru\u015f ile Bu Duru\u015fun Yakla\u015f\u0131m\u0131 Aras\u0131ndaki \u0130li\u015fkiler: Suriye Devrim ve Muhalefet G\u00fc\u00e7lerine Y\u00f6nelik Tutumlar\u0131n Durum \u0130ncelemesi - Suriye Diyalog Merkezi","description":"Bu makalenin \u00f6nemi, Devrim ve Muhalefet G\u00fc\u00e7lerinin siyasi pozisyonlar\u0131n\u0131n uzla\u015f\u0131 ve anla\u015fmazl\u0131k noktalar\u0131 y\u00f6n\u00fcnden, ayr\u0131nt\u0131l\u0131 ve do\u011fru bir \u015fekilde tan\u0131nmas\u0131na katk\u0131da bulunmas\u0131ndan kaynaklan\u0131yor.","robots":{"index":"index","follow":"follow","max-snippet":"max-snippet:-1","max-image-preview":"max-image-preview:large","max-video-preview":"max-video-preview:-1"},"canonical":"https:\/\/sydialogue.org\/tr\/siyasi-durus-ile-bu-durusun-yaklasimi-arasindaki-iliskiler-suriye-devrim-ve-muhalefet-guclerine-yonelik-tutumlarin-durum-incelemesi\/","og_locale":"tr_TR","og_type":"article","og_title":"Siyasi Duru\u015f ile Bu Duru\u015fun Yakla\u015f\u0131m\u0131 Aras\u0131ndaki \u0130li\u015fkiler: Suriye Devrim ve Muhalefet G\u00fc\u00e7lerine Y\u00f6nelik Tutumlar\u0131n Durum \u0130ncelemesi - Suriye Diyalog Merkezi","og_description":"Bu makalenin \u00f6nemi, Devrim ve Muhalefet G\u00fc\u00e7lerinin siyasi pozisyonlar\u0131n\u0131n uzla\u015f\u0131 ve anla\u015fmazl\u0131k noktalar\u0131 y\u00f6n\u00fcnden, ayr\u0131nt\u0131l\u0131 ve do\u011fru bir \u015fekilde tan\u0131nmas\u0131na katk\u0131da bulunmas\u0131ndan kaynaklan\u0131yor.","og_url":"https:\/\/sydialogue.org\/tr\/siyasi-durus-ile-bu-durusun-yaklasimi-arasindaki-iliskiler-suriye-devrim-ve-muhalefet-guclerine-yonelik-tutumlarin-durum-incelemesi\/","og_site_name":"Suriye Diyalog Merkezi","article_publisher":"https:\/\/www.facebook.com\/Sydialogue","article_published_time":"2021-10-18T18:03:39+00:00","article_modified_time":"2023-09-03T18:09:22+00:00","og_image":[{"width":2308,"height":1159,"url":"https:\/\/sydialogue.org\/wp-content\/uploads\/2023\/09\/tr120-copy.jpg","type":"image\/jpeg"}],"author":"\u0645\u0631\u0643\u0632 \u0627\u0644\u062d\u0648\u0627\u0631 \u0627\u0644\u0633\u0648\u0631\u064a","twitter_card":"summary_large_image","twitter_creator":"@Sydialogue","twitter_site":"@Sydialogue","twitter_misc":{"Yazan:":"\u0645\u0631\u0643\u0632 \u0627\u0644\u062d\u0648\u0627\u0631 \u0627\u0644\u0633\u0648\u0631\u064a","Tahmini okuma s\u00fcresi":"4 dakika"},"schema":{"@context":"https:\/\/schema.org","@graph":[{"@type":"WebPage","@id":"https:\/\/sydialogue.org\/tr\/siyasi-durus-ile-bu-durusun-yaklasimi-arasindaki-iliskiler-suriye-devrim-ve-muhalefet-guclerine-yonelik-tutumlarin-durum-incelemesi\/","url":"https:\/\/sydialogue.org\/tr\/siyasi-durus-ile-bu-durusun-yaklasimi-arasindaki-iliskiler-suriye-devrim-ve-muhalefet-guclerine-yonelik-tutumlarin-durum-incelemesi\/","name":"Siyasi Duru\u015f ile Bu Duru\u015fun Yakla\u015f\u0131m\u0131 Aras\u0131ndaki \u0130li\u015fkiler: Suriye Devrim ve Muhalefet G\u00fc\u00e7lerine Y\u00f6nelik Tutumlar\u0131n Durum \u0130ncelemesi - Suriye Diyalog Merkezi","isPartOf":{"@id":"https:\/\/sydialogue.org\/tr\/#website"},"primaryImageOfPage":{"@id":"https:\/\/sydialogue.org\/tr\/siyasi-durus-ile-bu-durusun-yaklasimi-arasindaki-iliskiler-suriye-devrim-ve-muhalefet-guclerine-yonelik-tutumlarin-durum-incelemesi\/#primaryimage"},"image":{"@id":"https:\/\/sydialogue.org\/tr\/siyasi-durus-ile-bu-durusun-yaklasimi-arasindaki-iliskiler-suriye-devrim-ve-muhalefet-guclerine-yonelik-tutumlarin-durum-incelemesi\/#primaryimage"},"thumbnailUrl":"https:\/\/egsaqtt58cu.exactdn.com\/wp-content\/uploads\/2023\/09\/tr120-copy.jpg?strip=all&lossy=1&ssl=1","datePublished":"2021-10-18T18:03:39+00:00","dateModified":"2023-09-03T18:09:22+00:00","author":{"@id":"https:\/\/sydialogue.org\/tr\/#\/schema\/person\/34a2994f7414cbc7ce06e08267c4944d"},"description":"Bu makalenin \u00f6nemi, Devrim ve Muhalefet G\u00fc\u00e7lerinin siyasi pozisyonlar\u0131n\u0131n uzla\u015f\u0131 ve anla\u015fmazl\u0131k noktalar\u0131 y\u00f6n\u00fcnden, ayr\u0131nt\u0131l\u0131 ve do\u011fru bir \u015fekilde tan\u0131nmas\u0131na katk\u0131da bulunmas\u0131ndan kaynaklan\u0131yor.","breadcrumb":{"@id":"https:\/\/sydialogue.org\/tr\/siyasi-durus-ile-bu-durusun-yaklasimi-arasindaki-iliskiler-suriye-devrim-ve-muhalefet-guclerine-yonelik-tutumlarin-durum-incelemesi\/#breadcrumb"},"inLanguage":"tr","potentialAction":[{"@type":"ReadAction","target":["https:\/\/sydialogue.org\/tr\/siyasi-durus-ile-bu-durusun-yaklasimi-arasindaki-iliskiler-suriye-devrim-ve-muhalefet-guclerine-yonelik-tutumlarin-durum-incelemesi\/"]}]},{"@type":"ImageObject","inLanguage":"tr","@id":"https:\/\/sydialogue.org\/tr\/siyasi-durus-ile-bu-durusun-yaklasimi-arasindaki-iliskiler-suriye-devrim-ve-muhalefet-guclerine-yonelik-tutumlarin-durum-incelemesi\/#primaryimage","url":"https:\/\/egsaqtt58cu.exactdn.com\/wp-content\/uploads\/2023\/09\/tr120-copy.jpg?strip=all&lossy=1&ssl=1","contentUrl":"https:\/\/egsaqtt58cu.exactdn.com\/wp-content\/uploads\/2023\/09\/tr120-copy.jpg?strip=all&lossy=1&ssl=1","width":2308,"height":1159},{"@type":"BreadcrumbList","@id":"https:\/\/sydialogue.org\/tr\/siyasi-durus-ile-bu-durusun-yaklasimi-arasindaki-iliskiler-suriye-devrim-ve-muhalefet-guclerine-yonelik-tutumlarin-durum-incelemesi\/#breadcrumb","itemListElement":[{"@type":"ListItem","position":1,"name":"\u0627\u0644\u0631\u0626\u064a\u0633\u064a\u0629","item":"https:\/\/sydialogue.org\/tr\/"},{"@type":"ListItem","position":2,"name":"Siyasi Duru\u015f ile Bu Duru\u015fun Yakla\u015f\u0131m\u0131 Aras\u0131ndaki \u0130li\u015fkiler: Suriye Devrim ve Muhalefet G\u00fc\u00e7lerine Y\u00f6nelik Tutumlar\u0131n Durum \u0130ncelemesi"}]},{"@type":"WebSite","@id":"https:\/\/sydialogue.org\/tr\/#website","url":"https:\/\/sydialogue.org\/tr\/","name":"\u0645\u0631\u0643\u0632 \u0627\u0644\u062d\u0648\u0627\u0631 \u0627\u0644\u0633\u0648\u0631\u064a","description":"Suriyeli bir sivil kurum, Suriye halk\u0131n\u0131 ilgilendiren konularda diyalo\u011fu canland\u0131rmay\u0131 ve harekete ge\u00e7irmeyi hedefliyor ve Suriyeliler aras\u0131nda ili\u015fkileri g\u00fc\u00e7lendirmeye ve i\u015fbirli\u011fi ve koordinasyonu harekete ge\u00e7irmeye \u00e7al\u0131\u015f\u0131yor.","potentialAction":[{"@type":"SearchAction","target":{"@type":"EntryPoint","urlTemplate":"https:\/\/sydialogue.org\/tr\/?s={search_term_string}"},"query-input":{"@type":"PropertyValueSpecification","valueRequired":true,"valueName":"search_term_string"}}],"inLanguage":"tr"},{"@type":"Person","@id":"https:\/\/sydialogue.org\/tr\/#\/schema\/person\/34a2994f7414cbc7ce06e08267c4944d","name":"\u0645\u0631\u0643\u0632 \u0627\u0644\u062d\u0648\u0627\u0631 \u0627\u0644\u0633\u0648\u0631\u064a","image":{"@type":"ImageObject","inLanguage":"tr","@id":"https:\/\/sydialogue.org\/tr\/#\/schema\/person\/image\/","url":"https:\/\/sydialogue.org\/wp-content\/uploads\/2023\/09\/\u0644\u0648\u063a\u0648-\u062e\u0644\u0641\u064a\u0629-\u0634\u0641\u0627\u0641\u0629-1.png","contentUrl":"https:\/\/sydialogue.org\/wp-content\/uploads\/2023\/09\/\u0644\u0648\u063a\u0648-\u062e\u0644\u0641\u064a\u0629-\u0634\u0641\u0627\u0641\u0629-1.png","caption":"\u0645\u0631\u0643\u0632 \u0627\u0644\u062d\u0648\u0627\u0631 \u0627\u0644\u0633\u0648\u0631\u064a"},"description":"\u0645\u0624\u0633\u0633\u0629 \u0628\u062d\u062b\u064a\u0629 \u0633\u0648\u0631\u064a\u0629 \u062a\u0633\u0639\u0649 \u0625\u0644\u0649 \u0627\u0644\u0625\u0633\u0647\u0627\u0645 \u0641\u064a \u0628\u0646\u0627\u0621 \u0627\u0644\u0631\u0624\u0649 \u0648\u0627\u0644\u0645\u0639\u0627\u0631\u0641 \u0628\u0645\u0627 \u064a\u0633\u0627\u0639\u062f \u0627\u0644\u0633\u0648\u0631\u064a\u064a\u0646 \u0639\u0644\u0649 \u0625\u0646\u0636\u0627\u062c \u062d\u0644\u0648\u0644 \u0639\u0645\u0644\u064a\u0629 \u0644\u0645\u0648\u0627\u062c\u0647\u0629 \u0627\u0644\u062a\u062d\u062f\u064a\u0627\u062a \u0627\u0644\u0648\u0637\u0646\u064a\u0629 \u0627\u0644\u0645\u0634\u062a\u0631\u0643\u0629 \u0648\u062a\u062d\u0642\u064a\u0642 \u0627\u0644\u062a\u0646\u0645\u064a\u0629 \u0627\u0644\u0645\u0633\u062a\u062f\u0627\u0645\u0629","sameAs":["http:\/\/sydialogue.org\/","Syrian Dialogue Center"],"url":"#molongui-disabled-link"}]}},"_links":{"self":[{"href":"https:\/\/sydialogue.org\/tr\/wp-json\/wp\/v2\/posts\/12503","targetHints":{"allow":["GET"]}}],"collection":[{"href":"https:\/\/sydialogue.org\/tr\/wp-json\/wp\/v2\/posts"}],"about":[{"href":"https:\/\/sydialogue.org\/tr\/wp-json\/wp\/v2\/types\/post"}],"author":[{"embeddable":true,"href":"https:\/\/sydialogue.org\/tr\/wp-json\/wp\/v2\/users\/1"}],"replies":[{"embeddable":true,"href":"https:\/\/sydialogue.org\/tr\/wp-json\/wp\/v2\/comments?post=12503"}],"version-history":[{"count":1,"href":"https:\/\/sydialogue.org\/tr\/wp-json\/wp\/v2\/posts\/12503\/revisions"}],"predecessor-version":[{"id":12507,"href":"https:\/\/sydialogue.org\/tr\/wp-json\/wp\/v2\/posts\/12503\/revisions\/12507"}],"wp:featuredmedia":[{"embeddable":true,"href":"https:\/\/sydialogue.org\/tr\/wp-json\/wp\/v2\/media\/12504"}],"wp:attachment":[{"href":"https:\/\/sydialogue.org\/tr\/wp-json\/wp\/v2\/media?parent=12503"}],"wp:term":[{"taxonomy":"category","embeddable":true,"href":"https:\/\/sydialogue.org\/tr\/wp-json\/wp\/v2\/categories?post=12503"},{"taxonomy":"post_tag","embeddable":true,"href":"https:\/\/sydialogue.org\/tr\/wp-json\/wp\/v2\/tags?post=12503"}],"curies":[{"name":"wp","href":"https:\/\/api.w.org\/{rel}","templated":true}]}}