{"id":12508,"date":"2021-09-21T21:10:42","date_gmt":"2021-09-21T18:10:42","guid":{"rendered":"http:\/\/sydialogue.org\/?p=12508"},"modified":"2023-09-03T21:16:33","modified_gmt":"2023-09-03T18:16:33","slug":"devrim-ve-muhalefet-guclerinin-pozisyonlarinda-uzlasi-ve-anlasmazlik-olgulari-bir-yilin-pozisyonlarinin-analizinden-ozetler","status":"publish","type":"post","link":"https:\/\/sydialogue.org\/tr\/devrim-ve-muhalefet-guclerinin-pozisyonlarinda-uzlasi-ve-anlasmazlik-olgulari-bir-yilin-pozisyonlarinin-analizinden-ozetler\/","title":{"rendered":"Devrim ve Muhalefet G\u00fc\u00e7lerinin Pozisyonlar\u0131nda Uzla\u015f\u0131 ve Anla\u015fmazl\u0131k Olgular\u0131: Bir Y\u0131l\u0131n Pozisyonlar\u0131n\u0131n Analizinden \u00d6zetler"},"content":{"rendered":"<h2 dir=\"ltr\" style=\"text-align: justify;\"><span style=\"color: #333399;\"><strong>\u00d6zet:<\/strong><\/span><\/h2>\n<p dir=\"ltr\" style=\"text-align: justify;\">Bu rapor, Suriye Diyalog Merkezi taraf\u0131ndan d\u00fczenlenen \u201cDevrim ve Muhalefet G\u00fc\u00e7lerinin Pozisyonlar\u0131nda Uzla\u015f\u0131 ve Anla\u015fmazl\u0131k Olgular\u0131: Bir Y\u0131l\u0131n Pozisyonlar\u0131n\u0131n Analizinden \u00d6zetler\u201d ba\u015fl\u0131kl\u0131 sempozyumun kat\u0131l\u0131mc\u0131lar\u0131 aras\u0131nda ya\u015fanan tart\u0131\u015fmalar\u0131 \u00f6zetlemektedir. Rapor yedi ana konuyu i\u00e7eriyor.<\/p>\n<p dir=\"ltr\" style=\"text-align: justify;\">\u0130lk ba\u015fl\u0131kta, \u00fczerine in\u015fa edilecek temel fikir olarak \u201csiyasi ge\u00e7i\u015f\u201d fikrinin merkezile\u015ftirilmesinin gereklili\u011fine dair bir tart\u0131\u015fma yer al\u0131yor. \u00d6yle ki siyasi s\u00fcre\u00e7 ve siyasi \u00e7\u00f6z\u00fcm terimlerinin ard\u0131na d\u00fc\u015f\u00fclmeden bu fikir \u00fczerine halk, medya ve siyaset a\u00e7\u0131s\u0131ndan odaklan\u0131lmas\u0131 \u00e7a\u011fr\u0131s\u0131 var. Bunun yan\u0131nda \u201csiyasi ge\u00e7i\u015f\u201d fikri etraf\u0131nda uzla\u015f\u0131n\u0131n tamamlanmas\u0131n\u0131n zarureti ve bu uzla\u015f\u0131 ger\u00e7ekle\u015fti\u011fi taktirde de gelecekteki Suriye i\u00e7in uzla\u015ft\u0131r\u0131c\u0131 vizyonlar in\u015fa etmek i\u00e7in \u00e7al\u0131\u015fman\u0131n gereklili\u011fi y\u00f6n\u00fcnde bir g\u00f6r\u00fc\u015f yer ald\u0131.<\/p>\n<p dir=\"ltr\" style=\"text-align: justify;\">\u0130kinci ba\u015fl\u0131kta, sadece siyasi \u00e7\u00f6z\u00fcm\u00fc i\u00e7erecek \u015fekilde de\u011fil ayn\u0131 zamanda \u00fclke ve co\u011frafya i\u00e7in ger\u00e7ek bir toparlanmaya odaklanacak \u015fekilde \u201culusal sorumluluk\u201d kavram\u0131n\u0131n yeniden geni\u015fletilmesi gereklili\u011fine yo\u011funla\u015f\u0131ld\u0131. Ayr\u0131ca, bu sorumluluk sadece siyasi kurumlar\u0131n de\u011fil, nerede olursa olsun Suriyeli bireylerin, resm\u00ee kurumlar\u0131n, sivil toplumun omuzlar\u0131na y\u00fcklenecek ve al\u0131nacak rollerde koordineli ve entegre olmay\u0131 gerektiren bir sorumluluktur.<\/p>\n<p dir=\"ltr\" style=\"text-align: justify;\">\u00dc\u00e7\u00fcnc\u00fc ba\u015fl\u0131kta, Devrimci ve Muhalefet G\u00fc\u00e7lerine ait kurumlar\u0131n; g\u00fc\u00e7 kartlar\u0131n\u0131n olmamas\u0131, olaylar\u0131n gidi\u015fat\u0131n\u0131 etkileme veya de\u011fi\u015ftirme g\u00fcc\u00fcn\u00fcn olmamas\u0131 ya da en az\u0131ndan kartlar\u0131 kar\u0131\u015ft\u0131rmaya bile g\u00fcc\u00fcn\u00fcn olmamas\u0131 nedeniyle, toplumla aras\u0131nda b\u00fcy\u00fck bir bo\u015flu\u011fa sebep olan \u201cdevrim ve muhalefet toplumunu temsil etme\u201d konusundaki zay\u0131fl\u0131\u011f\u0131na odaklanan tart\u0131\u015fmalara de\u011finildi. Tart\u0131\u015fmalar \u00e7o\u011fu zaman iki taraf aras\u0131ndaki tutum farkl\u0131l\u0131\u011f\u0131na var\u0131yor, bazen de her ekibin veya ki\u015finin kendi g\u00f6r\u00fc\u015f\u00fcn\u00fcn do\u011frulu\u011funu ve ge\u00e7erlili\u011fini kan\u0131tlama giri\u015fiminden kaynaklanan \u00e7eki\u015fmelere sahne oluyordu.<\/p>\n<p dir=\"ltr\" style=\"text-align: justify;\">D\u00f6rd\u00fcnc\u00fc ba\u015fl\u0131kta, Baas Partisi rejimi d\u00f6nemindeki siyasi duruma benzer bir duruma d\u00f6nmemek i\u00e7in Devrim ve Muhalefet G\u00fc\u00e7leri aras\u0131nda kal\u0131c\u0131 ve tam bir uzla\u015fman\u0131n talep edilmedi\u011fine i\u015faret edildi. Bu da i\u00e7indeki anla\u015fmazl\u0131\u011f\u0131n tehlike olu\u015fturdu\u011fu \u201cstratejik yol\u201d kapsam\u0131na al\u0131nabilecek baz\u0131 konularda fikir birli\u011finin gereklili\u011fini ortadan kald\u0131rm\u0131yor. Mevcut siyasi pozisyonlara ili\u015fkin taktiksel uzla\u015f\u0131 talebi ise yapmac\u0131k ve do\u011fas\u0131 gere\u011fi farkl\u0131l\u0131klar\u0131 kabul eden bu olaylar\u0131n do\u011fas\u0131na ayk\u0131r\u0131 olmaya devam ediyor.<\/p>\n<p dir=\"ltr\" style=\"text-align: justify;\">Be\u015finci ba\u015fl\u0131k, insani yard\u0131m kurulu\u015flar\u0131 ile Devrim ve Muhalefet G\u00fc\u00e7leri aras\u0131ndaki ili\u015fkiye at\u0131fta bulunuyor. Burada, kendilerini tarafs\u0131z olarak tan\u0131mlayan bir\u00e7ok Suriyeli insani yard\u0131m kurulu\u015funun, taraf tutmakla itham edilmeme ad\u0131na Suriyeli muhalif siyasi taraflarla koordine olmaktan ka\u00e7\u0131nd\u0131\u011f\u0131, bunun sonucunda da bu kurumlar aras\u0131ndaki koordinasyonun g\u00fc\u00e7l\u00fc olmas\u0131na ciddi manada ihtiya\u00e7 duyuldu\u011fu halde zay\u0131f kald\u0131\u011f\u0131 belirtildi.<\/p>\n<p dir=\"ltr\" style=\"text-align: justify;\">Alt\u0131nc\u0131 ba\u015fl\u0131k, Devrim ve Muhalefet G\u00fc\u00e7lerinin insan haklar\u0131 dosyas\u0131n\u0131 ele alma meselesine \u0131\u015f\u0131k tuttu. Esad rejimine ba\u011fl\u0131 baz\u0131 \u015fahsiyetlere y\u00f6nelik a\u00e7\u0131lan davalarda ya\u015fananlar\u0131n medya az yer almas\u0131 sebebiyle bu dosyayla etkile\u015fimde bir zay\u0131fl\u0131k oldu\u011funa dair bir a\u00e7\u0131klama getirildi. Ayr\u0131ca toplumun, hatta siyaset\u00e7iler gibi konuya vak\u0131f baz\u0131 gruplar\u0131n genel olarak insan haklar\u0131 \u00f6rg\u00fctlerine g\u00fcven eksikli\u011fi var. Zira, Esad rejimini i\u015fledi\u011fi su\u00e7lardan sorumlu tutma karar\u0131n\u0131n \u00f6ncelikle siyasi oldu\u011funa kanaat getiriyorlar.<\/p>\n<p dir=\"ltr\" style=\"text-align: justify;\">Yedinci ba\u015fl\u0131kta Devrim ve Muhalefet G\u00fc\u00e7leri nezdindeki \u201csessizlik olgusu\u201d tart\u0131\u015f\u0131ld\u0131. Resmi muhalefeti mutlak bir \u00e7aresizlik durumuna sokan ve \u00e7o\u011fu durumda salt ulusal \u00e7\u0131karlardan kaynaklanan herhangi bir \u00f6znel karar alamamas\u0131na yol a\u00e7an kimisi \u00f6znel kimisi nesnel nedenlerden dolay\u0131 bu olgunun do\u011fal olmad\u0131\u011f\u0131na i\u015faret edildi. Bu husus da onu Suriye dosyas\u0131ndaki aktif \u00fclkelerin kendisini kontrol etmesini kolayla\u015ft\u0131racak \u015fekilde son derece zay\u0131f bir duruma soktu.<\/p>\n<p dir=\"ltr\" style=\"text-align: justify;\"><a href=\"http:\/\/sydialogue.org\/%d8%a7%d9%84%d8%aa%d9%88%d8%a7%d9%81%d9%82-%d9%88%d8%a7%d9%84%d8%ae%d9%84%d8%a7%d9%81-%d9%81%d9%8a-%d9%85%d9%88%d8%a7%d9%82%d9%81-%d9%82%d9%88%d9%89-%d8%a7%d9%84%d8%ab%d9%88%d8%b1%d8%a9-%d9%88%d8%a7\/\">Raporun tamam\u0131n\u0131 okumak i\u00e7in (Arap\u00e7a)<\/a><\/p>\n","protected":false},"excerpt":{"rendered":"<p>Bu rapor, Devrim ve Muhalefet G\u00fc\u00e7lerinin pozisyonlar\u0131ndaki uzla\u015f\u0131 ve anla\u015fmazl\u0131k noktalar\u0131na y\u00f6nelik, bir grup uzman\u0131n ve ara\u015ft\u0131rmac\u0131n\u0131n g\u00f6r\u00fc\u015flerini okuyucuya aktarmak i\u00e7in haz\u0131rland\u0131.<\/p>\n","protected":false},"author":1,"featured_media":12509,"comment_status":"open","ping_status":"closed","sticky":false,"template":"","format":"standard","meta":{"_acf_changed":false,"footnotes":""},"categories":[54,92,49],"tags":[],"class_list":["post-12508","post","type-post","status-publish","format-standard","has-post-thumbnail","hentry","category-gelisim-raporlar","category-ortak-kimlik-ve-uzlasi-birimi","category-yayinlar"],"acf":[],"yoast_head":"<!-- This site is optimized with the Yoast SEO plugin v26.0 - https:\/\/yoast.com\/wordpress\/plugins\/seo\/ -->\n<title>Devrim ve Muhalefet G\u00fc\u00e7lerinin Pozisyonlar\u0131nda Uzla\u015f\u0131 ve Anla\u015fmazl\u0131k Olgular\u0131: Bir Y\u0131l\u0131n Pozisyonlar\u0131n\u0131n Analizinden \u00d6zetler - Suriye Diyalog Merkezi<\/title>\n<meta name=\"description\" content=\"Bu rapor, Devrim ve Muhalefet G\u00fc\u00e7lerinin pozisyonlar\u0131ndaki uzla\u015f\u0131 ve anla\u015fmazl\u0131k noktalar\u0131na y\u00f6nelik, bir grup uzman\u0131n ve ara\u015ft\u0131rmac\u0131n\u0131n g\u00f6r\u00fc\u015flerini okuyucuya aktarmak i\u00e7in haz\u0131rland\u0131.\" \/>\n<meta name=\"robots\" content=\"index, follow, max-snippet:-1, max-image-preview:large, max-video-preview:-1\" \/>\n<link rel=\"canonical\" href=\"https:\/\/sydialogue.org\/tr\/devrim-ve-muhalefet-guclerinin-pozisyonlarinda-uzlasi-ve-anlasmazlik-olgulari-bir-yilin-pozisyonlarinin-analizinden-ozetler\/\" \/>\n<meta property=\"og:locale\" content=\"tr_TR\" \/>\n<meta property=\"og:type\" content=\"article\" \/>\n<meta property=\"og:title\" content=\"Devrim ve Muhalefet G\u00fc\u00e7lerinin Pozisyonlar\u0131nda Uzla\u015f\u0131 ve Anla\u015fmazl\u0131k Olgular\u0131: Bir Y\u0131l\u0131n Pozisyonlar\u0131n\u0131n Analizinden \u00d6zetler - Suriye Diyalog Merkezi\" \/>\n<meta property=\"og:description\" content=\"Bu rapor, Devrim ve Muhalefet G\u00fc\u00e7lerinin pozisyonlar\u0131ndaki uzla\u015f\u0131 ve anla\u015fmazl\u0131k noktalar\u0131na y\u00f6nelik, bir grup uzman\u0131n ve ara\u015ft\u0131rmac\u0131n\u0131n g\u00f6r\u00fc\u015flerini okuyucuya aktarmak i\u00e7in haz\u0131rland\u0131.\" \/>\n<meta property=\"og:url\" content=\"https:\/\/sydialogue.org\/tr\/devrim-ve-muhalefet-guclerinin-pozisyonlarinda-uzlasi-ve-anlasmazlik-olgulari-bir-yilin-pozisyonlarinin-analizinden-ozetler\/\" \/>\n<meta property=\"og:site_name\" content=\"Suriye Diyalog Merkezi\" \/>\n<meta property=\"article:publisher\" content=\"https:\/\/www.facebook.com\/Sydialogue\" \/>\n<meta property=\"article:published_time\" content=\"2021-09-21T18:10:42+00:00\" \/>\n<meta property=\"article:modified_time\" content=\"2023-09-03T18:16:33+00:00\" \/>\n<meta property=\"og:image\" content=\"https:\/\/sydialogue.org\/wp-content\/uploads\/2023\/09\/tr121-copy.jpg\" \/>\n\t<meta property=\"og:image:width\" content=\"2308\" \/>\n\t<meta property=\"og:image:height\" content=\"1159\" \/>\n\t<meta property=\"og:image:type\" content=\"image\/jpeg\" \/>\n<meta name=\"author\" content=\"\u0645\u0631\u0643\u0632 \u0627\u0644\u062d\u0648\u0627\u0631 \u0627\u0644\u0633\u0648\u0631\u064a\" \/>\n<meta name=\"twitter:card\" content=\"summary_large_image\" \/>\n<meta name=\"twitter:creator\" content=\"@Sydialogue\" \/>\n<meta name=\"twitter:site\" content=\"@Sydialogue\" \/>\n<meta name=\"twitter:label1\" content=\"Yazan:\" \/>\n\t<meta name=\"twitter:data1\" content=\"\u0645\u0631\u0643\u0632 \u0627\u0644\u062d\u0648\u0627\u0631 \u0627\u0644\u0633\u0648\u0631\u064a\" \/>\n\t<meta name=\"twitter:label2\" content=\"Tahmini okuma s\u00fcresi\" \/>\n\t<meta name=\"twitter:data2\" content=\"4 dakika\" \/>\n<script type=\"application\/ld+json\" class=\"yoast-schema-graph\">{\"@context\":\"https:\/\/schema.org\",\"@graph\":[{\"@type\":\"WebPage\",\"@id\":\"https:\/\/sydialogue.org\/tr\/devrim-ve-muhalefet-guclerinin-pozisyonlarinda-uzlasi-ve-anlasmazlik-olgulari-bir-yilin-pozisyonlarinin-analizinden-ozetler\/\",\"url\":\"https:\/\/sydialogue.org\/tr\/devrim-ve-muhalefet-guclerinin-pozisyonlarinda-uzlasi-ve-anlasmazlik-olgulari-bir-yilin-pozisyonlarinin-analizinden-ozetler\/\",\"name\":\"Devrim ve Muhalefet G\u00fc\u00e7lerinin Pozisyonlar\u0131nda Uzla\u015f\u0131 ve Anla\u015fmazl\u0131k Olgular\u0131: Bir Y\u0131l\u0131n Pozisyonlar\u0131n\u0131n Analizinden \u00d6zetler - Suriye Diyalog Merkezi\",\"isPartOf\":{\"@id\":\"https:\/\/sydialogue.org\/tr\/#website\"},\"primaryImageOfPage\":{\"@id\":\"https:\/\/sydialogue.org\/tr\/devrim-ve-muhalefet-guclerinin-pozisyonlarinda-uzlasi-ve-anlasmazlik-olgulari-bir-yilin-pozisyonlarinin-analizinden-ozetler\/#primaryimage\"},\"image\":{\"@id\":\"https:\/\/sydialogue.org\/tr\/devrim-ve-muhalefet-guclerinin-pozisyonlarinda-uzlasi-ve-anlasmazlik-olgulari-bir-yilin-pozisyonlarinin-analizinden-ozetler\/#primaryimage\"},\"thumbnailUrl\":\"https:\/\/egsaqtt58cu.exactdn.com\/wp-content\/uploads\/2023\/09\/tr121-copy.jpg?strip=all&lossy=1&ssl=1\",\"datePublished\":\"2021-09-21T18:10:42+00:00\",\"dateModified\":\"2023-09-03T18:16:33+00:00\",\"author\":{\"@id\":\"https:\/\/sydialogue.org\/tr\/#\/schema\/person\/34a2994f7414cbc7ce06e08267c4944d\"},\"description\":\"Bu rapor, Devrim ve Muhalefet G\u00fc\u00e7lerinin pozisyonlar\u0131ndaki uzla\u015f\u0131 ve anla\u015fmazl\u0131k noktalar\u0131na y\u00f6nelik, bir grup uzman\u0131n ve ara\u015ft\u0131rmac\u0131n\u0131n g\u00f6r\u00fc\u015flerini okuyucuya aktarmak i\u00e7in haz\u0131rland\u0131.\",\"breadcrumb\":{\"@id\":\"https:\/\/sydialogue.org\/tr\/devrim-ve-muhalefet-guclerinin-pozisyonlarinda-uzlasi-ve-anlasmazlik-olgulari-bir-yilin-pozisyonlarinin-analizinden-ozetler\/#breadcrumb\"},\"inLanguage\":\"tr\",\"potentialAction\":[{\"@type\":\"ReadAction\",\"target\":[\"https:\/\/sydialogue.org\/tr\/devrim-ve-muhalefet-guclerinin-pozisyonlarinda-uzlasi-ve-anlasmazlik-olgulari-bir-yilin-pozisyonlarinin-analizinden-ozetler\/\"]}]},{\"@type\":\"ImageObject\",\"inLanguage\":\"tr\",\"@id\":\"https:\/\/sydialogue.org\/tr\/devrim-ve-muhalefet-guclerinin-pozisyonlarinda-uzlasi-ve-anlasmazlik-olgulari-bir-yilin-pozisyonlarinin-analizinden-ozetler\/#primaryimage\",\"url\":\"https:\/\/egsaqtt58cu.exactdn.com\/wp-content\/uploads\/2023\/09\/tr121-copy.jpg?strip=all&lossy=1&ssl=1\",\"contentUrl\":\"https:\/\/egsaqtt58cu.exactdn.com\/wp-content\/uploads\/2023\/09\/tr121-copy.jpg?strip=all&lossy=1&ssl=1\",\"width\":2308,\"height\":1159},{\"@type\":\"BreadcrumbList\",\"@id\":\"https:\/\/sydialogue.org\/tr\/devrim-ve-muhalefet-guclerinin-pozisyonlarinda-uzlasi-ve-anlasmazlik-olgulari-bir-yilin-pozisyonlarinin-analizinden-ozetler\/#breadcrumb\",\"itemListElement\":[{\"@type\":\"ListItem\",\"position\":1,\"name\":\"\u0627\u0644\u0631\u0626\u064a\u0633\u064a\u0629\",\"item\":\"https:\/\/sydialogue.org\/tr\/\"},{\"@type\":\"ListItem\",\"position\":2,\"name\":\"Devrim ve Muhalefet G\u00fc\u00e7lerinin Pozisyonlar\u0131nda Uzla\u015f\u0131 ve Anla\u015fmazl\u0131k Olgular\u0131: Bir Y\u0131l\u0131n Pozisyonlar\u0131n\u0131n Analizinden \u00d6zetler\"}]},{\"@type\":\"WebSite\",\"@id\":\"https:\/\/sydialogue.org\/tr\/#website\",\"url\":\"https:\/\/sydialogue.org\/tr\/\",\"name\":\"\u0645\u0631\u0643\u0632 \u0627\u0644\u062d\u0648\u0627\u0631 \u0627\u0644\u0633\u0648\u0631\u064a\",\"description\":\"Suriyeli bir sivil kurum, Suriye halk\u0131n\u0131 ilgilendiren konularda diyalo\u011fu canland\u0131rmay\u0131 ve harekete ge\u00e7irmeyi hedefliyor ve Suriyeliler aras\u0131nda ili\u015fkileri g\u00fc\u00e7lendirmeye ve i\u015fbirli\u011fi ve koordinasyonu harekete ge\u00e7irmeye \u00e7al\u0131\u015f\u0131yor.\",\"potentialAction\":[{\"@type\":\"SearchAction\",\"target\":{\"@type\":\"EntryPoint\",\"urlTemplate\":\"https:\/\/sydialogue.org\/tr\/?s={search_term_string}\"},\"query-input\":{\"@type\":\"PropertyValueSpecification\",\"valueRequired\":true,\"valueName\":\"search_term_string\"}}],\"inLanguage\":\"tr\"},{\"@type\":\"Person\",\"@id\":\"https:\/\/sydialogue.org\/tr\/#\/schema\/person\/34a2994f7414cbc7ce06e08267c4944d\",\"name\":\"\u0645\u0631\u0643\u0632 \u0627\u0644\u062d\u0648\u0627\u0631 \u0627\u0644\u0633\u0648\u0631\u064a\",\"image\":{\"@type\":\"ImageObject\",\"inLanguage\":\"tr\",\"@id\":\"https:\/\/sydialogue.org\/tr\/#\/schema\/person\/image\/\",\"url\":\"https:\/\/sydialogue.org\/wp-content\/uploads\/2023\/09\/\u0644\u0648\u063a\u0648-\u062e\u0644\u0641\u064a\u0629-\u0634\u0641\u0627\u0641\u0629-1.png\",\"contentUrl\":\"https:\/\/sydialogue.org\/wp-content\/uploads\/2023\/09\/\u0644\u0648\u063a\u0648-\u062e\u0644\u0641\u064a\u0629-\u0634\u0641\u0627\u0641\u0629-1.png\",\"caption\":\"\u0645\u0631\u0643\u0632 \u0627\u0644\u062d\u0648\u0627\u0631 \u0627\u0644\u0633\u0648\u0631\u064a\"},\"description\":\"\u0645\u0624\u0633\u0633\u0629 \u0628\u062d\u062b\u064a\u0629 \u0633\u0648\u0631\u064a\u0629 \u062a\u0633\u0639\u0649 \u0625\u0644\u0649 \u0627\u0644\u0625\u0633\u0647\u0627\u0645 \u0641\u064a \u0628\u0646\u0627\u0621 \u0627\u0644\u0631\u0624\u0649 \u0648\u0627\u0644\u0645\u0639\u0627\u0631\u0641 \u0628\u0645\u0627 \u064a\u0633\u0627\u0639\u062f \u0627\u0644\u0633\u0648\u0631\u064a\u064a\u0646 \u0639\u0644\u0649 \u0625\u0646\u0636\u0627\u062c \u062d\u0644\u0648\u0644 \u0639\u0645\u0644\u064a\u0629 \u0644\u0645\u0648\u0627\u062c\u0647\u0629 \u0627\u0644\u062a\u062d\u062f\u064a\u0627\u062a \u0627\u0644\u0648\u0637\u0646\u064a\u0629 \u0627\u0644\u0645\u0634\u062a\u0631\u0643\u0629 \u0648\u062a\u062d\u0642\u064a\u0642 \u0627\u0644\u062a\u0646\u0645\u064a\u0629 \u0627\u0644\u0645\u0633\u062a\u062f\u0627\u0645\u0629\",\"sameAs\":[\"http:\/\/sydialogue.org\/\",\"Syrian Dialogue Center\"],\"url\":\"#molongui-disabled-link\"}]}<\/script>\n<!-- \/ Yoast SEO plugin. -->","yoast_head_json":{"title":"Devrim ve Muhalefet G\u00fc\u00e7lerinin Pozisyonlar\u0131nda Uzla\u015f\u0131 ve Anla\u015fmazl\u0131k Olgular\u0131: Bir Y\u0131l\u0131n Pozisyonlar\u0131n\u0131n Analizinden \u00d6zetler - Suriye Diyalog Merkezi","description":"Bu rapor, Devrim ve Muhalefet G\u00fc\u00e7lerinin pozisyonlar\u0131ndaki uzla\u015f\u0131 ve anla\u015fmazl\u0131k noktalar\u0131na y\u00f6nelik, bir grup uzman\u0131n ve ara\u015ft\u0131rmac\u0131n\u0131n g\u00f6r\u00fc\u015flerini okuyucuya aktarmak i\u00e7in haz\u0131rland\u0131.","robots":{"index":"index","follow":"follow","max-snippet":"max-snippet:-1","max-image-preview":"max-image-preview:large","max-video-preview":"max-video-preview:-1"},"canonical":"https:\/\/sydialogue.org\/tr\/devrim-ve-muhalefet-guclerinin-pozisyonlarinda-uzlasi-ve-anlasmazlik-olgulari-bir-yilin-pozisyonlarinin-analizinden-ozetler\/","og_locale":"tr_TR","og_type":"article","og_title":"Devrim ve Muhalefet G\u00fc\u00e7lerinin Pozisyonlar\u0131nda Uzla\u015f\u0131 ve Anla\u015fmazl\u0131k Olgular\u0131: Bir Y\u0131l\u0131n Pozisyonlar\u0131n\u0131n Analizinden \u00d6zetler - Suriye Diyalog Merkezi","og_description":"Bu rapor, Devrim ve Muhalefet G\u00fc\u00e7lerinin pozisyonlar\u0131ndaki uzla\u015f\u0131 ve anla\u015fmazl\u0131k noktalar\u0131na y\u00f6nelik, bir grup uzman\u0131n ve ara\u015ft\u0131rmac\u0131n\u0131n g\u00f6r\u00fc\u015flerini okuyucuya aktarmak i\u00e7in haz\u0131rland\u0131.","og_url":"https:\/\/sydialogue.org\/tr\/devrim-ve-muhalefet-guclerinin-pozisyonlarinda-uzlasi-ve-anlasmazlik-olgulari-bir-yilin-pozisyonlarinin-analizinden-ozetler\/","og_site_name":"Suriye Diyalog Merkezi","article_publisher":"https:\/\/www.facebook.com\/Sydialogue","article_published_time":"2021-09-21T18:10:42+00:00","article_modified_time":"2023-09-03T18:16:33+00:00","og_image":[{"width":2308,"height":1159,"url":"https:\/\/sydialogue.org\/wp-content\/uploads\/2023\/09\/tr121-copy.jpg","type":"image\/jpeg"}],"author":"\u0645\u0631\u0643\u0632 \u0627\u0644\u062d\u0648\u0627\u0631 \u0627\u0644\u0633\u0648\u0631\u064a","twitter_card":"summary_large_image","twitter_creator":"@Sydialogue","twitter_site":"@Sydialogue","twitter_misc":{"Yazan:":"\u0645\u0631\u0643\u0632 \u0627\u0644\u062d\u0648\u0627\u0631 \u0627\u0644\u0633\u0648\u0631\u064a","Tahmini okuma s\u00fcresi":"4 dakika"},"schema":{"@context":"https:\/\/schema.org","@graph":[{"@type":"WebPage","@id":"https:\/\/sydialogue.org\/tr\/devrim-ve-muhalefet-guclerinin-pozisyonlarinda-uzlasi-ve-anlasmazlik-olgulari-bir-yilin-pozisyonlarinin-analizinden-ozetler\/","url":"https:\/\/sydialogue.org\/tr\/devrim-ve-muhalefet-guclerinin-pozisyonlarinda-uzlasi-ve-anlasmazlik-olgulari-bir-yilin-pozisyonlarinin-analizinden-ozetler\/","name":"Devrim ve Muhalefet G\u00fc\u00e7lerinin Pozisyonlar\u0131nda Uzla\u015f\u0131 ve Anla\u015fmazl\u0131k Olgular\u0131: Bir Y\u0131l\u0131n Pozisyonlar\u0131n\u0131n Analizinden \u00d6zetler - Suriye Diyalog Merkezi","isPartOf":{"@id":"https:\/\/sydialogue.org\/tr\/#website"},"primaryImageOfPage":{"@id":"https:\/\/sydialogue.org\/tr\/devrim-ve-muhalefet-guclerinin-pozisyonlarinda-uzlasi-ve-anlasmazlik-olgulari-bir-yilin-pozisyonlarinin-analizinden-ozetler\/#primaryimage"},"image":{"@id":"https:\/\/sydialogue.org\/tr\/devrim-ve-muhalefet-guclerinin-pozisyonlarinda-uzlasi-ve-anlasmazlik-olgulari-bir-yilin-pozisyonlarinin-analizinden-ozetler\/#primaryimage"},"thumbnailUrl":"https:\/\/egsaqtt58cu.exactdn.com\/wp-content\/uploads\/2023\/09\/tr121-copy.jpg?strip=all&lossy=1&ssl=1","datePublished":"2021-09-21T18:10:42+00:00","dateModified":"2023-09-03T18:16:33+00:00","author":{"@id":"https:\/\/sydialogue.org\/tr\/#\/schema\/person\/34a2994f7414cbc7ce06e08267c4944d"},"description":"Bu rapor, Devrim ve Muhalefet G\u00fc\u00e7lerinin pozisyonlar\u0131ndaki uzla\u015f\u0131 ve anla\u015fmazl\u0131k noktalar\u0131na y\u00f6nelik, bir grup uzman\u0131n ve ara\u015ft\u0131rmac\u0131n\u0131n g\u00f6r\u00fc\u015flerini okuyucuya aktarmak i\u00e7in haz\u0131rland\u0131.","breadcrumb":{"@id":"https:\/\/sydialogue.org\/tr\/devrim-ve-muhalefet-guclerinin-pozisyonlarinda-uzlasi-ve-anlasmazlik-olgulari-bir-yilin-pozisyonlarinin-analizinden-ozetler\/#breadcrumb"},"inLanguage":"tr","potentialAction":[{"@type":"ReadAction","target":["https:\/\/sydialogue.org\/tr\/devrim-ve-muhalefet-guclerinin-pozisyonlarinda-uzlasi-ve-anlasmazlik-olgulari-bir-yilin-pozisyonlarinin-analizinden-ozetler\/"]}]},{"@type":"ImageObject","inLanguage":"tr","@id":"https:\/\/sydialogue.org\/tr\/devrim-ve-muhalefet-guclerinin-pozisyonlarinda-uzlasi-ve-anlasmazlik-olgulari-bir-yilin-pozisyonlarinin-analizinden-ozetler\/#primaryimage","url":"https:\/\/egsaqtt58cu.exactdn.com\/wp-content\/uploads\/2023\/09\/tr121-copy.jpg?strip=all&lossy=1&ssl=1","contentUrl":"https:\/\/egsaqtt58cu.exactdn.com\/wp-content\/uploads\/2023\/09\/tr121-copy.jpg?strip=all&lossy=1&ssl=1","width":2308,"height":1159},{"@type":"BreadcrumbList","@id":"https:\/\/sydialogue.org\/tr\/devrim-ve-muhalefet-guclerinin-pozisyonlarinda-uzlasi-ve-anlasmazlik-olgulari-bir-yilin-pozisyonlarinin-analizinden-ozetler\/#breadcrumb","itemListElement":[{"@type":"ListItem","position":1,"name":"\u0627\u0644\u0631\u0626\u064a\u0633\u064a\u0629","item":"https:\/\/sydialogue.org\/tr\/"},{"@type":"ListItem","position":2,"name":"Devrim ve Muhalefet G\u00fc\u00e7lerinin Pozisyonlar\u0131nda Uzla\u015f\u0131 ve Anla\u015fmazl\u0131k Olgular\u0131: Bir Y\u0131l\u0131n Pozisyonlar\u0131n\u0131n Analizinden \u00d6zetler"}]},{"@type":"WebSite","@id":"https:\/\/sydialogue.org\/tr\/#website","url":"https:\/\/sydialogue.org\/tr\/","name":"\u0645\u0631\u0643\u0632 \u0627\u0644\u062d\u0648\u0627\u0631 \u0627\u0644\u0633\u0648\u0631\u064a","description":"Suriyeli bir sivil kurum, Suriye halk\u0131n\u0131 ilgilendiren konularda diyalo\u011fu canland\u0131rmay\u0131 ve harekete ge\u00e7irmeyi hedefliyor ve Suriyeliler aras\u0131nda ili\u015fkileri g\u00fc\u00e7lendirmeye ve i\u015fbirli\u011fi ve koordinasyonu harekete ge\u00e7irmeye \u00e7al\u0131\u015f\u0131yor.","potentialAction":[{"@type":"SearchAction","target":{"@type":"EntryPoint","urlTemplate":"https:\/\/sydialogue.org\/tr\/?s={search_term_string}"},"query-input":{"@type":"PropertyValueSpecification","valueRequired":true,"valueName":"search_term_string"}}],"inLanguage":"tr"},{"@type":"Person","@id":"https:\/\/sydialogue.org\/tr\/#\/schema\/person\/34a2994f7414cbc7ce06e08267c4944d","name":"\u0645\u0631\u0643\u0632 \u0627\u0644\u062d\u0648\u0627\u0631 \u0627\u0644\u0633\u0648\u0631\u064a","image":{"@type":"ImageObject","inLanguage":"tr","@id":"https:\/\/sydialogue.org\/tr\/#\/schema\/person\/image\/","url":"https:\/\/sydialogue.org\/wp-content\/uploads\/2023\/09\/\u0644\u0648\u063a\u0648-\u062e\u0644\u0641\u064a\u0629-\u0634\u0641\u0627\u0641\u0629-1.png","contentUrl":"https:\/\/sydialogue.org\/wp-content\/uploads\/2023\/09\/\u0644\u0648\u063a\u0648-\u062e\u0644\u0641\u064a\u0629-\u0634\u0641\u0627\u0641\u0629-1.png","caption":"\u0645\u0631\u0643\u0632 \u0627\u0644\u062d\u0648\u0627\u0631 \u0627\u0644\u0633\u0648\u0631\u064a"},"description":"\u0645\u0624\u0633\u0633\u0629 \u0628\u062d\u062b\u064a\u0629 \u0633\u0648\u0631\u064a\u0629 \u062a\u0633\u0639\u0649 \u0625\u0644\u0649 \u0627\u0644\u0625\u0633\u0647\u0627\u0645 \u0641\u064a \u0628\u0646\u0627\u0621 \u0627\u0644\u0631\u0624\u0649 \u0648\u0627\u0644\u0645\u0639\u0627\u0631\u0641 \u0628\u0645\u0627 \u064a\u0633\u0627\u0639\u062f \u0627\u0644\u0633\u0648\u0631\u064a\u064a\u0646 \u0639\u0644\u0649 \u0625\u0646\u0636\u0627\u062c \u062d\u0644\u0648\u0644 \u0639\u0645\u0644\u064a\u0629 \u0644\u0645\u0648\u0627\u062c\u0647\u0629 \u0627\u0644\u062a\u062d\u062f\u064a\u0627\u062a \u0627\u0644\u0648\u0637\u0646\u064a\u0629 \u0627\u0644\u0645\u0634\u062a\u0631\u0643\u0629 \u0648\u062a\u062d\u0642\u064a\u0642 \u0627\u0644\u062a\u0646\u0645\u064a\u0629 \u0627\u0644\u0645\u0633\u062a\u062f\u0627\u0645\u0629","sameAs":["http:\/\/sydialogue.org\/","Syrian Dialogue Center"],"url":"#molongui-disabled-link"}]}},"_links":{"self":[{"href":"https:\/\/sydialogue.org\/tr\/wp-json\/wp\/v2\/posts\/12508","targetHints":{"allow":["GET"]}}],"collection":[{"href":"https:\/\/sydialogue.org\/tr\/wp-json\/wp\/v2\/posts"}],"about":[{"href":"https:\/\/sydialogue.org\/tr\/wp-json\/wp\/v2\/types\/post"}],"author":[{"embeddable":true,"href":"https:\/\/sydialogue.org\/tr\/wp-json\/wp\/v2\/users\/1"}],"replies":[{"embeddable":true,"href":"https:\/\/sydialogue.org\/tr\/wp-json\/wp\/v2\/comments?post=12508"}],"version-history":[{"count":1,"href":"https:\/\/sydialogue.org\/tr\/wp-json\/wp\/v2\/posts\/12508\/revisions"}],"predecessor-version":[{"id":12512,"href":"https:\/\/sydialogue.org\/tr\/wp-json\/wp\/v2\/posts\/12508\/revisions\/12512"}],"wp:featuredmedia":[{"embeddable":true,"href":"https:\/\/sydialogue.org\/tr\/wp-json\/wp\/v2\/media\/12509"}],"wp:attachment":[{"href":"https:\/\/sydialogue.org\/tr\/wp-json\/wp\/v2\/media?parent=12508"}],"wp:term":[{"taxonomy":"category","embeddable":true,"href":"https:\/\/sydialogue.org\/tr\/wp-json\/wp\/v2\/categories?post=12508"},{"taxonomy":"post_tag","embeddable":true,"href":"https:\/\/sydialogue.org\/tr\/wp-json\/wp\/v2\/tags?post=12508"}],"curies":[{"name":"wp","href":"https:\/\/api.w.org\/{rel}","templated":true}]}}