{"id":12629,"date":"2021-11-25T02:21:35","date_gmt":"2021-11-24T23:21:35","guid":{"rendered":"http:\/\/sydialogue.org\/?p=12629"},"modified":"2023-09-10T02:25:57","modified_gmt":"2023-09-09T23:25:57","slug":"esad-rejimi-ile-normallesme-yolunda-son-gelismeler-ve-abddeki-aktivistlerle-suriyeli-kuruluslarin-bu-gelismeler-karsisindaki-cabalari","status":"publish","type":"post","link":"https:\/\/sydialogue.org\/tr\/esad-rejimi-ile-normallesme-yolunda-son-gelismeler-ve-abddeki-aktivistlerle-suriyeli-kuruluslarin-bu-gelismeler-karsisindaki-cabalari\/","title":{"rendered":"Esad Rejimi ile Normalle\u015fme Yolunda Son Geli\u015fmeler ve ABD\u2019deki Aktivistlerle Suriyeli Kurulu\u015flar\u0131n Bu Geli\u015fmeler Kar\u015f\u0131s\u0131ndaki \u00c7abalar\u0131"},"content":{"rendered":"<p dir=\"ltr\" style=\"text-align: justify;\"><strong>Giri\u015f:<\/strong><\/p>\n<p dir=\"ltr\" style=\"text-align: justify;\">Suriye siyaset sahnesi son zamanlarda Araplar\u0131n, Esad rejimiyle ili\u015fkileri normalle\u015ftirmeye y\u00f6nelik birbirini takip eden bir\u00e7ok \u00e7abas\u0131na tan\u0131kl\u0131k etti. BAE, Bahreyn, M\u0131s\u0131r, Sudan ve \u00dcrd\u00fcn gibi birtak\u0131m Arap \u00fclkeleri rejimle farkl\u0131 d\u00fczeylerde diplomatik ili\u015fkilerini yeniden kurma yoluna giri\u015fti. Bu devletlerden \u00dcrd\u00fcn son zamanlarda rejimi hem Arap devletleri aras\u0131nda hem de b\u00f6lgesel ve uluslararas\u0131 sahada piyasaya s\u00fcrmeye y\u00f6nelik etkinli\u011fini ve ad\u0131mlar\u0131n\u0131 art\u0131rd\u0131. Amerika Birle\u015fik Devletleri ise \u00dcrd\u00fcn\u2019\u00fcn bu \u00e7abalar\u0131na g\u00f6z yumdu. Oysa ABD daha \u00f6nce rejimle i\u015f birli\u011fi yapmaya kalk\u0131\u015fan veya Amerika\u2019n\u0131n yapt\u0131r\u0131m uygulamak \u00fczere \u00e7\u0131kartm\u0131\u015f oldu\u011fu kanun, Sezar Yasas\u0131n\u0131n dayatt\u0131\u011f\u0131 tecridi delmeye yeltenen herhangi bir tarafa kapsaml\u0131 cezalar uygulamakla tehdit etmi\u015fti.<\/p>\n<p dir=\"ltr\" style=\"text-align: justify;\">Suriyeli aktivistlerin Amerika Birle\u015fik Devletleri&#8217;nde daha \u00f6nce y\u00fcr\u00fctt\u00fc\u011f\u00fc ve en nihayetinde de Sezar Yasas\u0131&#8217;n\u0131n uygulanmas\u0131n\u0131 sa\u011flayan \u00e7abalar\u0131 g\u00f6z \u00f6n\u00fcnde bulunduruldu\u011funda, bug\u00fcn ABD&#8217;deki Suriyeli aktivistlerin ve \u00f6rg\u00fctlerin; ABD\u2019yi birtak\u0131m Arap rejimlerinin \u00f6nc\u00fcl\u00fck etti\u011fi, Esad rejimiyle normalle\u015fme \u00e7abalar\u0131na bir s\u0131n\u0131r getirmeye itmedeki ba\u015far\u0131 f\u0131rsatlar\u0131ndan ve son d\u00f6nemde girilen \u00e7\u0131kmaz\u0131n ard\u0131ndan Suriye dosyas\u0131n\u0131n mevcut ABD y\u00f6netiminin ilgisini \u00e7ekecek raddeye yeniden getirilmesinden bahsetmek \u00f6nemli.<\/p>\n<p dir=\"ltr\" style=\"text-align: justify;\">Bu konuyu konu\u015fmak \u00fczere Suriye Diyalog Merkezi, Amerika Birle\u015fik Devletleri&#8217;ndeki Suriye \u00f6rg\u00fctlerinden \u00e7ok say\u0131da aktivist ve uzman\u0131n kat\u0131l\u0131m\u0131yla \u00f6zel bir sempozyuma ev sahipli\u011fi yapt\u0131. Bunlar, Prof. Ayman Abdel Nour, Dr. Muhammed Bakr Ghbeis, Prof. Qutaiba Idlbi ve \u00e7ok say\u0131da ara\u015ft\u0131rmac\u0131 ve bu konuyla ilgili ki\u015filerdi. Bu raporda sempozyumun en \u00f6nemli hatlar\u0131n\u0131, uzmanlar\u0131n g\u00f6r\u00fc\u015flerini, kat\u0131l\u0131mc\u0131lar\u0131n m\u00fcdahalelerini ve sorular\u0131n\u0131 g\u00f6zden sunuyoruz. Raporda yer verilen g\u00f6r\u00fc\u015fler, Suriye Diyalog Merkezi&#8217;nin benimsediklerini tam olarak yans\u0131tmayabilir.<\/p>\n<p dir=\"ltr\"><a href=\"http:\/\/sydialogue.org\/%d8%a7%d9%84%d8%aa%d8%b7%d9%88%d8%b1%d8%a7%d8%aa-%d8%a7%d9%84%d8%a3%d8%ae%d9%8a%d8%b1%d8%a9-%d9%81%d9%8a-%d9%85%d8%b3%d8%a7%d8%b1-%d8%a7%d9%84%d8%aa%d8%b7%d8%a8%d9%8a%d8%b9-%d9%85%d8%b9-%d9%86%d8%b8\/\">Raporun tamam\u0131n\u0131 okumak i\u00e7in (Arap\u00e7a)<\/a><\/p>\n","protected":false},"excerpt":{"rendered":"<p>Rapor, Esad rejimi ile normalle\u015fme yolundaki son geli\u015fmeleri ve ABD\u2019deki aktivistlerle Suriyeli \u00f6rg\u00fctlerin bu geli\u015fmelere d\u00f6n\u00fck \u00e7abalar\u0131n\u0131 okuyucuya aktarmak \u00fczere haz\u0131rland\u0131.<\/p>\n","protected":false},"author":1,"featured_media":12630,"comment_status":"open","ping_status":"closed","sticky":false,"template":"","format":"standard","meta":{"_acf_changed":false,"footnotes":""},"categories":[54,94,49],"tags":[],"class_list":["post-12629","post","type-post","status-publish","format-standard","has-post-thumbnail","hentry","category-gelisim-raporlar","category-politika-analizi-birimi","category-yayinlar"],"acf":[],"yoast_head":"<!-- This site is optimized with the Yoast SEO plugin v26.0 - https:\/\/yoast.com\/wordpress\/plugins\/seo\/ -->\n<title>Esad Rejimi ile Normalle\u015fme Yolunda Son Geli\u015fmeler ve ABD\u2019deki Aktivistlerle Suriyeli Kurulu\u015flar\u0131n Bu Geli\u015fmeler Kar\u015f\u0131s\u0131ndaki \u00c7abalar\u0131 - Suriye Diyalog Merkezi<\/title>\n<meta name=\"description\" content=\"Rapor, Esad rejimi ile normalle\u015fme yolundaki son geli\u015fmeleri ve ABD\u2019deki aktivistlerle Suriyeli \u00f6rg\u00fctlerin bu geli\u015fmelere d\u00f6n\u00fck \u00e7abalar\u0131n\u0131 okuyucuya aktarmak \u00fczere haz\u0131rland\u0131.\" \/>\n<meta name=\"robots\" content=\"index, follow, max-snippet:-1, max-image-preview:large, max-video-preview:-1\" \/>\n<link rel=\"canonical\" href=\"https:\/\/sydialogue.org\/tr\/esad-rejimi-ile-normallesme-yolunda-son-gelismeler-ve-abddeki-aktivistlerle-suriyeli-kuruluslarin-bu-gelismeler-karsisindaki-cabalari\/\" \/>\n<meta property=\"og:locale\" content=\"tr_TR\" \/>\n<meta property=\"og:type\" content=\"article\" \/>\n<meta property=\"og:title\" content=\"Esad Rejimi ile Normalle\u015fme Yolunda Son Geli\u015fmeler ve ABD\u2019deki Aktivistlerle Suriyeli Kurulu\u015flar\u0131n Bu Geli\u015fmeler Kar\u015f\u0131s\u0131ndaki \u00c7abalar\u0131 - Suriye Diyalog Merkezi\" \/>\n<meta property=\"og:description\" content=\"Rapor, Esad rejimi ile normalle\u015fme yolundaki son geli\u015fmeleri ve ABD\u2019deki aktivistlerle Suriyeli \u00f6rg\u00fctlerin bu geli\u015fmelere d\u00f6n\u00fck \u00e7abalar\u0131n\u0131 okuyucuya aktarmak \u00fczere haz\u0131rland\u0131.\" \/>\n<meta property=\"og:url\" content=\"https:\/\/sydialogue.org\/tr\/esad-rejimi-ile-normallesme-yolunda-son-gelismeler-ve-abddeki-aktivistlerle-suriyeli-kuruluslarin-bu-gelismeler-karsisindaki-cabalari\/\" \/>\n<meta property=\"og:site_name\" content=\"Suriye Diyalog Merkezi\" \/>\n<meta property=\"article:publisher\" content=\"https:\/\/www.facebook.com\/Sydialogue\" \/>\n<meta property=\"article:published_time\" content=\"2021-11-24T23:21:35+00:00\" \/>\n<meta property=\"article:modified_time\" content=\"2023-09-09T23:25:57+00:00\" \/>\n<meta property=\"og:image\" content=\"https:\/\/sydialogue.org\/wp-content\/uploads\/2023\/09\/tr125-copy.jpg\" \/>\n\t<meta property=\"og:image:width\" content=\"2308\" \/>\n\t<meta property=\"og:image:height\" content=\"1159\" \/>\n\t<meta property=\"og:image:type\" content=\"image\/jpeg\" \/>\n<meta name=\"author\" content=\"\u0645\u0631\u0643\u0632 \u0627\u0644\u062d\u0648\u0627\u0631 \u0627\u0644\u0633\u0648\u0631\u064a\" \/>\n<meta name=\"twitter:card\" content=\"summary_large_image\" \/>\n<meta name=\"twitter:creator\" content=\"@Sydialogue\" \/>\n<meta name=\"twitter:site\" content=\"@Sydialogue\" \/>\n<meta name=\"twitter:label1\" content=\"Yazan:\" \/>\n\t<meta name=\"twitter:data1\" content=\"\u0645\u0631\u0643\u0632 \u0627\u0644\u062d\u0648\u0627\u0631 \u0627\u0644\u0633\u0648\u0631\u064a\" \/>\n\t<meta name=\"twitter:label2\" content=\"Tahmini okuma s\u00fcresi\" \/>\n\t<meta name=\"twitter:data2\" content=\"2 dakika\" \/>\n<script type=\"application\/ld+json\" class=\"yoast-schema-graph\">{\"@context\":\"https:\/\/schema.org\",\"@graph\":[{\"@type\":\"WebPage\",\"@id\":\"https:\/\/sydialogue.org\/tr\/esad-rejimi-ile-normallesme-yolunda-son-gelismeler-ve-abddeki-aktivistlerle-suriyeli-kuruluslarin-bu-gelismeler-karsisindaki-cabalari\/\",\"url\":\"https:\/\/sydialogue.org\/tr\/esad-rejimi-ile-normallesme-yolunda-son-gelismeler-ve-abddeki-aktivistlerle-suriyeli-kuruluslarin-bu-gelismeler-karsisindaki-cabalari\/\",\"name\":\"Esad Rejimi ile Normalle\u015fme Yolunda Son Geli\u015fmeler ve ABD\u2019deki Aktivistlerle Suriyeli Kurulu\u015flar\u0131n Bu Geli\u015fmeler Kar\u015f\u0131s\u0131ndaki \u00c7abalar\u0131 - Suriye Diyalog Merkezi\",\"isPartOf\":{\"@id\":\"https:\/\/sydialogue.org\/tr\/#website\"},\"primaryImageOfPage\":{\"@id\":\"https:\/\/sydialogue.org\/tr\/esad-rejimi-ile-normallesme-yolunda-son-gelismeler-ve-abddeki-aktivistlerle-suriyeli-kuruluslarin-bu-gelismeler-karsisindaki-cabalari\/#primaryimage\"},\"image\":{\"@id\":\"https:\/\/sydialogue.org\/tr\/esad-rejimi-ile-normallesme-yolunda-son-gelismeler-ve-abddeki-aktivistlerle-suriyeli-kuruluslarin-bu-gelismeler-karsisindaki-cabalari\/#primaryimage\"},\"thumbnailUrl\":\"https:\/\/e8nd7pn44jx.exactdn.com\/wp-content\/uploads\/2023\/09\/tr125-copy.jpg?strip=all\",\"datePublished\":\"2021-11-24T23:21:35+00:00\",\"dateModified\":\"2023-09-09T23:25:57+00:00\",\"author\":{\"@id\":\"https:\/\/sydialogue.org\/tr\/#\/schema\/person\/34a2994f7414cbc7ce06e08267c4944d\"},\"description\":\"Rapor, Esad rejimi ile normalle\u015fme yolundaki son geli\u015fmeleri ve ABD\u2019deki aktivistlerle Suriyeli \u00f6rg\u00fctlerin bu geli\u015fmelere d\u00f6n\u00fck \u00e7abalar\u0131n\u0131 okuyucuya aktarmak \u00fczere haz\u0131rland\u0131.\",\"breadcrumb\":{\"@id\":\"https:\/\/sydialogue.org\/tr\/esad-rejimi-ile-normallesme-yolunda-son-gelismeler-ve-abddeki-aktivistlerle-suriyeli-kuruluslarin-bu-gelismeler-karsisindaki-cabalari\/#breadcrumb\"},\"inLanguage\":\"tr\",\"potentialAction\":[{\"@type\":\"ReadAction\",\"target\":[\"https:\/\/sydialogue.org\/tr\/esad-rejimi-ile-normallesme-yolunda-son-gelismeler-ve-abddeki-aktivistlerle-suriyeli-kuruluslarin-bu-gelismeler-karsisindaki-cabalari\/\"]}]},{\"@type\":\"ImageObject\",\"inLanguage\":\"tr\",\"@id\":\"https:\/\/sydialogue.org\/tr\/esad-rejimi-ile-normallesme-yolunda-son-gelismeler-ve-abddeki-aktivistlerle-suriyeli-kuruluslarin-bu-gelismeler-karsisindaki-cabalari\/#primaryimage\",\"url\":\"https:\/\/e8nd7pn44jx.exactdn.com\/wp-content\/uploads\/2023\/09\/tr125-copy.jpg?strip=all\",\"contentUrl\":\"https:\/\/e8nd7pn44jx.exactdn.com\/wp-content\/uploads\/2023\/09\/tr125-copy.jpg?strip=all\",\"width\":2308,\"height\":1159},{\"@type\":\"BreadcrumbList\",\"@id\":\"https:\/\/sydialogue.org\/tr\/esad-rejimi-ile-normallesme-yolunda-son-gelismeler-ve-abddeki-aktivistlerle-suriyeli-kuruluslarin-bu-gelismeler-karsisindaki-cabalari\/#breadcrumb\",\"itemListElement\":[{\"@type\":\"ListItem\",\"position\":1,\"name\":\"\u0627\u0644\u0631\u0626\u064a\u0633\u064a\u0629\",\"item\":\"https:\/\/sydialogue.org\/tr\/\"},{\"@type\":\"ListItem\",\"position\":2,\"name\":\"Esad Rejimi ile Normalle\u015fme Yolunda Son Geli\u015fmeler ve ABD\u2019deki Aktivistlerle Suriyeli Kurulu\u015flar\u0131n Bu Geli\u015fmeler Kar\u015f\u0131s\u0131ndaki \u00c7abalar\u0131\"}]},{\"@type\":\"WebSite\",\"@id\":\"https:\/\/sydialogue.org\/tr\/#website\",\"url\":\"https:\/\/sydialogue.org\/tr\/\",\"name\":\"\u0645\u0631\u0643\u0632 \u0627\u0644\u062d\u0648\u0627\u0631 \u0627\u0644\u0633\u0648\u0631\u064a\",\"description\":\"Suriyeli bir sivil kurum, Suriye halk\u0131n\u0131 ilgilendiren konularda diyalo\u011fu canland\u0131rmay\u0131 ve harekete ge\u00e7irmeyi hedefliyor ve Suriyeliler aras\u0131nda ili\u015fkileri g\u00fc\u00e7lendirmeye ve i\u015fbirli\u011fi ve koordinasyonu harekete ge\u00e7irmeye \u00e7al\u0131\u015f\u0131yor.\",\"potentialAction\":[{\"@type\":\"SearchAction\",\"target\":{\"@type\":\"EntryPoint\",\"urlTemplate\":\"https:\/\/sydialogue.org\/tr\/?s={search_term_string}\"},\"query-input\":{\"@type\":\"PropertyValueSpecification\",\"valueRequired\":true,\"valueName\":\"search_term_string\"}}],\"inLanguage\":\"tr\"},{\"@type\":\"Person\",\"@id\":\"https:\/\/sydialogue.org\/tr\/#\/schema\/person\/34a2994f7414cbc7ce06e08267c4944d\",\"name\":\"\u0645\u0631\u0643\u0632 \u0627\u0644\u062d\u0648\u0627\u0631 \u0627\u0644\u0633\u0648\u0631\u064a\",\"image\":{\"@type\":\"ImageObject\",\"inLanguage\":\"tr\",\"@id\":\"https:\/\/sydialogue.org\/tr\/#\/schema\/person\/image\/\",\"url\":\"https:\/\/sydialogue.org\/wp-content\/uploads\/2023\/09\/\u0644\u0648\u063a\u0648-\u062e\u0644\u0641\u064a\u0629-\u0634\u0641\u0627\u0641\u0629-1.png\",\"contentUrl\":\"https:\/\/sydialogue.org\/wp-content\/uploads\/2023\/09\/\u0644\u0648\u063a\u0648-\u062e\u0644\u0641\u064a\u0629-\u0634\u0641\u0627\u0641\u0629-1.png\",\"caption\":\"\u0645\u0631\u0643\u0632 \u0627\u0644\u062d\u0648\u0627\u0631 \u0627\u0644\u0633\u0648\u0631\u064a\"},\"description\":\"\u0645\u0624\u0633\u0633\u0629 \u0628\u062d\u062b\u064a\u0629 \u0633\u0648\u0631\u064a\u0629 \u062a\u0633\u0639\u0649 \u0625\u0644\u0649 \u0627\u0644\u0625\u0633\u0647\u0627\u0645 \u0641\u064a \u0628\u0646\u0627\u0621 \u0627\u0644\u0631\u0624\u0649 \u0648\u0627\u0644\u0645\u0639\u0627\u0631\u0641 \u0628\u0645\u0627 \u064a\u0633\u0627\u0639\u062f \u0627\u0644\u0633\u0648\u0631\u064a\u064a\u0646 \u0639\u0644\u0649 \u0625\u0646\u0636\u0627\u062c \u062d\u0644\u0648\u0644 \u0639\u0645\u0644\u064a\u0629 \u0644\u0645\u0648\u0627\u062c\u0647\u0629 \u0627\u0644\u062a\u062d\u062f\u064a\u0627\u062a \u0627\u0644\u0648\u0637\u0646\u064a\u0629 \u0627\u0644\u0645\u0634\u062a\u0631\u0643\u0629 \u0648\u062a\u062d\u0642\u064a\u0642 \u0627\u0644\u062a\u0646\u0645\u064a\u0629 \u0627\u0644\u0645\u0633\u062a\u062f\u0627\u0645\u0629\",\"sameAs\":[\"http:\/\/sydialogue.org\/\",\"Syrian Dialogue Center\"],\"url\":\"#molongui-disabled-link\"}]}<\/script>\n<!-- \/ Yoast SEO plugin. -->","yoast_head_json":{"title":"Esad Rejimi ile Normalle\u015fme Yolunda Son Geli\u015fmeler ve ABD\u2019deki Aktivistlerle Suriyeli Kurulu\u015flar\u0131n Bu Geli\u015fmeler Kar\u015f\u0131s\u0131ndaki \u00c7abalar\u0131 - Suriye Diyalog Merkezi","description":"Rapor, Esad rejimi ile normalle\u015fme yolundaki son geli\u015fmeleri ve ABD\u2019deki aktivistlerle Suriyeli \u00f6rg\u00fctlerin bu geli\u015fmelere d\u00f6n\u00fck \u00e7abalar\u0131n\u0131 okuyucuya aktarmak \u00fczere haz\u0131rland\u0131.","robots":{"index":"index","follow":"follow","max-snippet":"max-snippet:-1","max-image-preview":"max-image-preview:large","max-video-preview":"max-video-preview:-1"},"canonical":"https:\/\/sydialogue.org\/tr\/esad-rejimi-ile-normallesme-yolunda-son-gelismeler-ve-abddeki-aktivistlerle-suriyeli-kuruluslarin-bu-gelismeler-karsisindaki-cabalari\/","og_locale":"tr_TR","og_type":"article","og_title":"Esad Rejimi ile Normalle\u015fme Yolunda Son Geli\u015fmeler ve ABD\u2019deki Aktivistlerle Suriyeli Kurulu\u015flar\u0131n Bu Geli\u015fmeler Kar\u015f\u0131s\u0131ndaki \u00c7abalar\u0131 - Suriye Diyalog Merkezi","og_description":"Rapor, Esad rejimi ile normalle\u015fme yolundaki son geli\u015fmeleri ve ABD\u2019deki aktivistlerle Suriyeli \u00f6rg\u00fctlerin bu geli\u015fmelere d\u00f6n\u00fck \u00e7abalar\u0131n\u0131 okuyucuya aktarmak \u00fczere haz\u0131rland\u0131.","og_url":"https:\/\/sydialogue.org\/tr\/esad-rejimi-ile-normallesme-yolunda-son-gelismeler-ve-abddeki-aktivistlerle-suriyeli-kuruluslarin-bu-gelismeler-karsisindaki-cabalari\/","og_site_name":"Suriye Diyalog Merkezi","article_publisher":"https:\/\/www.facebook.com\/Sydialogue","article_published_time":"2021-11-24T23:21:35+00:00","article_modified_time":"2023-09-09T23:25:57+00:00","og_image":[{"width":2308,"height":1159,"url":"https:\/\/sydialogue.org\/wp-content\/uploads\/2023\/09\/tr125-copy.jpg","type":"image\/jpeg"}],"author":"\u0645\u0631\u0643\u0632 \u0627\u0644\u062d\u0648\u0627\u0631 \u0627\u0644\u0633\u0648\u0631\u064a","twitter_card":"summary_large_image","twitter_creator":"@Sydialogue","twitter_site":"@Sydialogue","twitter_misc":{"Yazan:":"\u0645\u0631\u0643\u0632 \u0627\u0644\u062d\u0648\u0627\u0631 \u0627\u0644\u0633\u0648\u0631\u064a","Tahmini okuma s\u00fcresi":"2 dakika"},"schema":{"@context":"https:\/\/schema.org","@graph":[{"@type":"WebPage","@id":"https:\/\/sydialogue.org\/tr\/esad-rejimi-ile-normallesme-yolunda-son-gelismeler-ve-abddeki-aktivistlerle-suriyeli-kuruluslarin-bu-gelismeler-karsisindaki-cabalari\/","url":"https:\/\/sydialogue.org\/tr\/esad-rejimi-ile-normallesme-yolunda-son-gelismeler-ve-abddeki-aktivistlerle-suriyeli-kuruluslarin-bu-gelismeler-karsisindaki-cabalari\/","name":"Esad Rejimi ile Normalle\u015fme Yolunda Son Geli\u015fmeler ve ABD\u2019deki Aktivistlerle Suriyeli Kurulu\u015flar\u0131n Bu Geli\u015fmeler Kar\u015f\u0131s\u0131ndaki \u00c7abalar\u0131 - Suriye Diyalog Merkezi","isPartOf":{"@id":"https:\/\/sydialogue.org\/tr\/#website"},"primaryImageOfPage":{"@id":"https:\/\/sydialogue.org\/tr\/esad-rejimi-ile-normallesme-yolunda-son-gelismeler-ve-abddeki-aktivistlerle-suriyeli-kuruluslarin-bu-gelismeler-karsisindaki-cabalari\/#primaryimage"},"image":{"@id":"https:\/\/sydialogue.org\/tr\/esad-rejimi-ile-normallesme-yolunda-son-gelismeler-ve-abddeki-aktivistlerle-suriyeli-kuruluslarin-bu-gelismeler-karsisindaki-cabalari\/#primaryimage"},"thumbnailUrl":"https:\/\/e8nd7pn44jx.exactdn.com\/wp-content\/uploads\/2023\/09\/tr125-copy.jpg?strip=all","datePublished":"2021-11-24T23:21:35+00:00","dateModified":"2023-09-09T23:25:57+00:00","author":{"@id":"https:\/\/sydialogue.org\/tr\/#\/schema\/person\/34a2994f7414cbc7ce06e08267c4944d"},"description":"Rapor, Esad rejimi ile normalle\u015fme yolundaki son geli\u015fmeleri ve ABD\u2019deki aktivistlerle Suriyeli \u00f6rg\u00fctlerin bu geli\u015fmelere d\u00f6n\u00fck \u00e7abalar\u0131n\u0131 okuyucuya aktarmak \u00fczere haz\u0131rland\u0131.","breadcrumb":{"@id":"https:\/\/sydialogue.org\/tr\/esad-rejimi-ile-normallesme-yolunda-son-gelismeler-ve-abddeki-aktivistlerle-suriyeli-kuruluslarin-bu-gelismeler-karsisindaki-cabalari\/#breadcrumb"},"inLanguage":"tr","potentialAction":[{"@type":"ReadAction","target":["https:\/\/sydialogue.org\/tr\/esad-rejimi-ile-normallesme-yolunda-son-gelismeler-ve-abddeki-aktivistlerle-suriyeli-kuruluslarin-bu-gelismeler-karsisindaki-cabalari\/"]}]},{"@type":"ImageObject","inLanguage":"tr","@id":"https:\/\/sydialogue.org\/tr\/esad-rejimi-ile-normallesme-yolunda-son-gelismeler-ve-abddeki-aktivistlerle-suriyeli-kuruluslarin-bu-gelismeler-karsisindaki-cabalari\/#primaryimage","url":"https:\/\/e8nd7pn44jx.exactdn.com\/wp-content\/uploads\/2023\/09\/tr125-copy.jpg?strip=all","contentUrl":"https:\/\/e8nd7pn44jx.exactdn.com\/wp-content\/uploads\/2023\/09\/tr125-copy.jpg?strip=all","width":2308,"height":1159},{"@type":"BreadcrumbList","@id":"https:\/\/sydialogue.org\/tr\/esad-rejimi-ile-normallesme-yolunda-son-gelismeler-ve-abddeki-aktivistlerle-suriyeli-kuruluslarin-bu-gelismeler-karsisindaki-cabalari\/#breadcrumb","itemListElement":[{"@type":"ListItem","position":1,"name":"\u0627\u0644\u0631\u0626\u064a\u0633\u064a\u0629","item":"https:\/\/sydialogue.org\/tr\/"},{"@type":"ListItem","position":2,"name":"Esad Rejimi ile Normalle\u015fme Yolunda Son Geli\u015fmeler ve ABD\u2019deki Aktivistlerle Suriyeli Kurulu\u015flar\u0131n Bu Geli\u015fmeler Kar\u015f\u0131s\u0131ndaki \u00c7abalar\u0131"}]},{"@type":"WebSite","@id":"https:\/\/sydialogue.org\/tr\/#website","url":"https:\/\/sydialogue.org\/tr\/","name":"\u0645\u0631\u0643\u0632 \u0627\u0644\u062d\u0648\u0627\u0631 \u0627\u0644\u0633\u0648\u0631\u064a","description":"Suriyeli bir sivil kurum, Suriye halk\u0131n\u0131 ilgilendiren konularda diyalo\u011fu canland\u0131rmay\u0131 ve harekete ge\u00e7irmeyi hedefliyor ve Suriyeliler aras\u0131nda ili\u015fkileri g\u00fc\u00e7lendirmeye ve i\u015fbirli\u011fi ve koordinasyonu harekete ge\u00e7irmeye \u00e7al\u0131\u015f\u0131yor.","potentialAction":[{"@type":"SearchAction","target":{"@type":"EntryPoint","urlTemplate":"https:\/\/sydialogue.org\/tr\/?s={search_term_string}"},"query-input":{"@type":"PropertyValueSpecification","valueRequired":true,"valueName":"search_term_string"}}],"inLanguage":"tr"},{"@type":"Person","@id":"https:\/\/sydialogue.org\/tr\/#\/schema\/person\/34a2994f7414cbc7ce06e08267c4944d","name":"\u0645\u0631\u0643\u0632 \u0627\u0644\u062d\u0648\u0627\u0631 \u0627\u0644\u0633\u0648\u0631\u064a","image":{"@type":"ImageObject","inLanguage":"tr","@id":"https:\/\/sydialogue.org\/tr\/#\/schema\/person\/image\/","url":"https:\/\/sydialogue.org\/wp-content\/uploads\/2023\/09\/\u0644\u0648\u063a\u0648-\u062e\u0644\u0641\u064a\u0629-\u0634\u0641\u0627\u0641\u0629-1.png","contentUrl":"https:\/\/sydialogue.org\/wp-content\/uploads\/2023\/09\/\u0644\u0648\u063a\u0648-\u062e\u0644\u0641\u064a\u0629-\u0634\u0641\u0627\u0641\u0629-1.png","caption":"\u0645\u0631\u0643\u0632 \u0627\u0644\u062d\u0648\u0627\u0631 \u0627\u0644\u0633\u0648\u0631\u064a"},"description":"\u0645\u0624\u0633\u0633\u0629 \u0628\u062d\u062b\u064a\u0629 \u0633\u0648\u0631\u064a\u0629 \u062a\u0633\u0639\u0649 \u0625\u0644\u0649 \u0627\u0644\u0625\u0633\u0647\u0627\u0645 \u0641\u064a \u0628\u0646\u0627\u0621 \u0627\u0644\u0631\u0624\u0649 \u0648\u0627\u0644\u0645\u0639\u0627\u0631\u0641 \u0628\u0645\u0627 \u064a\u0633\u0627\u0639\u062f \u0627\u0644\u0633\u0648\u0631\u064a\u064a\u0646 \u0639\u0644\u0649 \u0625\u0646\u0636\u0627\u062c \u062d\u0644\u0648\u0644 \u0639\u0645\u0644\u064a\u0629 \u0644\u0645\u0648\u0627\u062c\u0647\u0629 \u0627\u0644\u062a\u062d\u062f\u064a\u0627\u062a \u0627\u0644\u0648\u0637\u0646\u064a\u0629 \u0627\u0644\u0645\u0634\u062a\u0631\u0643\u0629 \u0648\u062a\u062d\u0642\u064a\u0642 \u0627\u0644\u062a\u0646\u0645\u064a\u0629 \u0627\u0644\u0645\u0633\u062a\u062f\u0627\u0645\u0629","sameAs":["http:\/\/sydialogue.org\/","Syrian Dialogue Center"],"url":"#molongui-disabled-link"}]}},"_links":{"self":[{"href":"https:\/\/sydialogue.org\/tr\/wp-json\/wp\/v2\/posts\/12629","targetHints":{"allow":["GET"]}}],"collection":[{"href":"https:\/\/sydialogue.org\/tr\/wp-json\/wp\/v2\/posts"}],"about":[{"href":"https:\/\/sydialogue.org\/tr\/wp-json\/wp\/v2\/types\/post"}],"author":[{"embeddable":true,"href":"https:\/\/sydialogue.org\/tr\/wp-json\/wp\/v2\/users\/1"}],"replies":[{"embeddable":true,"href":"https:\/\/sydialogue.org\/tr\/wp-json\/wp\/v2\/comments?post=12629"}],"version-history":[{"count":1,"href":"https:\/\/sydialogue.org\/tr\/wp-json\/wp\/v2\/posts\/12629\/revisions"}],"predecessor-version":[{"id":12633,"href":"https:\/\/sydialogue.org\/tr\/wp-json\/wp\/v2\/posts\/12629\/revisions\/12633"}],"wp:featuredmedia":[{"embeddable":true,"href":"https:\/\/sydialogue.org\/tr\/wp-json\/wp\/v2\/media\/12630"}],"wp:attachment":[{"href":"https:\/\/sydialogue.org\/tr\/wp-json\/wp\/v2\/media?parent=12629"}],"wp:term":[{"taxonomy":"category","embeddable":true,"href":"https:\/\/sydialogue.org\/tr\/wp-json\/wp\/v2\/categories?post=12629"},{"taxonomy":"post_tag","embeddable":true,"href":"https:\/\/sydialogue.org\/tr\/wp-json\/wp\/v2\/tags?post=12629"}],"curies":[{"name":"wp","href":"https:\/\/api.w.org\/{rel}","templated":true}]}}