{"id":12939,"date":"2022-06-26T14:00:06","date_gmt":"2022-06-26T11:00:06","guid":{"rendered":"http:\/\/sydialogue.org\/?p=12939"},"modified":"2023-09-22T14:16:56","modified_gmt":"2023-09-22T11:16:56","slug":"seminer-medya-raporu-iranin-suriyedeki-ekonomik-nufuzu-boyutlar-ve-etkiler","status":"publish","type":"post","link":"https:\/\/sydialogue.org\/tr\/seminer-medya-raporu-iranin-suriyedeki-ekonomik-nufuzu-boyutlar-ve-etkiler\/","title":{"rendered":"Seminer Medya Raporu: \u201c\u0130ran&#8217;\u0131n Suriye&#8217;deki Ekonomik N\u00fcfuzu: Boyutlar ve Etkiler\u201d"},"content":{"rendered":"<p dir=\"ltr\" style=\"text-align: justify;\">Suriye Devrimi&#8217;nin ba\u015flamas\u0131n\u0131n ard\u0131ndan, \u0130ran, Suriye&#8217;nin t\u00fcm ana ekonomik sekt\u00f6rlerinde konu\u015flanmaya \u00e7al\u0131\u015ft\u0131. Bu alandaki b\u00fcy\u00fck \u00e7abalar\u0131na ra\u011fmen fiili ba\u015far\u0131s\u0131 ve hakimiyeti sekt\u00f6rden sekt\u00f6re de\u011fi\u015fmekle birlikte, Suriye\u2019deki varl\u0131\u011f\u0131n\u0131 peki\u015ftirmek i\u00e7in s\u00fcrekli ve devam eden giri\u015fimleri bulunuyor.<\/p>\n<p dir=\"ltr\" style=\"text-align: justify;\">\u0130ran&#8217;\u0131n Suriye ekonomisini kontrol etme giri\u015fimleri \u00fczerinde daha fazla durmak ad\u0131na, Suriye Diyalog Merkezi ve Mari Ara\u015ft\u0131rma Merkezi, 23 Haziran 2022 tarihinde &#8220;\u0130ran&#8217;\u0131n Suriye&#8217;deki Ekonomik N\u00fcfuzu: Boyutlar ve Etkiler&#8221; ba\u015fl\u0131kl\u0131 bir seminer d\u00fczenledi. Seminere bir\u00e7ok ara\u015ft\u0131rmac\u0131, uzman, siyasi yetkili ki\u015fi ve bu konuya ilgi duyan ki\u015fi i\u015ftirak etti.<\/p>\n<p dir=\"ltr\" style=\"text-align: justify;\">Konu\u015fmac\u0131lar seminer dahilinde; \u0130ran&#8217;\u0131n, Suriye ekonomisini hakimiyeti alt\u0131na almak i\u00e7in att\u0131\u011f\u0131 ad\u0131mlar\u0131n boyutlar\u0131, bunlar\u0131 etkileyen fakt\u00f6rler ve bunlar\u0131n \u0130ran&#8217;\u0131n Suriye&#8217;deki varl\u0131\u011f\u0131na anl\u0131k ve gelecekteki etkileri hakk\u0131nda a\u00e7\u0131klamalarda bulundular. Ayr\u0131ca hayvanc\u0131l\u0131k, ticaret ve hizmet alanlar\u0131 gibi, \u0130ran&#8217;\u0131n sokulmaya \u00e7al\u0131\u015ft\u0131\u011f\u0131 en \u00f6nemli ekonomik sekt\u00f6rlere de\u011finip bu projenin ekonomik, politik, sosyal ve b\u00f6lgesel alanlardaki etkilerini ele ald\u0131lar. Son olarak \u0130ran&#8217;\u0131n Suriye projesine kar\u015f\u0131 koymak i\u00e7in izlenebilecek en \u00f6nemli ad\u0131mlar ve yollar belirlenmeye \u00e7al\u0131\u015f\u0131ld\u0131.<\/p>\n<p dir=\"ltr\" style=\"text-align: justify;\">Kat\u0131l\u0131mc\u0131lar\u0131n m\u00fcdahaleleri ve katk\u0131lar\u0131, bu konunun \u00f6nemini tekit etti\u011fi gibi, \u0130ran&#8217;\u0131n ekonomik s\u0131zmalar\u0131na kar\u015f\u0131 bilin\u00e7li ve uyan\u0131k olman\u0131n gereklili\u011fini de vurguluyordu. Ayn\u0131 \u015fekilde bu s\u0131zman\u0131n sadece Suriyelilerle s\u0131n\u0131rl\u0131 kalmay\u0131p b\u00f6lgesel g\u00fcvenli\u011fi riskli k\u0131lan tehlikelerine, Esad rejiminin bu projenin s\u00fcrd\u00fcr\u00fclmesinde oynad\u0131\u011f\u0131 b\u00fcy\u00fck role ve kurtar\u0131lm\u0131\u015f alanlardaki Suriyelilerin -dolayl\u0131 olarak \u00e7ekici bir ekonomik model bularak- bu s\u0131zmaya kar\u015f\u0131 \u00e7\u0131kmalar\u0131n\u0131n zorunlulu\u011funa vurgu yap\u0131ld\u0131.<\/p>\n","protected":false},"excerpt":{"rendered":"<p>Bu seminerde \u0130ran&#8217;\u0131n, Suriye ekonomisini hakimiyeti alt\u0131na almak i\u00e7in att\u0131\u011f\u0131 ad\u0131mlar\u0131n boyutlar\u0131, bunlar\u0131 etkileyen fakt\u00f6rler ve bunlar\u0131n \u0130ran&#8217;\u0131n Suriye&#8217;deki varl\u0131\u011f\u0131na anl\u0131k ve gelecekteki etkileri hakk\u0131nda sunumlar ve a\u00e7\u0131klamalar yap\u0131ld\u0131.<\/p>\n","protected":false},"author":1,"featured_media":12940,"comment_status":"open","ping_status":"closed","sticky":false,"template":"","format":"standard","meta":{"_acf_changed":false,"footnotes":""},"categories":[50,83],"tags":[],"class_list":["post-12939","post","type-post","status-publish","format-standard","has-post-thumbnail","hentry","category-etkinlikler","category-dialogue-seminars-tr"],"acf":[],"yoast_head":"<!-- This site is optimized with the Yoast SEO plugin v26.0 - https:\/\/yoast.com\/wordpress\/plugins\/seo\/ -->\n<title>Seminer Medya Raporu: \u201c\u0130ran&#039;\u0131n Suriye&#039;deki Ekonomik N\u00fcfuzu: Boyutlar ve Etkiler\u201d - Suriye Diyalog Merkezi<\/title>\n<meta name=\"description\" content=\"Bu seminerde \u0130ran&#039;\u0131n, Suriye ekonomisini hakimiyeti alt\u0131na almak i\u00e7in att\u0131\u011f\u0131 ad\u0131mlar\u0131n boyutlar\u0131, bunlar\u0131 etkileyen fakt\u00f6rler ve bunlar\u0131n \u0130ran&#039;\u0131n Suriye&#039;deki varl\u0131\u011f\u0131na anl\u0131k ve gelecekteki etkileri hakk\u0131nda sunumlar ve a\u00e7\u0131klamalar yap\u0131ld\u0131.\" \/>\n<meta name=\"robots\" content=\"index, follow, max-snippet:-1, max-image-preview:large, max-video-preview:-1\" \/>\n<link rel=\"canonical\" href=\"https:\/\/sydialogue.org\/tr\/seminer-medya-raporu-iranin-suriyedeki-ekonomik-nufuzu-boyutlar-ve-etkiler\/\" \/>\n<meta property=\"og:locale\" content=\"tr_TR\" \/>\n<meta property=\"og:type\" content=\"article\" \/>\n<meta property=\"og:title\" content=\"Seminer Medya Raporu: \u201c\u0130ran&#039;\u0131n Suriye&#039;deki Ekonomik N\u00fcfuzu: Boyutlar ve Etkiler\u201d - Suriye Diyalog Merkezi\" \/>\n<meta property=\"og:description\" content=\"Bu seminerde \u0130ran&#039;\u0131n, Suriye ekonomisini hakimiyeti alt\u0131na almak i\u00e7in att\u0131\u011f\u0131 ad\u0131mlar\u0131n boyutlar\u0131, bunlar\u0131 etkileyen fakt\u00f6rler ve bunlar\u0131n \u0130ran&#039;\u0131n Suriye&#039;deki varl\u0131\u011f\u0131na anl\u0131k ve gelecekteki etkileri hakk\u0131nda sunumlar ve a\u00e7\u0131klamalar yap\u0131ld\u0131.\" \/>\n<meta property=\"og:url\" content=\"https:\/\/sydialogue.org\/tr\/seminer-medya-raporu-iranin-suriyedeki-ekonomik-nufuzu-boyutlar-ve-etkiler\/\" \/>\n<meta property=\"og:site_name\" content=\"Suriye Diyalog Merkezi\" \/>\n<meta property=\"article:publisher\" content=\"https:\/\/www.facebook.com\/Sydialogue\" \/>\n<meta property=\"article:published_time\" content=\"2022-06-26T11:00:06+00:00\" \/>\n<meta property=\"article:modified_time\" content=\"2023-09-22T11:16:56+00:00\" \/>\n<meta property=\"og:image\" content=\"https:\/\/sydialogue.org\/wp-content\/uploads\/2023\/09\/semenar-TR-copy-1024x514.jpg\" \/>\n\t<meta property=\"og:image:width\" content=\"1024\" \/>\n\t<meta property=\"og:image:height\" content=\"514\" \/>\n\t<meta property=\"og:image:type\" content=\"image\/jpeg\" \/>\n<meta name=\"author\" content=\"\u0645\u0631\u0643\u0632 \u0627\u0644\u062d\u0648\u0627\u0631 \u0627\u0644\u0633\u0648\u0631\u064a\" \/>\n<meta name=\"twitter:card\" content=\"summary_large_image\" \/>\n<meta name=\"twitter:creator\" content=\"@Sydialogue\" \/>\n<meta name=\"twitter:site\" content=\"@Sydialogue\" \/>\n<meta name=\"twitter:label1\" content=\"Yazan:\" \/>\n\t<meta name=\"twitter:data1\" content=\"\u0645\u0631\u0643\u0632 \u0627\u0644\u062d\u0648\u0627\u0631 \u0627\u0644\u0633\u0648\u0631\u064a\" \/>\n\t<meta name=\"twitter:label2\" content=\"Tahmini okuma s\u00fcresi\" \/>\n\t<meta name=\"twitter:data2\" content=\"2 dakika\" \/>\n<script type=\"application\/ld+json\" class=\"yoast-schema-graph\">{\"@context\":\"https:\/\/schema.org\",\"@graph\":[{\"@type\":\"WebPage\",\"@id\":\"https:\/\/sydialogue.org\/tr\/seminer-medya-raporu-iranin-suriyedeki-ekonomik-nufuzu-boyutlar-ve-etkiler\/\",\"url\":\"https:\/\/sydialogue.org\/tr\/seminer-medya-raporu-iranin-suriyedeki-ekonomik-nufuzu-boyutlar-ve-etkiler\/\",\"name\":\"Seminer Medya Raporu: \u201c\u0130ran'\u0131n Suriye'deki Ekonomik N\u00fcfuzu: Boyutlar ve Etkiler\u201d - Suriye Diyalog Merkezi\",\"isPartOf\":{\"@id\":\"https:\/\/sydialogue.org\/tr\/#website\"},\"primaryImageOfPage\":{\"@id\":\"https:\/\/sydialogue.org\/tr\/seminer-medya-raporu-iranin-suriyedeki-ekonomik-nufuzu-boyutlar-ve-etkiler\/#primaryimage\"},\"image\":{\"@id\":\"https:\/\/sydialogue.org\/tr\/seminer-medya-raporu-iranin-suriyedeki-ekonomik-nufuzu-boyutlar-ve-etkiler\/#primaryimage\"},\"thumbnailUrl\":\"https:\/\/egsaqtt58cu.exactdn.com\/wp-content\/uploads\/2023\/09\/semenar-TR-copy.jpg?strip=all&lossy=1&ssl=1\",\"datePublished\":\"2022-06-26T11:00:06+00:00\",\"dateModified\":\"2023-09-22T11:16:56+00:00\",\"author\":{\"@id\":\"https:\/\/sydialogue.org\/tr\/#\/schema\/person\/34a2994f7414cbc7ce06e08267c4944d\"},\"description\":\"Bu seminerde \u0130ran'\u0131n, Suriye ekonomisini hakimiyeti alt\u0131na almak i\u00e7in att\u0131\u011f\u0131 ad\u0131mlar\u0131n boyutlar\u0131, bunlar\u0131 etkileyen fakt\u00f6rler ve bunlar\u0131n \u0130ran'\u0131n Suriye'deki varl\u0131\u011f\u0131na anl\u0131k ve gelecekteki etkileri hakk\u0131nda sunumlar ve a\u00e7\u0131klamalar yap\u0131ld\u0131.\",\"breadcrumb\":{\"@id\":\"https:\/\/sydialogue.org\/tr\/seminer-medya-raporu-iranin-suriyedeki-ekonomik-nufuzu-boyutlar-ve-etkiler\/#breadcrumb\"},\"inLanguage\":\"tr\",\"potentialAction\":[{\"@type\":\"ReadAction\",\"target\":[\"https:\/\/sydialogue.org\/tr\/seminer-medya-raporu-iranin-suriyedeki-ekonomik-nufuzu-boyutlar-ve-etkiler\/\"]}]},{\"@type\":\"ImageObject\",\"inLanguage\":\"tr\",\"@id\":\"https:\/\/sydialogue.org\/tr\/seminer-medya-raporu-iranin-suriyedeki-ekonomik-nufuzu-boyutlar-ve-etkiler\/#primaryimage\",\"url\":\"https:\/\/egsaqtt58cu.exactdn.com\/wp-content\/uploads\/2023\/09\/semenar-TR-copy.jpg?strip=all&lossy=1&ssl=1\",\"contentUrl\":\"https:\/\/egsaqtt58cu.exactdn.com\/wp-content\/uploads\/2023\/09\/semenar-TR-copy.jpg?strip=all&lossy=1&ssl=1\",\"width\":1600,\"height\":803},{\"@type\":\"BreadcrumbList\",\"@id\":\"https:\/\/sydialogue.org\/tr\/seminer-medya-raporu-iranin-suriyedeki-ekonomik-nufuzu-boyutlar-ve-etkiler\/#breadcrumb\",\"itemListElement\":[{\"@type\":\"ListItem\",\"position\":1,\"name\":\"\u0627\u0644\u0631\u0626\u064a\u0633\u064a\u0629\",\"item\":\"https:\/\/sydialogue.org\/tr\/\"},{\"@type\":\"ListItem\",\"position\":2,\"name\":\"Seminer Medya Raporu: \u201c\u0130ran&#8217;\u0131n Suriye&#8217;deki Ekonomik N\u00fcfuzu: Boyutlar ve Etkiler\u201d\"}]},{\"@type\":\"WebSite\",\"@id\":\"https:\/\/sydialogue.org\/tr\/#website\",\"url\":\"https:\/\/sydialogue.org\/tr\/\",\"name\":\"\u0645\u0631\u0643\u0632 \u0627\u0644\u062d\u0648\u0627\u0631 \u0627\u0644\u0633\u0648\u0631\u064a\",\"description\":\"Suriyeli bir sivil kurum, Suriye halk\u0131n\u0131 ilgilendiren konularda diyalo\u011fu canland\u0131rmay\u0131 ve harekete ge\u00e7irmeyi hedefliyor ve Suriyeliler aras\u0131nda ili\u015fkileri g\u00fc\u00e7lendirmeye ve i\u015fbirli\u011fi ve koordinasyonu harekete ge\u00e7irmeye \u00e7al\u0131\u015f\u0131yor.\",\"potentialAction\":[{\"@type\":\"SearchAction\",\"target\":{\"@type\":\"EntryPoint\",\"urlTemplate\":\"https:\/\/sydialogue.org\/tr\/?s={search_term_string}\"},\"query-input\":{\"@type\":\"PropertyValueSpecification\",\"valueRequired\":true,\"valueName\":\"search_term_string\"}}],\"inLanguage\":\"tr\"},{\"@type\":\"Person\",\"@id\":\"https:\/\/sydialogue.org\/tr\/#\/schema\/person\/34a2994f7414cbc7ce06e08267c4944d\",\"name\":\"\u0645\u0631\u0643\u0632 \u0627\u0644\u062d\u0648\u0627\u0631 \u0627\u0644\u0633\u0648\u0631\u064a\",\"image\":{\"@type\":\"ImageObject\",\"inLanguage\":\"tr\",\"@id\":\"https:\/\/sydialogue.org\/tr\/#\/schema\/person\/image\/\",\"url\":\"https:\/\/sydialogue.org\/wp-content\/uploads\/2023\/09\/\u0644\u0648\u063a\u0648-\u062e\u0644\u0641\u064a\u0629-\u0634\u0641\u0627\u0641\u0629-1.png\",\"contentUrl\":\"https:\/\/sydialogue.org\/wp-content\/uploads\/2023\/09\/\u0644\u0648\u063a\u0648-\u062e\u0644\u0641\u064a\u0629-\u0634\u0641\u0627\u0641\u0629-1.png\",\"caption\":\"\u0645\u0631\u0643\u0632 \u0627\u0644\u062d\u0648\u0627\u0631 \u0627\u0644\u0633\u0648\u0631\u064a\"},\"description\":\"\u0645\u0624\u0633\u0633\u0629 \u0628\u062d\u062b\u064a\u0629 \u0633\u0648\u0631\u064a\u0629 \u062a\u0633\u0639\u0649 \u0625\u0644\u0649 \u0627\u0644\u0625\u0633\u0647\u0627\u0645 \u0641\u064a \u0628\u0646\u0627\u0621 \u0627\u0644\u0631\u0624\u0649 \u0648\u0627\u0644\u0645\u0639\u0627\u0631\u0641 \u0628\u0645\u0627 \u064a\u0633\u0627\u0639\u062f \u0627\u0644\u0633\u0648\u0631\u064a\u064a\u0646 \u0639\u0644\u0649 \u0625\u0646\u0636\u0627\u062c \u062d\u0644\u0648\u0644 \u0639\u0645\u0644\u064a\u0629 \u0644\u0645\u0648\u0627\u062c\u0647\u0629 \u0627\u0644\u062a\u062d\u062f\u064a\u0627\u062a \u0627\u0644\u0648\u0637\u0646\u064a\u0629 \u0627\u0644\u0645\u0634\u062a\u0631\u0643\u0629 \u0648\u062a\u062d\u0642\u064a\u0642 \u0627\u0644\u062a\u0646\u0645\u064a\u0629 \u0627\u0644\u0645\u0633\u062a\u062f\u0627\u0645\u0629\",\"sameAs\":[\"http:\/\/sydialogue.org\/\",\"Syrian Dialogue Center\"],\"url\":\"#molongui-disabled-link\"}]}<\/script>\n<!-- \/ Yoast SEO plugin. -->","yoast_head_json":{"title":"Seminer Medya Raporu: \u201c\u0130ran'\u0131n Suriye'deki Ekonomik N\u00fcfuzu: Boyutlar ve Etkiler\u201d - Suriye Diyalog Merkezi","description":"Bu seminerde \u0130ran'\u0131n, Suriye ekonomisini hakimiyeti alt\u0131na almak i\u00e7in att\u0131\u011f\u0131 ad\u0131mlar\u0131n boyutlar\u0131, bunlar\u0131 etkileyen fakt\u00f6rler ve bunlar\u0131n \u0130ran'\u0131n Suriye'deki varl\u0131\u011f\u0131na anl\u0131k ve gelecekteki etkileri hakk\u0131nda sunumlar ve a\u00e7\u0131klamalar yap\u0131ld\u0131.","robots":{"index":"index","follow":"follow","max-snippet":"max-snippet:-1","max-image-preview":"max-image-preview:large","max-video-preview":"max-video-preview:-1"},"canonical":"https:\/\/sydialogue.org\/tr\/seminer-medya-raporu-iranin-suriyedeki-ekonomik-nufuzu-boyutlar-ve-etkiler\/","og_locale":"tr_TR","og_type":"article","og_title":"Seminer Medya Raporu: \u201c\u0130ran'\u0131n Suriye'deki Ekonomik N\u00fcfuzu: Boyutlar ve Etkiler\u201d - Suriye Diyalog Merkezi","og_description":"Bu seminerde \u0130ran'\u0131n, Suriye ekonomisini hakimiyeti alt\u0131na almak i\u00e7in att\u0131\u011f\u0131 ad\u0131mlar\u0131n boyutlar\u0131, bunlar\u0131 etkileyen fakt\u00f6rler ve bunlar\u0131n \u0130ran'\u0131n Suriye'deki varl\u0131\u011f\u0131na anl\u0131k ve gelecekteki etkileri hakk\u0131nda sunumlar ve a\u00e7\u0131klamalar yap\u0131ld\u0131.","og_url":"https:\/\/sydialogue.org\/tr\/seminer-medya-raporu-iranin-suriyedeki-ekonomik-nufuzu-boyutlar-ve-etkiler\/","og_site_name":"Suriye Diyalog Merkezi","article_publisher":"https:\/\/www.facebook.com\/Sydialogue","article_published_time":"2022-06-26T11:00:06+00:00","article_modified_time":"2023-09-22T11:16:56+00:00","og_image":[{"width":1024,"height":514,"url":"https:\/\/sydialogue.org\/wp-content\/uploads\/2023\/09\/semenar-TR-copy-1024x514.jpg","type":"image\/jpeg"}],"author":"\u0645\u0631\u0643\u0632 \u0627\u0644\u062d\u0648\u0627\u0631 \u0627\u0644\u0633\u0648\u0631\u064a","twitter_card":"summary_large_image","twitter_creator":"@Sydialogue","twitter_site":"@Sydialogue","twitter_misc":{"Yazan:":"\u0645\u0631\u0643\u0632 \u0627\u0644\u062d\u0648\u0627\u0631 \u0627\u0644\u0633\u0648\u0631\u064a","Tahmini okuma s\u00fcresi":"2 dakika"},"schema":{"@context":"https:\/\/schema.org","@graph":[{"@type":"WebPage","@id":"https:\/\/sydialogue.org\/tr\/seminer-medya-raporu-iranin-suriyedeki-ekonomik-nufuzu-boyutlar-ve-etkiler\/","url":"https:\/\/sydialogue.org\/tr\/seminer-medya-raporu-iranin-suriyedeki-ekonomik-nufuzu-boyutlar-ve-etkiler\/","name":"Seminer Medya Raporu: \u201c\u0130ran'\u0131n Suriye'deki Ekonomik N\u00fcfuzu: Boyutlar ve Etkiler\u201d - Suriye Diyalog Merkezi","isPartOf":{"@id":"https:\/\/sydialogue.org\/tr\/#website"},"primaryImageOfPage":{"@id":"https:\/\/sydialogue.org\/tr\/seminer-medya-raporu-iranin-suriyedeki-ekonomik-nufuzu-boyutlar-ve-etkiler\/#primaryimage"},"image":{"@id":"https:\/\/sydialogue.org\/tr\/seminer-medya-raporu-iranin-suriyedeki-ekonomik-nufuzu-boyutlar-ve-etkiler\/#primaryimage"},"thumbnailUrl":"https:\/\/egsaqtt58cu.exactdn.com\/wp-content\/uploads\/2023\/09\/semenar-TR-copy.jpg?strip=all&lossy=1&ssl=1","datePublished":"2022-06-26T11:00:06+00:00","dateModified":"2023-09-22T11:16:56+00:00","author":{"@id":"https:\/\/sydialogue.org\/tr\/#\/schema\/person\/34a2994f7414cbc7ce06e08267c4944d"},"description":"Bu seminerde \u0130ran'\u0131n, Suriye ekonomisini hakimiyeti alt\u0131na almak i\u00e7in att\u0131\u011f\u0131 ad\u0131mlar\u0131n boyutlar\u0131, bunlar\u0131 etkileyen fakt\u00f6rler ve bunlar\u0131n \u0130ran'\u0131n Suriye'deki varl\u0131\u011f\u0131na anl\u0131k ve gelecekteki etkileri hakk\u0131nda sunumlar ve a\u00e7\u0131klamalar yap\u0131ld\u0131.","breadcrumb":{"@id":"https:\/\/sydialogue.org\/tr\/seminer-medya-raporu-iranin-suriyedeki-ekonomik-nufuzu-boyutlar-ve-etkiler\/#breadcrumb"},"inLanguage":"tr","potentialAction":[{"@type":"ReadAction","target":["https:\/\/sydialogue.org\/tr\/seminer-medya-raporu-iranin-suriyedeki-ekonomik-nufuzu-boyutlar-ve-etkiler\/"]}]},{"@type":"ImageObject","inLanguage":"tr","@id":"https:\/\/sydialogue.org\/tr\/seminer-medya-raporu-iranin-suriyedeki-ekonomik-nufuzu-boyutlar-ve-etkiler\/#primaryimage","url":"https:\/\/egsaqtt58cu.exactdn.com\/wp-content\/uploads\/2023\/09\/semenar-TR-copy.jpg?strip=all&lossy=1&ssl=1","contentUrl":"https:\/\/egsaqtt58cu.exactdn.com\/wp-content\/uploads\/2023\/09\/semenar-TR-copy.jpg?strip=all&lossy=1&ssl=1","width":1600,"height":803},{"@type":"BreadcrumbList","@id":"https:\/\/sydialogue.org\/tr\/seminer-medya-raporu-iranin-suriyedeki-ekonomik-nufuzu-boyutlar-ve-etkiler\/#breadcrumb","itemListElement":[{"@type":"ListItem","position":1,"name":"\u0627\u0644\u0631\u0626\u064a\u0633\u064a\u0629","item":"https:\/\/sydialogue.org\/tr\/"},{"@type":"ListItem","position":2,"name":"Seminer Medya Raporu: \u201c\u0130ran&#8217;\u0131n Suriye&#8217;deki Ekonomik N\u00fcfuzu: Boyutlar ve Etkiler\u201d"}]},{"@type":"WebSite","@id":"https:\/\/sydialogue.org\/tr\/#website","url":"https:\/\/sydialogue.org\/tr\/","name":"\u0645\u0631\u0643\u0632 \u0627\u0644\u062d\u0648\u0627\u0631 \u0627\u0644\u0633\u0648\u0631\u064a","description":"Suriyeli bir sivil kurum, Suriye halk\u0131n\u0131 ilgilendiren konularda diyalo\u011fu canland\u0131rmay\u0131 ve harekete ge\u00e7irmeyi hedefliyor ve Suriyeliler aras\u0131nda ili\u015fkileri g\u00fc\u00e7lendirmeye ve i\u015fbirli\u011fi ve koordinasyonu harekete ge\u00e7irmeye \u00e7al\u0131\u015f\u0131yor.","potentialAction":[{"@type":"SearchAction","target":{"@type":"EntryPoint","urlTemplate":"https:\/\/sydialogue.org\/tr\/?s={search_term_string}"},"query-input":{"@type":"PropertyValueSpecification","valueRequired":true,"valueName":"search_term_string"}}],"inLanguage":"tr"},{"@type":"Person","@id":"https:\/\/sydialogue.org\/tr\/#\/schema\/person\/34a2994f7414cbc7ce06e08267c4944d","name":"\u0645\u0631\u0643\u0632 \u0627\u0644\u062d\u0648\u0627\u0631 \u0627\u0644\u0633\u0648\u0631\u064a","image":{"@type":"ImageObject","inLanguage":"tr","@id":"https:\/\/sydialogue.org\/tr\/#\/schema\/person\/image\/","url":"https:\/\/sydialogue.org\/wp-content\/uploads\/2023\/09\/\u0644\u0648\u063a\u0648-\u062e\u0644\u0641\u064a\u0629-\u0634\u0641\u0627\u0641\u0629-1.png","contentUrl":"https:\/\/sydialogue.org\/wp-content\/uploads\/2023\/09\/\u0644\u0648\u063a\u0648-\u062e\u0644\u0641\u064a\u0629-\u0634\u0641\u0627\u0641\u0629-1.png","caption":"\u0645\u0631\u0643\u0632 \u0627\u0644\u062d\u0648\u0627\u0631 \u0627\u0644\u0633\u0648\u0631\u064a"},"description":"\u0645\u0624\u0633\u0633\u0629 \u0628\u062d\u062b\u064a\u0629 \u0633\u0648\u0631\u064a\u0629 \u062a\u0633\u0639\u0649 \u0625\u0644\u0649 \u0627\u0644\u0625\u0633\u0647\u0627\u0645 \u0641\u064a \u0628\u0646\u0627\u0621 \u0627\u0644\u0631\u0624\u0649 \u0648\u0627\u0644\u0645\u0639\u0627\u0631\u0641 \u0628\u0645\u0627 \u064a\u0633\u0627\u0639\u062f \u0627\u0644\u0633\u0648\u0631\u064a\u064a\u0646 \u0639\u0644\u0649 \u0625\u0646\u0636\u0627\u062c \u062d\u0644\u0648\u0644 \u0639\u0645\u0644\u064a\u0629 \u0644\u0645\u0648\u0627\u062c\u0647\u0629 \u0627\u0644\u062a\u062d\u062f\u064a\u0627\u062a \u0627\u0644\u0648\u0637\u0646\u064a\u0629 \u0627\u0644\u0645\u0634\u062a\u0631\u0643\u0629 \u0648\u062a\u062d\u0642\u064a\u0642 \u0627\u0644\u062a\u0646\u0645\u064a\u0629 \u0627\u0644\u0645\u0633\u062a\u062f\u0627\u0645\u0629","sameAs":["http:\/\/sydialogue.org\/","Syrian Dialogue Center"],"url":"#molongui-disabled-link"}]}},"_links":{"self":[{"href":"https:\/\/sydialogue.org\/tr\/wp-json\/wp\/v2\/posts\/12939","targetHints":{"allow":["GET"]}}],"collection":[{"href":"https:\/\/sydialogue.org\/tr\/wp-json\/wp\/v2\/posts"}],"about":[{"href":"https:\/\/sydialogue.org\/tr\/wp-json\/wp\/v2\/types\/post"}],"author":[{"embeddable":true,"href":"https:\/\/sydialogue.org\/tr\/wp-json\/wp\/v2\/users\/1"}],"replies":[{"embeddable":true,"href":"https:\/\/sydialogue.org\/tr\/wp-json\/wp\/v2\/comments?post=12939"}],"version-history":[{"count":1,"href":"https:\/\/sydialogue.org\/tr\/wp-json\/wp\/v2\/posts\/12939\/revisions"}],"predecessor-version":[{"id":12943,"href":"https:\/\/sydialogue.org\/tr\/wp-json\/wp\/v2\/posts\/12939\/revisions\/12943"}],"wp:featuredmedia":[{"embeddable":true,"href":"https:\/\/sydialogue.org\/tr\/wp-json\/wp\/v2\/media\/12940"}],"wp:attachment":[{"href":"https:\/\/sydialogue.org\/tr\/wp-json\/wp\/v2\/media?parent=12939"}],"wp:term":[{"taxonomy":"category","embeddable":true,"href":"https:\/\/sydialogue.org\/tr\/wp-json\/wp\/v2\/categories?post=12939"},{"taxonomy":"post_tag","embeddable":true,"href":"https:\/\/sydialogue.org\/tr\/wp-json\/wp\/v2\/tags?post=12939"}],"curies":[{"name":"wp","href":"https:\/\/api.w.org\/{rel}","templated":true}]}}