{"id":12949,"date":"2022-09-24T14:29:31","date_gmt":"2022-09-24T11:29:31","guid":{"rendered":"http:\/\/sydialogue.org\/?p=12949"},"modified":"2023-09-22T14:39:09","modified_gmt":"2023-09-22T11:39:09","slug":"seminer-medya-raporu-halk-tabaniyla-siyasi-kurumlar-arasindaki-iliskileri-yeniden-insa-yollari","status":"publish","type":"post","link":"https:\/\/sydialogue.org\/tr\/seminer-medya-raporu-halk-tabaniyla-siyasi-kurumlar-arasindaki-iliskileri-yeniden-insa-yollari\/","title":{"rendered":"Seminer Medya Raporu: \u201cHalk Taban\u0131yla Siyasi Kurumlar Aras\u0131ndaki \u0130li\u015fkileri Yeniden \u0130n\u015fa Yollar\u0131\u201d"},"content":{"rendered":"<p dir=\"ltr\" style=\"text-align: justify;\">Tarihsel ve g\u00fcncel ba\u011flam, \u00f6zellikle mevcut istisnai ko\u015fullar \u0131\u015f\u0131\u011f\u0131nda, \u00e7ok say\u0131da nesnel ve \u00f6znel fakt\u00f6r\u00fcn bir sonucu olarak, siyasi kurumlar ile halk taban\u0131 aras\u0131ndaki g\u00fcven zay\u0131fl\u0131\u011f\u0131n\u0131 daha da artt\u0131rm\u0131\u015f durumda.<\/p>\n<p dir=\"ltr\" style=\"text-align: justify;\">Tart\u0131\u015fmalar\u0131n ve yaz\u0131lanlar\u0131n \u00e7o\u011fu, neredeyse herkes\u00e7e bilinen ger\u00e7e\u011fi tan\u0131mlamaya odaklanm\u0131\u015f. Ancak, en b\u00fcy\u00fck zorluk, halk ile siyasi kurumlar aras\u0131ndaki g\u00fcveni yeniden tesis etmek i\u00e7in mevcut \u00e7\u00f6z\u00fcm yollar\u0131n\u0131 aramakta yat\u0131yor. Zira bunun Suriye meselesinin t\u00fcm seyrine do\u011frudan ve dolayl\u0131 olumlu sonu\u00e7lar\u0131 bulunuyor.<\/p>\n<p dir=\"ltr\" style=\"text-align: justify;\">Bu konu \u00fczerinde daha fazla durmak ve izlenebilecek ad\u0131mlar\u0131 tart\u0131\u015fmak amac\u0131yla, Suriye Diyalog Merkezi taraf\u0131ndan \u201cHalk Taban\u0131yla Siyasi Kurumlar Aras\u0131ndaki \u0130li\u015fkileri Yeniden \u0130n\u015fa Yollar\u0131\u201d ba\u015fl\u0131kl\u0131 bir diyalog semineri d\u00fczenlendi. 22 Eyl\u00fcl 2022 tarihinde ger\u00e7ekle\u015fen seminere \u00e7e\u015fitli ara\u015ft\u0131rmac\u0131lar, uzmanlar, siyaset\u00e7iler ve ilgili ki\u015filer kat\u0131l\u0131m sa\u011flad\u0131.<\/p>\n<p dir=\"ltr\" style=\"text-align: justify;\">Seminerde, halk taban\u0131yla siyasi kurumlar aras\u0131ndaki g\u00fcveni yeniden kazanman\u0131n yollar\u0131 ve ara\u00e7lar\u0131 \u00fczerinde duruldu. Ayr\u0131ca hem halihaz\u0131rda \u00fczerinde \u00e7al\u0131\u015f\u0131lmas\u0131 gereken \u00f6ncelikler hem de orta ve uzun vadedeki \u00f6ncelikler tart\u0131\u015fmaya konu edildi.<\/p>\n<p dir=\"ltr\" style=\"text-align: justify;\">Seminer, konunun \u00f6nemine vurgu yapan geni\u015f bir kat\u0131l\u0131mc\u0131 kitlesinin i\u015ftirakiyle ger\u00e7ekle\u015fti. Ayr\u0131ca bak\u0131\u015f a\u00e7\u0131lar\u0131n\u0131n yak\u0131nla\u015ft\u0131r\u0131lmas\u0131 ve ya\u015fananlar\u0131n, -\u00f6zellikle de d\u00fczeltilemez bir oldu bitti gibi kabul edilmemesi i\u00e7in- \u00fczerinde \u00e7al\u0131\u015f\u0131lmas\u0131 gerekti\u011fi vurguland\u0131. \u00d6zellikle de siyasi kurumlar ile halk aras\u0131ndaki u\u00e7urumun artt\u0131\u011f\u0131 bir d\u00f6nemde.<\/p>\n","protected":false},"excerpt":{"rendered":"<p>Geni\u015f kat\u0131l\u0131ml\u0131 seminerde, halk taban\u0131yla siyasi kurumlar aras\u0131ndaki g\u00fcveni yeniden tesis etmenin yollar\u0131 ve ara\u00e7lar\u0131 \u00fczerinde duruldu. Ayr\u0131ca hem halihaz\u0131rda \u00fczerinde \u00e7al\u0131\u015f\u0131lmas\u0131 gereken \u00f6ncelikler hem de orta ve uzun vadedeki \u00f6ncelikler tart\u0131\u015fmaya konu edildi.<\/p>\n","protected":false},"author":1,"featured_media":12950,"comment_status":"open","ping_status":"closed","sticky":false,"template":"","format":"standard","meta":{"_acf_changed":false,"footnotes":""},"categories":[50,83],"tags":[],"class_list":["post-12949","post","type-post","status-publish","format-standard","has-post-thumbnail","hentry","category-etkinlikler","category-dialogue-seminars-tr"],"acf":[],"yoast_head":"<!-- This site is optimized with the Yoast SEO plugin v26.0 - https:\/\/yoast.com\/wordpress\/plugins\/seo\/ -->\n<title>Seminer Medya Raporu: \u201cHalk Taban\u0131yla Siyasi Kurumlar Aras\u0131ndaki \u0130li\u015fkileri Yeniden \u0130n\u015fa Yollar\u0131\u201d - Suriye Diyalog Merkezi<\/title>\n<meta name=\"description\" content=\"Geni\u015f kat\u0131l\u0131ml\u0131 seminerde, halk taban\u0131yla siyasi kurumlar aras\u0131ndaki g\u00fcveni yeniden tesis etmenin yollar\u0131 ve ara\u00e7lar\u0131 \u00fczerinde duruldu. Ayr\u0131ca hem halihaz\u0131rda \u00fczerinde \u00e7al\u0131\u015f\u0131lmas\u0131 gereken \u00f6ncelikler hem de orta ve uzun vadedeki \u00f6ncelikler tart\u0131\u015fmaya konu edildi.\" \/>\n<meta name=\"robots\" content=\"index, follow, max-snippet:-1, max-image-preview:large, max-video-preview:-1\" \/>\n<link rel=\"canonical\" href=\"https:\/\/sydialogue.org\/tr\/seminer-medya-raporu-halk-tabaniyla-siyasi-kurumlar-arasindaki-iliskileri-yeniden-insa-yollari\/\" \/>\n<meta property=\"og:locale\" content=\"tr_TR\" \/>\n<meta property=\"og:type\" content=\"article\" \/>\n<meta property=\"og:title\" content=\"Seminer Medya Raporu: \u201cHalk Taban\u0131yla Siyasi Kurumlar Aras\u0131ndaki \u0130li\u015fkileri Yeniden \u0130n\u015fa Yollar\u0131\u201d - Suriye Diyalog Merkezi\" \/>\n<meta property=\"og:description\" content=\"Geni\u015f kat\u0131l\u0131ml\u0131 seminerde, halk taban\u0131yla siyasi kurumlar aras\u0131ndaki g\u00fcveni yeniden tesis etmenin yollar\u0131 ve ara\u00e7lar\u0131 \u00fczerinde duruldu. Ayr\u0131ca hem halihaz\u0131rda \u00fczerinde \u00e7al\u0131\u015f\u0131lmas\u0131 gereken \u00f6ncelikler hem de orta ve uzun vadedeki \u00f6ncelikler tart\u0131\u015fmaya konu edildi.\" \/>\n<meta property=\"og:url\" content=\"https:\/\/sydialogue.org\/tr\/seminer-medya-raporu-halk-tabaniyla-siyasi-kurumlar-arasindaki-iliskileri-yeniden-insa-yollari\/\" \/>\n<meta property=\"og:site_name\" content=\"Suriye Diyalog Merkezi\" \/>\n<meta property=\"article:publisher\" content=\"https:\/\/www.facebook.com\/Sydialogue\" \/>\n<meta property=\"article:published_time\" content=\"2022-09-24T11:29:31+00:00\" \/>\n<meta property=\"article:modified_time\" content=\"2023-09-22T11:39:09+00:00\" \/>\n<meta property=\"og:image\" content=\"https:\/\/sydialogue.org\/wp-content\/uploads\/2023\/09\/109TT-copy.jpg\" \/>\n\t<meta property=\"og:image:width\" content=\"2308\" \/>\n\t<meta property=\"og:image:height\" content=\"1159\" \/>\n\t<meta property=\"og:image:type\" content=\"image\/jpeg\" \/>\n<meta name=\"author\" content=\"\u0645\u0631\u0643\u0632 \u0627\u0644\u062d\u0648\u0627\u0631 \u0627\u0644\u0633\u0648\u0631\u064a\" \/>\n<meta name=\"twitter:card\" content=\"summary_large_image\" \/>\n<meta name=\"twitter:creator\" content=\"@Sydialogue\" \/>\n<meta name=\"twitter:site\" content=\"@Sydialogue\" \/>\n<meta name=\"twitter:label1\" content=\"Yazan:\" \/>\n\t<meta name=\"twitter:data1\" content=\"\u0645\u0631\u0643\u0632 \u0627\u0644\u062d\u0648\u0627\u0631 \u0627\u0644\u0633\u0648\u0631\u064a\" \/>\n\t<meta name=\"twitter:label2\" content=\"Tahmini okuma s\u00fcresi\" \/>\n\t<meta name=\"twitter:data2\" content=\"2 dakika\" \/>\n<script type=\"application\/ld+json\" class=\"yoast-schema-graph\">{\"@context\":\"https:\/\/schema.org\",\"@graph\":[{\"@type\":\"WebPage\",\"@id\":\"https:\/\/sydialogue.org\/tr\/seminer-medya-raporu-halk-tabaniyla-siyasi-kurumlar-arasindaki-iliskileri-yeniden-insa-yollari\/\",\"url\":\"https:\/\/sydialogue.org\/tr\/seminer-medya-raporu-halk-tabaniyla-siyasi-kurumlar-arasindaki-iliskileri-yeniden-insa-yollari\/\",\"name\":\"Seminer Medya Raporu: \u201cHalk Taban\u0131yla Siyasi Kurumlar Aras\u0131ndaki \u0130li\u015fkileri Yeniden \u0130n\u015fa Yollar\u0131\u201d - Suriye Diyalog Merkezi\",\"isPartOf\":{\"@id\":\"https:\/\/sydialogue.org\/tr\/#website\"},\"primaryImageOfPage\":{\"@id\":\"https:\/\/sydialogue.org\/tr\/seminer-medya-raporu-halk-tabaniyla-siyasi-kurumlar-arasindaki-iliskileri-yeniden-insa-yollari\/#primaryimage\"},\"image\":{\"@id\":\"https:\/\/sydialogue.org\/tr\/seminer-medya-raporu-halk-tabaniyla-siyasi-kurumlar-arasindaki-iliskileri-yeniden-insa-yollari\/#primaryimage\"},\"thumbnailUrl\":\"https:\/\/e8nd7pn44jx.exactdn.com\/wp-content\/uploads\/2023\/09\/109TT-copy.jpg?strip=all\",\"datePublished\":\"2022-09-24T11:29:31+00:00\",\"dateModified\":\"2023-09-22T11:39:09+00:00\",\"author\":{\"@id\":\"https:\/\/sydialogue.org\/tr\/#\/schema\/person\/34a2994f7414cbc7ce06e08267c4944d\"},\"description\":\"Geni\u015f kat\u0131l\u0131ml\u0131 seminerde, halk taban\u0131yla siyasi kurumlar aras\u0131ndaki g\u00fcveni yeniden tesis etmenin yollar\u0131 ve ara\u00e7lar\u0131 \u00fczerinde duruldu. Ayr\u0131ca hem halihaz\u0131rda \u00fczerinde \u00e7al\u0131\u015f\u0131lmas\u0131 gereken \u00f6ncelikler hem de orta ve uzun vadedeki \u00f6ncelikler tart\u0131\u015fmaya konu edildi.\",\"breadcrumb\":{\"@id\":\"https:\/\/sydialogue.org\/tr\/seminer-medya-raporu-halk-tabaniyla-siyasi-kurumlar-arasindaki-iliskileri-yeniden-insa-yollari\/#breadcrumb\"},\"inLanguage\":\"tr\",\"potentialAction\":[{\"@type\":\"ReadAction\",\"target\":[\"https:\/\/sydialogue.org\/tr\/seminer-medya-raporu-halk-tabaniyla-siyasi-kurumlar-arasindaki-iliskileri-yeniden-insa-yollari\/\"]}]},{\"@type\":\"ImageObject\",\"inLanguage\":\"tr\",\"@id\":\"https:\/\/sydialogue.org\/tr\/seminer-medya-raporu-halk-tabaniyla-siyasi-kurumlar-arasindaki-iliskileri-yeniden-insa-yollari\/#primaryimage\",\"url\":\"https:\/\/e8nd7pn44jx.exactdn.com\/wp-content\/uploads\/2023\/09\/109TT-copy.jpg?strip=all\",\"contentUrl\":\"https:\/\/e8nd7pn44jx.exactdn.com\/wp-content\/uploads\/2023\/09\/109TT-copy.jpg?strip=all\",\"width\":2308,\"height\":1159},{\"@type\":\"BreadcrumbList\",\"@id\":\"https:\/\/sydialogue.org\/tr\/seminer-medya-raporu-halk-tabaniyla-siyasi-kurumlar-arasindaki-iliskileri-yeniden-insa-yollari\/#breadcrumb\",\"itemListElement\":[{\"@type\":\"ListItem\",\"position\":1,\"name\":\"\u0627\u0644\u0631\u0626\u064a\u0633\u064a\u0629\",\"item\":\"https:\/\/sydialogue.org\/tr\/\"},{\"@type\":\"ListItem\",\"position\":2,\"name\":\"Seminer Medya Raporu: \u201cHalk Taban\u0131yla Siyasi Kurumlar Aras\u0131ndaki \u0130li\u015fkileri Yeniden \u0130n\u015fa Yollar\u0131\u201d\"}]},{\"@type\":\"WebSite\",\"@id\":\"https:\/\/sydialogue.org\/tr\/#website\",\"url\":\"https:\/\/sydialogue.org\/tr\/\",\"name\":\"\u0645\u0631\u0643\u0632 \u0627\u0644\u062d\u0648\u0627\u0631 \u0627\u0644\u0633\u0648\u0631\u064a\",\"description\":\"Suriyeli bir sivil kurum, Suriye halk\u0131n\u0131 ilgilendiren konularda diyalo\u011fu canland\u0131rmay\u0131 ve harekete ge\u00e7irmeyi hedefliyor ve Suriyeliler aras\u0131nda ili\u015fkileri g\u00fc\u00e7lendirmeye ve i\u015fbirli\u011fi ve koordinasyonu harekete ge\u00e7irmeye \u00e7al\u0131\u015f\u0131yor.\",\"potentialAction\":[{\"@type\":\"SearchAction\",\"target\":{\"@type\":\"EntryPoint\",\"urlTemplate\":\"https:\/\/sydialogue.org\/tr\/?s={search_term_string}\"},\"query-input\":{\"@type\":\"PropertyValueSpecification\",\"valueRequired\":true,\"valueName\":\"search_term_string\"}}],\"inLanguage\":\"tr\"},{\"@type\":\"Person\",\"@id\":\"https:\/\/sydialogue.org\/tr\/#\/schema\/person\/34a2994f7414cbc7ce06e08267c4944d\",\"name\":\"\u0645\u0631\u0643\u0632 \u0627\u0644\u062d\u0648\u0627\u0631 \u0627\u0644\u0633\u0648\u0631\u064a\",\"image\":{\"@type\":\"ImageObject\",\"inLanguage\":\"tr\",\"@id\":\"https:\/\/sydialogue.org\/tr\/#\/schema\/person\/image\/\",\"url\":\"https:\/\/sydialogue.org\/wp-content\/uploads\/2023\/09\/\u0644\u0648\u063a\u0648-\u062e\u0644\u0641\u064a\u0629-\u0634\u0641\u0627\u0641\u0629-1.png\",\"contentUrl\":\"https:\/\/sydialogue.org\/wp-content\/uploads\/2023\/09\/\u0644\u0648\u063a\u0648-\u062e\u0644\u0641\u064a\u0629-\u0634\u0641\u0627\u0641\u0629-1.png\",\"caption\":\"\u0645\u0631\u0643\u0632 \u0627\u0644\u062d\u0648\u0627\u0631 \u0627\u0644\u0633\u0648\u0631\u064a\"},\"description\":\"\u0645\u0624\u0633\u0633\u0629 \u0628\u062d\u062b\u064a\u0629 \u0633\u0648\u0631\u064a\u0629 \u062a\u0633\u0639\u0649 \u0625\u0644\u0649 \u0627\u0644\u0625\u0633\u0647\u0627\u0645 \u0641\u064a \u0628\u0646\u0627\u0621 \u0627\u0644\u0631\u0624\u0649 \u0648\u0627\u0644\u0645\u0639\u0627\u0631\u0641 \u0628\u0645\u0627 \u064a\u0633\u0627\u0639\u062f \u0627\u0644\u0633\u0648\u0631\u064a\u064a\u0646 \u0639\u0644\u0649 \u0625\u0646\u0636\u0627\u062c \u062d\u0644\u0648\u0644 \u0639\u0645\u0644\u064a\u0629 \u0644\u0645\u0648\u0627\u062c\u0647\u0629 \u0627\u0644\u062a\u062d\u062f\u064a\u0627\u062a \u0627\u0644\u0648\u0637\u0646\u064a\u0629 \u0627\u0644\u0645\u0634\u062a\u0631\u0643\u0629 \u0648\u062a\u062d\u0642\u064a\u0642 \u0627\u0644\u062a\u0646\u0645\u064a\u0629 \u0627\u0644\u0645\u0633\u062a\u062f\u0627\u0645\u0629\",\"sameAs\":[\"http:\/\/sydialogue.org\/\",\"Syrian Dialogue Center\"],\"url\":\"#molongui-disabled-link\"}]}<\/script>\n<!-- \/ Yoast SEO plugin. -->","yoast_head_json":{"title":"Seminer Medya Raporu: \u201cHalk Taban\u0131yla Siyasi Kurumlar Aras\u0131ndaki \u0130li\u015fkileri Yeniden \u0130n\u015fa Yollar\u0131\u201d - Suriye Diyalog Merkezi","description":"Geni\u015f kat\u0131l\u0131ml\u0131 seminerde, halk taban\u0131yla siyasi kurumlar aras\u0131ndaki g\u00fcveni yeniden tesis etmenin yollar\u0131 ve ara\u00e7lar\u0131 \u00fczerinde duruldu. Ayr\u0131ca hem halihaz\u0131rda \u00fczerinde \u00e7al\u0131\u015f\u0131lmas\u0131 gereken \u00f6ncelikler hem de orta ve uzun vadedeki \u00f6ncelikler tart\u0131\u015fmaya konu edildi.","robots":{"index":"index","follow":"follow","max-snippet":"max-snippet:-1","max-image-preview":"max-image-preview:large","max-video-preview":"max-video-preview:-1"},"canonical":"https:\/\/sydialogue.org\/tr\/seminer-medya-raporu-halk-tabaniyla-siyasi-kurumlar-arasindaki-iliskileri-yeniden-insa-yollari\/","og_locale":"tr_TR","og_type":"article","og_title":"Seminer Medya Raporu: \u201cHalk Taban\u0131yla Siyasi Kurumlar Aras\u0131ndaki \u0130li\u015fkileri Yeniden \u0130n\u015fa Yollar\u0131\u201d - Suriye Diyalog Merkezi","og_description":"Geni\u015f kat\u0131l\u0131ml\u0131 seminerde, halk taban\u0131yla siyasi kurumlar aras\u0131ndaki g\u00fcveni yeniden tesis etmenin yollar\u0131 ve ara\u00e7lar\u0131 \u00fczerinde duruldu. Ayr\u0131ca hem halihaz\u0131rda \u00fczerinde \u00e7al\u0131\u015f\u0131lmas\u0131 gereken \u00f6ncelikler hem de orta ve uzun vadedeki \u00f6ncelikler tart\u0131\u015fmaya konu edildi.","og_url":"https:\/\/sydialogue.org\/tr\/seminer-medya-raporu-halk-tabaniyla-siyasi-kurumlar-arasindaki-iliskileri-yeniden-insa-yollari\/","og_site_name":"Suriye Diyalog Merkezi","article_publisher":"https:\/\/www.facebook.com\/Sydialogue","article_published_time":"2022-09-24T11:29:31+00:00","article_modified_time":"2023-09-22T11:39:09+00:00","og_image":[{"width":2308,"height":1159,"url":"https:\/\/sydialogue.org\/wp-content\/uploads\/2023\/09\/109TT-copy.jpg","type":"image\/jpeg"}],"author":"\u0645\u0631\u0643\u0632 \u0627\u0644\u062d\u0648\u0627\u0631 \u0627\u0644\u0633\u0648\u0631\u064a","twitter_card":"summary_large_image","twitter_creator":"@Sydialogue","twitter_site":"@Sydialogue","twitter_misc":{"Yazan:":"\u0645\u0631\u0643\u0632 \u0627\u0644\u062d\u0648\u0627\u0631 \u0627\u0644\u0633\u0648\u0631\u064a","Tahmini okuma s\u00fcresi":"2 dakika"},"schema":{"@context":"https:\/\/schema.org","@graph":[{"@type":"WebPage","@id":"https:\/\/sydialogue.org\/tr\/seminer-medya-raporu-halk-tabaniyla-siyasi-kurumlar-arasindaki-iliskileri-yeniden-insa-yollari\/","url":"https:\/\/sydialogue.org\/tr\/seminer-medya-raporu-halk-tabaniyla-siyasi-kurumlar-arasindaki-iliskileri-yeniden-insa-yollari\/","name":"Seminer Medya Raporu: \u201cHalk Taban\u0131yla Siyasi Kurumlar Aras\u0131ndaki \u0130li\u015fkileri Yeniden \u0130n\u015fa Yollar\u0131\u201d - Suriye Diyalog Merkezi","isPartOf":{"@id":"https:\/\/sydialogue.org\/tr\/#website"},"primaryImageOfPage":{"@id":"https:\/\/sydialogue.org\/tr\/seminer-medya-raporu-halk-tabaniyla-siyasi-kurumlar-arasindaki-iliskileri-yeniden-insa-yollari\/#primaryimage"},"image":{"@id":"https:\/\/sydialogue.org\/tr\/seminer-medya-raporu-halk-tabaniyla-siyasi-kurumlar-arasindaki-iliskileri-yeniden-insa-yollari\/#primaryimage"},"thumbnailUrl":"https:\/\/e8nd7pn44jx.exactdn.com\/wp-content\/uploads\/2023\/09\/109TT-copy.jpg?strip=all","datePublished":"2022-09-24T11:29:31+00:00","dateModified":"2023-09-22T11:39:09+00:00","author":{"@id":"https:\/\/sydialogue.org\/tr\/#\/schema\/person\/34a2994f7414cbc7ce06e08267c4944d"},"description":"Geni\u015f kat\u0131l\u0131ml\u0131 seminerde, halk taban\u0131yla siyasi kurumlar aras\u0131ndaki g\u00fcveni yeniden tesis etmenin yollar\u0131 ve ara\u00e7lar\u0131 \u00fczerinde duruldu. Ayr\u0131ca hem halihaz\u0131rda \u00fczerinde \u00e7al\u0131\u015f\u0131lmas\u0131 gereken \u00f6ncelikler hem de orta ve uzun vadedeki \u00f6ncelikler tart\u0131\u015fmaya konu edildi.","breadcrumb":{"@id":"https:\/\/sydialogue.org\/tr\/seminer-medya-raporu-halk-tabaniyla-siyasi-kurumlar-arasindaki-iliskileri-yeniden-insa-yollari\/#breadcrumb"},"inLanguage":"tr","potentialAction":[{"@type":"ReadAction","target":["https:\/\/sydialogue.org\/tr\/seminer-medya-raporu-halk-tabaniyla-siyasi-kurumlar-arasindaki-iliskileri-yeniden-insa-yollari\/"]}]},{"@type":"ImageObject","inLanguage":"tr","@id":"https:\/\/sydialogue.org\/tr\/seminer-medya-raporu-halk-tabaniyla-siyasi-kurumlar-arasindaki-iliskileri-yeniden-insa-yollari\/#primaryimage","url":"https:\/\/e8nd7pn44jx.exactdn.com\/wp-content\/uploads\/2023\/09\/109TT-copy.jpg?strip=all","contentUrl":"https:\/\/e8nd7pn44jx.exactdn.com\/wp-content\/uploads\/2023\/09\/109TT-copy.jpg?strip=all","width":2308,"height":1159},{"@type":"BreadcrumbList","@id":"https:\/\/sydialogue.org\/tr\/seminer-medya-raporu-halk-tabaniyla-siyasi-kurumlar-arasindaki-iliskileri-yeniden-insa-yollari\/#breadcrumb","itemListElement":[{"@type":"ListItem","position":1,"name":"\u0627\u0644\u0631\u0626\u064a\u0633\u064a\u0629","item":"https:\/\/sydialogue.org\/tr\/"},{"@type":"ListItem","position":2,"name":"Seminer Medya Raporu: \u201cHalk Taban\u0131yla Siyasi Kurumlar Aras\u0131ndaki \u0130li\u015fkileri Yeniden \u0130n\u015fa Yollar\u0131\u201d"}]},{"@type":"WebSite","@id":"https:\/\/sydialogue.org\/tr\/#website","url":"https:\/\/sydialogue.org\/tr\/","name":"\u0645\u0631\u0643\u0632 \u0627\u0644\u062d\u0648\u0627\u0631 \u0627\u0644\u0633\u0648\u0631\u064a","description":"Suriyeli bir sivil kurum, Suriye halk\u0131n\u0131 ilgilendiren konularda diyalo\u011fu canland\u0131rmay\u0131 ve harekete ge\u00e7irmeyi hedefliyor ve Suriyeliler aras\u0131nda ili\u015fkileri g\u00fc\u00e7lendirmeye ve i\u015fbirli\u011fi ve koordinasyonu harekete ge\u00e7irmeye \u00e7al\u0131\u015f\u0131yor.","potentialAction":[{"@type":"SearchAction","target":{"@type":"EntryPoint","urlTemplate":"https:\/\/sydialogue.org\/tr\/?s={search_term_string}"},"query-input":{"@type":"PropertyValueSpecification","valueRequired":true,"valueName":"search_term_string"}}],"inLanguage":"tr"},{"@type":"Person","@id":"https:\/\/sydialogue.org\/tr\/#\/schema\/person\/34a2994f7414cbc7ce06e08267c4944d","name":"\u0645\u0631\u0643\u0632 \u0627\u0644\u062d\u0648\u0627\u0631 \u0627\u0644\u0633\u0648\u0631\u064a","image":{"@type":"ImageObject","inLanguage":"tr","@id":"https:\/\/sydialogue.org\/tr\/#\/schema\/person\/image\/","url":"https:\/\/sydialogue.org\/wp-content\/uploads\/2023\/09\/\u0644\u0648\u063a\u0648-\u062e\u0644\u0641\u064a\u0629-\u0634\u0641\u0627\u0641\u0629-1.png","contentUrl":"https:\/\/sydialogue.org\/wp-content\/uploads\/2023\/09\/\u0644\u0648\u063a\u0648-\u062e\u0644\u0641\u064a\u0629-\u0634\u0641\u0627\u0641\u0629-1.png","caption":"\u0645\u0631\u0643\u0632 \u0627\u0644\u062d\u0648\u0627\u0631 \u0627\u0644\u0633\u0648\u0631\u064a"},"description":"\u0645\u0624\u0633\u0633\u0629 \u0628\u062d\u062b\u064a\u0629 \u0633\u0648\u0631\u064a\u0629 \u062a\u0633\u0639\u0649 \u0625\u0644\u0649 \u0627\u0644\u0625\u0633\u0647\u0627\u0645 \u0641\u064a \u0628\u0646\u0627\u0621 \u0627\u0644\u0631\u0624\u0649 \u0648\u0627\u0644\u0645\u0639\u0627\u0631\u0641 \u0628\u0645\u0627 \u064a\u0633\u0627\u0639\u062f \u0627\u0644\u0633\u0648\u0631\u064a\u064a\u0646 \u0639\u0644\u0649 \u0625\u0646\u0636\u0627\u062c \u062d\u0644\u0648\u0644 \u0639\u0645\u0644\u064a\u0629 \u0644\u0645\u0648\u0627\u062c\u0647\u0629 \u0627\u0644\u062a\u062d\u062f\u064a\u0627\u062a \u0627\u0644\u0648\u0637\u0646\u064a\u0629 \u0627\u0644\u0645\u0634\u062a\u0631\u0643\u0629 \u0648\u062a\u062d\u0642\u064a\u0642 \u0627\u0644\u062a\u0646\u0645\u064a\u0629 \u0627\u0644\u0645\u0633\u062a\u062f\u0627\u0645\u0629","sameAs":["http:\/\/sydialogue.org\/","Syrian Dialogue Center"],"url":"#molongui-disabled-link"}]}},"_links":{"self":[{"href":"https:\/\/sydialogue.org\/tr\/wp-json\/wp\/v2\/posts\/12949","targetHints":{"allow":["GET"]}}],"collection":[{"href":"https:\/\/sydialogue.org\/tr\/wp-json\/wp\/v2\/posts"}],"about":[{"href":"https:\/\/sydialogue.org\/tr\/wp-json\/wp\/v2\/types\/post"}],"author":[{"embeddable":true,"href":"https:\/\/sydialogue.org\/tr\/wp-json\/wp\/v2\/users\/1"}],"replies":[{"embeddable":true,"href":"https:\/\/sydialogue.org\/tr\/wp-json\/wp\/v2\/comments?post=12949"}],"version-history":[{"count":1,"href":"https:\/\/sydialogue.org\/tr\/wp-json\/wp\/v2\/posts\/12949\/revisions"}],"predecessor-version":[{"id":12953,"href":"https:\/\/sydialogue.org\/tr\/wp-json\/wp\/v2\/posts\/12949\/revisions\/12953"}],"wp:featuredmedia":[{"embeddable":true,"href":"https:\/\/sydialogue.org\/tr\/wp-json\/wp\/v2\/media\/12950"}],"wp:attachment":[{"href":"https:\/\/sydialogue.org\/tr\/wp-json\/wp\/v2\/media?parent=12949"}],"wp:term":[{"taxonomy":"category","embeddable":true,"href":"https:\/\/sydialogue.org\/tr\/wp-json\/wp\/v2\/categories?post=12949"},{"taxonomy":"post_tag","embeddable":true,"href":"https:\/\/sydialogue.org\/tr\/wp-json\/wp\/v2\/tags?post=12949"}],"curies":[{"name":"wp","href":"https:\/\/api.w.org\/{rel}","templated":true}]}}