{"id":12955,"date":"2022-11-19T14:44:33","date_gmt":"2022-11-19T11:44:33","guid":{"rendered":"http:\/\/sydialogue.org\/?p=12955"},"modified":"2023-09-22T14:47:19","modified_gmt":"2023-09-22T11:47:19","slug":"seminer-medya-raporu-ekonomik-entegrasyon-yoluyla-suriye-turkiye-toplumsal-uyumunun-guclendirilmesine-dogru","status":"publish","type":"post","link":"https:\/\/sydialogue.org\/tr\/seminer-medya-raporu-ekonomik-entegrasyon-yoluyla-suriye-turkiye-toplumsal-uyumunun-guclendirilmesine-dogru\/","title":{"rendered":"Seminer Medya Raporu: \u201cEkonomik Entegrasyon Yoluyla Suriye-T\u00fcrkiye Toplumsal Uyumunun G\u00fc\u00e7lendirilmesine Do\u011fru\u201d"},"content":{"rendered":"<p dir=\"ltr\" style=\"text-align: justify;\">T\u00fcrkiye&#8217;de ekonomik durumun karma\u015f\u0131k nedenlerden dolay\u0131 k\u00f6t\u00fcle\u015fmesi ve bu k\u00f6t\u00fcle\u015fmenin medyada m\u00fclteci ve g\u00f6\u00e7menler -\u00f6zellikle de Suriyeli m\u00fclteciler- dosyas\u0131yla olumsuz \u015fekilde ili\u015fkilendirilmesi yoluyla istismar edilmesinden sonra Suriye g\u00f6\u00e7\u00fcn\u00fcn T\u00fcrkiye&#8217;deki ekonomik durum \u00fczerindeki etkisinin baz\u0131 y\u00f6nlerini ger\u00e7ek\u00e7i bir \u015fekilde ortaya koyman\u0131n ve bu etkinin T\u00fcrkiye&#8217;deki Suriyeliler varl\u0131\u011f\u0131n\u0131n ele al\u0131nmas\u0131na ili\u015fkin \u015fiddetli i\u00e7 tart\u0131\u015fmalarla kesi\u015fimini ortaya koymak giderek \u00f6nem kazand\u0131.<\/p>\n<p dir=\"ltr\" style=\"text-align: justify;\">Konuyu \u00e7e\u015fitli y\u00f6nleriyle birlikte ara\u015ft\u0131rman\u0131n \u00f6neminden hareketle Suriye Diyalog Merkezi, Arap Sanayi ve \u0130\u015f Adamlar\u0131 Derne\u011fi (ASSIAD) ile i\u015f birli\u011fi yaparak, Gaziantep\u2019te 18 Kas\u0131m 2022 tarihinde \u201cEkonomik Entegrasyon Yoluyla Suriye-T\u00fcrkiye Toplumsal Uyumunun G\u00fc\u00e7lendirilmesine Do\u011fru\u201d ba\u015fl\u0131kl\u0131 bir diyalog semineri d\u00fczenledi.<\/p>\n<p dir=\"ltr\" style=\"text-align: justify;\">Seminerde, Suriye Diyalog Merkezi ara\u015ft\u0131rmac\u0131s\u0131 \u00dcstad Muhammad Salem; merkezin, Suriyelilerin T\u00fcrkiye ekonomisi \u00fczerindeki etkisine ili\u015fkin haz\u0131rlad\u0131\u011f\u0131 &#8220;Suriye&#8217;den T\u00fcrkiye&#8217;ye G\u00f6\u00e7: Ekonomik Etkiler ve Toplumsal Yans\u0131malar&#8221; ba\u015fl\u0131kl\u0131 \u00e7al\u0131\u015fmas\u0131n\u0131 sundu.<\/p>\n<p dir=\"ltr\" style=\"text-align: justify;\">Seminere \u00e7ok say\u0131da ara\u015ft\u0131rmac\u0131, aktivist, uzman ve ilgili taraflar ile geni\u015f bir kat\u0131l\u0131m sa\u011fland\u0131. Konunun \u00f6nemi vurguland\u0131 ve Salem&#8217;in seminer esnas\u0131nda sundu\u011fu \u00e7al\u0131\u015fman\u0131n nesnelli\u011finden ve \u00f6neminden \u00f6vg\u00fcyle s\u00f6z edildi.<\/p>\n","protected":false},"excerpt":{"rendered":"<p>Suriyelilerin T\u00fcrkiye\u2019ye g\u00f6\u00e7\u00fcn\u00fcn T\u00fcrkiye ekonomisine olan yans\u0131malar\u0131n\u0131 ve toplumsal yans\u0131malar\u0131n\u0131 ara\u015ft\u0131rman\u0131n gerekli\u011finden ve \u00f6neminden hareketle Suriye Diyalog Merkezi ASSIAD ile beraber bir seminer ger\u00e7ekle\u015ftirdi.<\/p>\n","protected":false},"author":1,"featured_media":12956,"comment_status":"open","ping_status":"closed","sticky":false,"template":"","format":"standard","meta":{"_acf_changed":false,"footnotes":""},"categories":[50,83],"tags":[],"class_list":["post-12955","post","type-post","status-publish","format-standard","has-post-thumbnail","hentry","category-etkinlikler","category-dialogue-seminars-tr"],"acf":[],"yoast_head":"<!-- This site is optimized with the Yoast SEO plugin v26.0 - https:\/\/yoast.com\/wordpress\/plugins\/seo\/ -->\n<title>Seminer Medya Raporu: \u201cEkonomik Entegrasyon Yoluyla Suriye-T\u00fcrkiye Toplumsal Uyumunun G\u00fc\u00e7lendirilmesine Do\u011fru\u201d - Suriye Diyalog Merkezi<\/title>\n<meta name=\"description\" content=\"Suriyelilerin T\u00fcrkiye\u2019ye g\u00f6\u00e7\u00fcn\u00fcn T\u00fcrkiye ekonomisine olan yans\u0131malar\u0131n\u0131 ve toplumsal yans\u0131malar\u0131n\u0131 ara\u015ft\u0131rman\u0131n gerekli\u011finden ve \u00f6neminden hareketle Suriye Diyalog Merkezi ASSIAD ile beraber bir seminer ger\u00e7ekle\u015ftirdi.\" \/>\n<meta name=\"robots\" content=\"index, follow, max-snippet:-1, max-image-preview:large, max-video-preview:-1\" \/>\n<link rel=\"canonical\" href=\"https:\/\/sydialogue.org\/tr\/seminer-medya-raporu-ekonomik-entegrasyon-yoluyla-suriye-turkiye-toplumsal-uyumunun-guclendirilmesine-dogru\/\" \/>\n<meta property=\"og:locale\" content=\"tr_TR\" \/>\n<meta property=\"og:type\" content=\"article\" \/>\n<meta property=\"og:title\" content=\"Seminer Medya Raporu: \u201cEkonomik Entegrasyon Yoluyla Suriye-T\u00fcrkiye Toplumsal Uyumunun G\u00fc\u00e7lendirilmesine Do\u011fru\u201d - Suriye Diyalog Merkezi\" \/>\n<meta property=\"og:description\" content=\"Suriyelilerin T\u00fcrkiye\u2019ye g\u00f6\u00e7\u00fcn\u00fcn T\u00fcrkiye ekonomisine olan yans\u0131malar\u0131n\u0131 ve toplumsal yans\u0131malar\u0131n\u0131 ara\u015ft\u0131rman\u0131n gerekli\u011finden ve \u00f6neminden hareketle Suriye Diyalog Merkezi ASSIAD ile beraber bir seminer ger\u00e7ekle\u015ftirdi.\" \/>\n<meta property=\"og:url\" content=\"https:\/\/sydialogue.org\/tr\/seminer-medya-raporu-ekonomik-entegrasyon-yoluyla-suriye-turkiye-toplumsal-uyumunun-guclendirilmesine-dogru\/\" \/>\n<meta property=\"og:site_name\" content=\"Suriye Diyalog Merkezi\" \/>\n<meta property=\"article:publisher\" content=\"https:\/\/www.facebook.com\/Sydialogue\" \/>\n<meta property=\"article:published_time\" content=\"2022-11-19T11:44:33+00:00\" \/>\n<meta property=\"article:modified_time\" content=\"2023-09-22T11:47:19+00:00\" \/>\n<meta property=\"og:image\" content=\"https:\/\/sydialogue.org\/wp-content\/uploads\/2023\/09\/110TT-copy.jpg\" \/>\n\t<meta property=\"og:image:width\" content=\"2308\" \/>\n\t<meta property=\"og:image:height\" content=\"1159\" \/>\n\t<meta property=\"og:image:type\" content=\"image\/jpeg\" \/>\n<meta name=\"author\" content=\"\u0645\u0631\u0643\u0632 \u0627\u0644\u062d\u0648\u0627\u0631 \u0627\u0644\u0633\u0648\u0631\u064a\" \/>\n<meta name=\"twitter:card\" content=\"summary_large_image\" \/>\n<meta name=\"twitter:creator\" content=\"@Sydialogue\" \/>\n<meta name=\"twitter:site\" content=\"@Sydialogue\" \/>\n<meta name=\"twitter:label1\" content=\"Yazan:\" \/>\n\t<meta name=\"twitter:data1\" content=\"\u0645\u0631\u0643\u0632 \u0627\u0644\u062d\u0648\u0627\u0631 \u0627\u0644\u0633\u0648\u0631\u064a\" \/>\n\t<meta name=\"twitter:label2\" content=\"Tahmini okuma s\u00fcresi\" \/>\n\t<meta name=\"twitter:data2\" content=\"2 dakika\" \/>\n<script type=\"application\/ld+json\" class=\"yoast-schema-graph\">{\"@context\":\"https:\/\/schema.org\",\"@graph\":[{\"@type\":\"WebPage\",\"@id\":\"https:\/\/sydialogue.org\/tr\/seminer-medya-raporu-ekonomik-entegrasyon-yoluyla-suriye-turkiye-toplumsal-uyumunun-guclendirilmesine-dogru\/\",\"url\":\"https:\/\/sydialogue.org\/tr\/seminer-medya-raporu-ekonomik-entegrasyon-yoluyla-suriye-turkiye-toplumsal-uyumunun-guclendirilmesine-dogru\/\",\"name\":\"Seminer Medya Raporu: \u201cEkonomik Entegrasyon Yoluyla Suriye-T\u00fcrkiye Toplumsal Uyumunun G\u00fc\u00e7lendirilmesine Do\u011fru\u201d - Suriye Diyalog Merkezi\",\"isPartOf\":{\"@id\":\"https:\/\/sydialogue.org\/tr\/#website\"},\"primaryImageOfPage\":{\"@id\":\"https:\/\/sydialogue.org\/tr\/seminer-medya-raporu-ekonomik-entegrasyon-yoluyla-suriye-turkiye-toplumsal-uyumunun-guclendirilmesine-dogru\/#primaryimage\"},\"image\":{\"@id\":\"https:\/\/sydialogue.org\/tr\/seminer-medya-raporu-ekonomik-entegrasyon-yoluyla-suriye-turkiye-toplumsal-uyumunun-guclendirilmesine-dogru\/#primaryimage\"},\"thumbnailUrl\":\"https:\/\/e8nd7pn44jx.exactdn.com\/wp-content\/uploads\/2023\/09\/110TT-copy.jpg?strip=all\",\"datePublished\":\"2022-11-19T11:44:33+00:00\",\"dateModified\":\"2023-09-22T11:47:19+00:00\",\"author\":{\"@id\":\"https:\/\/sydialogue.org\/tr\/#\/schema\/person\/34a2994f7414cbc7ce06e08267c4944d\"},\"description\":\"Suriyelilerin T\u00fcrkiye\u2019ye g\u00f6\u00e7\u00fcn\u00fcn T\u00fcrkiye ekonomisine olan yans\u0131malar\u0131n\u0131 ve toplumsal yans\u0131malar\u0131n\u0131 ara\u015ft\u0131rman\u0131n gerekli\u011finden ve \u00f6neminden hareketle Suriye Diyalog Merkezi ASSIAD ile beraber bir seminer ger\u00e7ekle\u015ftirdi.\",\"breadcrumb\":{\"@id\":\"https:\/\/sydialogue.org\/tr\/seminer-medya-raporu-ekonomik-entegrasyon-yoluyla-suriye-turkiye-toplumsal-uyumunun-guclendirilmesine-dogru\/#breadcrumb\"},\"inLanguage\":\"tr\",\"potentialAction\":[{\"@type\":\"ReadAction\",\"target\":[\"https:\/\/sydialogue.org\/tr\/seminer-medya-raporu-ekonomik-entegrasyon-yoluyla-suriye-turkiye-toplumsal-uyumunun-guclendirilmesine-dogru\/\"]}]},{\"@type\":\"ImageObject\",\"inLanguage\":\"tr\",\"@id\":\"https:\/\/sydialogue.org\/tr\/seminer-medya-raporu-ekonomik-entegrasyon-yoluyla-suriye-turkiye-toplumsal-uyumunun-guclendirilmesine-dogru\/#primaryimage\",\"url\":\"https:\/\/e8nd7pn44jx.exactdn.com\/wp-content\/uploads\/2023\/09\/110TT-copy.jpg?strip=all\",\"contentUrl\":\"https:\/\/e8nd7pn44jx.exactdn.com\/wp-content\/uploads\/2023\/09\/110TT-copy.jpg?strip=all\",\"width\":2308,\"height\":1159},{\"@type\":\"BreadcrumbList\",\"@id\":\"https:\/\/sydialogue.org\/tr\/seminer-medya-raporu-ekonomik-entegrasyon-yoluyla-suriye-turkiye-toplumsal-uyumunun-guclendirilmesine-dogru\/#breadcrumb\",\"itemListElement\":[{\"@type\":\"ListItem\",\"position\":1,\"name\":\"\u0627\u0644\u0631\u0626\u064a\u0633\u064a\u0629\",\"item\":\"https:\/\/sydialogue.org\/tr\/\"},{\"@type\":\"ListItem\",\"position\":2,\"name\":\"Seminer Medya Raporu: \u201cEkonomik Entegrasyon Yoluyla Suriye-T\u00fcrkiye Toplumsal Uyumunun G\u00fc\u00e7lendirilmesine Do\u011fru\u201d\"}]},{\"@type\":\"WebSite\",\"@id\":\"https:\/\/sydialogue.org\/tr\/#website\",\"url\":\"https:\/\/sydialogue.org\/tr\/\",\"name\":\"\u0645\u0631\u0643\u0632 \u0627\u0644\u062d\u0648\u0627\u0631 \u0627\u0644\u0633\u0648\u0631\u064a\",\"description\":\"Suriyeli bir sivil kurum, Suriye halk\u0131n\u0131 ilgilendiren konularda diyalo\u011fu canland\u0131rmay\u0131 ve harekete ge\u00e7irmeyi hedefliyor ve Suriyeliler aras\u0131nda ili\u015fkileri g\u00fc\u00e7lendirmeye ve i\u015fbirli\u011fi ve koordinasyonu harekete ge\u00e7irmeye \u00e7al\u0131\u015f\u0131yor.\",\"potentialAction\":[{\"@type\":\"SearchAction\",\"target\":{\"@type\":\"EntryPoint\",\"urlTemplate\":\"https:\/\/sydialogue.org\/tr\/?s={search_term_string}\"},\"query-input\":{\"@type\":\"PropertyValueSpecification\",\"valueRequired\":true,\"valueName\":\"search_term_string\"}}],\"inLanguage\":\"tr\"},{\"@type\":\"Person\",\"@id\":\"https:\/\/sydialogue.org\/tr\/#\/schema\/person\/34a2994f7414cbc7ce06e08267c4944d\",\"name\":\"\u0645\u0631\u0643\u0632 \u0627\u0644\u062d\u0648\u0627\u0631 \u0627\u0644\u0633\u0648\u0631\u064a\",\"image\":{\"@type\":\"ImageObject\",\"inLanguage\":\"tr\",\"@id\":\"https:\/\/sydialogue.org\/tr\/#\/schema\/person\/image\/\",\"url\":\"https:\/\/sydialogue.org\/wp-content\/uploads\/2023\/09\/\u0644\u0648\u063a\u0648-\u062e\u0644\u0641\u064a\u0629-\u0634\u0641\u0627\u0641\u0629-1.png\",\"contentUrl\":\"https:\/\/sydialogue.org\/wp-content\/uploads\/2023\/09\/\u0644\u0648\u063a\u0648-\u062e\u0644\u0641\u064a\u0629-\u0634\u0641\u0627\u0641\u0629-1.png\",\"caption\":\"\u0645\u0631\u0643\u0632 \u0627\u0644\u062d\u0648\u0627\u0631 \u0627\u0644\u0633\u0648\u0631\u064a\"},\"description\":\"\u0645\u0624\u0633\u0633\u0629 \u0628\u062d\u062b\u064a\u0629 \u0633\u0648\u0631\u064a\u0629 \u062a\u0633\u0639\u0649 \u0625\u0644\u0649 \u0627\u0644\u0625\u0633\u0647\u0627\u0645 \u0641\u064a \u0628\u0646\u0627\u0621 \u0627\u0644\u0631\u0624\u0649 \u0648\u0627\u0644\u0645\u0639\u0627\u0631\u0641 \u0628\u0645\u0627 \u064a\u0633\u0627\u0639\u062f \u0627\u0644\u0633\u0648\u0631\u064a\u064a\u0646 \u0639\u0644\u0649 \u0625\u0646\u0636\u0627\u062c \u062d\u0644\u0648\u0644 \u0639\u0645\u0644\u064a\u0629 \u0644\u0645\u0648\u0627\u062c\u0647\u0629 \u0627\u0644\u062a\u062d\u062f\u064a\u0627\u062a \u0627\u0644\u0648\u0637\u0646\u064a\u0629 \u0627\u0644\u0645\u0634\u062a\u0631\u0643\u0629 \u0648\u062a\u062d\u0642\u064a\u0642 \u0627\u0644\u062a\u0646\u0645\u064a\u0629 \u0627\u0644\u0645\u0633\u062a\u062f\u0627\u0645\u0629\",\"sameAs\":[\"http:\/\/sydialogue.org\/\",\"Syrian Dialogue Center\"],\"url\":\"#molongui-disabled-link\"}]}<\/script>\n<!-- \/ Yoast SEO plugin. -->","yoast_head_json":{"title":"Seminer Medya Raporu: \u201cEkonomik Entegrasyon Yoluyla Suriye-T\u00fcrkiye Toplumsal Uyumunun G\u00fc\u00e7lendirilmesine Do\u011fru\u201d - Suriye Diyalog Merkezi","description":"Suriyelilerin T\u00fcrkiye\u2019ye g\u00f6\u00e7\u00fcn\u00fcn T\u00fcrkiye ekonomisine olan yans\u0131malar\u0131n\u0131 ve toplumsal yans\u0131malar\u0131n\u0131 ara\u015ft\u0131rman\u0131n gerekli\u011finden ve \u00f6neminden hareketle Suriye Diyalog Merkezi ASSIAD ile beraber bir seminer ger\u00e7ekle\u015ftirdi.","robots":{"index":"index","follow":"follow","max-snippet":"max-snippet:-1","max-image-preview":"max-image-preview:large","max-video-preview":"max-video-preview:-1"},"canonical":"https:\/\/sydialogue.org\/tr\/seminer-medya-raporu-ekonomik-entegrasyon-yoluyla-suriye-turkiye-toplumsal-uyumunun-guclendirilmesine-dogru\/","og_locale":"tr_TR","og_type":"article","og_title":"Seminer Medya Raporu: \u201cEkonomik Entegrasyon Yoluyla Suriye-T\u00fcrkiye Toplumsal Uyumunun G\u00fc\u00e7lendirilmesine Do\u011fru\u201d - Suriye Diyalog Merkezi","og_description":"Suriyelilerin T\u00fcrkiye\u2019ye g\u00f6\u00e7\u00fcn\u00fcn T\u00fcrkiye ekonomisine olan yans\u0131malar\u0131n\u0131 ve toplumsal yans\u0131malar\u0131n\u0131 ara\u015ft\u0131rman\u0131n gerekli\u011finden ve \u00f6neminden hareketle Suriye Diyalog Merkezi ASSIAD ile beraber bir seminer ger\u00e7ekle\u015ftirdi.","og_url":"https:\/\/sydialogue.org\/tr\/seminer-medya-raporu-ekonomik-entegrasyon-yoluyla-suriye-turkiye-toplumsal-uyumunun-guclendirilmesine-dogru\/","og_site_name":"Suriye Diyalog Merkezi","article_publisher":"https:\/\/www.facebook.com\/Sydialogue","article_published_time":"2022-11-19T11:44:33+00:00","article_modified_time":"2023-09-22T11:47:19+00:00","og_image":[{"width":2308,"height":1159,"url":"https:\/\/sydialogue.org\/wp-content\/uploads\/2023\/09\/110TT-copy.jpg","type":"image\/jpeg"}],"author":"\u0645\u0631\u0643\u0632 \u0627\u0644\u062d\u0648\u0627\u0631 \u0627\u0644\u0633\u0648\u0631\u064a","twitter_card":"summary_large_image","twitter_creator":"@Sydialogue","twitter_site":"@Sydialogue","twitter_misc":{"Yazan:":"\u0645\u0631\u0643\u0632 \u0627\u0644\u062d\u0648\u0627\u0631 \u0627\u0644\u0633\u0648\u0631\u064a","Tahmini okuma s\u00fcresi":"2 dakika"},"schema":{"@context":"https:\/\/schema.org","@graph":[{"@type":"WebPage","@id":"https:\/\/sydialogue.org\/tr\/seminer-medya-raporu-ekonomik-entegrasyon-yoluyla-suriye-turkiye-toplumsal-uyumunun-guclendirilmesine-dogru\/","url":"https:\/\/sydialogue.org\/tr\/seminer-medya-raporu-ekonomik-entegrasyon-yoluyla-suriye-turkiye-toplumsal-uyumunun-guclendirilmesine-dogru\/","name":"Seminer Medya Raporu: \u201cEkonomik Entegrasyon Yoluyla Suriye-T\u00fcrkiye Toplumsal Uyumunun G\u00fc\u00e7lendirilmesine Do\u011fru\u201d - Suriye Diyalog Merkezi","isPartOf":{"@id":"https:\/\/sydialogue.org\/tr\/#website"},"primaryImageOfPage":{"@id":"https:\/\/sydialogue.org\/tr\/seminer-medya-raporu-ekonomik-entegrasyon-yoluyla-suriye-turkiye-toplumsal-uyumunun-guclendirilmesine-dogru\/#primaryimage"},"image":{"@id":"https:\/\/sydialogue.org\/tr\/seminer-medya-raporu-ekonomik-entegrasyon-yoluyla-suriye-turkiye-toplumsal-uyumunun-guclendirilmesine-dogru\/#primaryimage"},"thumbnailUrl":"https:\/\/e8nd7pn44jx.exactdn.com\/wp-content\/uploads\/2023\/09\/110TT-copy.jpg?strip=all","datePublished":"2022-11-19T11:44:33+00:00","dateModified":"2023-09-22T11:47:19+00:00","author":{"@id":"https:\/\/sydialogue.org\/tr\/#\/schema\/person\/34a2994f7414cbc7ce06e08267c4944d"},"description":"Suriyelilerin T\u00fcrkiye\u2019ye g\u00f6\u00e7\u00fcn\u00fcn T\u00fcrkiye ekonomisine olan yans\u0131malar\u0131n\u0131 ve toplumsal yans\u0131malar\u0131n\u0131 ara\u015ft\u0131rman\u0131n gerekli\u011finden ve \u00f6neminden hareketle Suriye Diyalog Merkezi ASSIAD ile beraber bir seminer ger\u00e7ekle\u015ftirdi.","breadcrumb":{"@id":"https:\/\/sydialogue.org\/tr\/seminer-medya-raporu-ekonomik-entegrasyon-yoluyla-suriye-turkiye-toplumsal-uyumunun-guclendirilmesine-dogru\/#breadcrumb"},"inLanguage":"tr","potentialAction":[{"@type":"ReadAction","target":["https:\/\/sydialogue.org\/tr\/seminer-medya-raporu-ekonomik-entegrasyon-yoluyla-suriye-turkiye-toplumsal-uyumunun-guclendirilmesine-dogru\/"]}]},{"@type":"ImageObject","inLanguage":"tr","@id":"https:\/\/sydialogue.org\/tr\/seminer-medya-raporu-ekonomik-entegrasyon-yoluyla-suriye-turkiye-toplumsal-uyumunun-guclendirilmesine-dogru\/#primaryimage","url":"https:\/\/e8nd7pn44jx.exactdn.com\/wp-content\/uploads\/2023\/09\/110TT-copy.jpg?strip=all","contentUrl":"https:\/\/e8nd7pn44jx.exactdn.com\/wp-content\/uploads\/2023\/09\/110TT-copy.jpg?strip=all","width":2308,"height":1159},{"@type":"BreadcrumbList","@id":"https:\/\/sydialogue.org\/tr\/seminer-medya-raporu-ekonomik-entegrasyon-yoluyla-suriye-turkiye-toplumsal-uyumunun-guclendirilmesine-dogru\/#breadcrumb","itemListElement":[{"@type":"ListItem","position":1,"name":"\u0627\u0644\u0631\u0626\u064a\u0633\u064a\u0629","item":"https:\/\/sydialogue.org\/tr\/"},{"@type":"ListItem","position":2,"name":"Seminer Medya Raporu: \u201cEkonomik Entegrasyon Yoluyla Suriye-T\u00fcrkiye Toplumsal Uyumunun G\u00fc\u00e7lendirilmesine Do\u011fru\u201d"}]},{"@type":"WebSite","@id":"https:\/\/sydialogue.org\/tr\/#website","url":"https:\/\/sydialogue.org\/tr\/","name":"\u0645\u0631\u0643\u0632 \u0627\u0644\u062d\u0648\u0627\u0631 \u0627\u0644\u0633\u0648\u0631\u064a","description":"Suriyeli bir sivil kurum, Suriye halk\u0131n\u0131 ilgilendiren konularda diyalo\u011fu canland\u0131rmay\u0131 ve harekete ge\u00e7irmeyi hedefliyor ve Suriyeliler aras\u0131nda ili\u015fkileri g\u00fc\u00e7lendirmeye ve i\u015fbirli\u011fi ve koordinasyonu harekete ge\u00e7irmeye \u00e7al\u0131\u015f\u0131yor.","potentialAction":[{"@type":"SearchAction","target":{"@type":"EntryPoint","urlTemplate":"https:\/\/sydialogue.org\/tr\/?s={search_term_string}"},"query-input":{"@type":"PropertyValueSpecification","valueRequired":true,"valueName":"search_term_string"}}],"inLanguage":"tr"},{"@type":"Person","@id":"https:\/\/sydialogue.org\/tr\/#\/schema\/person\/34a2994f7414cbc7ce06e08267c4944d","name":"\u0645\u0631\u0643\u0632 \u0627\u0644\u062d\u0648\u0627\u0631 \u0627\u0644\u0633\u0648\u0631\u064a","image":{"@type":"ImageObject","inLanguage":"tr","@id":"https:\/\/sydialogue.org\/tr\/#\/schema\/person\/image\/","url":"https:\/\/sydialogue.org\/wp-content\/uploads\/2023\/09\/\u0644\u0648\u063a\u0648-\u062e\u0644\u0641\u064a\u0629-\u0634\u0641\u0627\u0641\u0629-1.png","contentUrl":"https:\/\/sydialogue.org\/wp-content\/uploads\/2023\/09\/\u0644\u0648\u063a\u0648-\u062e\u0644\u0641\u064a\u0629-\u0634\u0641\u0627\u0641\u0629-1.png","caption":"\u0645\u0631\u0643\u0632 \u0627\u0644\u062d\u0648\u0627\u0631 \u0627\u0644\u0633\u0648\u0631\u064a"},"description":"\u0645\u0624\u0633\u0633\u0629 \u0628\u062d\u062b\u064a\u0629 \u0633\u0648\u0631\u064a\u0629 \u062a\u0633\u0639\u0649 \u0625\u0644\u0649 \u0627\u0644\u0625\u0633\u0647\u0627\u0645 \u0641\u064a \u0628\u0646\u0627\u0621 \u0627\u0644\u0631\u0624\u0649 \u0648\u0627\u0644\u0645\u0639\u0627\u0631\u0641 \u0628\u0645\u0627 \u064a\u0633\u0627\u0639\u062f \u0627\u0644\u0633\u0648\u0631\u064a\u064a\u0646 \u0639\u0644\u0649 \u0625\u0646\u0636\u0627\u062c \u062d\u0644\u0648\u0644 \u0639\u0645\u0644\u064a\u0629 \u0644\u0645\u0648\u0627\u062c\u0647\u0629 \u0627\u0644\u062a\u062d\u062f\u064a\u0627\u062a \u0627\u0644\u0648\u0637\u0646\u064a\u0629 \u0627\u0644\u0645\u0634\u062a\u0631\u0643\u0629 \u0648\u062a\u062d\u0642\u064a\u0642 \u0627\u0644\u062a\u0646\u0645\u064a\u0629 \u0627\u0644\u0645\u0633\u062a\u062f\u0627\u0645\u0629","sameAs":["http:\/\/sydialogue.org\/","Syrian Dialogue Center"],"url":"#molongui-disabled-link"}]}},"_links":{"self":[{"href":"https:\/\/sydialogue.org\/tr\/wp-json\/wp\/v2\/posts\/12955","targetHints":{"allow":["GET"]}}],"collection":[{"href":"https:\/\/sydialogue.org\/tr\/wp-json\/wp\/v2\/posts"}],"about":[{"href":"https:\/\/sydialogue.org\/tr\/wp-json\/wp\/v2\/types\/post"}],"author":[{"embeddable":true,"href":"https:\/\/sydialogue.org\/tr\/wp-json\/wp\/v2\/users\/1"}],"replies":[{"embeddable":true,"href":"https:\/\/sydialogue.org\/tr\/wp-json\/wp\/v2\/comments?post=12955"}],"version-history":[{"count":1,"href":"https:\/\/sydialogue.org\/tr\/wp-json\/wp\/v2\/posts\/12955\/revisions"}],"predecessor-version":[{"id":12959,"href":"https:\/\/sydialogue.org\/tr\/wp-json\/wp\/v2\/posts\/12955\/revisions\/12959"}],"wp:featuredmedia":[{"embeddable":true,"href":"https:\/\/sydialogue.org\/tr\/wp-json\/wp\/v2\/media\/12956"}],"wp:attachment":[{"href":"https:\/\/sydialogue.org\/tr\/wp-json\/wp\/v2\/media?parent=12955"}],"wp:term":[{"taxonomy":"category","embeddable":true,"href":"https:\/\/sydialogue.org\/tr\/wp-json\/wp\/v2\/categories?post=12955"},{"taxonomy":"post_tag","embeddable":true,"href":"https:\/\/sydialogue.org\/tr\/wp-json\/wp\/v2\/tags?post=12955"}],"curies":[{"name":"wp","href":"https:\/\/api.w.org\/{rel}","templated":true}]}}