{"id":13013,"date":"2023-01-18T03:16:53","date_gmt":"2023-01-18T00:16:53","guid":{"rendered":"http:\/\/sydialogue.org\/?p=13013"},"modified":"2023-09-27T03:21:51","modified_gmt":"2023-09-27T00:21:51","slug":"deyrizorda-sdgye-karsi-gerceklestirilen-asiret-protestolarinin-ve-bolge-istikrarina-yansimalarinin-bir-okumasi","status":"publish","type":"post","link":"https:\/\/sydialogue.org\/tr\/deyrizorda-sdgye-karsi-gerceklestirilen-asiret-protestolarinin-ve-bolge-istikrarina-yansimalarinin-bir-okumasi\/","title":{"rendered":"Deyrizor\u2019da SDG\u2019ye Kar\u015f\u0131 Ger\u00e7ekle\u015ftirilen A\u015firet Protestolar\u0131n\u0131n ve B\u00f6lge \u0130stikrar\u0131na Yans\u0131malar\u0131n\u0131n Bir Okumas\u0131"},"content":{"rendered":"<p dir=\"ltr\" style=\"text-align: justify;\"><strong>\u00d6zet:<\/strong><\/p>\n<ul dir=\"ltr\">\n<li style=\"text-align: justify;\">Son d\u00f6nemde Deyrizor k\u0131rsal\u0131nda SDG&#8217;ye kar\u015f\u0131 yap\u0131lan a\u015firet protestolar\u0131 ve a\u015firetlerin kendi askeri konseylerinin kurulmas\u0131 y\u00f6n\u00fcndeki talepleri, buradaki fiili otoriteye y\u00f6nelik halk g\u00fcvensizli\u011finin yeni bir \u00f6rne\u011fini olu\u015fturdu. Bunun nedeni, SDG&#8217;nin ad\u0131n\u0131n bir\u00e7ok ihlale ka\u0131\u015fmas\u0131, hizmetlerde \u00f6zen g\u00f6sterilmemesi ve yerel halk\u0131n kanaatine g\u00f6re yolsuzluk yapanlar\u0131 korumas\u0131d\u0131r.<\/li>\n<li style=\"text-align: justify;\">SDG, protestolar\u0131 ba\u011flam\u0131 d\u0131\u015f\u0131na \u00e7\u0131kar\u0131p iki a\u015firet aras\u0131ndaki bir sorun olarak lanse etmeye \u00e7al\u0131\u015ft\u0131. Bu da neredeyse Deyrizor k\u0131rsal\u0131nda b\u00fcy\u00fck bir a\u015firet kavgas\u0131n\u0131n patlak vermesi tehdidine yol a\u00e7acakt\u0131.<\/li>\n<li style=\"text-align: justify;\">\u201cSDG\u201d yerel Arap vatanda\u015flar\u0131n\u0131 yolsuzluk dosyalar\u0131n\u0131n bir\u00e7o\u011funda bir ara\u00e7 olarak kullan\u0131yor ve kararlar\u0131n \u00e7o\u011funu \u201ckadrolar\u201d olarak bilinen ki\u015filer arac\u0131l\u0131\u011f\u0131yla masa alt\u0131ndan veriyor. Bu kadrolar\u0131n \u00e7o\u011funlu\u011fu da K\u00fcrdistan \u0130\u015f\u00e7i Partisi unsurlar\u0131.<\/li>\n<li style=\"text-align: justify;\">Uluslararas\u0131 Koalisyon, Deyrizor&#8217;daki a\u015firetlerin sahip oldu\u011fu n\u00fcfuzun fark\u0131nda, bu nedenle b\u00fcy\u00fck \u00f6nem verdi\u011fi Deyrizor b\u00f6lgesinde bir g\u00fcvenlik kaosunun \u00e7\u0131kmas\u0131ndan korkarak SDG ile Arap a\u015firetleri aras\u0131ndaki \u00e7atla\u011f\u0131 gidermeye ve aralar\u0131ndaki b\u00fcy\u00fck \u00e7at\u0131\u015fmalar\u0131 kontrol alt\u0131na almaya \u00e7al\u0131\u015f\u0131yor.<\/li>\n<li style=\"text-align: justify;\">Esad rejimi ve onunla birlikte de \u0130ran, a\u015firetler kozunu kullanmaya ve a\u015firetleri SDG&#8217;ye kar\u015f\u0131 g\u00f6steriler d\u00fczenlemeye ya da Uluslararas\u0131 Koalisyona kar\u015f\u0131 operasyonlar d\u00fczenlemeye te\u015fvik etmeye \u00e7al\u0131\u015f\u0131yor.<\/li>\n<\/ul>\n<p dir=\"ltr\"><a href=\"http:\/\/sydialogue.org\/%d9%86%d8%b8%d8%b1%d8%a9-%d8%b9%d9%84%d9%89-%d8%a7%d9%84%d8%a7%d8%ad%d8%aa%d8%ac%d8%a7%d8%ac%d8%a7%d8%aa-%d8%a7%d9%84%d8%b9%d8%b4%d8%a7%d8%a6%d8%b1%d9%8a%d8%a9-%d8%a7%d9%84%d8%a3%d8%ae%d9%8a%d8%b1\/\">Raporun tamam\u0131n\u0131 okumak i\u00e7in (Arap\u00e7a)<\/a><\/p>\n","protected":false},"excerpt":{"rendered":"<p>Rapor, Deyrizor\u2019da SDG\u2019ye kar\u015f\u0131 ger\u00e7ekle\u015ftirilen son a\u015firet protestolar\u0131na ilk olarak onu tetikleyen fakt\u00f6rleri, daha sonra SDG\u2019nin bunlara tepkisini ve a\u015firetlerin g\u00fcc\u00fc ile SDG y\u00f6netimindeki etkisinin boyutunu, son olarak da b\u00f6lgenin istikrar\u0131n\u0131n hassasl\u0131\u011f\u0131n\u0131 a\u00e7\u0131klayarak \u0131\u015f\u0131k tutmaya \u00e7al\u0131\u015f\u0131yor.<\/p>\n","protected":false},"author":1,"featured_media":13014,"comment_status":"open","ping_status":"closed","sticky":false,"template":"","format":"standard","meta":{"_acf_changed":false,"footnotes":""},"categories":[78,94,49],"tags":[],"class_list":["post-13013","post","type-post","status-publish","format-standard","has-post-thumbnail","hentry","category-research-and-studies-tr","category-politika-analizi-birimi","category-yayinlar"],"acf":[],"yoast_head":"<!-- This site is optimized with the Yoast SEO plugin v26.0 - https:\/\/yoast.com\/wordpress\/plugins\/seo\/ -->\n<title>Deyrizor\u2019da SDG\u2019ye Kar\u015f\u0131 Ger\u00e7ekle\u015ftirilen A\u015firet Protestolar\u0131n\u0131n ve B\u00f6lge \u0130stikrar\u0131na Yans\u0131malar\u0131n\u0131n Bir Okumas\u0131 - Suriye Diyalog Merkezi<\/title>\n<meta name=\"description\" content=\"Rapor, Deyrizor\u2019da SDG\u2019ye kar\u015f\u0131 ger\u00e7ekle\u015ftirilen son a\u015firet protestolar\u0131na ilk olarak onu tetikleyen fakt\u00f6rleri, daha sonra SDG\u2019nin bunlara tepkisini ve a\u015firetlerin g\u00fcc\u00fc ile SDG y\u00f6netimindeki etkisinin boyutunu, son olarak da b\u00f6lgenin istikrar\u0131n\u0131n hassasl\u0131\u011f\u0131n\u0131 a\u00e7\u0131klayarak \u0131\u015f\u0131k tutmaya \u00e7al\u0131\u015f\u0131yor.\" \/>\n<meta name=\"robots\" content=\"index, follow, max-snippet:-1, max-image-preview:large, max-video-preview:-1\" \/>\n<link rel=\"canonical\" href=\"https:\/\/sydialogue.org\/tr\/deyrizorda-sdgye-karsi-gerceklestirilen-asiret-protestolarinin-ve-bolge-istikrarina-yansimalarinin-bir-okumasi\/\" \/>\n<meta property=\"og:locale\" content=\"tr_TR\" \/>\n<meta property=\"og:type\" content=\"article\" \/>\n<meta property=\"og:title\" content=\"Deyrizor\u2019da SDG\u2019ye Kar\u015f\u0131 Ger\u00e7ekle\u015ftirilen A\u015firet Protestolar\u0131n\u0131n ve B\u00f6lge \u0130stikrar\u0131na Yans\u0131malar\u0131n\u0131n Bir Okumas\u0131 - Suriye Diyalog Merkezi\" \/>\n<meta property=\"og:description\" content=\"Rapor, Deyrizor\u2019da SDG\u2019ye kar\u015f\u0131 ger\u00e7ekle\u015ftirilen son a\u015firet protestolar\u0131na ilk olarak onu tetikleyen fakt\u00f6rleri, daha sonra SDG\u2019nin bunlara tepkisini ve a\u015firetlerin g\u00fcc\u00fc ile SDG y\u00f6netimindeki etkisinin boyutunu, son olarak da b\u00f6lgenin istikrar\u0131n\u0131n hassasl\u0131\u011f\u0131n\u0131 a\u00e7\u0131klayarak \u0131\u015f\u0131k tutmaya \u00e7al\u0131\u015f\u0131yor.\" \/>\n<meta property=\"og:url\" content=\"https:\/\/sydialogue.org\/tr\/deyrizorda-sdgye-karsi-gerceklestirilen-asiret-protestolarinin-ve-bolge-istikrarina-yansimalarinin-bir-okumasi\/\" \/>\n<meta property=\"og:site_name\" content=\"Suriye Diyalog Merkezi\" \/>\n<meta property=\"article:publisher\" content=\"https:\/\/www.facebook.com\/Sydialogue\" \/>\n<meta property=\"article:published_time\" content=\"2023-01-18T00:16:53+00:00\" \/>\n<meta property=\"article:modified_time\" content=\"2023-09-27T00:21:51+00:00\" \/>\n<meta property=\"og:image\" content=\"https:\/\/sydialogue.org\/wp-content\/uploads\/2023\/09\/tr130.jpg\" \/>\n\t<meta property=\"og:image:width\" content=\"2308\" \/>\n\t<meta property=\"og:image:height\" content=\"1159\" \/>\n\t<meta property=\"og:image:type\" content=\"image\/jpeg\" \/>\n<meta name=\"author\" content=\"\u0645\u0631\u0643\u0632 \u0627\u0644\u062d\u0648\u0627\u0631 \u0627\u0644\u0633\u0648\u0631\u064a\" \/>\n<meta name=\"twitter:card\" content=\"summary_large_image\" \/>\n<meta name=\"twitter:creator\" content=\"@Sydialogue\" \/>\n<meta name=\"twitter:site\" content=\"@Sydialogue\" \/>\n<meta name=\"twitter:label1\" content=\"Yazan:\" \/>\n\t<meta name=\"twitter:data1\" content=\"\u0645\u0631\u0643\u0632 \u0627\u0644\u062d\u0648\u0627\u0631 \u0627\u0644\u0633\u0648\u0631\u064a\" \/>\n\t<meta name=\"twitter:label2\" content=\"Tahmini okuma s\u00fcresi\" \/>\n\t<meta name=\"twitter:data2\" content=\"2 dakika\" \/>\n<script type=\"application\/ld+json\" class=\"yoast-schema-graph\">{\"@context\":\"https:\/\/schema.org\",\"@graph\":[{\"@type\":\"WebPage\",\"@id\":\"https:\/\/sydialogue.org\/tr\/deyrizorda-sdgye-karsi-gerceklestirilen-asiret-protestolarinin-ve-bolge-istikrarina-yansimalarinin-bir-okumasi\/\",\"url\":\"https:\/\/sydialogue.org\/tr\/deyrizorda-sdgye-karsi-gerceklestirilen-asiret-protestolarinin-ve-bolge-istikrarina-yansimalarinin-bir-okumasi\/\",\"name\":\"Deyrizor\u2019da SDG\u2019ye Kar\u015f\u0131 Ger\u00e7ekle\u015ftirilen A\u015firet Protestolar\u0131n\u0131n ve B\u00f6lge \u0130stikrar\u0131na Yans\u0131malar\u0131n\u0131n Bir Okumas\u0131 - Suriye Diyalog Merkezi\",\"isPartOf\":{\"@id\":\"https:\/\/sydialogue.org\/tr\/#website\"},\"primaryImageOfPage\":{\"@id\":\"https:\/\/sydialogue.org\/tr\/deyrizorda-sdgye-karsi-gerceklestirilen-asiret-protestolarinin-ve-bolge-istikrarina-yansimalarinin-bir-okumasi\/#primaryimage\"},\"image\":{\"@id\":\"https:\/\/sydialogue.org\/tr\/deyrizorda-sdgye-karsi-gerceklestirilen-asiret-protestolarinin-ve-bolge-istikrarina-yansimalarinin-bir-okumasi\/#primaryimage\"},\"thumbnailUrl\":\"https:\/\/egsaqtt58cu.exactdn.com\/wp-content\/uploads\/2023\/09\/tr130.jpg?strip=all&lossy=1&ssl=1\",\"datePublished\":\"2023-01-18T00:16:53+00:00\",\"dateModified\":\"2023-09-27T00:21:51+00:00\",\"author\":{\"@id\":\"https:\/\/sydialogue.org\/tr\/#\/schema\/person\/34a2994f7414cbc7ce06e08267c4944d\"},\"description\":\"Rapor, Deyrizor\u2019da SDG\u2019ye kar\u015f\u0131 ger\u00e7ekle\u015ftirilen son a\u015firet protestolar\u0131na ilk olarak onu tetikleyen fakt\u00f6rleri, daha sonra SDG\u2019nin bunlara tepkisini ve a\u015firetlerin g\u00fcc\u00fc ile SDG y\u00f6netimindeki etkisinin boyutunu, son olarak da b\u00f6lgenin istikrar\u0131n\u0131n hassasl\u0131\u011f\u0131n\u0131 a\u00e7\u0131klayarak \u0131\u015f\u0131k tutmaya \u00e7al\u0131\u015f\u0131yor.\",\"breadcrumb\":{\"@id\":\"https:\/\/sydialogue.org\/tr\/deyrizorda-sdgye-karsi-gerceklestirilen-asiret-protestolarinin-ve-bolge-istikrarina-yansimalarinin-bir-okumasi\/#breadcrumb\"},\"inLanguage\":\"tr\",\"potentialAction\":[{\"@type\":\"ReadAction\",\"target\":[\"https:\/\/sydialogue.org\/tr\/deyrizorda-sdgye-karsi-gerceklestirilen-asiret-protestolarinin-ve-bolge-istikrarina-yansimalarinin-bir-okumasi\/\"]}]},{\"@type\":\"ImageObject\",\"inLanguage\":\"tr\",\"@id\":\"https:\/\/sydialogue.org\/tr\/deyrizorda-sdgye-karsi-gerceklestirilen-asiret-protestolarinin-ve-bolge-istikrarina-yansimalarinin-bir-okumasi\/#primaryimage\",\"url\":\"https:\/\/egsaqtt58cu.exactdn.com\/wp-content\/uploads\/2023\/09\/tr130.jpg?strip=all&lossy=1&ssl=1\",\"contentUrl\":\"https:\/\/egsaqtt58cu.exactdn.com\/wp-content\/uploads\/2023\/09\/tr130.jpg?strip=all&lossy=1&ssl=1\",\"width\":2308,\"height\":1159},{\"@type\":\"BreadcrumbList\",\"@id\":\"https:\/\/sydialogue.org\/tr\/deyrizorda-sdgye-karsi-gerceklestirilen-asiret-protestolarinin-ve-bolge-istikrarina-yansimalarinin-bir-okumasi\/#breadcrumb\",\"itemListElement\":[{\"@type\":\"ListItem\",\"position\":1,\"name\":\"\u0627\u0644\u0631\u0626\u064a\u0633\u064a\u0629\",\"item\":\"https:\/\/sydialogue.org\/tr\/\"},{\"@type\":\"ListItem\",\"position\":2,\"name\":\"Deyrizor\u2019da SDG\u2019ye Kar\u015f\u0131 Ger\u00e7ekle\u015ftirilen A\u015firet Protestolar\u0131n\u0131n ve B\u00f6lge \u0130stikrar\u0131na Yans\u0131malar\u0131n\u0131n Bir Okumas\u0131\"}]},{\"@type\":\"WebSite\",\"@id\":\"https:\/\/sydialogue.org\/tr\/#website\",\"url\":\"https:\/\/sydialogue.org\/tr\/\",\"name\":\"\u0645\u0631\u0643\u0632 \u0627\u0644\u062d\u0648\u0627\u0631 \u0627\u0644\u0633\u0648\u0631\u064a\",\"description\":\"Suriyeli bir sivil kurum, Suriye halk\u0131n\u0131 ilgilendiren konularda diyalo\u011fu canland\u0131rmay\u0131 ve harekete ge\u00e7irmeyi hedefliyor ve Suriyeliler aras\u0131nda ili\u015fkileri g\u00fc\u00e7lendirmeye ve i\u015fbirli\u011fi ve koordinasyonu harekete ge\u00e7irmeye \u00e7al\u0131\u015f\u0131yor.\",\"potentialAction\":[{\"@type\":\"SearchAction\",\"target\":{\"@type\":\"EntryPoint\",\"urlTemplate\":\"https:\/\/sydialogue.org\/tr\/?s={search_term_string}\"},\"query-input\":{\"@type\":\"PropertyValueSpecification\",\"valueRequired\":true,\"valueName\":\"search_term_string\"}}],\"inLanguage\":\"tr\"},{\"@type\":\"Person\",\"@id\":\"https:\/\/sydialogue.org\/tr\/#\/schema\/person\/34a2994f7414cbc7ce06e08267c4944d\",\"name\":\"\u0645\u0631\u0643\u0632 \u0627\u0644\u062d\u0648\u0627\u0631 \u0627\u0644\u0633\u0648\u0631\u064a\",\"image\":{\"@type\":\"ImageObject\",\"inLanguage\":\"tr\",\"@id\":\"https:\/\/sydialogue.org\/tr\/#\/schema\/person\/image\/\",\"url\":\"https:\/\/sydialogue.org\/wp-content\/uploads\/2023\/09\/\u0644\u0648\u063a\u0648-\u062e\u0644\u0641\u064a\u0629-\u0634\u0641\u0627\u0641\u0629-1.png\",\"contentUrl\":\"https:\/\/sydialogue.org\/wp-content\/uploads\/2023\/09\/\u0644\u0648\u063a\u0648-\u062e\u0644\u0641\u064a\u0629-\u0634\u0641\u0627\u0641\u0629-1.png\",\"caption\":\"\u0645\u0631\u0643\u0632 \u0627\u0644\u062d\u0648\u0627\u0631 \u0627\u0644\u0633\u0648\u0631\u064a\"},\"description\":\"\u0645\u0624\u0633\u0633\u0629 \u0628\u062d\u062b\u064a\u0629 \u0633\u0648\u0631\u064a\u0629 \u062a\u0633\u0639\u0649 \u0625\u0644\u0649 \u0627\u0644\u0625\u0633\u0647\u0627\u0645 \u0641\u064a \u0628\u0646\u0627\u0621 \u0627\u0644\u0631\u0624\u0649 \u0648\u0627\u0644\u0645\u0639\u0627\u0631\u0641 \u0628\u0645\u0627 \u064a\u0633\u0627\u0639\u062f \u0627\u0644\u0633\u0648\u0631\u064a\u064a\u0646 \u0639\u0644\u0649 \u0625\u0646\u0636\u0627\u062c \u062d\u0644\u0648\u0644 \u0639\u0645\u0644\u064a\u0629 \u0644\u0645\u0648\u0627\u062c\u0647\u0629 \u0627\u0644\u062a\u062d\u062f\u064a\u0627\u062a \u0627\u0644\u0648\u0637\u0646\u064a\u0629 \u0627\u0644\u0645\u0634\u062a\u0631\u0643\u0629 \u0648\u062a\u062d\u0642\u064a\u0642 \u0627\u0644\u062a\u0646\u0645\u064a\u0629 \u0627\u0644\u0645\u0633\u062a\u062f\u0627\u0645\u0629\",\"sameAs\":[\"http:\/\/sydialogue.org\/\",\"Syrian Dialogue Center\"],\"url\":\"#molongui-disabled-link\"}]}<\/script>\n<!-- \/ Yoast SEO plugin. -->","yoast_head_json":{"title":"Deyrizor\u2019da SDG\u2019ye Kar\u015f\u0131 Ger\u00e7ekle\u015ftirilen A\u015firet Protestolar\u0131n\u0131n ve B\u00f6lge \u0130stikrar\u0131na Yans\u0131malar\u0131n\u0131n Bir Okumas\u0131 - Suriye Diyalog Merkezi","description":"Rapor, Deyrizor\u2019da SDG\u2019ye kar\u015f\u0131 ger\u00e7ekle\u015ftirilen son a\u015firet protestolar\u0131na ilk olarak onu tetikleyen fakt\u00f6rleri, daha sonra SDG\u2019nin bunlara tepkisini ve a\u015firetlerin g\u00fcc\u00fc ile SDG y\u00f6netimindeki etkisinin boyutunu, son olarak da b\u00f6lgenin istikrar\u0131n\u0131n hassasl\u0131\u011f\u0131n\u0131 a\u00e7\u0131klayarak \u0131\u015f\u0131k tutmaya \u00e7al\u0131\u015f\u0131yor.","robots":{"index":"index","follow":"follow","max-snippet":"max-snippet:-1","max-image-preview":"max-image-preview:large","max-video-preview":"max-video-preview:-1"},"canonical":"https:\/\/sydialogue.org\/tr\/deyrizorda-sdgye-karsi-gerceklestirilen-asiret-protestolarinin-ve-bolge-istikrarina-yansimalarinin-bir-okumasi\/","og_locale":"tr_TR","og_type":"article","og_title":"Deyrizor\u2019da SDG\u2019ye Kar\u015f\u0131 Ger\u00e7ekle\u015ftirilen A\u015firet Protestolar\u0131n\u0131n ve B\u00f6lge \u0130stikrar\u0131na Yans\u0131malar\u0131n\u0131n Bir Okumas\u0131 - Suriye Diyalog Merkezi","og_description":"Rapor, Deyrizor\u2019da SDG\u2019ye kar\u015f\u0131 ger\u00e7ekle\u015ftirilen son a\u015firet protestolar\u0131na ilk olarak onu tetikleyen fakt\u00f6rleri, daha sonra SDG\u2019nin bunlara tepkisini ve a\u015firetlerin g\u00fcc\u00fc ile SDG y\u00f6netimindeki etkisinin boyutunu, son olarak da b\u00f6lgenin istikrar\u0131n\u0131n hassasl\u0131\u011f\u0131n\u0131 a\u00e7\u0131klayarak \u0131\u015f\u0131k tutmaya \u00e7al\u0131\u015f\u0131yor.","og_url":"https:\/\/sydialogue.org\/tr\/deyrizorda-sdgye-karsi-gerceklestirilen-asiret-protestolarinin-ve-bolge-istikrarina-yansimalarinin-bir-okumasi\/","og_site_name":"Suriye Diyalog Merkezi","article_publisher":"https:\/\/www.facebook.com\/Sydialogue","article_published_time":"2023-01-18T00:16:53+00:00","article_modified_time":"2023-09-27T00:21:51+00:00","og_image":[{"width":2308,"height":1159,"url":"https:\/\/sydialogue.org\/wp-content\/uploads\/2023\/09\/tr130.jpg","type":"image\/jpeg"}],"author":"\u0645\u0631\u0643\u0632 \u0627\u0644\u062d\u0648\u0627\u0631 \u0627\u0644\u0633\u0648\u0631\u064a","twitter_card":"summary_large_image","twitter_creator":"@Sydialogue","twitter_site":"@Sydialogue","twitter_misc":{"Yazan:":"\u0645\u0631\u0643\u0632 \u0627\u0644\u062d\u0648\u0627\u0631 \u0627\u0644\u0633\u0648\u0631\u064a","Tahmini okuma s\u00fcresi":"2 dakika"},"schema":{"@context":"https:\/\/schema.org","@graph":[{"@type":"WebPage","@id":"https:\/\/sydialogue.org\/tr\/deyrizorda-sdgye-karsi-gerceklestirilen-asiret-protestolarinin-ve-bolge-istikrarina-yansimalarinin-bir-okumasi\/","url":"https:\/\/sydialogue.org\/tr\/deyrizorda-sdgye-karsi-gerceklestirilen-asiret-protestolarinin-ve-bolge-istikrarina-yansimalarinin-bir-okumasi\/","name":"Deyrizor\u2019da SDG\u2019ye Kar\u015f\u0131 Ger\u00e7ekle\u015ftirilen A\u015firet Protestolar\u0131n\u0131n ve B\u00f6lge \u0130stikrar\u0131na Yans\u0131malar\u0131n\u0131n Bir Okumas\u0131 - Suriye Diyalog Merkezi","isPartOf":{"@id":"https:\/\/sydialogue.org\/tr\/#website"},"primaryImageOfPage":{"@id":"https:\/\/sydialogue.org\/tr\/deyrizorda-sdgye-karsi-gerceklestirilen-asiret-protestolarinin-ve-bolge-istikrarina-yansimalarinin-bir-okumasi\/#primaryimage"},"image":{"@id":"https:\/\/sydialogue.org\/tr\/deyrizorda-sdgye-karsi-gerceklestirilen-asiret-protestolarinin-ve-bolge-istikrarina-yansimalarinin-bir-okumasi\/#primaryimage"},"thumbnailUrl":"https:\/\/egsaqtt58cu.exactdn.com\/wp-content\/uploads\/2023\/09\/tr130.jpg?strip=all&lossy=1&ssl=1","datePublished":"2023-01-18T00:16:53+00:00","dateModified":"2023-09-27T00:21:51+00:00","author":{"@id":"https:\/\/sydialogue.org\/tr\/#\/schema\/person\/34a2994f7414cbc7ce06e08267c4944d"},"description":"Rapor, Deyrizor\u2019da SDG\u2019ye kar\u015f\u0131 ger\u00e7ekle\u015ftirilen son a\u015firet protestolar\u0131na ilk olarak onu tetikleyen fakt\u00f6rleri, daha sonra SDG\u2019nin bunlara tepkisini ve a\u015firetlerin g\u00fcc\u00fc ile SDG y\u00f6netimindeki etkisinin boyutunu, son olarak da b\u00f6lgenin istikrar\u0131n\u0131n hassasl\u0131\u011f\u0131n\u0131 a\u00e7\u0131klayarak \u0131\u015f\u0131k tutmaya \u00e7al\u0131\u015f\u0131yor.","breadcrumb":{"@id":"https:\/\/sydialogue.org\/tr\/deyrizorda-sdgye-karsi-gerceklestirilen-asiret-protestolarinin-ve-bolge-istikrarina-yansimalarinin-bir-okumasi\/#breadcrumb"},"inLanguage":"tr","potentialAction":[{"@type":"ReadAction","target":["https:\/\/sydialogue.org\/tr\/deyrizorda-sdgye-karsi-gerceklestirilen-asiret-protestolarinin-ve-bolge-istikrarina-yansimalarinin-bir-okumasi\/"]}]},{"@type":"ImageObject","inLanguage":"tr","@id":"https:\/\/sydialogue.org\/tr\/deyrizorda-sdgye-karsi-gerceklestirilen-asiret-protestolarinin-ve-bolge-istikrarina-yansimalarinin-bir-okumasi\/#primaryimage","url":"https:\/\/egsaqtt58cu.exactdn.com\/wp-content\/uploads\/2023\/09\/tr130.jpg?strip=all&lossy=1&ssl=1","contentUrl":"https:\/\/egsaqtt58cu.exactdn.com\/wp-content\/uploads\/2023\/09\/tr130.jpg?strip=all&lossy=1&ssl=1","width":2308,"height":1159},{"@type":"BreadcrumbList","@id":"https:\/\/sydialogue.org\/tr\/deyrizorda-sdgye-karsi-gerceklestirilen-asiret-protestolarinin-ve-bolge-istikrarina-yansimalarinin-bir-okumasi\/#breadcrumb","itemListElement":[{"@type":"ListItem","position":1,"name":"\u0627\u0644\u0631\u0626\u064a\u0633\u064a\u0629","item":"https:\/\/sydialogue.org\/tr\/"},{"@type":"ListItem","position":2,"name":"Deyrizor\u2019da SDG\u2019ye Kar\u015f\u0131 Ger\u00e7ekle\u015ftirilen A\u015firet Protestolar\u0131n\u0131n ve B\u00f6lge \u0130stikrar\u0131na Yans\u0131malar\u0131n\u0131n Bir Okumas\u0131"}]},{"@type":"WebSite","@id":"https:\/\/sydialogue.org\/tr\/#website","url":"https:\/\/sydialogue.org\/tr\/","name":"\u0645\u0631\u0643\u0632 \u0627\u0644\u062d\u0648\u0627\u0631 \u0627\u0644\u0633\u0648\u0631\u064a","description":"Suriyeli bir sivil kurum, Suriye halk\u0131n\u0131 ilgilendiren konularda diyalo\u011fu canland\u0131rmay\u0131 ve harekete ge\u00e7irmeyi hedefliyor ve Suriyeliler aras\u0131nda ili\u015fkileri g\u00fc\u00e7lendirmeye ve i\u015fbirli\u011fi ve koordinasyonu harekete ge\u00e7irmeye \u00e7al\u0131\u015f\u0131yor.","potentialAction":[{"@type":"SearchAction","target":{"@type":"EntryPoint","urlTemplate":"https:\/\/sydialogue.org\/tr\/?s={search_term_string}"},"query-input":{"@type":"PropertyValueSpecification","valueRequired":true,"valueName":"search_term_string"}}],"inLanguage":"tr"},{"@type":"Person","@id":"https:\/\/sydialogue.org\/tr\/#\/schema\/person\/34a2994f7414cbc7ce06e08267c4944d","name":"\u0645\u0631\u0643\u0632 \u0627\u0644\u062d\u0648\u0627\u0631 \u0627\u0644\u0633\u0648\u0631\u064a","image":{"@type":"ImageObject","inLanguage":"tr","@id":"https:\/\/sydialogue.org\/tr\/#\/schema\/person\/image\/","url":"https:\/\/sydialogue.org\/wp-content\/uploads\/2023\/09\/\u0644\u0648\u063a\u0648-\u062e\u0644\u0641\u064a\u0629-\u0634\u0641\u0627\u0641\u0629-1.png","contentUrl":"https:\/\/sydialogue.org\/wp-content\/uploads\/2023\/09\/\u0644\u0648\u063a\u0648-\u062e\u0644\u0641\u064a\u0629-\u0634\u0641\u0627\u0641\u0629-1.png","caption":"\u0645\u0631\u0643\u0632 \u0627\u0644\u062d\u0648\u0627\u0631 \u0627\u0644\u0633\u0648\u0631\u064a"},"description":"\u0645\u0624\u0633\u0633\u0629 \u0628\u062d\u062b\u064a\u0629 \u0633\u0648\u0631\u064a\u0629 \u062a\u0633\u0639\u0649 \u0625\u0644\u0649 \u0627\u0644\u0625\u0633\u0647\u0627\u0645 \u0641\u064a \u0628\u0646\u0627\u0621 \u0627\u0644\u0631\u0624\u0649 \u0648\u0627\u0644\u0645\u0639\u0627\u0631\u0641 \u0628\u0645\u0627 \u064a\u0633\u0627\u0639\u062f \u0627\u0644\u0633\u0648\u0631\u064a\u064a\u0646 \u0639\u0644\u0649 \u0625\u0646\u0636\u0627\u062c \u062d\u0644\u0648\u0644 \u0639\u0645\u0644\u064a\u0629 \u0644\u0645\u0648\u0627\u062c\u0647\u0629 \u0627\u0644\u062a\u062d\u062f\u064a\u0627\u062a \u0627\u0644\u0648\u0637\u0646\u064a\u0629 \u0627\u0644\u0645\u0634\u062a\u0631\u0643\u0629 \u0648\u062a\u062d\u0642\u064a\u0642 \u0627\u0644\u062a\u0646\u0645\u064a\u0629 \u0627\u0644\u0645\u0633\u062a\u062f\u0627\u0645\u0629","sameAs":["http:\/\/sydialogue.org\/","Syrian Dialogue Center"],"url":"#molongui-disabled-link"}]}},"_links":{"self":[{"href":"https:\/\/sydialogue.org\/tr\/wp-json\/wp\/v2\/posts\/13013","targetHints":{"allow":["GET"]}}],"collection":[{"href":"https:\/\/sydialogue.org\/tr\/wp-json\/wp\/v2\/posts"}],"about":[{"href":"https:\/\/sydialogue.org\/tr\/wp-json\/wp\/v2\/types\/post"}],"author":[{"embeddable":true,"href":"https:\/\/sydialogue.org\/tr\/wp-json\/wp\/v2\/users\/1"}],"replies":[{"embeddable":true,"href":"https:\/\/sydialogue.org\/tr\/wp-json\/wp\/v2\/comments?post=13013"}],"version-history":[{"count":1,"href":"https:\/\/sydialogue.org\/tr\/wp-json\/wp\/v2\/posts\/13013\/revisions"}],"predecessor-version":[{"id":13017,"href":"https:\/\/sydialogue.org\/tr\/wp-json\/wp\/v2\/posts\/13013\/revisions\/13017"}],"wp:featuredmedia":[{"embeddable":true,"href":"https:\/\/sydialogue.org\/tr\/wp-json\/wp\/v2\/media\/13014"}],"wp:attachment":[{"href":"https:\/\/sydialogue.org\/tr\/wp-json\/wp\/v2\/media?parent=13013"}],"wp:term":[{"taxonomy":"category","embeddable":true,"href":"https:\/\/sydialogue.org\/tr\/wp-json\/wp\/v2\/categories?post=13013"},{"taxonomy":"post_tag","embeddable":true,"href":"https:\/\/sydialogue.org\/tr\/wp-json\/wp\/v2\/tags?post=13013"}],"curies":[{"name":"wp","href":"https:\/\/api.w.org\/{rel}","templated":true}]}}