{"id":13133,"date":"2023-02-19T18:10:29","date_gmt":"2023-02-19T15:10:29","guid":{"rendered":"http:\/\/sydialogue.org\/?p=13133"},"modified":"2023-11-11T18:16:24","modified_gmt":"2023-11-11T15:16:24","slug":"esad-rejiminin-depremi-siyasi-bir-malzemeye-donusturmesi-yalnizligina-son-verecek-siyasi-ve-ekonomik-kazanimlar","status":"publish","type":"post","link":"https:\/\/sydialogue.org\/tr\/esad-rejiminin-depremi-siyasi-bir-malzemeye-donusturmesi-yalnizligina-son-verecek-siyasi-ve-ekonomik-kazanimlar\/","title":{"rendered":"Esad Rejiminin, Depremi Siyasi Bir Malzemeye D\u00f6n\u00fc\u015ft\u00fcrmesi\u2026 Yaln\u0131zl\u0131\u011f\u0131na Son Verecek Siyasi ve Ekonomik Kazan\u0131mlar"},"content":{"rendered":"<p dir=\"ltr\" style=\"text-align: justify;\"><strong>\u00d6zet:<\/strong><\/p>\n<p dir=\"ltr\" style=\"text-align: justify;\">Esad rejiminin medya makinesi, Bat\u0131&#8217;n\u0131n Suriye&#8217;ye uygulad\u0131\u011f\u0131 yapt\u0131r\u0131mlar\u0131n, yard\u0131m gelmemesinin nedeni oldu\u011funu \u00f6ne s\u00fcren yo\u011fun kampanyalar ba\u015flatt\u0131. Ve depremin yans\u0131malar\u0131yla y\u00fczle\u015fmenin \u00f6n\u00fcne engel koydu. Ta ki bu kampanyalar ABD \u00fczerinde bask\u0131 kurmaya yarad\u0131 ve ABD, deprem m\u00fcdahalesine ili\u015fkin t\u00fcm konularda Suriye&#8217;yi \u201cSezar Yasas\u0131\u201d kapsam\u0131nda uygulanan yapt\u0131r\u0131mlardan alt\u0131 ay s\u00fcreyle muaf tuttu.<\/p>\n<p dir=\"ltr\" style=\"text-align: justify;\">Esad rejimi, t\u00fcm Suriye topraklar\u0131ndaki her Suriyeliye yard\u0131m etmeye ve yard\u0131mlar\u0131n ula\u015ft\u0131r\u0131lmas\u0131n\u0131 koordine etmeye haz\u0131r oldu\u011funu iddia etti. Ancak kendi b\u00f6lgelerinde \u00f6nc\u00fcl\u00fck etti\u011fi insani m\u00fcdahale tarz\u0131; yard\u0131mlar\u0131n \u00e7al\u0131nmas\u0131, sat\u0131lmas\u0131 ve yard\u0131m i\u015fini icra edenlere \u015fantaj yap\u0131lmas\u0131 \u015feklinde kendini g\u00f6sterdi. B\u00f6ylece Suriye muhalefetinin kontrol\u00fc alt\u0131nda bulunan ve depremden en fazla zarar g\u00f6ren b\u00f6lgelere yard\u0131mlar\u0131n giri\u015finin \u00f6n\u00fcne lojistik engeller koydu. Bu, Esad rejiminin bir kez daha siyasi kazan\u0131mlar elde etmek i\u00e7in insani felaketi bile istismar etti\u011fini ve Suriye halk\u0131na yard\u0131m ve destek vermenin kendisinin son kayg\u0131s\u0131 oldu\u011funu hi\u00e7bir \u015f\u00fcpheye yer b\u0131rakmayacak \u015fekilde teyit etti.<\/p>\n<p dir=\"ltr\" style=\"text-align: justify;\">ABD Hazine Bakanl\u0131\u011f\u0131&#8217;ndan yap\u0131lan d\u00fczeltmede, yapt\u0131r\u0131mlar\u0131n dondurulmas\u0131 karar\u0131n\u0131n, Esad rejimi h\u00fck\u00fcmetine ba\u011fl\u0131 herhangi bir tarafla mali i\u015flem yap\u0131lmas\u0131na veya yapt\u0131r\u0131m listelerinde yer alan ki\u015filerle i\u015flem yap\u0131lmas\u0131na izin verilmesini i\u00e7ermedi\u011finin alt\u0131 \u00e7izildi. Suriye petrol\u00fcn\u00fcn ithalat\u0131na y\u00f6nelik yasak h\u00e2l\u00e2 devam ediyor. Bu husus Esad rejimine ge\u00e7ici olarak baz\u0131 siyasi ve ekonomik kazan\u0131mlar elde etme f\u0131rsat\u0131 veriyor.<\/p>\n<p dir=\"ltr\" style=\"text-align: justify;\">Birle\u015fmi\u015f Milletler, Esad rejiminin \u201cegemenlik\u201d ilkesini ihlal etmemesi iddias\u0131na uymas\u0131n\u0131n gereklili\u011fi bahanesiyle Suriye&#8217;ye ba\u015fka s\u0131n\u0131r kap\u0131lar\u0131ndan yard\u0131m g\u00f6nderilmesini erteledi. Bununla beraber Uluslararas\u0131 Ceza Mahkemesi ve Uluslararas\u0131 Adalet Divan\u0131&#8217;n\u0131n hukuk\u00e7ular\u0131 ve eski hakimleri, G\u00fcvenlik Konseyi&#8217;nin izni olmadan s\u0131n\u0131rdan Suriye&#8217;ye yard\u0131m ge\u00e7i\u015finin devam etmesinin yasal oldu\u011funu a\u00e7\u0131klayan bir mektup yollad\u0131.<\/p>\n<p dir=\"ltr\" style=\"text-align: justify;\">Esad rejiminin deprem felaketiyle m\u00fccadeledeki politikas\u0131, Arap devletleri nezdinde ve uluslararas\u0131 sahnede tekrar g\u00f6ze girmeye \u00e7al\u0131\u015fma ve kendini taban\u0131na g\u00f6sterme \u00fczerine odakland\u0131. Bu durum, kendisine ait medyada uluslararas\u0131 ve siyasi kar\u015f\u0131l\u0131kl\u0131 ili\u015fkilerin varl\u0131\u011f\u0131na dair haberlerinin artmas\u0131nda ve ihtiya\u00e7 duyulan yard\u0131mlarla deste\u011fi sa\u011flama yar\u0131\u015f\u0131nda a\u00e7\u0131k\u00e7a g\u00f6r\u00fcld\u00fc. Esad rejimiyle bocalayan normalle\u015fme s\u00fcrecine destek olan bir dizi Arap \u00fclkesi, normalle\u015fme s\u00fcrecine ko\u015fan ve ileti\u015fim ve temsil ivmesini art\u0131rmak \u00fczere insani durumdan yararlananlar listesinde yer ald\u0131. Hepsi, yapt\u0131r\u0131mlar\u0131n uygulanmamas\u0131n\u0131 -ABD y\u00f6netiminin bu \u00e7abalarda ilerleme kaydedilmesine- ye\u015fil \u0131\u015f\u0131k olarak de\u011ferlendirdi.<\/p>\n<p dir=\"ltr\" style=\"text-align: justify;\">Siyasi ili\u015fkide ilerleme konusunda Avrupa ve Amerika&#8217;n\u0131n politikalar\u0131 daha muhafazak\u00e2r g\u00f6r\u00fcn\u00fcyor. Bununla birlikte Esad&#8217;\u0131n, zedelenen imaj\u0131n\u0131 d\u00fczeltmek ve tekrar sahaya d\u00f6nmek i\u00e7in deprem felaketini istismar etmesi sonucuyla kar\u015f\u0131 kar\u015f\u0131ya kal\u0131nmas\u0131na ili\u015fkin bir\u00e7ok uyar\u0131 da yap\u0131l\u0131yor. Siyasi ko\u015fullar da Esad&#8217;\u0131n yeniden sahaya d\u00f6nmesinin ve y\u00f6netimde kalkmas\u0131n\u0131n herkes i\u00e7in daha uygun, daha az k\u00fclfet gerektiren bir s\u00fcre\u00e7 haline gelmesini sa\u011flayabilir.<\/p>\n<p dir=\"ltr\" style=\"text-align: justify;\">Suriye muhalefeti, Esad rejiminin bu sahneden yararlanmas\u0131n\u0131 ve tekeline almas\u0131n\u0131 engelleyen, ge\u00e7mi\u015fteki ve g\u00fcncel su\u00e7lar\u0131n\u0131 hat\u0131rlatan, s\u00fcrekli ihlallerini d\u00fcnyaya aktaran; Arap devletleri aras\u0131nda ve uluslararas\u0131 sahnede normalle\u015fmeye ko\u015fan \u00fclkeleri utand\u0131ran ve bu rejimin politikalar\u0131n\u0131n de\u011fi\u015fmedi\u011fini ve de\u011fi\u015fmeyece\u011fini, i\u015fledi\u011fi su\u00e7lar\u0131n zamana\u015f\u0131m\u0131na veya istisnai durumlar\u0131n olu\u015fmas\u0131na tabi olmad\u0131\u011f\u0131n\u0131 teyit eden insani ve hukuki dosyalar olu\u015fturan paralel bir siyasi hareket olu\u015fturma sorumlulu\u011funu ta\u015f\u0131maktad\u0131r.<\/p>\n<p dir=\"ltr\"><a href=\"http:\/\/sydialogue.org\/%d8%aa%d8%b3%d9%8a%d9%8a%d8%b3-%d9%86%d8%b8%d8%a7%d9%85-%d8%a7%d9%84%d8%a3%d8%b3%d8%af-%d8%ad%d8%a7%d8%af%d8%ab%d8%a9-%d8%a7%d9%84%d8%b2%d9%84%d8%b2%d8%a7%d9%84%d8%9b-%d9%85%d9%83%d8%a7%d8%b3%d8%a8\/\">Raporun tamam\u0131n\u0131 okumak i\u00e7in (Arap\u00e7a)<\/a><\/p>\n","protected":false},"excerpt":{"rendered":"<p>Bu rapor Esad rejiminin, deprem hadisesinden Bat\u0131yla aras\u0131ndaki ili\u015fkileri toparlamak ad\u0131na siyasi olarak ne \u015fekilde yararland\u0131\u011f\u0131n\u0131 ve bu konuyu nas\u0131l kulland\u0131\u011f\u0131n\u0131 ele al\u0131yor.<\/p>\n","protected":false},"author":1,"featured_media":13134,"comment_status":"open","ping_status":"closed","sticky":false,"template":"","format":"standard","meta":{"_acf_changed":false,"footnotes":""},"categories":[78,94,49],"tags":[],"class_list":["post-13133","post","type-post","status-publish","format-standard","has-post-thumbnail","hentry","category-research-and-studies-tr","category-politika-analizi-birimi","category-yayinlar"],"acf":[],"yoast_head":"<!-- This site is optimized with the Yoast SEO plugin v26.0 - https:\/\/yoast.com\/wordpress\/plugins\/seo\/ -->\n<title>Esad Rejiminin, Depremi Siyasi Bir Malzemeye D\u00f6n\u00fc\u015ft\u00fcrmesi\u2026 Yaln\u0131zl\u0131\u011f\u0131na Son Verecek Siyasi ve Ekonomik Kazan\u0131mlar - Suriye Diyalog Merkezi<\/title>\n<meta name=\"description\" content=\"Bu rapor Esad rejiminin, deprem hadisesinden Bat\u0131yla aras\u0131ndaki ili\u015fkileri toparlamak ad\u0131na siyasi olarak ne \u015fekilde yararland\u0131\u011f\u0131n\u0131 ve bu konuyu nas\u0131l kulland\u0131\u011f\u0131n\u0131 ele al\u0131yor.\" \/>\n<meta name=\"robots\" content=\"index, follow, max-snippet:-1, max-image-preview:large, max-video-preview:-1\" \/>\n<link rel=\"canonical\" href=\"https:\/\/sydialogue.org\/tr\/esad-rejiminin-depremi-siyasi-bir-malzemeye-donusturmesi-yalnizligina-son-verecek-siyasi-ve-ekonomik-kazanimlar\/\" \/>\n<meta property=\"og:locale\" content=\"tr_TR\" \/>\n<meta property=\"og:type\" content=\"article\" \/>\n<meta property=\"og:title\" content=\"Esad Rejiminin, Depremi Siyasi Bir Malzemeye D\u00f6n\u00fc\u015ft\u00fcrmesi\u2026 Yaln\u0131zl\u0131\u011f\u0131na Son Verecek Siyasi ve Ekonomik Kazan\u0131mlar - Suriye Diyalog Merkezi\" \/>\n<meta property=\"og:description\" content=\"Bu rapor Esad rejiminin, deprem hadisesinden Bat\u0131yla aras\u0131ndaki ili\u015fkileri toparlamak ad\u0131na siyasi olarak ne \u015fekilde yararland\u0131\u011f\u0131n\u0131 ve bu konuyu nas\u0131l kulland\u0131\u011f\u0131n\u0131 ele al\u0131yor.\" \/>\n<meta property=\"og:url\" content=\"https:\/\/sydialogue.org\/tr\/esad-rejiminin-depremi-siyasi-bir-malzemeye-donusturmesi-yalnizligina-son-verecek-siyasi-ve-ekonomik-kazanimlar\/\" \/>\n<meta property=\"og:site_name\" content=\"Suriye Diyalog Merkezi\" \/>\n<meta property=\"article:publisher\" content=\"https:\/\/www.facebook.com\/Sydialogue\" \/>\n<meta property=\"article:published_time\" content=\"2023-02-19T15:10:29+00:00\" \/>\n<meta property=\"article:modified_time\" content=\"2023-11-11T15:16:24+00:00\" \/>\n<meta property=\"og:image\" content=\"https:\/\/sydialogue.org\/wp-content\/uploads\/2023\/11\/tr131.webp\" \/>\n\t<meta property=\"og:image:width\" content=\"2308\" \/>\n\t<meta property=\"og:image:height\" content=\"1159\" \/>\n\t<meta property=\"og:image:type\" content=\"image\/webp\" \/>\n<meta name=\"author\" content=\"\u0645\u0631\u0643\u0632 \u0627\u0644\u062d\u0648\u0627\u0631 \u0627\u0644\u0633\u0648\u0631\u064a\" \/>\n<meta name=\"twitter:card\" content=\"summary_large_image\" \/>\n<meta name=\"twitter:creator\" content=\"@Sydialogue\" \/>\n<meta name=\"twitter:site\" content=\"@Sydialogue\" \/>\n<meta name=\"twitter:label1\" content=\"Yazan:\" \/>\n\t<meta name=\"twitter:data1\" content=\"\u0645\u0631\u0643\u0632 \u0627\u0644\u062d\u0648\u0627\u0631 \u0627\u0644\u0633\u0648\u0631\u064a\" \/>\n\t<meta name=\"twitter:label2\" content=\"Tahmini okuma s\u00fcresi\" \/>\n\t<meta name=\"twitter:data2\" content=\"4 dakika\" \/>\n<script type=\"application\/ld+json\" class=\"yoast-schema-graph\">{\"@context\":\"https:\/\/schema.org\",\"@graph\":[{\"@type\":\"WebPage\",\"@id\":\"https:\/\/sydialogue.org\/tr\/esad-rejiminin-depremi-siyasi-bir-malzemeye-donusturmesi-yalnizligina-son-verecek-siyasi-ve-ekonomik-kazanimlar\/\",\"url\":\"https:\/\/sydialogue.org\/tr\/esad-rejiminin-depremi-siyasi-bir-malzemeye-donusturmesi-yalnizligina-son-verecek-siyasi-ve-ekonomik-kazanimlar\/\",\"name\":\"Esad Rejiminin, Depremi Siyasi Bir Malzemeye D\u00f6n\u00fc\u015ft\u00fcrmesi\u2026 Yaln\u0131zl\u0131\u011f\u0131na Son Verecek Siyasi ve Ekonomik Kazan\u0131mlar - Suriye Diyalog Merkezi\",\"isPartOf\":{\"@id\":\"https:\/\/sydialogue.org\/tr\/#website\"},\"primaryImageOfPage\":{\"@id\":\"https:\/\/sydialogue.org\/tr\/esad-rejiminin-depremi-siyasi-bir-malzemeye-donusturmesi-yalnizligina-son-verecek-siyasi-ve-ekonomik-kazanimlar\/#primaryimage\"},\"image\":{\"@id\":\"https:\/\/sydialogue.org\/tr\/esad-rejiminin-depremi-siyasi-bir-malzemeye-donusturmesi-yalnizligina-son-verecek-siyasi-ve-ekonomik-kazanimlar\/#primaryimage\"},\"thumbnailUrl\":\"https:\/\/e8nd7pn44jx.exactdn.com\/wp-content\/uploads\/2023\/11\/tr131.webp?strip=all\",\"datePublished\":\"2023-02-19T15:10:29+00:00\",\"dateModified\":\"2023-11-11T15:16:24+00:00\",\"author\":{\"@id\":\"https:\/\/sydialogue.org\/tr\/#\/schema\/person\/34a2994f7414cbc7ce06e08267c4944d\"},\"description\":\"Bu rapor Esad rejiminin, deprem hadisesinden Bat\u0131yla aras\u0131ndaki ili\u015fkileri toparlamak ad\u0131na siyasi olarak ne \u015fekilde yararland\u0131\u011f\u0131n\u0131 ve bu konuyu nas\u0131l kulland\u0131\u011f\u0131n\u0131 ele al\u0131yor.\",\"breadcrumb\":{\"@id\":\"https:\/\/sydialogue.org\/tr\/esad-rejiminin-depremi-siyasi-bir-malzemeye-donusturmesi-yalnizligina-son-verecek-siyasi-ve-ekonomik-kazanimlar\/#breadcrumb\"},\"inLanguage\":\"tr\",\"potentialAction\":[{\"@type\":\"ReadAction\",\"target\":[\"https:\/\/sydialogue.org\/tr\/esad-rejiminin-depremi-siyasi-bir-malzemeye-donusturmesi-yalnizligina-son-verecek-siyasi-ve-ekonomik-kazanimlar\/\"]}]},{\"@type\":\"ImageObject\",\"inLanguage\":\"tr\",\"@id\":\"https:\/\/sydialogue.org\/tr\/esad-rejiminin-depremi-siyasi-bir-malzemeye-donusturmesi-yalnizligina-son-verecek-siyasi-ve-ekonomik-kazanimlar\/#primaryimage\",\"url\":\"https:\/\/e8nd7pn44jx.exactdn.com\/wp-content\/uploads\/2023\/11\/tr131.webp?strip=all\",\"contentUrl\":\"https:\/\/e8nd7pn44jx.exactdn.com\/wp-content\/uploads\/2023\/11\/tr131.webp?strip=all\",\"width\":2308,\"height\":1159},{\"@type\":\"BreadcrumbList\",\"@id\":\"https:\/\/sydialogue.org\/tr\/esad-rejiminin-depremi-siyasi-bir-malzemeye-donusturmesi-yalnizligina-son-verecek-siyasi-ve-ekonomik-kazanimlar\/#breadcrumb\",\"itemListElement\":[{\"@type\":\"ListItem\",\"position\":1,\"name\":\"\u0627\u0644\u0631\u0626\u064a\u0633\u064a\u0629\",\"item\":\"https:\/\/sydialogue.org\/tr\/\"},{\"@type\":\"ListItem\",\"position\":2,\"name\":\"Esad Rejiminin, Depremi Siyasi Bir Malzemeye D\u00f6n\u00fc\u015ft\u00fcrmesi\u2026 Yaln\u0131zl\u0131\u011f\u0131na Son Verecek Siyasi ve Ekonomik Kazan\u0131mlar\"}]},{\"@type\":\"WebSite\",\"@id\":\"https:\/\/sydialogue.org\/tr\/#website\",\"url\":\"https:\/\/sydialogue.org\/tr\/\",\"name\":\"\u0645\u0631\u0643\u0632 \u0627\u0644\u062d\u0648\u0627\u0631 \u0627\u0644\u0633\u0648\u0631\u064a\",\"description\":\"Suriyeli bir sivil kurum, Suriye halk\u0131n\u0131 ilgilendiren konularda diyalo\u011fu canland\u0131rmay\u0131 ve harekete ge\u00e7irmeyi hedefliyor ve Suriyeliler aras\u0131nda ili\u015fkileri g\u00fc\u00e7lendirmeye ve i\u015fbirli\u011fi ve koordinasyonu harekete ge\u00e7irmeye \u00e7al\u0131\u015f\u0131yor.\",\"potentialAction\":[{\"@type\":\"SearchAction\",\"target\":{\"@type\":\"EntryPoint\",\"urlTemplate\":\"https:\/\/sydialogue.org\/tr\/?s={search_term_string}\"},\"query-input\":{\"@type\":\"PropertyValueSpecification\",\"valueRequired\":true,\"valueName\":\"search_term_string\"}}],\"inLanguage\":\"tr\"},{\"@type\":\"Person\",\"@id\":\"https:\/\/sydialogue.org\/tr\/#\/schema\/person\/34a2994f7414cbc7ce06e08267c4944d\",\"name\":\"\u0645\u0631\u0643\u0632 \u0627\u0644\u062d\u0648\u0627\u0631 \u0627\u0644\u0633\u0648\u0631\u064a\",\"image\":{\"@type\":\"ImageObject\",\"inLanguage\":\"tr\",\"@id\":\"https:\/\/sydialogue.org\/tr\/#\/schema\/person\/image\/\",\"url\":\"https:\/\/sydialogue.org\/wp-content\/uploads\/2023\/09\/\u0644\u0648\u063a\u0648-\u062e\u0644\u0641\u064a\u0629-\u0634\u0641\u0627\u0641\u0629-1.png\",\"contentUrl\":\"https:\/\/sydialogue.org\/wp-content\/uploads\/2023\/09\/\u0644\u0648\u063a\u0648-\u062e\u0644\u0641\u064a\u0629-\u0634\u0641\u0627\u0641\u0629-1.png\",\"caption\":\"\u0645\u0631\u0643\u0632 \u0627\u0644\u062d\u0648\u0627\u0631 \u0627\u0644\u0633\u0648\u0631\u064a\"},\"description\":\"\u0645\u0624\u0633\u0633\u0629 \u0628\u062d\u062b\u064a\u0629 \u0633\u0648\u0631\u064a\u0629 \u062a\u0633\u0639\u0649 \u0625\u0644\u0649 \u0627\u0644\u0625\u0633\u0647\u0627\u0645 \u0641\u064a \u0628\u0646\u0627\u0621 \u0627\u0644\u0631\u0624\u0649 \u0648\u0627\u0644\u0645\u0639\u0627\u0631\u0641 \u0628\u0645\u0627 \u064a\u0633\u0627\u0639\u062f \u0627\u0644\u0633\u0648\u0631\u064a\u064a\u0646 \u0639\u0644\u0649 \u0625\u0646\u0636\u0627\u062c \u062d\u0644\u0648\u0644 \u0639\u0645\u0644\u064a\u0629 \u0644\u0645\u0648\u0627\u062c\u0647\u0629 \u0627\u0644\u062a\u062d\u062f\u064a\u0627\u062a \u0627\u0644\u0648\u0637\u0646\u064a\u0629 \u0627\u0644\u0645\u0634\u062a\u0631\u0643\u0629 \u0648\u062a\u062d\u0642\u064a\u0642 \u0627\u0644\u062a\u0646\u0645\u064a\u0629 \u0627\u0644\u0645\u0633\u062a\u062f\u0627\u0645\u0629\",\"sameAs\":[\"http:\/\/sydialogue.org\/\",\"Syrian Dialogue Center\"],\"url\":\"#molongui-disabled-link\"}]}<\/script>\n<!-- \/ Yoast SEO plugin. -->","yoast_head_json":{"title":"Esad Rejiminin, Depremi Siyasi Bir Malzemeye D\u00f6n\u00fc\u015ft\u00fcrmesi\u2026 Yaln\u0131zl\u0131\u011f\u0131na Son Verecek Siyasi ve Ekonomik Kazan\u0131mlar - Suriye Diyalog Merkezi","description":"Bu rapor Esad rejiminin, deprem hadisesinden Bat\u0131yla aras\u0131ndaki ili\u015fkileri toparlamak ad\u0131na siyasi olarak ne \u015fekilde yararland\u0131\u011f\u0131n\u0131 ve bu konuyu nas\u0131l kulland\u0131\u011f\u0131n\u0131 ele al\u0131yor.","robots":{"index":"index","follow":"follow","max-snippet":"max-snippet:-1","max-image-preview":"max-image-preview:large","max-video-preview":"max-video-preview:-1"},"canonical":"https:\/\/sydialogue.org\/tr\/esad-rejiminin-depremi-siyasi-bir-malzemeye-donusturmesi-yalnizligina-son-verecek-siyasi-ve-ekonomik-kazanimlar\/","og_locale":"tr_TR","og_type":"article","og_title":"Esad Rejiminin, Depremi Siyasi Bir Malzemeye D\u00f6n\u00fc\u015ft\u00fcrmesi\u2026 Yaln\u0131zl\u0131\u011f\u0131na Son Verecek Siyasi ve Ekonomik Kazan\u0131mlar - Suriye Diyalog Merkezi","og_description":"Bu rapor Esad rejiminin, deprem hadisesinden Bat\u0131yla aras\u0131ndaki ili\u015fkileri toparlamak ad\u0131na siyasi olarak ne \u015fekilde yararland\u0131\u011f\u0131n\u0131 ve bu konuyu nas\u0131l kulland\u0131\u011f\u0131n\u0131 ele al\u0131yor.","og_url":"https:\/\/sydialogue.org\/tr\/esad-rejiminin-depremi-siyasi-bir-malzemeye-donusturmesi-yalnizligina-son-verecek-siyasi-ve-ekonomik-kazanimlar\/","og_site_name":"Suriye Diyalog Merkezi","article_publisher":"https:\/\/www.facebook.com\/Sydialogue","article_published_time":"2023-02-19T15:10:29+00:00","article_modified_time":"2023-11-11T15:16:24+00:00","og_image":[{"width":2308,"height":1159,"url":"https:\/\/sydialogue.org\/wp-content\/uploads\/2023\/11\/tr131.webp","type":"image\/webp"}],"author":"\u0645\u0631\u0643\u0632 \u0627\u0644\u062d\u0648\u0627\u0631 \u0627\u0644\u0633\u0648\u0631\u064a","twitter_card":"summary_large_image","twitter_creator":"@Sydialogue","twitter_site":"@Sydialogue","twitter_misc":{"Yazan:":"\u0645\u0631\u0643\u0632 \u0627\u0644\u062d\u0648\u0627\u0631 \u0627\u0644\u0633\u0648\u0631\u064a","Tahmini okuma s\u00fcresi":"4 dakika"},"schema":{"@context":"https:\/\/schema.org","@graph":[{"@type":"WebPage","@id":"https:\/\/sydialogue.org\/tr\/esad-rejiminin-depremi-siyasi-bir-malzemeye-donusturmesi-yalnizligina-son-verecek-siyasi-ve-ekonomik-kazanimlar\/","url":"https:\/\/sydialogue.org\/tr\/esad-rejiminin-depremi-siyasi-bir-malzemeye-donusturmesi-yalnizligina-son-verecek-siyasi-ve-ekonomik-kazanimlar\/","name":"Esad Rejiminin, Depremi Siyasi Bir Malzemeye D\u00f6n\u00fc\u015ft\u00fcrmesi\u2026 Yaln\u0131zl\u0131\u011f\u0131na Son Verecek Siyasi ve Ekonomik Kazan\u0131mlar - Suriye Diyalog Merkezi","isPartOf":{"@id":"https:\/\/sydialogue.org\/tr\/#website"},"primaryImageOfPage":{"@id":"https:\/\/sydialogue.org\/tr\/esad-rejiminin-depremi-siyasi-bir-malzemeye-donusturmesi-yalnizligina-son-verecek-siyasi-ve-ekonomik-kazanimlar\/#primaryimage"},"image":{"@id":"https:\/\/sydialogue.org\/tr\/esad-rejiminin-depremi-siyasi-bir-malzemeye-donusturmesi-yalnizligina-son-verecek-siyasi-ve-ekonomik-kazanimlar\/#primaryimage"},"thumbnailUrl":"https:\/\/e8nd7pn44jx.exactdn.com\/wp-content\/uploads\/2023\/11\/tr131.webp?strip=all","datePublished":"2023-02-19T15:10:29+00:00","dateModified":"2023-11-11T15:16:24+00:00","author":{"@id":"https:\/\/sydialogue.org\/tr\/#\/schema\/person\/34a2994f7414cbc7ce06e08267c4944d"},"description":"Bu rapor Esad rejiminin, deprem hadisesinden Bat\u0131yla aras\u0131ndaki ili\u015fkileri toparlamak ad\u0131na siyasi olarak ne \u015fekilde yararland\u0131\u011f\u0131n\u0131 ve bu konuyu nas\u0131l kulland\u0131\u011f\u0131n\u0131 ele al\u0131yor.","breadcrumb":{"@id":"https:\/\/sydialogue.org\/tr\/esad-rejiminin-depremi-siyasi-bir-malzemeye-donusturmesi-yalnizligina-son-verecek-siyasi-ve-ekonomik-kazanimlar\/#breadcrumb"},"inLanguage":"tr","potentialAction":[{"@type":"ReadAction","target":["https:\/\/sydialogue.org\/tr\/esad-rejiminin-depremi-siyasi-bir-malzemeye-donusturmesi-yalnizligina-son-verecek-siyasi-ve-ekonomik-kazanimlar\/"]}]},{"@type":"ImageObject","inLanguage":"tr","@id":"https:\/\/sydialogue.org\/tr\/esad-rejiminin-depremi-siyasi-bir-malzemeye-donusturmesi-yalnizligina-son-verecek-siyasi-ve-ekonomik-kazanimlar\/#primaryimage","url":"https:\/\/e8nd7pn44jx.exactdn.com\/wp-content\/uploads\/2023\/11\/tr131.webp?strip=all","contentUrl":"https:\/\/e8nd7pn44jx.exactdn.com\/wp-content\/uploads\/2023\/11\/tr131.webp?strip=all","width":2308,"height":1159},{"@type":"BreadcrumbList","@id":"https:\/\/sydialogue.org\/tr\/esad-rejiminin-depremi-siyasi-bir-malzemeye-donusturmesi-yalnizligina-son-verecek-siyasi-ve-ekonomik-kazanimlar\/#breadcrumb","itemListElement":[{"@type":"ListItem","position":1,"name":"\u0627\u0644\u0631\u0626\u064a\u0633\u064a\u0629","item":"https:\/\/sydialogue.org\/tr\/"},{"@type":"ListItem","position":2,"name":"Esad Rejiminin, Depremi Siyasi Bir Malzemeye D\u00f6n\u00fc\u015ft\u00fcrmesi\u2026 Yaln\u0131zl\u0131\u011f\u0131na Son Verecek Siyasi ve Ekonomik Kazan\u0131mlar"}]},{"@type":"WebSite","@id":"https:\/\/sydialogue.org\/tr\/#website","url":"https:\/\/sydialogue.org\/tr\/","name":"\u0645\u0631\u0643\u0632 \u0627\u0644\u062d\u0648\u0627\u0631 \u0627\u0644\u0633\u0648\u0631\u064a","description":"Suriyeli bir sivil kurum, Suriye halk\u0131n\u0131 ilgilendiren konularda diyalo\u011fu canland\u0131rmay\u0131 ve harekete ge\u00e7irmeyi hedefliyor ve Suriyeliler aras\u0131nda ili\u015fkileri g\u00fc\u00e7lendirmeye ve i\u015fbirli\u011fi ve koordinasyonu harekete ge\u00e7irmeye \u00e7al\u0131\u015f\u0131yor.","potentialAction":[{"@type":"SearchAction","target":{"@type":"EntryPoint","urlTemplate":"https:\/\/sydialogue.org\/tr\/?s={search_term_string}"},"query-input":{"@type":"PropertyValueSpecification","valueRequired":true,"valueName":"search_term_string"}}],"inLanguage":"tr"},{"@type":"Person","@id":"https:\/\/sydialogue.org\/tr\/#\/schema\/person\/34a2994f7414cbc7ce06e08267c4944d","name":"\u0645\u0631\u0643\u0632 \u0627\u0644\u062d\u0648\u0627\u0631 \u0627\u0644\u0633\u0648\u0631\u064a","image":{"@type":"ImageObject","inLanguage":"tr","@id":"https:\/\/sydialogue.org\/tr\/#\/schema\/person\/image\/","url":"https:\/\/sydialogue.org\/wp-content\/uploads\/2023\/09\/\u0644\u0648\u063a\u0648-\u062e\u0644\u0641\u064a\u0629-\u0634\u0641\u0627\u0641\u0629-1.png","contentUrl":"https:\/\/sydialogue.org\/wp-content\/uploads\/2023\/09\/\u0644\u0648\u063a\u0648-\u062e\u0644\u0641\u064a\u0629-\u0634\u0641\u0627\u0641\u0629-1.png","caption":"\u0645\u0631\u0643\u0632 \u0627\u0644\u062d\u0648\u0627\u0631 \u0627\u0644\u0633\u0648\u0631\u064a"},"description":"\u0645\u0624\u0633\u0633\u0629 \u0628\u062d\u062b\u064a\u0629 \u0633\u0648\u0631\u064a\u0629 \u062a\u0633\u0639\u0649 \u0625\u0644\u0649 \u0627\u0644\u0625\u0633\u0647\u0627\u0645 \u0641\u064a \u0628\u0646\u0627\u0621 \u0627\u0644\u0631\u0624\u0649 \u0648\u0627\u0644\u0645\u0639\u0627\u0631\u0641 \u0628\u0645\u0627 \u064a\u0633\u0627\u0639\u062f \u0627\u0644\u0633\u0648\u0631\u064a\u064a\u0646 \u0639\u0644\u0649 \u0625\u0646\u0636\u0627\u062c \u062d\u0644\u0648\u0644 \u0639\u0645\u0644\u064a\u0629 \u0644\u0645\u0648\u0627\u062c\u0647\u0629 \u0627\u0644\u062a\u062d\u062f\u064a\u0627\u062a \u0627\u0644\u0648\u0637\u0646\u064a\u0629 \u0627\u0644\u0645\u0634\u062a\u0631\u0643\u0629 \u0648\u062a\u062d\u0642\u064a\u0642 \u0627\u0644\u062a\u0646\u0645\u064a\u0629 \u0627\u0644\u0645\u0633\u062a\u062f\u0627\u0645\u0629","sameAs":["http:\/\/sydialogue.org\/","Syrian Dialogue Center"],"url":"#molongui-disabled-link"}]}},"_links":{"self":[{"href":"https:\/\/sydialogue.org\/tr\/wp-json\/wp\/v2\/posts\/13133","targetHints":{"allow":["GET"]}}],"collection":[{"href":"https:\/\/sydialogue.org\/tr\/wp-json\/wp\/v2\/posts"}],"about":[{"href":"https:\/\/sydialogue.org\/tr\/wp-json\/wp\/v2\/types\/post"}],"author":[{"embeddable":true,"href":"https:\/\/sydialogue.org\/tr\/wp-json\/wp\/v2\/users\/1"}],"replies":[{"embeddable":true,"href":"https:\/\/sydialogue.org\/tr\/wp-json\/wp\/v2\/comments?post=13133"}],"version-history":[{"count":1,"href":"https:\/\/sydialogue.org\/tr\/wp-json\/wp\/v2\/posts\/13133\/revisions"}],"predecessor-version":[{"id":13137,"href":"https:\/\/sydialogue.org\/tr\/wp-json\/wp\/v2\/posts\/13133\/revisions\/13137"}],"wp:featuredmedia":[{"embeddable":true,"href":"https:\/\/sydialogue.org\/tr\/wp-json\/wp\/v2\/media\/13134"}],"wp:attachment":[{"href":"https:\/\/sydialogue.org\/tr\/wp-json\/wp\/v2\/media?parent=13133"}],"wp:term":[{"taxonomy":"category","embeddable":true,"href":"https:\/\/sydialogue.org\/tr\/wp-json\/wp\/v2\/categories?post=13133"},{"taxonomy":"post_tag","embeddable":true,"href":"https:\/\/sydialogue.org\/tr\/wp-json\/wp\/v2\/tags?post=13133"}],"curies":[{"name":"wp","href":"https:\/\/api.w.org\/{rel}","templated":true}]}}