{"id":13232,"date":"2023-05-06T14:23:02","date_gmt":"2023-05-06T11:23:02","guid":{"rendered":"http:\/\/sydialogue.org\/?p=13232"},"modified":"2023-11-19T14:42:01","modified_gmt":"2023-11-19T11:42:01","slug":"bm-kuruluslari-reeldeki-dengelere-boyun-egdiginde-bm-ozel-elcisinin-suriyeye-yonelik-tutumlari","status":"publish","type":"post","link":"https:\/\/sydialogue.org\/tr\/bm-kuruluslari-reeldeki-dengelere-boyun-egdiginde-bm-ozel-elcisinin-suriyeye-yonelik-tutumlari\/","title":{"rendered":"BM Kurulu\u015flar\u0131 Reeldeki Dengelere Boyun E\u011fdi\u011finde\u2026 BM \u00d6zel El\u00e7isinin Suriye\u2019ye Y\u00f6nelik Tutumlar\u0131"},"content":{"rendered":"<p dir=\"ltr\"><span style=\"color: #000080;\"><strong>\u00d6zet<\/strong><\/span><\/p>\n<p dir=\"ltr\">2015 tarihli ve 2254 say\u0131l\u0131 G\u00fcvenlik Konseyi Karar\u0131n\u0131n uygulanmas\u0131n\u0131 kolayla\u015ft\u0131rmakla g\u00f6revlendirilen BM el\u00e7isinin tutumlar\u0131, \u201cSuriye Sava\u015f\u0131n\u0131n\u201d \u00e7\u00f6z\u00fcm\u00fcne y\u00f6nelik siyasi yakla\u015f\u0131m\u0131n uygulanmas\u0131na ili\u015fkin uluslararas\u0131 e\u011filimlerin \u00f6nemli g\u00f6stergelerinden birini temsil ediyor. \u00d6zel El\u00e7i&#8217;nin G\u00fcvenlik Konseyi\u2019ndeki brifinglerinin bir \u00f6rne\u011finin &#8220;tematik analizine&#8221; dayanan niteliksel bir metodolojiyi takip eden bu makale, el\u00e7inin G\u00fcvenlik Konseyi Karar\u0131 2254&#8217;\u00fcn uygulanmas\u0131n\u0131 kolayla\u015ft\u0131rma misyonuna olan ba\u011fl\u0131l\u0131\u011f\u0131n\u0131n boyutunu tespit etmek amac\u0131yla yay\u0131nlan\u0131yor.<\/p>\n<p dir=\"ltr\">Makale, \u00f6zel el\u00e7inin, Anayasa Komitesi&#8217;ne odaklanma ve Rusya&#8217;n\u0131n \u201cg\u00fcvenli alan\u201d ve \u201cter\u00f6r\u201d dosyalar\u0131na dair s\u00f6ylemini benimsemesi suretiyle yaln\u0131zca Rusya&#8217;n\u0131n Suriye&#8217;deki \u00e7\u00f6z\u00fcme ili\u015fkin genel vizyonuyla ayn\u0131 do\u011frultuda olan uluslararas\u0131 ve b\u00f6lgesel pozisyonlar\u0131n\u0131n dilendiricisi oldu\u011funu meydana \u00e7\u0131kar\u0131yor. Uluslararas\u0131 el\u00e7inin brifingleri siyasi s\u00fcre\u00e7te ter\u00f6rle m\u00fccadele fikrinin \u00f6nceli\u011fini ve tutuklular\u0131n serbest b\u0131rak\u0131lmas\u0131 veya ge\u00e7ici y\u00f6netim organ\u0131 gibi di\u011fer bir\u00e7ok temel meselenin \u00fczerindeki \u00fcst\u00fcnl\u00fc\u011f\u00fcn\u00fc g\u00f6sterdi. \u00d6yle ki ter\u00f6r ve ter\u00f6rle m\u00fccadele dosyas\u0131na 29 kez de\u011finildi.<\/p>\n<p dir=\"ltr\">G\u00fcven \u00f6nlemleri a\u00e7\u0131s\u0131ndan, 2254 say\u0131l\u0131 BM G\u00fcvenlik Konseyi karar\u0131nda \u00f6nemli bir madde olarak belirtilen g\u00fcven \u00f6nlemleriyle ilgili olarak, Uluslararas\u0131 Temsilci, bir\u00e7ok kez gerekli \u00f6nlemleri dile getirdi. Bu \u00f6nlemler aras\u0131nda \u00f6ne \u00e7\u0131kanlar, kad\u0131nlar ve \u00e7ocuklar\u0131n tek tarafl\u0131 olarak serbest b\u0131rak\u0131lmas\u0131n\u0131n \u00f6ncelenmesi, onlarla ilgili bilgilere eri\u015fimin iyile\u015ftirilmesi ve ulusal ate\u015fkesin uygulanmas\u0131yd\u0131. G\u00fcven in\u015fas\u0131 ad\u0131mlar\u0131ndan 54 yerde s\u00f6z edildi ve bunlardan 20\u2019sinde ate\u015fkesin gereklili\u011fi hat\u0131rlat\u0131ld\u0131.Formun \u00dcst\u00fc<\/p>\n<p dir=\"ltr\">\u00d6te yandan, g\u00f6zlenen \u00d6zel El\u00e7i&#8217;nin 2020 konu\u015fmas\u0131 hari\u00e7 t\u00fcm di\u011fer konu\u015fmalarda (11 kez) bu konuyu dile getirmesi nedeniyle insani yard\u0131m dosyas\u0131na yeterince ilgi g\u00f6sterilmedi. Yap\u0131lan t\u00fcm konu\u015fmalarda, Esad rejiminin Do\u011fu Guta&#8217;da oldu\u011fu gibi baz\u0131 b\u00f6lgeleri yard\u0131mdan mahrum b\u0131rak\u0131p buralar\u0131 ku\u015fatmaktan mesul tutulmas\u0131na hi\u00e7 de\u011finilmeden, yard\u0131mlar\u0131n getirilmesinin gereklili\u011fi ve bu yard\u0131mlar\u0131n Suriyelilerin hayat\u0131ndaki \u00f6nemi \u00fczerinde ya da Rusya&#8217;n\u0131n G\u00fcvenlik Konseyi&#8217;nde \u00f6zellikle 2020&#8217;den beri uygulad\u0131\u011f\u0131 siyasi \u015fantaj operasyonlar\u0131n\u0131 ele\u015ftirme \u00fczerinde duruldu.<\/p>\n<p dir=\"ltr\">G\u00fcvenlik Konseyi&#8217;nin 2254 say\u0131l\u0131 Karar\u0131 h\u00fck\u00fcmleri d\u0131\u015f\u0131nda ve Bat\u0131&#8217;n\u0131n Esad rejimine y\u00f6nelik yapt\u0131r\u0131mlar\u0131, uyu\u015fturucu \u00fcretimi ve Suriye&#8217;deki yabanc\u0131 varl\u0131\u011f\u0131 gibi Suriye dosyas\u0131yla ilgili ba\u011flamda, uluslararas\u0131 el\u00e7i, 2021&#8217;den sonraki y\u0131ll\u0131k brifinglerinde d\u00f6rt kez Bat\u0131&#8217;n\u0131n yapt\u0131r\u0131mlar\u0131na Suriye&#8217;deki trajedinin ana nedenlerinden biri olarak de\u011findi. Bat\u0131n\u0131n yapt\u0131r\u0131mlar\u0131yla ilgili ba\u011flamda ve Esad rejiminin milislerini finanse etmek i\u00e7in ba\u015fta uyu\u015fturucu \u00fcretimi, ticareti ve ka\u00e7ak\u00e7\u0131l\u0131\u011f\u0131 olmak \u00fczere yasa d\u0131\u015f\u0131 faaliyetlere ba\u015fvurmas\u0131 ile ilgili ise, uluslararas\u0131 el\u00e7i Esad rejimi taraf\u0131ndan y\u00fcr\u00fct\u00fclen uyu\u015fturucu end\u00fcstrisi ve y\u00fcr\u00fct\u00fclen ticaretten hi\u00e7 bahsetmedi (o da g\u00fcvenlik olaylar\u0131yla niteleyerek (3 kez) ve sorumlu taraf\u0131 belirtmeden).<\/p>\n<p dir=\"ltr\"><a href=\"http:\/\/sydialogue.org\/%d8%b9%d9%86%d8%af%d9%85%d8%a7-%d8%aa%d8%ae%d8%b6%d8%b9-%d8%a7%d9%84%d9%85%d8%a4%d8%b3%d8%b3%d8%a7%d8%aa-%d8%a7%d9%84%d8%a3%d9%85%d9%85%d9%8a%d8%a9-%d9%84%d8%aa%d9%88%d8%a7%d8%b2%d9%86%d8%a7%d8%aa\/\">Raporun tamam\u0131n\u0131 okumak i\u00e7in (Arap\u00e7a)<\/a><\/p>\n","protected":false},"excerpt":{"rendered":"<p>Bu makale, BM \u00f6zel temsilcisinin 2254 say\u0131l\u0131 G\u00fcvenlik Konseyi Karar\u0131n\u0131n uygulanmas\u0131n\u0131 kolayla\u015ft\u0131rmaya ne kadar ba\u011fl\u0131 oldu\u011funu teyit etmek amac\u0131yla Suriye dosyas\u0131na y\u00f6nelik tutumlar\u0131na \u0131\u015f\u0131k tutuyor.<\/p>\n","protected":false},"author":5,"featured_media":13233,"comment_status":"open","ping_status":"closed","sticky":false,"template":"","format":"standard","meta":{"_acf_changed":false,"footnotes":""},"categories":[78,92,49],"tags":[],"class_list":["post-13232","post","type-post","status-publish","format-standard","has-post-thumbnail","hentry","category-research-and-studies-tr","category-ortak-kimlik-ve-uzlasi-birimi","category-yayinlar"],"acf":[],"yoast_head":"<!-- This site is optimized with the Yoast SEO plugin v26.0 - https:\/\/yoast.com\/wordpress\/plugins\/seo\/ -->\n<title>BM Kurulu\u015flar\u0131 Reeldeki Dengelere Boyun E\u011fdi\u011finde\u2026 BM \u00d6zel El\u00e7isinin Suriye\u2019ye Y\u00f6nelik Tutumlar\u0131 - Suriye Diyalog Merkezi<\/title>\n<meta name=\"description\" content=\"Bu makale, BM \u00f6zel temsilcisinin 2254 say\u0131l\u0131 G\u00fcvenlik Konseyi Karar\u0131n\u0131n uygulanmas\u0131n\u0131 kolayla\u015ft\u0131rmaya ne kadar ba\u011fl\u0131 oldu\u011funu teyit etmek amac\u0131yla Suriye dosyas\u0131na y\u00f6nelik tutumlar\u0131na \u0131\u015f\u0131k tutuyor.\" \/>\n<meta name=\"robots\" content=\"index, follow, max-snippet:-1, max-image-preview:large, max-video-preview:-1\" \/>\n<link rel=\"canonical\" href=\"https:\/\/sydialogue.org\/tr\/bm-kuruluslari-reeldeki-dengelere-boyun-egdiginde-bm-ozel-elcisinin-suriyeye-yonelik-tutumlari\/\" \/>\n<meta property=\"og:locale\" content=\"tr_TR\" \/>\n<meta property=\"og:type\" content=\"article\" \/>\n<meta property=\"og:title\" content=\"BM Kurulu\u015flar\u0131 Reeldeki Dengelere Boyun E\u011fdi\u011finde\u2026 BM \u00d6zel El\u00e7isinin Suriye\u2019ye Y\u00f6nelik Tutumlar\u0131 - Suriye Diyalog Merkezi\" \/>\n<meta property=\"og:description\" content=\"Bu makale, BM \u00f6zel temsilcisinin 2254 say\u0131l\u0131 G\u00fcvenlik Konseyi Karar\u0131n\u0131n uygulanmas\u0131n\u0131 kolayla\u015ft\u0131rmaya ne kadar ba\u011fl\u0131 oldu\u011funu teyit etmek amac\u0131yla Suriye dosyas\u0131na y\u00f6nelik tutumlar\u0131na \u0131\u015f\u0131k tutuyor.\" \/>\n<meta property=\"og:url\" content=\"https:\/\/sydialogue.org\/tr\/bm-kuruluslari-reeldeki-dengelere-boyun-egdiginde-bm-ozel-elcisinin-suriyeye-yonelik-tutumlari\/\" \/>\n<meta property=\"og:site_name\" content=\"Suriye Diyalog Merkezi\" \/>\n<meta property=\"article:publisher\" content=\"https:\/\/www.facebook.com\/Sydialogue\" \/>\n<meta property=\"article:author\" content=\"https:\/\/www.facebook.com\/ahmad.korabi.52\" \/>\n<meta property=\"article:published_time\" content=\"2023-05-06T11:23:02+00:00\" \/>\n<meta property=\"article:modified_time\" content=\"2023-11-19T11:42:01+00:00\" \/>\n<meta property=\"og:image\" content=\"https:\/\/sydialogue.org\/wp-content\/uploads\/2023\/11\/\u063a\u0644\u0627\u0641-Copy-1024x514.jpg\" \/>\n\t<meta property=\"og:image:width\" content=\"1024\" \/>\n\t<meta property=\"og:image:height\" content=\"514\" \/>\n\t<meta property=\"og:image:type\" content=\"image\/jpeg\" \/>\n<meta name=\"author\" content=\"\u0623\u062d\u0645\u062f \u0642\u0631\u0628\u064a&nbsp;\u0648&nbsp;\u0646\u0648\u0631\u0633 \u0627\u0644\u0639\u0628\u062f \u0627\u0644\u0644\u0647\" \/>\n<meta name=\"twitter:card\" content=\"summary_large_image\" \/>\n<meta name=\"twitter:creator\" content=\"@https:\/\/twitter.com\/ahmedkoraby\" \/>\n<meta name=\"twitter:site\" content=\"@Sydialogue\" \/>\n<meta name=\"twitter:label1\" content=\"Yazan:\" \/>\n\t<meta name=\"twitter:data1\" content=\"\u0623\u062d\u0645\u062f \u0642\u0631\u0628\u064a&nbsp;\u0648&nbsp;\u0646\u0648\u0631\u0633 \u0627\u0644\u0639\u0628\u062f \u0627\u0644\u0644\u0647\" \/>\n\t<meta name=\"twitter:label2\" content=\"Tahmini okuma s\u00fcresi\" \/>\n\t<meta name=\"twitter:data2\" content=\"3 dakika\" \/>\n<script type=\"application\/ld+json\" class=\"yoast-schema-graph\">{\"@context\":\"https:\/\/schema.org\",\"@graph\":[{\"@type\":\"WebPage\",\"@id\":\"https:\/\/sydialogue.org\/tr\/bm-kuruluslari-reeldeki-dengelere-boyun-egdiginde-bm-ozel-elcisinin-suriyeye-yonelik-tutumlari\/\",\"url\":\"https:\/\/sydialogue.org\/tr\/bm-kuruluslari-reeldeki-dengelere-boyun-egdiginde-bm-ozel-elcisinin-suriyeye-yonelik-tutumlari\/\",\"name\":\"BM Kurulu\u015flar\u0131 Reeldeki Dengelere Boyun E\u011fdi\u011finde\u2026 BM \u00d6zel El\u00e7isinin Suriye\u2019ye Y\u00f6nelik Tutumlar\u0131 - Suriye Diyalog Merkezi\",\"isPartOf\":{\"@id\":\"https:\/\/sydialogue.org\/tr\/#website\"},\"primaryImageOfPage\":{\"@id\":\"https:\/\/sydialogue.org\/tr\/bm-kuruluslari-reeldeki-dengelere-boyun-egdiginde-bm-ozel-elcisinin-suriyeye-yonelik-tutumlari\/#primaryimage\"},\"image\":{\"@id\":\"https:\/\/sydialogue.org\/tr\/bm-kuruluslari-reeldeki-dengelere-boyun-egdiginde-bm-ozel-elcisinin-suriyeye-yonelik-tutumlari\/#primaryimage\"},\"thumbnailUrl\":\"https:\/\/egsaqtt58cu.exactdn.com\/wp-content\/uploads\/2023\/11\/\u063a\u0644\u0627\u0641-Copy.jpg?strip=all&lossy=1&ssl=1\",\"datePublished\":\"2023-05-06T11:23:02+00:00\",\"dateModified\":\"2023-11-19T11:42:01+00:00\",\"author\":{\"@id\":\"https:\/\/sydialogue.org\/tr\/#\/schema\/person\/3aec69ebea5e7e8711806b8979647345\"},\"description\":\"Bu makale, BM \u00f6zel temsilcisinin 2254 say\u0131l\u0131 G\u00fcvenlik Konseyi Karar\u0131n\u0131n uygulanmas\u0131n\u0131 kolayla\u015ft\u0131rmaya ne kadar ba\u011fl\u0131 oldu\u011funu teyit etmek amac\u0131yla Suriye dosyas\u0131na y\u00f6nelik tutumlar\u0131na \u0131\u015f\u0131k tutuyor.\",\"breadcrumb\":{\"@id\":\"https:\/\/sydialogue.org\/tr\/bm-kuruluslari-reeldeki-dengelere-boyun-egdiginde-bm-ozel-elcisinin-suriyeye-yonelik-tutumlari\/#breadcrumb\"},\"inLanguage\":\"tr\",\"potentialAction\":[{\"@type\":\"ReadAction\",\"target\":[\"https:\/\/sydialogue.org\/tr\/bm-kuruluslari-reeldeki-dengelere-boyun-egdiginde-bm-ozel-elcisinin-suriyeye-yonelik-tutumlari\/\"]}]},{\"@type\":\"ImageObject\",\"inLanguage\":\"tr\",\"@id\":\"https:\/\/sydialogue.org\/tr\/bm-kuruluslari-reeldeki-dengelere-boyun-egdiginde-bm-ozel-elcisinin-suriyeye-yonelik-tutumlari\/#primaryimage\",\"url\":\"https:\/\/egsaqtt58cu.exactdn.com\/wp-content\/uploads\/2023\/11\/\u063a\u0644\u0627\u0641-Copy.jpg?strip=all&lossy=1&ssl=1\",\"contentUrl\":\"https:\/\/egsaqtt58cu.exactdn.com\/wp-content\/uploads\/2023\/11\/\u063a\u0644\u0627\u0641-Copy.jpg?strip=all&lossy=1&ssl=1\",\"width\":1600,\"height\":803},{\"@type\":\"BreadcrumbList\",\"@id\":\"https:\/\/sydialogue.org\/tr\/bm-kuruluslari-reeldeki-dengelere-boyun-egdiginde-bm-ozel-elcisinin-suriyeye-yonelik-tutumlari\/#breadcrumb\",\"itemListElement\":[{\"@type\":\"ListItem\",\"position\":1,\"name\":\"\u0627\u0644\u0631\u0626\u064a\u0633\u064a\u0629\",\"item\":\"https:\/\/sydialogue.org\/tr\/\"},{\"@type\":\"ListItem\",\"position\":2,\"name\":\"BM Kurulu\u015flar\u0131 Reeldeki Dengelere Boyun E\u011fdi\u011finde\u2026 BM \u00d6zel El\u00e7isinin Suriye\u2019ye Y\u00f6nelik Tutumlar\u0131\"}]},{\"@type\":\"WebSite\",\"@id\":\"https:\/\/sydialogue.org\/tr\/#website\",\"url\":\"https:\/\/sydialogue.org\/tr\/\",\"name\":\"\u0645\u0631\u0643\u0632 \u0627\u0644\u062d\u0648\u0627\u0631 \u0627\u0644\u0633\u0648\u0631\u064a\",\"description\":\"Suriyeli bir sivil kurum, Suriye halk\u0131n\u0131 ilgilendiren konularda diyalo\u011fu canland\u0131rmay\u0131 ve harekete ge\u00e7irmeyi hedefliyor ve Suriyeliler aras\u0131nda ili\u015fkileri g\u00fc\u00e7lendirmeye ve i\u015fbirli\u011fi ve koordinasyonu harekete ge\u00e7irmeye \u00e7al\u0131\u015f\u0131yor.\",\"potentialAction\":[{\"@type\":\"SearchAction\",\"target\":{\"@type\":\"EntryPoint\",\"urlTemplate\":\"https:\/\/sydialogue.org\/tr\/?s={search_term_string}\"},\"query-input\":{\"@type\":\"PropertyValueSpecification\",\"valueRequired\":true,\"valueName\":\"search_term_string\"}}],\"inLanguage\":\"tr\"},[{\"@type\":[\"Person\"],\"@id\":\"https:\/\/sydialogue.org\/tr\/#\/schema\/person\/3aec69ebea5e7e8711806b8979647345\",\"name\":\"\u0623\u062d\u0645\u062f \u0642\u0631\u0628\u064a\",\"image\":{\"@type\":\"ImageObject\",\"@id\":\"https:\/\/sydialogue.org\/tr\/#\/schema\/person\/image\/\",\"inLanguage\":\"tr_TR\",\"url\":\"https:\/\/sydialogue.org\/wp-content\/uploads\/2021\/03\/92272755_151493379732063_5203801866395189248_n.jpg\",\"caption\":\"\u0623\u062d\u0645\u062f \u0642\u0631\u0628\u064a\"}},{\"@type\":[\"Person\"],\"@id\":\"https:\/\/sydialogue.org\/tr\/#\/schema\/person\/3aec69ebea5e7e8711806b8979647345\",\"name\":\"\u0646\u0648\u0631\u0633 \u0627\u0644\u0639\u0628\u062f \u0627\u0644\u0644\u0647\",\"image\":{\"@type\":\"ImageObject\",\"@id\":\"https:\/\/sydialogue.org\/tr\/#\/schema\/person\/image\/\",\"inLanguage\":\"tr_TR\",\"url\":\"https:\/\/sydialogue.org\/wp-content\/uploads\/2023\/09\/WhatsApp-Image-2023-09-10-at-12.53.43-PM-1.jpeg\",\"caption\":\"\u0646\u0648\u0631\u0633 \u0627\u0644\u0639\u0628\u062f \u0627\u0644\u0644\u0647\"}}]]}<\/script>\n<!-- \/ Yoast SEO plugin. -->","yoast_head_json":{"title":"BM Kurulu\u015flar\u0131 Reeldeki Dengelere Boyun E\u011fdi\u011finde\u2026 BM \u00d6zel El\u00e7isinin Suriye\u2019ye Y\u00f6nelik Tutumlar\u0131 - Suriye Diyalog Merkezi","description":"Bu makale, BM \u00f6zel temsilcisinin 2254 say\u0131l\u0131 G\u00fcvenlik Konseyi Karar\u0131n\u0131n uygulanmas\u0131n\u0131 kolayla\u015ft\u0131rmaya ne kadar ba\u011fl\u0131 oldu\u011funu teyit etmek amac\u0131yla Suriye dosyas\u0131na y\u00f6nelik tutumlar\u0131na \u0131\u015f\u0131k tutuyor.","robots":{"index":"index","follow":"follow","max-snippet":"max-snippet:-1","max-image-preview":"max-image-preview:large","max-video-preview":"max-video-preview:-1"},"canonical":"https:\/\/sydialogue.org\/tr\/bm-kuruluslari-reeldeki-dengelere-boyun-egdiginde-bm-ozel-elcisinin-suriyeye-yonelik-tutumlari\/","og_locale":"tr_TR","og_type":"article","og_title":"BM Kurulu\u015flar\u0131 Reeldeki Dengelere Boyun E\u011fdi\u011finde\u2026 BM \u00d6zel El\u00e7isinin Suriye\u2019ye Y\u00f6nelik Tutumlar\u0131 - Suriye Diyalog Merkezi","og_description":"Bu makale, BM \u00f6zel temsilcisinin 2254 say\u0131l\u0131 G\u00fcvenlik Konseyi Karar\u0131n\u0131n uygulanmas\u0131n\u0131 kolayla\u015ft\u0131rmaya ne kadar ba\u011fl\u0131 oldu\u011funu teyit etmek amac\u0131yla Suriye dosyas\u0131na y\u00f6nelik tutumlar\u0131na \u0131\u015f\u0131k tutuyor.","og_url":"https:\/\/sydialogue.org\/tr\/bm-kuruluslari-reeldeki-dengelere-boyun-egdiginde-bm-ozel-elcisinin-suriyeye-yonelik-tutumlari\/","og_site_name":"Suriye Diyalog Merkezi","article_publisher":"https:\/\/www.facebook.com\/Sydialogue","article_author":"https:\/\/www.facebook.com\/ahmad.korabi.52","article_published_time":"2023-05-06T11:23:02+00:00","article_modified_time":"2023-11-19T11:42:01+00:00","og_image":[{"width":1024,"height":514,"url":"https:\/\/sydialogue.org\/wp-content\/uploads\/2023\/11\/\u063a\u0644\u0627\u0641-Copy-1024x514.jpg","type":"image\/jpeg"}],"author":"\u0623\u062d\u0645\u062f \u0642\u0631\u0628\u064a&nbsp;\u0648&nbsp;\u0646\u0648\u0631\u0633 \u0627\u0644\u0639\u0628\u062f \u0627\u0644\u0644\u0647","twitter_card":"summary_large_image","twitter_creator":"@https:\/\/twitter.com\/ahmedkoraby","twitter_site":"@Sydialogue","twitter_misc":{"Yazan:":"\u0623\u062d\u0645\u062f \u0642\u0631\u0628\u064a&nbsp;\u0648&nbsp;\u0646\u0648\u0631\u0633 \u0627\u0644\u0639\u0628\u062f \u0627\u0644\u0644\u0647","Tahmini okuma s\u00fcresi":"3 dakika"},"schema":{"@context":"https:\/\/schema.org","@graph":[{"@type":"WebPage","@id":"https:\/\/sydialogue.org\/tr\/bm-kuruluslari-reeldeki-dengelere-boyun-egdiginde-bm-ozel-elcisinin-suriyeye-yonelik-tutumlari\/","url":"https:\/\/sydialogue.org\/tr\/bm-kuruluslari-reeldeki-dengelere-boyun-egdiginde-bm-ozel-elcisinin-suriyeye-yonelik-tutumlari\/","name":"BM Kurulu\u015flar\u0131 Reeldeki Dengelere Boyun E\u011fdi\u011finde\u2026 BM \u00d6zel El\u00e7isinin Suriye\u2019ye Y\u00f6nelik Tutumlar\u0131 - Suriye Diyalog Merkezi","isPartOf":{"@id":"https:\/\/sydialogue.org\/tr\/#website"},"primaryImageOfPage":{"@id":"https:\/\/sydialogue.org\/tr\/bm-kuruluslari-reeldeki-dengelere-boyun-egdiginde-bm-ozel-elcisinin-suriyeye-yonelik-tutumlari\/#primaryimage"},"image":{"@id":"https:\/\/sydialogue.org\/tr\/bm-kuruluslari-reeldeki-dengelere-boyun-egdiginde-bm-ozel-elcisinin-suriyeye-yonelik-tutumlari\/#primaryimage"},"thumbnailUrl":"https:\/\/egsaqtt58cu.exactdn.com\/wp-content\/uploads\/2023\/11\/\u063a\u0644\u0627\u0641-Copy.jpg?strip=all&lossy=1&ssl=1","datePublished":"2023-05-06T11:23:02+00:00","dateModified":"2023-11-19T11:42:01+00:00","author":{"@id":"https:\/\/sydialogue.org\/tr\/#\/schema\/person\/3aec69ebea5e7e8711806b8979647345"},"description":"Bu makale, BM \u00f6zel temsilcisinin 2254 say\u0131l\u0131 G\u00fcvenlik Konseyi Karar\u0131n\u0131n uygulanmas\u0131n\u0131 kolayla\u015ft\u0131rmaya ne kadar ba\u011fl\u0131 oldu\u011funu teyit etmek amac\u0131yla Suriye dosyas\u0131na y\u00f6nelik tutumlar\u0131na \u0131\u015f\u0131k tutuyor.","breadcrumb":{"@id":"https:\/\/sydialogue.org\/tr\/bm-kuruluslari-reeldeki-dengelere-boyun-egdiginde-bm-ozel-elcisinin-suriyeye-yonelik-tutumlari\/#breadcrumb"},"inLanguage":"tr","potentialAction":[{"@type":"ReadAction","target":["https:\/\/sydialogue.org\/tr\/bm-kuruluslari-reeldeki-dengelere-boyun-egdiginde-bm-ozel-elcisinin-suriyeye-yonelik-tutumlari\/"]}]},{"@type":"ImageObject","inLanguage":"tr","@id":"https:\/\/sydialogue.org\/tr\/bm-kuruluslari-reeldeki-dengelere-boyun-egdiginde-bm-ozel-elcisinin-suriyeye-yonelik-tutumlari\/#primaryimage","url":"https:\/\/egsaqtt58cu.exactdn.com\/wp-content\/uploads\/2023\/11\/\u063a\u0644\u0627\u0641-Copy.jpg?strip=all&lossy=1&ssl=1","contentUrl":"https:\/\/egsaqtt58cu.exactdn.com\/wp-content\/uploads\/2023\/11\/\u063a\u0644\u0627\u0641-Copy.jpg?strip=all&lossy=1&ssl=1","width":1600,"height":803},{"@type":"BreadcrumbList","@id":"https:\/\/sydialogue.org\/tr\/bm-kuruluslari-reeldeki-dengelere-boyun-egdiginde-bm-ozel-elcisinin-suriyeye-yonelik-tutumlari\/#breadcrumb","itemListElement":[{"@type":"ListItem","position":1,"name":"\u0627\u0644\u0631\u0626\u064a\u0633\u064a\u0629","item":"https:\/\/sydialogue.org\/tr\/"},{"@type":"ListItem","position":2,"name":"BM Kurulu\u015flar\u0131 Reeldeki Dengelere Boyun E\u011fdi\u011finde\u2026 BM \u00d6zel El\u00e7isinin Suriye\u2019ye Y\u00f6nelik Tutumlar\u0131"}]},{"@type":"WebSite","@id":"https:\/\/sydialogue.org\/tr\/#website","url":"https:\/\/sydialogue.org\/tr\/","name":"\u0645\u0631\u0643\u0632 \u0627\u0644\u062d\u0648\u0627\u0631 \u0627\u0644\u0633\u0648\u0631\u064a","description":"Suriyeli bir sivil kurum, Suriye halk\u0131n\u0131 ilgilendiren konularda diyalo\u011fu canland\u0131rmay\u0131 ve harekete ge\u00e7irmeyi hedefliyor ve Suriyeliler aras\u0131nda ili\u015fkileri g\u00fc\u00e7lendirmeye ve i\u015fbirli\u011fi ve koordinasyonu harekete ge\u00e7irmeye \u00e7al\u0131\u015f\u0131yor.","potentialAction":[{"@type":"SearchAction","target":{"@type":"EntryPoint","urlTemplate":"https:\/\/sydialogue.org\/tr\/?s={search_term_string}"},"query-input":{"@type":"PropertyValueSpecification","valueRequired":true,"valueName":"search_term_string"}}],"inLanguage":"tr"},[{"@type":["Person"],"@id":"https:\/\/sydialogue.org\/tr\/#\/schema\/person\/3aec69ebea5e7e8711806b8979647345","name":"\u0623\u062d\u0645\u062f \u0642\u0631\u0628\u064a","image":{"@type":"ImageObject","@id":"https:\/\/sydialogue.org\/tr\/#\/schema\/person\/image\/","inLanguage":"tr_TR","url":"https:\/\/sydialogue.org\/wp-content\/uploads\/2021\/03\/92272755_151493379732063_5203801866395189248_n.jpg","caption":"\u0623\u062d\u0645\u062f \u0642\u0631\u0628\u064a"}},{"@type":["Person"],"@id":"https:\/\/sydialogue.org\/tr\/#\/schema\/person\/3aec69ebea5e7e8711806b8979647345","name":"\u0646\u0648\u0631\u0633 \u0627\u0644\u0639\u0628\u062f \u0627\u0644\u0644\u0647","image":{"@type":"ImageObject","@id":"https:\/\/sydialogue.org\/tr\/#\/schema\/person\/image\/","inLanguage":"tr_TR","url":"https:\/\/sydialogue.org\/wp-content\/uploads\/2023\/09\/WhatsApp-Image-2023-09-10-at-12.53.43-PM-1.jpeg","caption":"\u0646\u0648\u0631\u0633 \u0627\u0644\u0639\u0628\u062f \u0627\u0644\u0644\u0647"}}]]}},"_links":{"self":[{"href":"https:\/\/sydialogue.org\/tr\/wp-json\/wp\/v2\/posts\/13232","targetHints":{"allow":["GET"]}}],"collection":[{"href":"https:\/\/sydialogue.org\/tr\/wp-json\/wp\/v2\/posts"}],"about":[{"href":"https:\/\/sydialogue.org\/tr\/wp-json\/wp\/v2\/types\/post"}],"author":[{"embeddable":true,"href":"https:\/\/sydialogue.org\/tr\/wp-json\/wp\/v2\/users\/5"}],"replies":[{"embeddable":true,"href":"https:\/\/sydialogue.org\/tr\/wp-json\/wp\/v2\/comments?post=13232"}],"version-history":[{"count":1,"href":"https:\/\/sydialogue.org\/tr\/wp-json\/wp\/v2\/posts\/13232\/revisions"}],"predecessor-version":[{"id":13236,"href":"https:\/\/sydialogue.org\/tr\/wp-json\/wp\/v2\/posts\/13232\/revisions\/13236"}],"wp:featuredmedia":[{"embeddable":true,"href":"https:\/\/sydialogue.org\/tr\/wp-json\/wp\/v2\/media\/13233"}],"wp:attachment":[{"href":"https:\/\/sydialogue.org\/tr\/wp-json\/wp\/v2\/media?parent=13232"}],"wp:term":[{"taxonomy":"category","embeddable":true,"href":"https:\/\/sydialogue.org\/tr\/wp-json\/wp\/v2\/categories?post=13232"},{"taxonomy":"post_tag","embeddable":true,"href":"https:\/\/sydialogue.org\/tr\/wp-json\/wp\/v2\/tags?post=13232"}],"curies":[{"name":"wp","href":"https:\/\/api.w.org\/{rel}","templated":true}]}}