{"id":13237,"date":"2023-04-15T14:55:31","date_gmt":"2023-04-15T11:55:31","guid":{"rendered":"http:\/\/sydialogue.org\/?p=13237"},"modified":"2023-11-19T15:03:48","modified_gmt":"2023-11-19T12:03:48","slug":"suudi-arabistan-ile-iran-arasinda-gerceklesen-ittifak-ve-suriye-dosyasina-etkileri","status":"publish","type":"post","link":"https:\/\/sydialogue.org\/tr\/suudi-arabistan-ile-iran-arasinda-gerceklesen-ittifak-ve-suriye-dosyasina-etkileri\/","title":{"rendered":"Suudi Arabistan ile \u0130ran Aras\u0131nda Ger\u00e7ekle\u015fen \u0130ttifak ve Suriye Dosyas\u0131na Etkileri"},"content":{"rendered":"<p dir=\"ltr\"><span style=\"color: #000080;\"><strong>Giri\u015f<\/strong><\/span><\/p>\n<p dir=\"ltr\">10 Mart 2023&#8217;te Suudi Arabistan ve \u0130ran, \u00c7in&#8217;in arabuluculu\u011funda yap\u0131lan m\u00fczakerelerin ard\u0131ndan diplomatik ili\u015fkileri en fazla iki ay i\u00e7inde yeniden ba\u015flatma konusunda anla\u015fmaya vard\u0131klar\u0131n\u0131 a\u00e7\u0131klad\u0131lar. Bu duyurudan bu yana Arap \u00fclkeleri ve yabanc\u0131 devletler bu ittifaka dair tepkilerini g\u00f6stermeye devam ediyor ve b\u00f6lgedeki iki ana b\u00f6lge devlet aras\u0131nda y\u0131llard\u0131r var olan gerilimi azaltmas\u0131 beklenen anla\u015fmay\u0131 memnuniyetle kar\u015f\u0131l\u0131yorlar.<\/p>\n<p dir=\"ltr\">Suriye ba\u011flam\u0131nda bu anla\u015fma; Suudi tutumunun \u0130ran&#8217;\u0131n en \u00f6nde gelen m\u00fcttefiki Esad rejimi lehine de\u011fi\u015fece\u011fi y\u00f6n\u00fcndeki korkular \u0131\u015f\u0131\u011f\u0131nda, Suriye muhalefeti \u00fczerindeki etkilerine ili\u015fkin bir\u00e7ok soruyu g\u00fcndeme getirdi.<\/p>\n<p dir=\"ltr\">Hem bu anla\u015fmaya hem anla\u015fman\u0131n genel olarak b\u00f6lgeye, \u00f6zelde ise Suriye dosyas\u0131na olan etkilerine \u0131\u015f\u0131k tutmak hem de bu anla\u015fman\u0131n Suudi Arabistan\u2019\u0131n Esad rejimine y\u00f6nelik tutumuna etkisini ve Suriye dosyas\u0131nda ya\u015fanabilecek geli\u015fmelerle Suriye muhalefetinin bu anla\u015fma \u0131\u015f\u0131\u011f\u0131nda neler yapabilece\u011fini \u00f6ng\u00f6rmeye \u00e7al\u0131\u015fmak amac\u0131yla Suriye Diyalog Merkezi, bu ittifak\u0131n nedenleri ve etkilerinin yan\u0131 s\u0131ra Suriye dosyas\u0131 a\u00e7\u0131s\u0131ndan beklenen sonu\u00e7lar\u0131n\u0131n tart\u0131\u015f\u0131ld\u0131\u011f\u0131 bir diyalog sempozyumu d\u00fczenledi.<\/p>\n<p dir=\"ltr\">Rapor iki ana eksen etraf\u0131nda d\u00f6n\u00fcyor. Birinci eksende, Suriye Diyalog Merkezi Politika Analiz Birimi Ara\u015ft\u0131rmac\u0131s\u0131 ve M\u00fcd\u00fcr\u00fc Muhammed Salem ve Jusoor Ara\u015ft\u0131rma Merkezi Ara\u015ft\u0131rmac\u0131s\u0131 Abdulwahab Assi\u2019nin sununmlar\u0131n\u0131 i\u00e7eriyor. Ara\u015ft\u0131rmac\u0131 Salem\u2019e ait olan ilk de\u011ferlendirme, \u00f6zellikle iki \u00fclke aras\u0131ndaki ili\u015fkilerin 2016&#8217;da kopmas\u0131ndan bu yana olmak \u00fczere, Suudi-\u0130ran ili\u015fkilerinin zamansal ba\u011flam\u0131na ve Amerika&#8217;n\u0131n Suudi Arabistan&#8217;la ili\u015fkiler konusundaki tutumu ve Amerika&#8217;n\u0131n Suudi g\u00fcvenli\u011fine y\u00f6nelik daha \u00f6nceki g\u00fc\u00e7l\u00fc ba\u011fl\u0131l\u0131\u011f\u0131na; daha sonra Amerika&#8217;n\u0131n bu taahh\u00fctten g\u00f6receli olarak geri \u00e7ekilmesine ve \u00c7in&#8217;in istikrars\u0131z uluslararas\u0131 ortamdan yararlanma arzusuna ve uluslararas\u0131 arenada daha fazla n\u00fcfuz marj\u0131 bulma \u00e7abas\u0131na kadarki hususlara odakland\u0131. Ara\u015ft\u0131rmac\u0131 Assi&#8217;nin de\u011ferlendirmesi ise anla\u015fman\u0131n orta ve uzun vadede Suriye sahnesindeki etkilerinin yan\u0131 s\u0131ra, Suudi d\u0131\u015f politikas\u0131n\u0131n b\u00f6lgedeki \u00f6nceliklerine, Suriye dosyas\u0131nda Suudi Arabistan&#8217;\u0131 ilgilendiren en \u00f6nemli konu ve ba\u015fl\u0131klara ve Suudi Arabistan&#8217;\u0131n Suriye&#8217;de h\u00e2l\u00e2 elinde bulundurdu\u011fu kartlara odakland\u0131.<\/p>\n<p dir=\"ltr\">\u0130kinci eksende ise sempozyuma kat\u0131lan \u00e7ok say\u0131da siyasi aktivist, yazar ve Suriye halkla ili\u015fkiler ara\u015ft\u0131rmac\u0131s\u0131n\u0131n de\u011fer katan eklemeleri ve katk\u0131lar\u0131 ile iki ara\u015ft\u0131rmac\u0131n\u0131n bu eklemelere verdi\u011fi yan\u0131tlar yer ald\u0131.<\/p>\n<p dir=\"ltr\"><a href=\"http:\/\/sydialogue.org\/%d8%a7%d9%84%d8%a7%d8%aa%d9%81%d8%a7%d9%82-%d8%a7%d9%84%d8%b3%d8%b9%d9%88%d8%af%d9%8a-%d8%a7%d9%84%d8%a5%d9%8a%d8%b1%d8%a7%d9%86%d9%8a-%d9%88%d8%a7%d9%86%d8%b9%d9%83%d8%a7%d8%b3%d8%a7%d8%aa%d9%87\/\">Raporun tamam\u0131n\u0131 okumak i\u00e7in (Arap\u00e7a)<\/a><\/p>\n","protected":false},"excerpt":{"rendered":"<p>Suriye Diyalog Merkezi, Suudi Arabistan ve \u0130ran aras\u0131nda ger\u00e7ekle\u015fen ittifak\u0131n nedenlerinin ve etkilerinin yan\u0131 s\u0131ra Suriye dosyas\u0131 a\u00e7\u0131s\u0131ndan beklenen sonu\u00e7lar\u0131n\u0131n tart\u0131\u015f\u0131ld\u0131\u011f\u0131 bir diyalog sempozyumu d\u00fczenledi.<\/p>\n","protected":false},"author":1,"featured_media":13238,"comment_status":"open","ping_status":"closed","sticky":false,"template":"","format":"standard","meta":{"_acf_changed":false,"footnotes":""},"categories":[54],"tags":[],"class_list":["post-13237","post","type-post","status-publish","format-standard","has-post-thumbnail","hentry","category-gelisim-raporlar"],"acf":[],"yoast_head":"<!-- This site is optimized with the Yoast SEO plugin v26.0 - https:\/\/yoast.com\/wordpress\/plugins\/seo\/ -->\n<title>Suudi Arabistan ile \u0130ran Aras\u0131nda Ger\u00e7ekle\u015fen \u0130ttifak ve Suriye Dosyas\u0131na Etkileri - Suriye Diyalog Merkezi<\/title>\n<meta name=\"description\" content=\"Suriye Diyalog Merkezi, Suudi Arabistan ve \u0130ran aras\u0131nda ger\u00e7ekle\u015fen ittifak\u0131n nedenlerinin ve etkilerinin yan\u0131 s\u0131ra Suriye dosyas\u0131 a\u00e7\u0131s\u0131ndan beklenen sonu\u00e7lar\u0131n\u0131n tart\u0131\u015f\u0131ld\u0131\u011f\u0131 bir diyalog sempozyumu d\u00fczenledi.\" \/>\n<meta name=\"robots\" content=\"index, follow, max-snippet:-1, max-image-preview:large, max-video-preview:-1\" \/>\n<link rel=\"canonical\" href=\"https:\/\/sydialogue.org\/tr\/suudi-arabistan-ile-iran-arasinda-gerceklesen-ittifak-ve-suriye-dosyasina-etkileri\/\" \/>\n<meta property=\"og:locale\" content=\"tr_TR\" \/>\n<meta property=\"og:type\" content=\"article\" \/>\n<meta property=\"og:title\" content=\"Suudi Arabistan ile \u0130ran Aras\u0131nda Ger\u00e7ekle\u015fen \u0130ttifak ve Suriye Dosyas\u0131na Etkileri - Suriye Diyalog Merkezi\" \/>\n<meta property=\"og:description\" content=\"Suriye Diyalog Merkezi, Suudi Arabistan ve \u0130ran aras\u0131nda ger\u00e7ekle\u015fen ittifak\u0131n nedenlerinin ve etkilerinin yan\u0131 s\u0131ra Suriye dosyas\u0131 a\u00e7\u0131s\u0131ndan beklenen sonu\u00e7lar\u0131n\u0131n tart\u0131\u015f\u0131ld\u0131\u011f\u0131 bir diyalog sempozyumu d\u00fczenledi.\" \/>\n<meta property=\"og:url\" content=\"https:\/\/sydialogue.org\/tr\/suudi-arabistan-ile-iran-arasinda-gerceklesen-ittifak-ve-suriye-dosyasina-etkileri\/\" \/>\n<meta property=\"og:site_name\" content=\"Suriye Diyalog Merkezi\" \/>\n<meta property=\"article:publisher\" content=\"https:\/\/www.facebook.com\/Sydialogue\" \/>\n<meta property=\"article:published_time\" content=\"2023-04-15T11:55:31+00:00\" \/>\n<meta property=\"article:modified_time\" content=\"2023-11-19T12:03:48+00:00\" \/>\n<meta property=\"og:image\" content=\"https:\/\/sydialogue.org\/wp-content\/uploads\/2023\/11\/tr138.jpg\" \/>\n\t<meta property=\"og:image:width\" content=\"2308\" \/>\n\t<meta property=\"og:image:height\" content=\"1159\" \/>\n\t<meta property=\"og:image:type\" content=\"image\/jpeg\" \/>\n<meta name=\"author\" content=\"\u0645\u0631\u0643\u0632 \u0627\u0644\u062d\u0648\u0627\u0631 \u0627\u0644\u0633\u0648\u0631\u064a\" \/>\n<meta name=\"twitter:card\" content=\"summary_large_image\" \/>\n<meta name=\"twitter:creator\" content=\"@Sydialogue\" \/>\n<meta name=\"twitter:site\" content=\"@Sydialogue\" \/>\n<meta name=\"twitter:label1\" content=\"Yazan:\" \/>\n\t<meta name=\"twitter:data1\" content=\"\u0645\u0631\u0643\u0632 \u0627\u0644\u062d\u0648\u0627\u0631 \u0627\u0644\u0633\u0648\u0631\u064a\" \/>\n\t<meta name=\"twitter:label2\" content=\"Tahmini okuma s\u00fcresi\" \/>\n\t<meta name=\"twitter:data2\" content=\"3 dakika\" \/>\n<script type=\"application\/ld+json\" class=\"yoast-schema-graph\">{\"@context\":\"https:\/\/schema.org\",\"@graph\":[{\"@type\":\"WebPage\",\"@id\":\"https:\/\/sydialogue.org\/tr\/suudi-arabistan-ile-iran-arasinda-gerceklesen-ittifak-ve-suriye-dosyasina-etkileri\/\",\"url\":\"https:\/\/sydialogue.org\/tr\/suudi-arabistan-ile-iran-arasinda-gerceklesen-ittifak-ve-suriye-dosyasina-etkileri\/\",\"name\":\"Suudi Arabistan ile \u0130ran Aras\u0131nda Ger\u00e7ekle\u015fen \u0130ttifak ve Suriye Dosyas\u0131na Etkileri - Suriye Diyalog Merkezi\",\"isPartOf\":{\"@id\":\"https:\/\/sydialogue.org\/tr\/#website\"},\"primaryImageOfPage\":{\"@id\":\"https:\/\/sydialogue.org\/tr\/suudi-arabistan-ile-iran-arasinda-gerceklesen-ittifak-ve-suriye-dosyasina-etkileri\/#primaryimage\"},\"image\":{\"@id\":\"https:\/\/sydialogue.org\/tr\/suudi-arabistan-ile-iran-arasinda-gerceklesen-ittifak-ve-suriye-dosyasina-etkileri\/#primaryimage\"},\"thumbnailUrl\":\"https:\/\/egsaqtt58cu.exactdn.com\/wp-content\/uploads\/2023\/11\/tr138.jpg?strip=all&lossy=1&ssl=1\",\"datePublished\":\"2023-04-15T11:55:31+00:00\",\"dateModified\":\"2023-11-19T12:03:48+00:00\",\"author\":{\"@id\":\"https:\/\/sydialogue.org\/tr\/#\/schema\/person\/34a2994f7414cbc7ce06e08267c4944d\"},\"description\":\"Suriye Diyalog Merkezi, Suudi Arabistan ve \u0130ran aras\u0131nda ger\u00e7ekle\u015fen ittifak\u0131n nedenlerinin ve etkilerinin yan\u0131 s\u0131ra Suriye dosyas\u0131 a\u00e7\u0131s\u0131ndan beklenen sonu\u00e7lar\u0131n\u0131n tart\u0131\u015f\u0131ld\u0131\u011f\u0131 bir diyalog sempozyumu d\u00fczenledi.\",\"breadcrumb\":{\"@id\":\"https:\/\/sydialogue.org\/tr\/suudi-arabistan-ile-iran-arasinda-gerceklesen-ittifak-ve-suriye-dosyasina-etkileri\/#breadcrumb\"},\"inLanguage\":\"tr\",\"potentialAction\":[{\"@type\":\"ReadAction\",\"target\":[\"https:\/\/sydialogue.org\/tr\/suudi-arabistan-ile-iran-arasinda-gerceklesen-ittifak-ve-suriye-dosyasina-etkileri\/\"]}]},{\"@type\":\"ImageObject\",\"inLanguage\":\"tr\",\"@id\":\"https:\/\/sydialogue.org\/tr\/suudi-arabistan-ile-iran-arasinda-gerceklesen-ittifak-ve-suriye-dosyasina-etkileri\/#primaryimage\",\"url\":\"https:\/\/egsaqtt58cu.exactdn.com\/wp-content\/uploads\/2023\/11\/tr138.jpg?strip=all&lossy=1&ssl=1\",\"contentUrl\":\"https:\/\/egsaqtt58cu.exactdn.com\/wp-content\/uploads\/2023\/11\/tr138.jpg?strip=all&lossy=1&ssl=1\",\"width\":2308,\"height\":1159},{\"@type\":\"BreadcrumbList\",\"@id\":\"https:\/\/sydialogue.org\/tr\/suudi-arabistan-ile-iran-arasinda-gerceklesen-ittifak-ve-suriye-dosyasina-etkileri\/#breadcrumb\",\"itemListElement\":[{\"@type\":\"ListItem\",\"position\":1,\"name\":\"\u0627\u0644\u0631\u0626\u064a\u0633\u064a\u0629\",\"item\":\"https:\/\/sydialogue.org\/tr\/\"},{\"@type\":\"ListItem\",\"position\":2,\"name\":\"Suudi Arabistan ile \u0130ran Aras\u0131nda Ger\u00e7ekle\u015fen \u0130ttifak ve Suriye Dosyas\u0131na Etkileri\"}]},{\"@type\":\"WebSite\",\"@id\":\"https:\/\/sydialogue.org\/tr\/#website\",\"url\":\"https:\/\/sydialogue.org\/tr\/\",\"name\":\"\u0645\u0631\u0643\u0632 \u0627\u0644\u062d\u0648\u0627\u0631 \u0627\u0644\u0633\u0648\u0631\u064a\",\"description\":\"Suriyeli bir sivil kurum, Suriye halk\u0131n\u0131 ilgilendiren konularda diyalo\u011fu canland\u0131rmay\u0131 ve harekete ge\u00e7irmeyi hedefliyor ve Suriyeliler aras\u0131nda ili\u015fkileri g\u00fc\u00e7lendirmeye ve i\u015fbirli\u011fi ve koordinasyonu harekete ge\u00e7irmeye \u00e7al\u0131\u015f\u0131yor.\",\"potentialAction\":[{\"@type\":\"SearchAction\",\"target\":{\"@type\":\"EntryPoint\",\"urlTemplate\":\"https:\/\/sydialogue.org\/tr\/?s={search_term_string}\"},\"query-input\":{\"@type\":\"PropertyValueSpecification\",\"valueRequired\":true,\"valueName\":\"search_term_string\"}}],\"inLanguage\":\"tr\"},{\"@type\":\"Person\",\"@id\":\"https:\/\/sydialogue.org\/tr\/#\/schema\/person\/34a2994f7414cbc7ce06e08267c4944d\",\"name\":\"\u0645\u0631\u0643\u0632 \u0627\u0644\u062d\u0648\u0627\u0631 \u0627\u0644\u0633\u0648\u0631\u064a\",\"image\":{\"@type\":\"ImageObject\",\"inLanguage\":\"tr\",\"@id\":\"https:\/\/sydialogue.org\/tr\/#\/schema\/person\/image\/\",\"url\":\"https:\/\/sydialogue.org\/wp-content\/uploads\/2023\/09\/\u0644\u0648\u063a\u0648-\u062e\u0644\u0641\u064a\u0629-\u0634\u0641\u0627\u0641\u0629-1.png\",\"contentUrl\":\"https:\/\/sydialogue.org\/wp-content\/uploads\/2023\/09\/\u0644\u0648\u063a\u0648-\u062e\u0644\u0641\u064a\u0629-\u0634\u0641\u0627\u0641\u0629-1.png\",\"caption\":\"\u0645\u0631\u0643\u0632 \u0627\u0644\u062d\u0648\u0627\u0631 \u0627\u0644\u0633\u0648\u0631\u064a\"},\"description\":\"\u0645\u0624\u0633\u0633\u0629 \u0628\u062d\u062b\u064a\u0629 \u0633\u0648\u0631\u064a\u0629 \u062a\u0633\u0639\u0649 \u0625\u0644\u0649 \u0627\u0644\u0625\u0633\u0647\u0627\u0645 \u0641\u064a \u0628\u0646\u0627\u0621 \u0627\u0644\u0631\u0624\u0649 \u0648\u0627\u0644\u0645\u0639\u0627\u0631\u0641 \u0628\u0645\u0627 \u064a\u0633\u0627\u0639\u062f \u0627\u0644\u0633\u0648\u0631\u064a\u064a\u0646 \u0639\u0644\u0649 \u0625\u0646\u0636\u0627\u062c \u062d\u0644\u0648\u0644 \u0639\u0645\u0644\u064a\u0629 \u0644\u0645\u0648\u0627\u062c\u0647\u0629 \u0627\u0644\u062a\u062d\u062f\u064a\u0627\u062a \u0627\u0644\u0648\u0637\u0646\u064a\u0629 \u0627\u0644\u0645\u0634\u062a\u0631\u0643\u0629 \u0648\u062a\u062d\u0642\u064a\u0642 \u0627\u0644\u062a\u0646\u0645\u064a\u0629 \u0627\u0644\u0645\u0633\u062a\u062f\u0627\u0645\u0629\",\"sameAs\":[\"http:\/\/sydialogue.org\/\",\"Syrian Dialogue Center\"],\"url\":\"#molongui-disabled-link\"}]}<\/script>\n<!-- \/ Yoast SEO plugin. -->","yoast_head_json":{"title":"Suudi Arabistan ile \u0130ran Aras\u0131nda Ger\u00e7ekle\u015fen \u0130ttifak ve Suriye Dosyas\u0131na Etkileri - Suriye Diyalog Merkezi","description":"Suriye Diyalog Merkezi, Suudi Arabistan ve \u0130ran aras\u0131nda ger\u00e7ekle\u015fen ittifak\u0131n nedenlerinin ve etkilerinin yan\u0131 s\u0131ra Suriye dosyas\u0131 a\u00e7\u0131s\u0131ndan beklenen sonu\u00e7lar\u0131n\u0131n tart\u0131\u015f\u0131ld\u0131\u011f\u0131 bir diyalog sempozyumu d\u00fczenledi.","robots":{"index":"index","follow":"follow","max-snippet":"max-snippet:-1","max-image-preview":"max-image-preview:large","max-video-preview":"max-video-preview:-1"},"canonical":"https:\/\/sydialogue.org\/tr\/suudi-arabistan-ile-iran-arasinda-gerceklesen-ittifak-ve-suriye-dosyasina-etkileri\/","og_locale":"tr_TR","og_type":"article","og_title":"Suudi Arabistan ile \u0130ran Aras\u0131nda Ger\u00e7ekle\u015fen \u0130ttifak ve Suriye Dosyas\u0131na Etkileri - Suriye Diyalog Merkezi","og_description":"Suriye Diyalog Merkezi, Suudi Arabistan ve \u0130ran aras\u0131nda ger\u00e7ekle\u015fen ittifak\u0131n nedenlerinin ve etkilerinin yan\u0131 s\u0131ra Suriye dosyas\u0131 a\u00e7\u0131s\u0131ndan beklenen sonu\u00e7lar\u0131n\u0131n tart\u0131\u015f\u0131ld\u0131\u011f\u0131 bir diyalog sempozyumu d\u00fczenledi.","og_url":"https:\/\/sydialogue.org\/tr\/suudi-arabistan-ile-iran-arasinda-gerceklesen-ittifak-ve-suriye-dosyasina-etkileri\/","og_site_name":"Suriye Diyalog Merkezi","article_publisher":"https:\/\/www.facebook.com\/Sydialogue","article_published_time":"2023-04-15T11:55:31+00:00","article_modified_time":"2023-11-19T12:03:48+00:00","og_image":[{"width":2308,"height":1159,"url":"https:\/\/sydialogue.org\/wp-content\/uploads\/2023\/11\/tr138.jpg","type":"image\/jpeg"}],"author":"\u0645\u0631\u0643\u0632 \u0627\u0644\u062d\u0648\u0627\u0631 \u0627\u0644\u0633\u0648\u0631\u064a","twitter_card":"summary_large_image","twitter_creator":"@Sydialogue","twitter_site":"@Sydialogue","twitter_misc":{"Yazan:":"\u0645\u0631\u0643\u0632 \u0627\u0644\u062d\u0648\u0627\u0631 \u0627\u0644\u0633\u0648\u0631\u064a","Tahmini okuma s\u00fcresi":"3 dakika"},"schema":{"@context":"https:\/\/schema.org","@graph":[{"@type":"WebPage","@id":"https:\/\/sydialogue.org\/tr\/suudi-arabistan-ile-iran-arasinda-gerceklesen-ittifak-ve-suriye-dosyasina-etkileri\/","url":"https:\/\/sydialogue.org\/tr\/suudi-arabistan-ile-iran-arasinda-gerceklesen-ittifak-ve-suriye-dosyasina-etkileri\/","name":"Suudi Arabistan ile \u0130ran Aras\u0131nda Ger\u00e7ekle\u015fen \u0130ttifak ve Suriye Dosyas\u0131na Etkileri - Suriye Diyalog Merkezi","isPartOf":{"@id":"https:\/\/sydialogue.org\/tr\/#website"},"primaryImageOfPage":{"@id":"https:\/\/sydialogue.org\/tr\/suudi-arabistan-ile-iran-arasinda-gerceklesen-ittifak-ve-suriye-dosyasina-etkileri\/#primaryimage"},"image":{"@id":"https:\/\/sydialogue.org\/tr\/suudi-arabistan-ile-iran-arasinda-gerceklesen-ittifak-ve-suriye-dosyasina-etkileri\/#primaryimage"},"thumbnailUrl":"https:\/\/egsaqtt58cu.exactdn.com\/wp-content\/uploads\/2023\/11\/tr138.jpg?strip=all&lossy=1&ssl=1","datePublished":"2023-04-15T11:55:31+00:00","dateModified":"2023-11-19T12:03:48+00:00","author":{"@id":"https:\/\/sydialogue.org\/tr\/#\/schema\/person\/34a2994f7414cbc7ce06e08267c4944d"},"description":"Suriye Diyalog Merkezi, Suudi Arabistan ve \u0130ran aras\u0131nda ger\u00e7ekle\u015fen ittifak\u0131n nedenlerinin ve etkilerinin yan\u0131 s\u0131ra Suriye dosyas\u0131 a\u00e7\u0131s\u0131ndan beklenen sonu\u00e7lar\u0131n\u0131n tart\u0131\u015f\u0131ld\u0131\u011f\u0131 bir diyalog sempozyumu d\u00fczenledi.","breadcrumb":{"@id":"https:\/\/sydialogue.org\/tr\/suudi-arabistan-ile-iran-arasinda-gerceklesen-ittifak-ve-suriye-dosyasina-etkileri\/#breadcrumb"},"inLanguage":"tr","potentialAction":[{"@type":"ReadAction","target":["https:\/\/sydialogue.org\/tr\/suudi-arabistan-ile-iran-arasinda-gerceklesen-ittifak-ve-suriye-dosyasina-etkileri\/"]}]},{"@type":"ImageObject","inLanguage":"tr","@id":"https:\/\/sydialogue.org\/tr\/suudi-arabistan-ile-iran-arasinda-gerceklesen-ittifak-ve-suriye-dosyasina-etkileri\/#primaryimage","url":"https:\/\/egsaqtt58cu.exactdn.com\/wp-content\/uploads\/2023\/11\/tr138.jpg?strip=all&lossy=1&ssl=1","contentUrl":"https:\/\/egsaqtt58cu.exactdn.com\/wp-content\/uploads\/2023\/11\/tr138.jpg?strip=all&lossy=1&ssl=1","width":2308,"height":1159},{"@type":"BreadcrumbList","@id":"https:\/\/sydialogue.org\/tr\/suudi-arabistan-ile-iran-arasinda-gerceklesen-ittifak-ve-suriye-dosyasina-etkileri\/#breadcrumb","itemListElement":[{"@type":"ListItem","position":1,"name":"\u0627\u0644\u0631\u0626\u064a\u0633\u064a\u0629","item":"https:\/\/sydialogue.org\/tr\/"},{"@type":"ListItem","position":2,"name":"Suudi Arabistan ile \u0130ran Aras\u0131nda Ger\u00e7ekle\u015fen \u0130ttifak ve Suriye Dosyas\u0131na Etkileri"}]},{"@type":"WebSite","@id":"https:\/\/sydialogue.org\/tr\/#website","url":"https:\/\/sydialogue.org\/tr\/","name":"\u0645\u0631\u0643\u0632 \u0627\u0644\u062d\u0648\u0627\u0631 \u0627\u0644\u0633\u0648\u0631\u064a","description":"Suriyeli bir sivil kurum, Suriye halk\u0131n\u0131 ilgilendiren konularda diyalo\u011fu canland\u0131rmay\u0131 ve harekete ge\u00e7irmeyi hedefliyor ve Suriyeliler aras\u0131nda ili\u015fkileri g\u00fc\u00e7lendirmeye ve i\u015fbirli\u011fi ve koordinasyonu harekete ge\u00e7irmeye \u00e7al\u0131\u015f\u0131yor.","potentialAction":[{"@type":"SearchAction","target":{"@type":"EntryPoint","urlTemplate":"https:\/\/sydialogue.org\/tr\/?s={search_term_string}"},"query-input":{"@type":"PropertyValueSpecification","valueRequired":true,"valueName":"search_term_string"}}],"inLanguage":"tr"},{"@type":"Person","@id":"https:\/\/sydialogue.org\/tr\/#\/schema\/person\/34a2994f7414cbc7ce06e08267c4944d","name":"\u0645\u0631\u0643\u0632 \u0627\u0644\u062d\u0648\u0627\u0631 \u0627\u0644\u0633\u0648\u0631\u064a","image":{"@type":"ImageObject","inLanguage":"tr","@id":"https:\/\/sydialogue.org\/tr\/#\/schema\/person\/image\/","url":"https:\/\/sydialogue.org\/wp-content\/uploads\/2023\/09\/\u0644\u0648\u063a\u0648-\u062e\u0644\u0641\u064a\u0629-\u0634\u0641\u0627\u0641\u0629-1.png","contentUrl":"https:\/\/sydialogue.org\/wp-content\/uploads\/2023\/09\/\u0644\u0648\u063a\u0648-\u062e\u0644\u0641\u064a\u0629-\u0634\u0641\u0627\u0641\u0629-1.png","caption":"\u0645\u0631\u0643\u0632 \u0627\u0644\u062d\u0648\u0627\u0631 \u0627\u0644\u0633\u0648\u0631\u064a"},"description":"\u0645\u0624\u0633\u0633\u0629 \u0628\u062d\u062b\u064a\u0629 \u0633\u0648\u0631\u064a\u0629 \u062a\u0633\u0639\u0649 \u0625\u0644\u0649 \u0627\u0644\u0625\u0633\u0647\u0627\u0645 \u0641\u064a \u0628\u0646\u0627\u0621 \u0627\u0644\u0631\u0624\u0649 \u0648\u0627\u0644\u0645\u0639\u0627\u0631\u0641 \u0628\u0645\u0627 \u064a\u0633\u0627\u0639\u062f \u0627\u0644\u0633\u0648\u0631\u064a\u064a\u0646 \u0639\u0644\u0649 \u0625\u0646\u0636\u0627\u062c \u062d\u0644\u0648\u0644 \u0639\u0645\u0644\u064a\u0629 \u0644\u0645\u0648\u0627\u062c\u0647\u0629 \u0627\u0644\u062a\u062d\u062f\u064a\u0627\u062a \u0627\u0644\u0648\u0637\u0646\u064a\u0629 \u0627\u0644\u0645\u0634\u062a\u0631\u0643\u0629 \u0648\u062a\u062d\u0642\u064a\u0642 \u0627\u0644\u062a\u0646\u0645\u064a\u0629 \u0627\u0644\u0645\u0633\u062a\u062f\u0627\u0645\u0629","sameAs":["http:\/\/sydialogue.org\/","Syrian Dialogue Center"],"url":"#molongui-disabled-link"}]}},"_links":{"self":[{"href":"https:\/\/sydialogue.org\/tr\/wp-json\/wp\/v2\/posts\/13237","targetHints":{"allow":["GET"]}}],"collection":[{"href":"https:\/\/sydialogue.org\/tr\/wp-json\/wp\/v2\/posts"}],"about":[{"href":"https:\/\/sydialogue.org\/tr\/wp-json\/wp\/v2\/types\/post"}],"author":[{"embeddable":true,"href":"https:\/\/sydialogue.org\/tr\/wp-json\/wp\/v2\/users\/1"}],"replies":[{"embeddable":true,"href":"https:\/\/sydialogue.org\/tr\/wp-json\/wp\/v2\/comments?post=13237"}],"version-history":[{"count":1,"href":"https:\/\/sydialogue.org\/tr\/wp-json\/wp\/v2\/posts\/13237\/revisions"}],"predecessor-version":[{"id":13241,"href":"https:\/\/sydialogue.org\/tr\/wp-json\/wp\/v2\/posts\/13237\/revisions\/13241"}],"wp:featuredmedia":[{"embeddable":true,"href":"https:\/\/sydialogue.org\/tr\/wp-json\/wp\/v2\/media\/13238"}],"wp:attachment":[{"href":"https:\/\/sydialogue.org\/tr\/wp-json\/wp\/v2\/media?parent=13237"}],"wp:term":[{"taxonomy":"category","embeddable":true,"href":"https:\/\/sydialogue.org\/tr\/wp-json\/wp\/v2\/categories?post=13237"},{"taxonomy":"post_tag","embeddable":true,"href":"https:\/\/sydialogue.org\/tr\/wp-json\/wp\/v2\/tags?post=13237"}],"curies":[{"name":"wp","href":"https:\/\/api.w.org\/{rel}","templated":true}]}}