{"id":13242,"date":"2023-05-01T15:08:31","date_gmt":"2023-05-01T12:08:31","guid":{"rendered":"http:\/\/sydialogue.org\/?p=13242"},"modified":"2023-11-19T15:09:35","modified_gmt":"2023-11-19T12:09:35","slug":"turkiye-secimlerinin-suriyeli-multecilerin-ve-kuzey-suriyenin-gelecegine-yansimalari","status":"publish","type":"post","link":"https:\/\/sydialogue.org\/tr\/turkiye-secimlerinin-suriyeli-multecilerin-ve-kuzey-suriyenin-gelecegine-yansimalari\/","title":{"rendered":"T\u00fcrkiye Se\u00e7imlerinin, Suriyeli M\u00fcltecilerin ve Kuzey Suriye\u2019nin Gelece\u011fine Yans\u0131malar\u0131"},"content":{"rendered":"<p dir=\"ltr\"><span style=\"color: #000080;\"><strong>\u00d6zet<\/strong><\/span><\/p>\n<ul dir=\"ltr\">\n<li>May\u0131s 2023&#8217;teki T\u00fcrkiye se\u00e7imlerinin ve sonu\u00e7lar\u0131n\u0131n, Suriye dosyas\u0131 \u00fczerinde h\u0131zl\u0131 ve do\u011frudan bir etki yaratmas\u0131 beklenmiyor. \u00d6zellikle de T\u00fcrkiye&#8217;nin milli g\u00fcvenlik meselesi olmas\u0131 bak\u0131m\u0131ndan T\u00fcrkiye&#8217;nin Kuzey Suriye\u2019deki askeri varl\u0131\u011f\u0131 konusunda. Formun \u00dcst\u00fc<\/li>\n<li>T\u00fcrkiye&#8217;de bulunan Suriyeliler dosyas\u0131, konuyu ele almay\u0131 daha karma\u015f\u0131k hale getirecek \u015fekilde di\u011fer \u00fclkelerle yap\u0131lan anla\u015fmalarla ilintili bir dosya. Medyada ara s\u0131ra g\u00f6r\u00fclen, Suriyelilerin geri g\u00f6nderilece\u011fi y\u00f6n\u00fcndeki vaatlere ra\u011fmen, mevcut se\u00e7im ittifaklar\u0131n\u0131n partileri i\u00e7inde bile bu dosya konusunda bir fikir birli\u011fi yok.<\/li>\n<li>Suriyelilerin, T\u00fcrkiye\u2019deki varl\u0131klar\u0131n\u0131 savunmak ve bunu m\u00fcmk\u00fcn oldu\u011funca siyasi \u00e7eki\u015fmelerden uzak tutmak i\u00e7in mevcut yasal ve me\u015fru s\u0131n\u0131rlar dahilinde ilerlemeleri gerekiyor.<\/li>\n<\/ul>\n<p dir=\"ltr\"><span style=\"color: #000080;\"><strong>Giri\u015f<\/strong><\/span><\/p>\n<p dir=\"ltr\">T\u00fcrkiye&#8217;de yap\u0131lacak olan se\u00e7imler yakla\u015f\u0131rken ve mevcut se\u00e7eneklerin karma\u015f\u0131kl\u0131\u011f\u0131 ve bu se\u00e7eneklerin gerek Kuzey Suriye gerekse T\u00fcrkiye&#8217;deki Suriye varl\u0131\u011f\u0131 olsun ya da ve Suriye meselesinin k\u00f6keniyle ilgili di\u011fer meseleler olsun Suriye dosyas\u0131na b\u00fcy\u00fck bir g\u00f6lge d\u00fc\u015f\u00fcrmesiyle birlikte, Suriyeliler kendileri i\u00e7in adeta bir \u00f6l\u00fcm kal\u0131m sava\u015f\u0131 olan bu se\u00e7imlerin ard\u0131ndan ak\u0131betlerinin ne olaca\u011f\u0131n\u0131 merak ediyor.Formun \u00dcst\u00fc<\/p>\n<p dir=\"ltr\">T\u00fcrkiye se\u00e7imlerinin ba\u011flam\u0131n\u0131 ve bunlar\u0131n Suriye meselesi \u00fczerindeki etkisinin boyutunu analiz etmeye \u00e7al\u0131\u015fmak ve bunlar\u0131 ele almak i\u00e7in mevcut s\u0131n\u0131rlar\u0131 g\u00f6rmek amac\u0131yla, Suriye Diyalog Merkezi, 5 Nisan 2023 tarihine denk gelen 14 Ramazan 1444 \u00c7ar\u015famba g\u00fcn\u00fc, Zoom platformu \u00fczerinden \u201cT\u00fcrkiye Se\u00e7imleri ve Bu Se\u00e7imlerin Suriye Meselesine Olas\u0131 Yans\u0131malar\u0131\u201d ba\u015fl\u0131kl\u0131 sanal bir diyalog seminerini ara\u015ft\u0131rmac\u0131lar\u0131n, uzmanlar\u0131n, siyasi aktivistlerin ve konuyla ilgili \u00e7ok say\u0131da ki\u015finin kat\u0131l\u0131m\u0131yla ger\u00e7ekle\u015ftirdi.<\/p>\n<p dir=\"ltr\">Bu objektif rapor, Chatham House y\u00f6ntemine uyularak, sunum ve eklemelerin kronolojik s\u0131ras\u0131na ba\u011fl\u0131 kal\u0131nmadan haz\u0131rland\u0131. Rapor, okuyucunun i\u00e7eri\u011fi m\u00fcmk\u00fcn oldu\u011funca anlamas\u0131na yard\u0131mc\u0131 olacak \u015fekilde fikirlerin d\u00fczg\u00fcn ve objektif bir \u015fekilde d\u00fczenlenmesi amac\u0131yla tematik olarak b\u00f6l\u00fcnm\u00fc\u015f ve seminerin en \u00f6ne \u00e7\u0131kan i\u00e7eriklerini \u00f6zetlemeye \u00e7al\u0131\u015f\u0131yor.<\/p>\n<p dir=\"ltr\"><a href=\"http:\/\/sydialogue.org\/%d8%a7%d9%86%d8%b9%d9%83%d8%a7%d8%b3%d8%a7%d8%aa-%d8%a7%d9%84%d8%a7%d9%86%d8%aa%d8%ae%d8%a7%d8%a8%d8%a7%d8%aa-%d8%a7%d9%84%d8%aa%d8%b1%d9%83%d9%8a%d8%a9-%d8%b9%d9%84%d9%89-%d9%85%d8%b3%d8%aa%d9%82\/\">Raporun tamam\u0131n\u0131 okumak i\u00e7in (Arap\u00e7a)<\/a><\/p>\n","protected":false},"excerpt":{"rendered":"<p>Bir grup uzman ve ara\u015ft\u0131rmac\u0131n\u0131n tezlerine dayanarak haz\u0131rlanan bu rapor, T\u00fcrkiye se\u00e7imlerinin ba\u011flam\u0131n\u0131 ve Suriye meselesine etkisinin boyutlar\u0131n\u0131 analiz etmeye \u00e7al\u0131\u015f\u0131p bu se\u00e7imler i\u00e7in mevcut s\u0131n\u0131rlar\u0131 tan\u0131ma ve konuyu enine boyuna ele almay\u0131 ama\u00e7l\u0131yor.<\/p>\n","protected":false},"author":1,"featured_media":13243,"comment_status":"open","ping_status":"closed","sticky":false,"template":"","format":"standard","meta":{"_acf_changed":false,"footnotes":""},"categories":[54,94,49],"tags":[],"class_list":["post-13242","post","type-post","status-publish","format-standard","has-post-thumbnail","hentry","category-gelisim-raporlar","category-politika-analizi-birimi","category-yayinlar"],"acf":[],"yoast_head":"<!-- This site is optimized with the Yoast SEO plugin v26.0 - https:\/\/yoast.com\/wordpress\/plugins\/seo\/ -->\n<title>T\u00fcrkiye Se\u00e7imlerinin, Suriyeli M\u00fcltecilerin ve Kuzey Suriye\u2019nin Gelece\u011fine Yans\u0131malar\u0131 - Suriye Diyalog Merkezi<\/title>\n<meta name=\"description\" content=\"Bir grup uzman ve ara\u015ft\u0131rmac\u0131n\u0131n tezlerine dayanarak haz\u0131rlanan bu rapor, T\u00fcrkiye se\u00e7imlerinin ba\u011flam\u0131n\u0131 ve Suriye meselesine etkisinin boyutlar\u0131n\u0131 analiz etmeye \u00e7al\u0131\u015f\u0131p bu se\u00e7imler i\u00e7in mevcut s\u0131n\u0131rlar\u0131 tan\u0131ma ve konuyu enine boyuna ele almay\u0131 ama\u00e7l\u0131yor.\" \/>\n<meta name=\"robots\" content=\"index, follow, max-snippet:-1, max-image-preview:large, max-video-preview:-1\" \/>\n<link rel=\"canonical\" href=\"https:\/\/sydialogue.org\/tr\/turkiye-secimlerinin-suriyeli-multecilerin-ve-kuzey-suriyenin-gelecegine-yansimalari\/\" \/>\n<meta property=\"og:locale\" content=\"tr_TR\" \/>\n<meta property=\"og:type\" content=\"article\" \/>\n<meta property=\"og:title\" content=\"T\u00fcrkiye Se\u00e7imlerinin, Suriyeli M\u00fcltecilerin ve Kuzey Suriye\u2019nin Gelece\u011fine Yans\u0131malar\u0131 - Suriye Diyalog Merkezi\" \/>\n<meta property=\"og:description\" content=\"Bir grup uzman ve ara\u015ft\u0131rmac\u0131n\u0131n tezlerine dayanarak haz\u0131rlanan bu rapor, T\u00fcrkiye se\u00e7imlerinin ba\u011flam\u0131n\u0131 ve Suriye meselesine etkisinin boyutlar\u0131n\u0131 analiz etmeye \u00e7al\u0131\u015f\u0131p bu se\u00e7imler i\u00e7in mevcut s\u0131n\u0131rlar\u0131 tan\u0131ma ve konuyu enine boyuna ele almay\u0131 ama\u00e7l\u0131yor.\" \/>\n<meta property=\"og:url\" content=\"https:\/\/sydialogue.org\/tr\/turkiye-secimlerinin-suriyeli-multecilerin-ve-kuzey-suriyenin-gelecegine-yansimalari\/\" \/>\n<meta property=\"og:site_name\" content=\"Suriye Diyalog Merkezi\" \/>\n<meta property=\"article:publisher\" content=\"https:\/\/www.facebook.com\/Sydialogue\" \/>\n<meta property=\"article:published_time\" content=\"2023-05-01T12:08:31+00:00\" \/>\n<meta property=\"article:modified_time\" content=\"2023-11-19T12:09:35+00:00\" \/>\n<meta property=\"og:image\" content=\"https:\/\/sydialogue.org\/wp-content\/uploads\/2023\/11\/tr139.jpg\" \/>\n\t<meta property=\"og:image:width\" content=\"2308\" \/>\n\t<meta property=\"og:image:height\" content=\"1159\" \/>\n\t<meta property=\"og:image:type\" content=\"image\/jpeg\" \/>\n<meta name=\"author\" content=\"\u0645\u0631\u0643\u0632 \u0627\u0644\u062d\u0648\u0627\u0631 \u0627\u0644\u0633\u0648\u0631\u064a\" \/>\n<meta name=\"twitter:card\" content=\"summary_large_image\" \/>\n<meta name=\"twitter:creator\" content=\"@Sydialogue\" \/>\n<meta name=\"twitter:site\" content=\"@Sydialogue\" \/>\n<meta name=\"twitter:label1\" content=\"Yazan:\" \/>\n\t<meta name=\"twitter:data1\" content=\"\u0645\u0631\u0643\u0632 \u0627\u0644\u062d\u0648\u0627\u0631 \u0627\u0644\u0633\u0648\u0631\u064a\" \/>\n\t<meta name=\"twitter:label2\" content=\"Tahmini okuma s\u00fcresi\" \/>\n\t<meta name=\"twitter:data2\" content=\"2 dakika\" \/>\n<script type=\"application\/ld+json\" class=\"yoast-schema-graph\">{\"@context\":\"https:\/\/schema.org\",\"@graph\":[{\"@type\":\"WebPage\",\"@id\":\"https:\/\/sydialogue.org\/tr\/turkiye-secimlerinin-suriyeli-multecilerin-ve-kuzey-suriyenin-gelecegine-yansimalari\/\",\"url\":\"https:\/\/sydialogue.org\/tr\/turkiye-secimlerinin-suriyeli-multecilerin-ve-kuzey-suriyenin-gelecegine-yansimalari\/\",\"name\":\"T\u00fcrkiye Se\u00e7imlerinin, Suriyeli M\u00fcltecilerin ve Kuzey Suriye\u2019nin Gelece\u011fine Yans\u0131malar\u0131 - Suriye Diyalog Merkezi\",\"isPartOf\":{\"@id\":\"https:\/\/sydialogue.org\/tr\/#website\"},\"primaryImageOfPage\":{\"@id\":\"https:\/\/sydialogue.org\/tr\/turkiye-secimlerinin-suriyeli-multecilerin-ve-kuzey-suriyenin-gelecegine-yansimalari\/#primaryimage\"},\"image\":{\"@id\":\"https:\/\/sydialogue.org\/tr\/turkiye-secimlerinin-suriyeli-multecilerin-ve-kuzey-suriyenin-gelecegine-yansimalari\/#primaryimage\"},\"thumbnailUrl\":\"https:\/\/e8nd7pn44jx.exactdn.com\/wp-content\/uploads\/2023\/11\/tr139.jpg?strip=all\",\"datePublished\":\"2023-05-01T12:08:31+00:00\",\"dateModified\":\"2023-11-19T12:09:35+00:00\",\"author\":{\"@id\":\"https:\/\/sydialogue.org\/tr\/#\/schema\/person\/34a2994f7414cbc7ce06e08267c4944d\"},\"description\":\"Bir grup uzman ve ara\u015ft\u0131rmac\u0131n\u0131n tezlerine dayanarak haz\u0131rlanan bu rapor, T\u00fcrkiye se\u00e7imlerinin ba\u011flam\u0131n\u0131 ve Suriye meselesine etkisinin boyutlar\u0131n\u0131 analiz etmeye \u00e7al\u0131\u015f\u0131p bu se\u00e7imler i\u00e7in mevcut s\u0131n\u0131rlar\u0131 tan\u0131ma ve konuyu enine boyuna ele almay\u0131 ama\u00e7l\u0131yor.\",\"breadcrumb\":{\"@id\":\"https:\/\/sydialogue.org\/tr\/turkiye-secimlerinin-suriyeli-multecilerin-ve-kuzey-suriyenin-gelecegine-yansimalari\/#breadcrumb\"},\"inLanguage\":\"tr\",\"potentialAction\":[{\"@type\":\"ReadAction\",\"target\":[\"https:\/\/sydialogue.org\/tr\/turkiye-secimlerinin-suriyeli-multecilerin-ve-kuzey-suriyenin-gelecegine-yansimalari\/\"]}]},{\"@type\":\"ImageObject\",\"inLanguage\":\"tr\",\"@id\":\"https:\/\/sydialogue.org\/tr\/turkiye-secimlerinin-suriyeli-multecilerin-ve-kuzey-suriyenin-gelecegine-yansimalari\/#primaryimage\",\"url\":\"https:\/\/e8nd7pn44jx.exactdn.com\/wp-content\/uploads\/2023\/11\/tr139.jpg?strip=all\",\"contentUrl\":\"https:\/\/e8nd7pn44jx.exactdn.com\/wp-content\/uploads\/2023\/11\/tr139.jpg?strip=all\",\"width\":2308,\"height\":1159},{\"@type\":\"BreadcrumbList\",\"@id\":\"https:\/\/sydialogue.org\/tr\/turkiye-secimlerinin-suriyeli-multecilerin-ve-kuzey-suriyenin-gelecegine-yansimalari\/#breadcrumb\",\"itemListElement\":[{\"@type\":\"ListItem\",\"position\":1,\"name\":\"\u0627\u0644\u0631\u0626\u064a\u0633\u064a\u0629\",\"item\":\"https:\/\/sydialogue.org\/tr\/\"},{\"@type\":\"ListItem\",\"position\":2,\"name\":\"T\u00fcrkiye Se\u00e7imlerinin, Suriyeli M\u00fcltecilerin ve Kuzey Suriye\u2019nin Gelece\u011fine Yans\u0131malar\u0131\"}]},{\"@type\":\"WebSite\",\"@id\":\"https:\/\/sydialogue.org\/tr\/#website\",\"url\":\"https:\/\/sydialogue.org\/tr\/\",\"name\":\"\u0645\u0631\u0643\u0632 \u0627\u0644\u062d\u0648\u0627\u0631 \u0627\u0644\u0633\u0648\u0631\u064a\",\"description\":\"Suriyeli bir sivil kurum, Suriye halk\u0131n\u0131 ilgilendiren konularda diyalo\u011fu canland\u0131rmay\u0131 ve harekete ge\u00e7irmeyi hedefliyor ve Suriyeliler aras\u0131nda ili\u015fkileri g\u00fc\u00e7lendirmeye ve i\u015fbirli\u011fi ve koordinasyonu harekete ge\u00e7irmeye \u00e7al\u0131\u015f\u0131yor.\",\"potentialAction\":[{\"@type\":\"SearchAction\",\"target\":{\"@type\":\"EntryPoint\",\"urlTemplate\":\"https:\/\/sydialogue.org\/tr\/?s={search_term_string}\"},\"query-input\":{\"@type\":\"PropertyValueSpecification\",\"valueRequired\":true,\"valueName\":\"search_term_string\"}}],\"inLanguage\":\"tr\"},{\"@type\":\"Person\",\"@id\":\"https:\/\/sydialogue.org\/tr\/#\/schema\/person\/34a2994f7414cbc7ce06e08267c4944d\",\"name\":\"\u0645\u0631\u0643\u0632 \u0627\u0644\u062d\u0648\u0627\u0631 \u0627\u0644\u0633\u0648\u0631\u064a\",\"image\":{\"@type\":\"ImageObject\",\"inLanguage\":\"tr\",\"@id\":\"https:\/\/sydialogue.org\/tr\/#\/schema\/person\/image\/\",\"url\":\"https:\/\/sydialogue.org\/wp-content\/uploads\/2023\/09\/\u0644\u0648\u063a\u0648-\u062e\u0644\u0641\u064a\u0629-\u0634\u0641\u0627\u0641\u0629-1.png\",\"contentUrl\":\"https:\/\/sydialogue.org\/wp-content\/uploads\/2023\/09\/\u0644\u0648\u063a\u0648-\u062e\u0644\u0641\u064a\u0629-\u0634\u0641\u0627\u0641\u0629-1.png\",\"caption\":\"\u0645\u0631\u0643\u0632 \u0627\u0644\u062d\u0648\u0627\u0631 \u0627\u0644\u0633\u0648\u0631\u064a\"},\"description\":\"\u0645\u0624\u0633\u0633\u0629 \u0628\u062d\u062b\u064a\u0629 \u0633\u0648\u0631\u064a\u0629 \u062a\u0633\u0639\u0649 \u0625\u0644\u0649 \u0627\u0644\u0625\u0633\u0647\u0627\u0645 \u0641\u064a \u0628\u0646\u0627\u0621 \u0627\u0644\u0631\u0624\u0649 \u0648\u0627\u0644\u0645\u0639\u0627\u0631\u0641 \u0628\u0645\u0627 \u064a\u0633\u0627\u0639\u062f \u0627\u0644\u0633\u0648\u0631\u064a\u064a\u0646 \u0639\u0644\u0649 \u0625\u0646\u0636\u0627\u062c \u062d\u0644\u0648\u0644 \u0639\u0645\u0644\u064a\u0629 \u0644\u0645\u0648\u0627\u062c\u0647\u0629 \u0627\u0644\u062a\u062d\u062f\u064a\u0627\u062a \u0627\u0644\u0648\u0637\u0646\u064a\u0629 \u0627\u0644\u0645\u0634\u062a\u0631\u0643\u0629 \u0648\u062a\u062d\u0642\u064a\u0642 \u0627\u0644\u062a\u0646\u0645\u064a\u0629 \u0627\u0644\u0645\u0633\u062a\u062f\u0627\u0645\u0629\",\"sameAs\":[\"http:\/\/sydialogue.org\/\",\"Syrian Dialogue Center\"],\"url\":\"#molongui-disabled-link\"}]}<\/script>\n<!-- \/ Yoast SEO plugin. -->","yoast_head_json":{"title":"T\u00fcrkiye Se\u00e7imlerinin, Suriyeli M\u00fcltecilerin ve Kuzey Suriye\u2019nin Gelece\u011fine Yans\u0131malar\u0131 - Suriye Diyalog Merkezi","description":"Bir grup uzman ve ara\u015ft\u0131rmac\u0131n\u0131n tezlerine dayanarak haz\u0131rlanan bu rapor, T\u00fcrkiye se\u00e7imlerinin ba\u011flam\u0131n\u0131 ve Suriye meselesine etkisinin boyutlar\u0131n\u0131 analiz etmeye \u00e7al\u0131\u015f\u0131p bu se\u00e7imler i\u00e7in mevcut s\u0131n\u0131rlar\u0131 tan\u0131ma ve konuyu enine boyuna ele almay\u0131 ama\u00e7l\u0131yor.","robots":{"index":"index","follow":"follow","max-snippet":"max-snippet:-1","max-image-preview":"max-image-preview:large","max-video-preview":"max-video-preview:-1"},"canonical":"https:\/\/sydialogue.org\/tr\/turkiye-secimlerinin-suriyeli-multecilerin-ve-kuzey-suriyenin-gelecegine-yansimalari\/","og_locale":"tr_TR","og_type":"article","og_title":"T\u00fcrkiye Se\u00e7imlerinin, Suriyeli M\u00fcltecilerin ve Kuzey Suriye\u2019nin Gelece\u011fine Yans\u0131malar\u0131 - Suriye Diyalog Merkezi","og_description":"Bir grup uzman ve ara\u015ft\u0131rmac\u0131n\u0131n tezlerine dayanarak haz\u0131rlanan bu rapor, T\u00fcrkiye se\u00e7imlerinin ba\u011flam\u0131n\u0131 ve Suriye meselesine etkisinin boyutlar\u0131n\u0131 analiz etmeye \u00e7al\u0131\u015f\u0131p bu se\u00e7imler i\u00e7in mevcut s\u0131n\u0131rlar\u0131 tan\u0131ma ve konuyu enine boyuna ele almay\u0131 ama\u00e7l\u0131yor.","og_url":"https:\/\/sydialogue.org\/tr\/turkiye-secimlerinin-suriyeli-multecilerin-ve-kuzey-suriyenin-gelecegine-yansimalari\/","og_site_name":"Suriye Diyalog Merkezi","article_publisher":"https:\/\/www.facebook.com\/Sydialogue","article_published_time":"2023-05-01T12:08:31+00:00","article_modified_time":"2023-11-19T12:09:35+00:00","og_image":[{"width":2308,"height":1159,"url":"https:\/\/sydialogue.org\/wp-content\/uploads\/2023\/11\/tr139.jpg","type":"image\/jpeg"}],"author":"\u0645\u0631\u0643\u0632 \u0627\u0644\u062d\u0648\u0627\u0631 \u0627\u0644\u0633\u0648\u0631\u064a","twitter_card":"summary_large_image","twitter_creator":"@Sydialogue","twitter_site":"@Sydialogue","twitter_misc":{"Yazan:":"\u0645\u0631\u0643\u0632 \u0627\u0644\u062d\u0648\u0627\u0631 \u0627\u0644\u0633\u0648\u0631\u064a","Tahmini okuma s\u00fcresi":"2 dakika"},"schema":{"@context":"https:\/\/schema.org","@graph":[{"@type":"WebPage","@id":"https:\/\/sydialogue.org\/tr\/turkiye-secimlerinin-suriyeli-multecilerin-ve-kuzey-suriyenin-gelecegine-yansimalari\/","url":"https:\/\/sydialogue.org\/tr\/turkiye-secimlerinin-suriyeli-multecilerin-ve-kuzey-suriyenin-gelecegine-yansimalari\/","name":"T\u00fcrkiye Se\u00e7imlerinin, Suriyeli M\u00fcltecilerin ve Kuzey Suriye\u2019nin Gelece\u011fine Yans\u0131malar\u0131 - Suriye Diyalog Merkezi","isPartOf":{"@id":"https:\/\/sydialogue.org\/tr\/#website"},"primaryImageOfPage":{"@id":"https:\/\/sydialogue.org\/tr\/turkiye-secimlerinin-suriyeli-multecilerin-ve-kuzey-suriyenin-gelecegine-yansimalari\/#primaryimage"},"image":{"@id":"https:\/\/sydialogue.org\/tr\/turkiye-secimlerinin-suriyeli-multecilerin-ve-kuzey-suriyenin-gelecegine-yansimalari\/#primaryimage"},"thumbnailUrl":"https:\/\/e8nd7pn44jx.exactdn.com\/wp-content\/uploads\/2023\/11\/tr139.jpg?strip=all","datePublished":"2023-05-01T12:08:31+00:00","dateModified":"2023-11-19T12:09:35+00:00","author":{"@id":"https:\/\/sydialogue.org\/tr\/#\/schema\/person\/34a2994f7414cbc7ce06e08267c4944d"},"description":"Bir grup uzman ve ara\u015ft\u0131rmac\u0131n\u0131n tezlerine dayanarak haz\u0131rlanan bu rapor, T\u00fcrkiye se\u00e7imlerinin ba\u011flam\u0131n\u0131 ve Suriye meselesine etkisinin boyutlar\u0131n\u0131 analiz etmeye \u00e7al\u0131\u015f\u0131p bu se\u00e7imler i\u00e7in mevcut s\u0131n\u0131rlar\u0131 tan\u0131ma ve konuyu enine boyuna ele almay\u0131 ama\u00e7l\u0131yor.","breadcrumb":{"@id":"https:\/\/sydialogue.org\/tr\/turkiye-secimlerinin-suriyeli-multecilerin-ve-kuzey-suriyenin-gelecegine-yansimalari\/#breadcrumb"},"inLanguage":"tr","potentialAction":[{"@type":"ReadAction","target":["https:\/\/sydialogue.org\/tr\/turkiye-secimlerinin-suriyeli-multecilerin-ve-kuzey-suriyenin-gelecegine-yansimalari\/"]}]},{"@type":"ImageObject","inLanguage":"tr","@id":"https:\/\/sydialogue.org\/tr\/turkiye-secimlerinin-suriyeli-multecilerin-ve-kuzey-suriyenin-gelecegine-yansimalari\/#primaryimage","url":"https:\/\/e8nd7pn44jx.exactdn.com\/wp-content\/uploads\/2023\/11\/tr139.jpg?strip=all","contentUrl":"https:\/\/e8nd7pn44jx.exactdn.com\/wp-content\/uploads\/2023\/11\/tr139.jpg?strip=all","width":2308,"height":1159},{"@type":"BreadcrumbList","@id":"https:\/\/sydialogue.org\/tr\/turkiye-secimlerinin-suriyeli-multecilerin-ve-kuzey-suriyenin-gelecegine-yansimalari\/#breadcrumb","itemListElement":[{"@type":"ListItem","position":1,"name":"\u0627\u0644\u0631\u0626\u064a\u0633\u064a\u0629","item":"https:\/\/sydialogue.org\/tr\/"},{"@type":"ListItem","position":2,"name":"T\u00fcrkiye Se\u00e7imlerinin, Suriyeli M\u00fcltecilerin ve Kuzey Suriye\u2019nin Gelece\u011fine Yans\u0131malar\u0131"}]},{"@type":"WebSite","@id":"https:\/\/sydialogue.org\/tr\/#website","url":"https:\/\/sydialogue.org\/tr\/","name":"\u0645\u0631\u0643\u0632 \u0627\u0644\u062d\u0648\u0627\u0631 \u0627\u0644\u0633\u0648\u0631\u064a","description":"Suriyeli bir sivil kurum, Suriye halk\u0131n\u0131 ilgilendiren konularda diyalo\u011fu canland\u0131rmay\u0131 ve harekete ge\u00e7irmeyi hedefliyor ve Suriyeliler aras\u0131nda ili\u015fkileri g\u00fc\u00e7lendirmeye ve i\u015fbirli\u011fi ve koordinasyonu harekete ge\u00e7irmeye \u00e7al\u0131\u015f\u0131yor.","potentialAction":[{"@type":"SearchAction","target":{"@type":"EntryPoint","urlTemplate":"https:\/\/sydialogue.org\/tr\/?s={search_term_string}"},"query-input":{"@type":"PropertyValueSpecification","valueRequired":true,"valueName":"search_term_string"}}],"inLanguage":"tr"},{"@type":"Person","@id":"https:\/\/sydialogue.org\/tr\/#\/schema\/person\/34a2994f7414cbc7ce06e08267c4944d","name":"\u0645\u0631\u0643\u0632 \u0627\u0644\u062d\u0648\u0627\u0631 \u0627\u0644\u0633\u0648\u0631\u064a","image":{"@type":"ImageObject","inLanguage":"tr","@id":"https:\/\/sydialogue.org\/tr\/#\/schema\/person\/image\/","url":"https:\/\/sydialogue.org\/wp-content\/uploads\/2023\/09\/\u0644\u0648\u063a\u0648-\u062e\u0644\u0641\u064a\u0629-\u0634\u0641\u0627\u0641\u0629-1.png","contentUrl":"https:\/\/sydialogue.org\/wp-content\/uploads\/2023\/09\/\u0644\u0648\u063a\u0648-\u062e\u0644\u0641\u064a\u0629-\u0634\u0641\u0627\u0641\u0629-1.png","caption":"\u0645\u0631\u0643\u0632 \u0627\u0644\u062d\u0648\u0627\u0631 \u0627\u0644\u0633\u0648\u0631\u064a"},"description":"\u0645\u0624\u0633\u0633\u0629 \u0628\u062d\u062b\u064a\u0629 \u0633\u0648\u0631\u064a\u0629 \u062a\u0633\u0639\u0649 \u0625\u0644\u0649 \u0627\u0644\u0625\u0633\u0647\u0627\u0645 \u0641\u064a \u0628\u0646\u0627\u0621 \u0627\u0644\u0631\u0624\u0649 \u0648\u0627\u0644\u0645\u0639\u0627\u0631\u0641 \u0628\u0645\u0627 \u064a\u0633\u0627\u0639\u062f \u0627\u0644\u0633\u0648\u0631\u064a\u064a\u0646 \u0639\u0644\u0649 \u0625\u0646\u0636\u0627\u062c \u062d\u0644\u0648\u0644 \u0639\u0645\u0644\u064a\u0629 \u0644\u0645\u0648\u0627\u062c\u0647\u0629 \u0627\u0644\u062a\u062d\u062f\u064a\u0627\u062a \u0627\u0644\u0648\u0637\u0646\u064a\u0629 \u0627\u0644\u0645\u0634\u062a\u0631\u0643\u0629 \u0648\u062a\u062d\u0642\u064a\u0642 \u0627\u0644\u062a\u0646\u0645\u064a\u0629 \u0627\u0644\u0645\u0633\u062a\u062f\u0627\u0645\u0629","sameAs":["http:\/\/sydialogue.org\/","Syrian Dialogue Center"],"url":"#molongui-disabled-link"}]}},"_links":{"self":[{"href":"https:\/\/sydialogue.org\/tr\/wp-json\/wp\/v2\/posts\/13242","targetHints":{"allow":["GET"]}}],"collection":[{"href":"https:\/\/sydialogue.org\/tr\/wp-json\/wp\/v2\/posts"}],"about":[{"href":"https:\/\/sydialogue.org\/tr\/wp-json\/wp\/v2\/types\/post"}],"author":[{"embeddable":true,"href":"https:\/\/sydialogue.org\/tr\/wp-json\/wp\/v2\/users\/1"}],"replies":[{"embeddable":true,"href":"https:\/\/sydialogue.org\/tr\/wp-json\/wp\/v2\/comments?post=13242"}],"version-history":[{"count":1,"href":"https:\/\/sydialogue.org\/tr\/wp-json\/wp\/v2\/posts\/13242\/revisions"}],"predecessor-version":[{"id":13246,"href":"https:\/\/sydialogue.org\/tr\/wp-json\/wp\/v2\/posts\/13242\/revisions\/13246"}],"wp:featuredmedia":[{"embeddable":true,"href":"https:\/\/sydialogue.org\/tr\/wp-json\/wp\/v2\/media\/13243"}],"wp:attachment":[{"href":"https:\/\/sydialogue.org\/tr\/wp-json\/wp\/v2\/media?parent=13242"}],"wp:term":[{"taxonomy":"category","embeddable":true,"href":"https:\/\/sydialogue.org\/tr\/wp-json\/wp\/v2\/categories?post=13242"},{"taxonomy":"post_tag","embeddable":true,"href":"https:\/\/sydialogue.org\/tr\/wp-json\/wp\/v2\/tags?post=13242"}],"curies":[{"name":"wp","href":"https:\/\/api.w.org\/{rel}","templated":true}]}}