{"id":13580,"date":"2023-05-12T18:35:41","date_gmt":"2023-05-12T15:35:41","guid":{"rendered":"http:\/\/sydialogue.org\/?p=13580"},"modified":"2024-02-01T16:59:11","modified_gmt":"2024-02-01T13:59:11","slug":"depremin-ve-turkiye-secimlerinin-turkiyedeki-suriyelilerin-kararina-yansimalari","status":"publish","type":"post","link":"https:\/\/sydialogue.org\/tr\/depremin-ve-turkiye-secimlerinin-turkiyedeki-suriyelilerin-kararina-yansimalari\/","title":{"rendered":"Depremin ve T\u00fcrkiye Se\u00e7imlerinin T\u00fcrkiye&#8217;deki Suriyelilerin Karar\u0131na Yans\u0131malar\u0131"},"content":{"rendered":"<h2 dir=\"ltr\" style=\"text-align: justify;\"><span style=\"color: #000080;\"><strong>\u00d6zet:<\/strong><\/span><\/h2>\n<p dir=\"ltr\" style=\"text-align: justify;\">T\u00fcrkiye&#8217;de ya\u015fayan Suriyeliler on y\u0131ldan fazla bir s\u00fcredir bu \u00fclkede, onlara y\u00f6nelik \u00e7ok iyi bir kar\u015f\u0131lamayla ba\u015flayan daha sonra da kendilerine kar\u015f\u0131 olan s\u00f6ylemin ve \u0131rk\u00e7\u0131 davran\u0131\u015flar\u0131n t\u0131rmanmas\u0131na ve nefret s\u00f6yleminin artmas\u0131na kadar varan bir dizi s\u00fcre\u00e7 ya\u015fad\u0131lar.<\/p>\n<p dir=\"ltr\" style=\"text-align: justify;\">T\u00fcrkiye siyasi veya ekonomik bir krize her ne vakit girse Suriyelilerin \u201columsuz\u201d varl\u0131\u011f\u0131 adeta T\u00fcrkiye g\u00fcndeminin bir gere\u011fi haline gelmi\u015f gibi. \u00d6yle ki Suriyelilerin varl\u0131\u011f\u0131, ba\u015fta muhalefet olmak \u00fczere bir\u00e7ok siyasi parti ve hareket taraf\u0131ndan kullan\u0131lmaya haz\u0131r bir kart i\u015flevi g\u00f6r\u00fcyor. B\u00f6ylece son bulmayacak \u015fekilde her se\u00e7imde ve ekonomik projede ya da ba\u015fka konulardaki i\u00e7 \u00e7at\u0131\u015fmalarda Suriye kart\u0131ndan faydalan\u0131l\u0131yor.<\/p>\n<p dir=\"ltr\" style=\"text-align: justify;\">\u015eubat 2023 depremi, T\u00fcrkiye&#8217;nin g\u00fcney illerinde ya\u015fayan Suriyelilerin b\u00fcy\u00fck \u00e7o\u011funlu\u011funun \u015fu anki durumu ve gelece\u011fi a\u00e7\u0131s\u0131ndan \u00f6nemli ve kritik bir olay oldu. Belki de bunun etkisi sadece bu kesimle yani g\u00fcney illerinde ya\u015fayan Suriyelilerle s\u0131n\u0131rl\u0131 kalmay\u0131p, onlar\u0131n d\u0131\u015f\u0131ndaki Suriyelileri de kapsayamakta.<\/p>\n<p dir=\"ltr\" style=\"text-align: justify;\">Bu de\u011fi\u015fiklikler \u0131\u015f\u0131\u011f\u0131nda; cumhurba\u015fkanl\u0131\u011f\u0131 ve parlamento se\u00e7im s\u00fcreci tart\u0131\u015fmalar\u0131nda Suriye kart\u0131n\u0131n da yer almas\u0131yla birlikte Suriyelilerin gelecekteki se\u00e7enekleri birbirinden farkl\u0131l\u0131k arz ediyor. Bu rapor, T\u00fcrkiye&#8217;nin g\u00fcney illerinde ve Suriye&#8217;de ya\u015fanan deprem felaketi sonras\u0131nda Suriyelilerin g\u00f6r\u00fc\u015f ve tercihlerine, korku ve kayg\u0131lar\u0131na \u0131\u015f\u0131k tutmak amac\u0131yla haz\u0131rland\u0131. Deprem, May\u0131s 2023&#8217;te ger\u00e7ekle\u015fmesi beklenen; T\u00fcrk siyasi partileri taraf\u0131ndan dile getirilen ve Suriyelilerin kaderini etkileyebilecek vaatleri de medya kampanyalar\u0131 ve propaganda programlar\u0131nda bar\u0131nd\u0131ran T\u00fcrkiye cumhurba\u015fkanl\u0131\u011f\u0131 ve parlamento se\u00e7imleri \u00f6ncesinde vuku buldu.<\/p>\n<p dir=\"ltr\" style=\"text-align: justify;\">Betimleyici yakla\u015f\u0131m\u0131 benimseyen rapor, \u00fc\u00e7 b\u00f6lgedeki 400 erkek ve kad\u0131n kat\u0131l\u0131mc\u0131n\u0131n analizini hedef ald\u0131: depremden ciddi \u015fekilde etkilenen eyaletler, daha az etkilenen deprem b\u00f6lgeleri ve depremin ya\u015fanmad\u0131\u011f\u0131 b\u00f6lgeler. Raporun ba\u011f\u0131ms\u0131z de\u011fi\u015fkenlerinin oransal temsili de g\u00f6zden ka\u00e7\u0131r\u0131lmad\u0131.<\/p>\n<p dir=\"ltr\" style=\"text-align: justify;\">Rapor, en \u00f6nemlilerini a\u015fa\u011f\u0131da maddelendirdi\u011fimiz bir dizi neticeyle sonu\u00e7land\u0131:<\/p>\n<ul dir=\"ltr\">\n<li style=\"text-align: justify;\">\u201cDeprem B\u00f6lgeleri\u201d raporunun \u00f6rnekleminin %17,76&#8217;s\u0131 ailesinden veya akrabalar\u0131ndan bir bireyi veya daha fazlas\u0131n\u0131 kaybetti.<\/li>\n<li style=\"text-align: justify;\">Maddi kay\u0131plar ciddi boyutta (evlerin y\u0131k\u0131lmas\u0131, ev e\u015fyalar\u0131n\u0131n hasar g\u00f6rmesi, sahip olunan para ve birikimlerin kaybolmas\u0131, t\u00fcccarlara ait \u00e7e\u015fitli e\u015fya ve mallar\u0131n\u0131n kaybolmas\u0131 ve kimlik belgelerinin kaybolmas\u0131).<\/li>\n<li style=\"text-align: justify;\">Rapor \u00f6rneklemindeki Suriyelilerin yar\u0131s\u0131 deprem ve sonu\u00e7lar\u0131 nedeniyle i\u015finden oldu.<\/li>\n<li style=\"text-align: justify;\">Suriyeli aileler; ailelerinden, akrabalar\u0131ndan veya gerek Suriye ve T\u00fcrkiye\u2019den gelecek olan gerekse uluslararas\u0131 kurum ve kurulu\u015flardan gelecek yard\u0131mlara g\u00fcveniyordu.<\/li>\n<li style=\"text-align: justify;\">Suriyelilerin; kendilerine y\u00f6nelik bir nefret s\u00f6ylemi, \u0131rk\u00e7\u0131l\u0131k ve d\u0131\u015flanman\u0131n oldu\u011fu y\u00f6n\u00fcndeki hislerinde art\u0131\u015f ya\u015fand\u0131.<\/li>\n<li style=\"text-align: justify;\">Rapor \u00f6rneklemi, deprem b\u00f6lgelerindeki Suriyelilerin \u201cb\u00fcy\u00fck oranda\u201d evlerinden \u00e7\u0131kar\u0131ld\u0131\u011f\u0131n\u0131 ve ev kiralar\u0131nda Suriyelilere y\u00f6nelik \u00e7ok y\u00fcksek art\u0131\u015flar\u0131n yap\u0131ld\u0131\u011f\u0131n\u0131 kaydetti.<\/li>\n<li style=\"text-align: justify;\">\u00d6rneklem a\u00e7\u0131s\u0131ndan bak\u0131ld\u0131\u011f\u0131nda: Suriyelilerin s\u0131n\u0131r d\u0131\u015f\u0131 edilmesine y\u00f6nelik taleplerde bir art\u0131\u015f var ve buna baz\u0131 Suriyelilerin dayak, sald\u0131r\u0131 ya da sald\u0131r\u0131 giri\u015fimi gibi fiziksel \u015fiddet \u00e7e\u015fitlerine maruz kalmalar\u0131 da e\u015flik ediyor. T\u00fcrkiye toplumsal sahnesinde \u015fu an en \u00f6n planda olan \u015feyler de \u0131rk\u00e7\u0131 davran\u0131\u015flar ve Suriyelilerin varl\u0131\u011f\u0131 hakk\u0131ndaki s\u00f6ylenmeler\/homurdanmalar olarak kald\u0131.<\/li>\n<li style=\"text-align: justify;\">\u00d6rneklem, depremin en fazla hissedildi\u011fi b\u00f6lgeler olan Hatay ve Mara\u015f&#8217;ta di\u011fer deprem illerine g\u00f6re daha y\u00fcksek bir oranda \u201cmaddi ve manevi\u201d anlamdaki sert davran\u0131\u015flar\u0131n artt\u0131\u011f\u0131n\u0131 s\u00f6yl\u00fcyor.<\/li>\n<li style=\"text-align: justify;\">Deprem b\u00f6lgeleri raporunun \u00f6rneklemindeki Suriyeliler, depremin ard\u0131ndan Avrupa&#8217;ya g\u00f6\u00e7 etmek, ba\u015fka bir \u00fclkeye g\u00f6\u00e7 etmek, T\u00fcrkiye\u2019nin ba\u015fka bir iline ta\u015f\u0131nmak ya da Suriye&#8217;ye d\u00f6nmek gibi bir\u00e7ok senaryoyu masaya yat\u0131rd\u0131. Ancak bunlardan son ihtimalin y\u00fczdesi en d\u00fc\u015f\u00fck seviyedeydi.<\/li>\n<li style=\"text-align: justify;\">Rapor \u00f6rneklemindeki Suriyelileri T\u00fcrkiye&#8217;den ayr\u0131lmaya iten nedenlerin ba\u015f\u0131nda \u201cistikrar\u0131n yoklu\u011fu hissi\u201d geliyordu.<\/li>\n<li style=\"text-align: justify;\">Rapor \u00f6rneklemindeki bireyler, T\u00fcrkiye se\u00e7imlerine y\u00f6nelik hislerinden bahsederek \u00e7e\u015fitli korkular\u0131n\u0131 dile getirdiler. Korkular\u0131, ak\u0131betlerinin ne olaca\u011f\u0131na dair endi\u015feler ve se\u00e7imlerin iyi gitmemesi halinde kendilerine y\u00f6nelik sald\u0131r\u0131 korkusu gibi sebeplere dayan\u0131yordu.<\/li>\n<li style=\"text-align: justify;\">Suriyelileri en \u00e7ok endi\u015felendiren \u015fey, \u00f6zellikle yakla\u015fan se\u00e7imleri T\u00fcrk muhalefetinin kazanmas\u0131 durumunda kendilerine y\u00f6nelik huzur bozucu ve sald\u0131rgan tutumlar\u0131n artaca\u011f\u0131 korkusu.<\/li>\n<li style=\"text-align: justify;\">Rapor \u00f6rneklemi, yakla\u015fan T\u00fcrkiye se\u00e7imlerini muhalefetin kazanmas\u0131 durumunda Suriyelilerin T\u00fcrkiye&#8217;deki ya\u015famlar\u0131n\u0131 k\u0131s\u0131tlayan kararlar ve yasalar, Esad rejimiyle normalle\u015fme, zorla Suriye&#8217;ye yollanma ve Suriyelilere y\u00f6nelik \u015fiddet eylemleri t\u00fcr\u00fcnden olumsuz faaliyetlerin olmas\u0131ndan endi\u015fe duyuyor.<\/li>\n<li style=\"text-align: justify;\">\u00d6rneklemin %30,5&#8217;i Avrupa&#8217;ya, %30,8&#8217;i T\u00fcrkiye d\u0131\u015f\u0131nda ba\u015fka \u00fclkelere g\u00f6\u00e7 etmeyi, %4,8&#8217;i ise Suriye&#8217;ye d\u00f6nmeyi d\u00fc\u015f\u00fcnd\u00fc.<\/li>\n<\/ul>\n<p dir=\"ltr\" style=\"text-align: left;\">Raporun tamam\u0131n\u0131 okumak i\u00e7in (<a href=\"http:\/\/sydialogue.org\/%d8%a7%d8%b1%d8%aa%d8%af%d8%a7%d8%af%d8%a7%d8%aa-%d8%a7%d9%84%d8%b2%d9%84%d8%b2%d8%a7%d9%84-%d9%88%d8%a7%d9%84%d8%a7%d9%86%d8%aa%d8%ae%d8%a7%d8%a8%d8%a7%d8%aa-%d8%a7%d9%84%d8%aa%d8%b1%d9%83%d9%8a\/\">Arap\u00e7a<\/a>)<\/p>\n","protected":false},"excerpt":{"rendered":"<p>Bu rapor, T\u00fcrkiye\u2019deki Suriyelilerin ya\u015fanan deprem ve gelecek se\u00e7imler sonras\u0131ndaki geli\u015fmeler \u0131\u015f\u0131\u011f\u0131nda, kendileri i\u00e7in var olan se\u00e7eneklere ve d\u00fc\u015f\u00fcncelerine \u0131\u015f\u0131k tutuyor. <\/p>\n","protected":false},"author":1,"featured_media":13649,"comment_status":"open","ping_status":"closed","sticky":false,"template":"","format":"standard","meta":{"_acf_changed":false,"footnotes":""},"categories":[78,93,49],"tags":[],"class_list":["post-13580","post","type-post","status-publish","format-standard","has-post-thumbnail","hentry","category-research-and-studies-tr","category-sosyal-birim","category-yayinlar"],"acf":[],"yoast_head":"<!-- This site is optimized with the Yoast SEO plugin v26.0 - https:\/\/yoast.com\/wordpress\/plugins\/seo\/ -->\n<title>Depremin ve T\u00fcrkiye Se\u00e7imlerinin T\u00fcrkiye&#039;deki Suriyelilerin Karar\u0131na Yans\u0131malar\u0131 - Suriye Diyalog Merkezi<\/title>\n<meta name=\"description\" content=\"Bu rapor, T\u00fcrkiye\u2019deki Suriyelilerin ya\u015fanan deprem ve gelecek se\u00e7imler sonras\u0131ndaki geli\u015fmeler \u0131\u015f\u0131\u011f\u0131nda, kendileri i\u00e7in var olan se\u00e7eneklere ve d\u00fc\u015f\u00fcncelerine \u0131\u015f\u0131k tutuyor.\" \/>\n<meta name=\"robots\" content=\"index, follow, max-snippet:-1, max-image-preview:large, max-video-preview:-1\" \/>\n<link rel=\"canonical\" href=\"https:\/\/sydialogue.org\/tr\/depremin-ve-turkiye-secimlerinin-turkiyedeki-suriyelilerin-kararina-yansimalari\/\" \/>\n<meta property=\"og:locale\" content=\"tr_TR\" \/>\n<meta property=\"og:type\" content=\"article\" \/>\n<meta property=\"og:title\" content=\"Depremin ve T\u00fcrkiye Se\u00e7imlerinin T\u00fcrkiye&#039;deki Suriyelilerin Karar\u0131na Yans\u0131malar\u0131 - Suriye Diyalog Merkezi\" \/>\n<meta property=\"og:description\" content=\"Bu rapor, T\u00fcrkiye\u2019deki Suriyelilerin ya\u015fanan deprem ve gelecek se\u00e7imler sonras\u0131ndaki geli\u015fmeler \u0131\u015f\u0131\u011f\u0131nda, kendileri i\u00e7in var olan se\u00e7eneklere ve d\u00fc\u015f\u00fcncelerine \u0131\u015f\u0131k tutuyor.\" \/>\n<meta property=\"og:url\" content=\"https:\/\/sydialogue.org\/tr\/depremin-ve-turkiye-secimlerinin-turkiyedeki-suriyelilerin-kararina-yansimalari\/\" \/>\n<meta property=\"og:site_name\" content=\"Suriye Diyalog Merkezi\" \/>\n<meta property=\"article:publisher\" content=\"https:\/\/www.facebook.com\/Sydialogue\" \/>\n<meta property=\"article:published_time\" content=\"2023-05-12T15:35:41+00:00\" \/>\n<meta property=\"article:modified_time\" content=\"2024-02-01T13:59:11+00:00\" \/>\n<meta property=\"og:image\" content=\"https:\/\/sydialogue.org\/wp-content\/uploads\/2023\/05\/tr143.jpg\" \/>\n\t<meta property=\"og:image:width\" content=\"2308\" \/>\n\t<meta property=\"og:image:height\" content=\"1159\" \/>\n\t<meta property=\"og:image:type\" content=\"image\/jpeg\" \/>\n<meta name=\"author\" content=\"\u0645\u0631\u0643\u0632 \u0627\u0644\u062d\u0648\u0627\u0631 \u0627\u0644\u0633\u0648\u0631\u064a\" \/>\n<meta name=\"twitter:card\" content=\"summary_large_image\" \/>\n<meta name=\"twitter:creator\" content=\"@Sydialogue\" \/>\n<meta name=\"twitter:site\" content=\"@Sydialogue\" \/>\n<meta name=\"twitter:label1\" content=\"Yazan:\" \/>\n\t<meta name=\"twitter:data1\" content=\"\u0645\u0631\u0643\u0632 \u0627\u0644\u062d\u0648\u0627\u0631 \u0627\u0644\u0633\u0648\u0631\u064a\" \/>\n\t<meta name=\"twitter:label2\" content=\"Tahmini okuma s\u00fcresi\" \/>\n\t<meta name=\"twitter:data2\" content=\"5 dakika\" \/>\n<script type=\"application\/ld+json\" class=\"yoast-schema-graph\">{\"@context\":\"https:\/\/schema.org\",\"@graph\":[{\"@type\":\"WebPage\",\"@id\":\"https:\/\/sydialogue.org\/tr\/depremin-ve-turkiye-secimlerinin-turkiyedeki-suriyelilerin-kararina-yansimalari\/\",\"url\":\"https:\/\/sydialogue.org\/tr\/depremin-ve-turkiye-secimlerinin-turkiyedeki-suriyelilerin-kararina-yansimalari\/\",\"name\":\"Depremin ve T\u00fcrkiye Se\u00e7imlerinin T\u00fcrkiye'deki Suriyelilerin Karar\u0131na Yans\u0131malar\u0131 - Suriye Diyalog Merkezi\",\"isPartOf\":{\"@id\":\"https:\/\/sydialogue.org\/tr\/#website\"},\"primaryImageOfPage\":{\"@id\":\"https:\/\/sydialogue.org\/tr\/depremin-ve-turkiye-secimlerinin-turkiyedeki-suriyelilerin-kararina-yansimalari\/#primaryimage\"},\"image\":{\"@id\":\"https:\/\/sydialogue.org\/tr\/depremin-ve-turkiye-secimlerinin-turkiyedeki-suriyelilerin-kararina-yansimalari\/#primaryimage\"},\"thumbnailUrl\":\"https:\/\/e8nd7pn44jx.exactdn.com\/wp-content\/uploads\/2023\/05\/tr143.jpg?strip=all\",\"datePublished\":\"2023-05-12T15:35:41+00:00\",\"dateModified\":\"2024-02-01T13:59:11+00:00\",\"author\":{\"@id\":\"https:\/\/sydialogue.org\/tr\/#\/schema\/person\/34a2994f7414cbc7ce06e08267c4944d\"},\"description\":\"Bu rapor, T\u00fcrkiye\u2019deki Suriyelilerin ya\u015fanan deprem ve gelecek se\u00e7imler sonras\u0131ndaki geli\u015fmeler \u0131\u015f\u0131\u011f\u0131nda, kendileri i\u00e7in var olan se\u00e7eneklere ve d\u00fc\u015f\u00fcncelerine \u0131\u015f\u0131k tutuyor.\",\"breadcrumb\":{\"@id\":\"https:\/\/sydialogue.org\/tr\/depremin-ve-turkiye-secimlerinin-turkiyedeki-suriyelilerin-kararina-yansimalari\/#breadcrumb\"},\"inLanguage\":\"tr\",\"potentialAction\":[{\"@type\":\"ReadAction\",\"target\":[\"https:\/\/sydialogue.org\/tr\/depremin-ve-turkiye-secimlerinin-turkiyedeki-suriyelilerin-kararina-yansimalari\/\"]}]},{\"@type\":\"ImageObject\",\"inLanguage\":\"tr\",\"@id\":\"https:\/\/sydialogue.org\/tr\/depremin-ve-turkiye-secimlerinin-turkiyedeki-suriyelilerin-kararina-yansimalari\/#primaryimage\",\"url\":\"https:\/\/e8nd7pn44jx.exactdn.com\/wp-content\/uploads\/2023\/05\/tr143.jpg?strip=all\",\"contentUrl\":\"https:\/\/e8nd7pn44jx.exactdn.com\/wp-content\/uploads\/2023\/05\/tr143.jpg?strip=all\",\"width\":2308,\"height\":1159},{\"@type\":\"BreadcrumbList\",\"@id\":\"https:\/\/sydialogue.org\/tr\/depremin-ve-turkiye-secimlerinin-turkiyedeki-suriyelilerin-kararina-yansimalari\/#breadcrumb\",\"itemListElement\":[{\"@type\":\"ListItem\",\"position\":1,\"name\":\"\u0627\u0644\u0631\u0626\u064a\u0633\u064a\u0629\",\"item\":\"https:\/\/sydialogue.org\/tr\/\"},{\"@type\":\"ListItem\",\"position\":2,\"name\":\"Depremin ve T\u00fcrkiye Se\u00e7imlerinin T\u00fcrkiye&#8217;deki Suriyelilerin Karar\u0131na Yans\u0131malar\u0131\"}]},{\"@type\":\"WebSite\",\"@id\":\"https:\/\/sydialogue.org\/tr\/#website\",\"url\":\"https:\/\/sydialogue.org\/tr\/\",\"name\":\"\u0645\u0631\u0643\u0632 \u0627\u0644\u062d\u0648\u0627\u0631 \u0627\u0644\u0633\u0648\u0631\u064a\",\"description\":\"Suriyeli bir sivil kurum, Suriye halk\u0131n\u0131 ilgilendiren konularda diyalo\u011fu canland\u0131rmay\u0131 ve harekete ge\u00e7irmeyi hedefliyor ve Suriyeliler aras\u0131nda ili\u015fkileri g\u00fc\u00e7lendirmeye ve i\u015fbirli\u011fi ve koordinasyonu harekete ge\u00e7irmeye \u00e7al\u0131\u015f\u0131yor.\",\"potentialAction\":[{\"@type\":\"SearchAction\",\"target\":{\"@type\":\"EntryPoint\",\"urlTemplate\":\"https:\/\/sydialogue.org\/tr\/?s={search_term_string}\"},\"query-input\":{\"@type\":\"PropertyValueSpecification\",\"valueRequired\":true,\"valueName\":\"search_term_string\"}}],\"inLanguage\":\"tr\"},{\"@type\":\"Person\",\"@id\":\"https:\/\/sydialogue.org\/tr\/#\/schema\/person\/34a2994f7414cbc7ce06e08267c4944d\",\"name\":\"\u0645\u0631\u0643\u0632 \u0627\u0644\u062d\u0648\u0627\u0631 \u0627\u0644\u0633\u0648\u0631\u064a\",\"image\":{\"@type\":\"ImageObject\",\"inLanguage\":\"tr\",\"@id\":\"https:\/\/sydialogue.org\/tr\/#\/schema\/person\/image\/\",\"url\":\"https:\/\/sydialogue.org\/wp-content\/uploads\/2023\/09\/\u0644\u0648\u063a\u0648-\u062e\u0644\u0641\u064a\u0629-\u0634\u0641\u0627\u0641\u0629-1.png\",\"contentUrl\":\"https:\/\/sydialogue.org\/wp-content\/uploads\/2023\/09\/\u0644\u0648\u063a\u0648-\u062e\u0644\u0641\u064a\u0629-\u0634\u0641\u0627\u0641\u0629-1.png\",\"caption\":\"\u0645\u0631\u0643\u0632 \u0627\u0644\u062d\u0648\u0627\u0631 \u0627\u0644\u0633\u0648\u0631\u064a\"},\"description\":\"\u0645\u0624\u0633\u0633\u0629 \u0628\u062d\u062b\u064a\u0629 \u0633\u0648\u0631\u064a\u0629 \u062a\u0633\u0639\u0649 \u0625\u0644\u0649 \u0627\u0644\u0625\u0633\u0647\u0627\u0645 \u0641\u064a \u0628\u0646\u0627\u0621 \u0627\u0644\u0631\u0624\u0649 \u0648\u0627\u0644\u0645\u0639\u0627\u0631\u0641 \u0628\u0645\u0627 \u064a\u0633\u0627\u0639\u062f \u0627\u0644\u0633\u0648\u0631\u064a\u064a\u0646 \u0639\u0644\u0649 \u0625\u0646\u0636\u0627\u062c \u062d\u0644\u0648\u0644 \u0639\u0645\u0644\u064a\u0629 \u0644\u0645\u0648\u0627\u062c\u0647\u0629 \u0627\u0644\u062a\u062d\u062f\u064a\u0627\u062a \u0627\u0644\u0648\u0637\u0646\u064a\u0629 \u0627\u0644\u0645\u0634\u062a\u0631\u0643\u0629 \u0648\u062a\u062d\u0642\u064a\u0642 \u0627\u0644\u062a\u0646\u0645\u064a\u0629 \u0627\u0644\u0645\u0633\u062a\u062f\u0627\u0645\u0629\",\"sameAs\":[\"http:\/\/sydialogue.org\/\",\"Syrian Dialogue Center\"],\"url\":\"#molongui-disabled-link\"}]}<\/script>\n<!-- \/ Yoast SEO plugin. -->","yoast_head_json":{"title":"Depremin ve T\u00fcrkiye Se\u00e7imlerinin T\u00fcrkiye'deki Suriyelilerin Karar\u0131na Yans\u0131malar\u0131 - Suriye Diyalog Merkezi","description":"Bu rapor, T\u00fcrkiye\u2019deki Suriyelilerin ya\u015fanan deprem ve gelecek se\u00e7imler sonras\u0131ndaki geli\u015fmeler \u0131\u015f\u0131\u011f\u0131nda, kendileri i\u00e7in var olan se\u00e7eneklere ve d\u00fc\u015f\u00fcncelerine \u0131\u015f\u0131k tutuyor.","robots":{"index":"index","follow":"follow","max-snippet":"max-snippet:-1","max-image-preview":"max-image-preview:large","max-video-preview":"max-video-preview:-1"},"canonical":"https:\/\/sydialogue.org\/tr\/depremin-ve-turkiye-secimlerinin-turkiyedeki-suriyelilerin-kararina-yansimalari\/","og_locale":"tr_TR","og_type":"article","og_title":"Depremin ve T\u00fcrkiye Se\u00e7imlerinin T\u00fcrkiye'deki Suriyelilerin Karar\u0131na Yans\u0131malar\u0131 - Suriye Diyalog Merkezi","og_description":"Bu rapor, T\u00fcrkiye\u2019deki Suriyelilerin ya\u015fanan deprem ve gelecek se\u00e7imler sonras\u0131ndaki geli\u015fmeler \u0131\u015f\u0131\u011f\u0131nda, kendileri i\u00e7in var olan se\u00e7eneklere ve d\u00fc\u015f\u00fcncelerine \u0131\u015f\u0131k tutuyor.","og_url":"https:\/\/sydialogue.org\/tr\/depremin-ve-turkiye-secimlerinin-turkiyedeki-suriyelilerin-kararina-yansimalari\/","og_site_name":"Suriye Diyalog Merkezi","article_publisher":"https:\/\/www.facebook.com\/Sydialogue","article_published_time":"2023-05-12T15:35:41+00:00","article_modified_time":"2024-02-01T13:59:11+00:00","og_image":[{"width":2308,"height":1159,"url":"https:\/\/sydialogue.org\/wp-content\/uploads\/2023\/05\/tr143.jpg","type":"image\/jpeg"}],"author":"\u0645\u0631\u0643\u0632 \u0627\u0644\u062d\u0648\u0627\u0631 \u0627\u0644\u0633\u0648\u0631\u064a","twitter_card":"summary_large_image","twitter_creator":"@Sydialogue","twitter_site":"@Sydialogue","twitter_misc":{"Yazan:":"\u0645\u0631\u0643\u0632 \u0627\u0644\u062d\u0648\u0627\u0631 \u0627\u0644\u0633\u0648\u0631\u064a","Tahmini okuma s\u00fcresi":"5 dakika"},"schema":{"@context":"https:\/\/schema.org","@graph":[{"@type":"WebPage","@id":"https:\/\/sydialogue.org\/tr\/depremin-ve-turkiye-secimlerinin-turkiyedeki-suriyelilerin-kararina-yansimalari\/","url":"https:\/\/sydialogue.org\/tr\/depremin-ve-turkiye-secimlerinin-turkiyedeki-suriyelilerin-kararina-yansimalari\/","name":"Depremin ve T\u00fcrkiye Se\u00e7imlerinin T\u00fcrkiye'deki Suriyelilerin Karar\u0131na Yans\u0131malar\u0131 - Suriye Diyalog Merkezi","isPartOf":{"@id":"https:\/\/sydialogue.org\/tr\/#website"},"primaryImageOfPage":{"@id":"https:\/\/sydialogue.org\/tr\/depremin-ve-turkiye-secimlerinin-turkiyedeki-suriyelilerin-kararina-yansimalari\/#primaryimage"},"image":{"@id":"https:\/\/sydialogue.org\/tr\/depremin-ve-turkiye-secimlerinin-turkiyedeki-suriyelilerin-kararina-yansimalari\/#primaryimage"},"thumbnailUrl":"https:\/\/e8nd7pn44jx.exactdn.com\/wp-content\/uploads\/2023\/05\/tr143.jpg?strip=all","datePublished":"2023-05-12T15:35:41+00:00","dateModified":"2024-02-01T13:59:11+00:00","author":{"@id":"https:\/\/sydialogue.org\/tr\/#\/schema\/person\/34a2994f7414cbc7ce06e08267c4944d"},"description":"Bu rapor, T\u00fcrkiye\u2019deki Suriyelilerin ya\u015fanan deprem ve gelecek se\u00e7imler sonras\u0131ndaki geli\u015fmeler \u0131\u015f\u0131\u011f\u0131nda, kendileri i\u00e7in var olan se\u00e7eneklere ve d\u00fc\u015f\u00fcncelerine \u0131\u015f\u0131k tutuyor.","breadcrumb":{"@id":"https:\/\/sydialogue.org\/tr\/depremin-ve-turkiye-secimlerinin-turkiyedeki-suriyelilerin-kararina-yansimalari\/#breadcrumb"},"inLanguage":"tr","potentialAction":[{"@type":"ReadAction","target":["https:\/\/sydialogue.org\/tr\/depremin-ve-turkiye-secimlerinin-turkiyedeki-suriyelilerin-kararina-yansimalari\/"]}]},{"@type":"ImageObject","inLanguage":"tr","@id":"https:\/\/sydialogue.org\/tr\/depremin-ve-turkiye-secimlerinin-turkiyedeki-suriyelilerin-kararina-yansimalari\/#primaryimage","url":"https:\/\/e8nd7pn44jx.exactdn.com\/wp-content\/uploads\/2023\/05\/tr143.jpg?strip=all","contentUrl":"https:\/\/e8nd7pn44jx.exactdn.com\/wp-content\/uploads\/2023\/05\/tr143.jpg?strip=all","width":2308,"height":1159},{"@type":"BreadcrumbList","@id":"https:\/\/sydialogue.org\/tr\/depremin-ve-turkiye-secimlerinin-turkiyedeki-suriyelilerin-kararina-yansimalari\/#breadcrumb","itemListElement":[{"@type":"ListItem","position":1,"name":"\u0627\u0644\u0631\u0626\u064a\u0633\u064a\u0629","item":"https:\/\/sydialogue.org\/tr\/"},{"@type":"ListItem","position":2,"name":"Depremin ve T\u00fcrkiye Se\u00e7imlerinin T\u00fcrkiye&#8217;deki Suriyelilerin Karar\u0131na Yans\u0131malar\u0131"}]},{"@type":"WebSite","@id":"https:\/\/sydialogue.org\/tr\/#website","url":"https:\/\/sydialogue.org\/tr\/","name":"\u0645\u0631\u0643\u0632 \u0627\u0644\u062d\u0648\u0627\u0631 \u0627\u0644\u0633\u0648\u0631\u064a","description":"Suriyeli bir sivil kurum, Suriye halk\u0131n\u0131 ilgilendiren konularda diyalo\u011fu canland\u0131rmay\u0131 ve harekete ge\u00e7irmeyi hedefliyor ve Suriyeliler aras\u0131nda ili\u015fkileri g\u00fc\u00e7lendirmeye ve i\u015fbirli\u011fi ve koordinasyonu harekete ge\u00e7irmeye \u00e7al\u0131\u015f\u0131yor.","potentialAction":[{"@type":"SearchAction","target":{"@type":"EntryPoint","urlTemplate":"https:\/\/sydialogue.org\/tr\/?s={search_term_string}"},"query-input":{"@type":"PropertyValueSpecification","valueRequired":true,"valueName":"search_term_string"}}],"inLanguage":"tr"},{"@type":"Person","@id":"https:\/\/sydialogue.org\/tr\/#\/schema\/person\/34a2994f7414cbc7ce06e08267c4944d","name":"\u0645\u0631\u0643\u0632 \u0627\u0644\u062d\u0648\u0627\u0631 \u0627\u0644\u0633\u0648\u0631\u064a","image":{"@type":"ImageObject","inLanguage":"tr","@id":"https:\/\/sydialogue.org\/tr\/#\/schema\/person\/image\/","url":"https:\/\/sydialogue.org\/wp-content\/uploads\/2023\/09\/\u0644\u0648\u063a\u0648-\u062e\u0644\u0641\u064a\u0629-\u0634\u0641\u0627\u0641\u0629-1.png","contentUrl":"https:\/\/sydialogue.org\/wp-content\/uploads\/2023\/09\/\u0644\u0648\u063a\u0648-\u062e\u0644\u0641\u064a\u0629-\u0634\u0641\u0627\u0641\u0629-1.png","caption":"\u0645\u0631\u0643\u0632 \u0627\u0644\u062d\u0648\u0627\u0631 \u0627\u0644\u0633\u0648\u0631\u064a"},"description":"\u0645\u0624\u0633\u0633\u0629 \u0628\u062d\u062b\u064a\u0629 \u0633\u0648\u0631\u064a\u0629 \u062a\u0633\u0639\u0649 \u0625\u0644\u0649 \u0627\u0644\u0625\u0633\u0647\u0627\u0645 \u0641\u064a \u0628\u0646\u0627\u0621 \u0627\u0644\u0631\u0624\u0649 \u0648\u0627\u0644\u0645\u0639\u0627\u0631\u0641 \u0628\u0645\u0627 \u064a\u0633\u0627\u0639\u062f \u0627\u0644\u0633\u0648\u0631\u064a\u064a\u0646 \u0639\u0644\u0649 \u0625\u0646\u0636\u0627\u062c \u062d\u0644\u0648\u0644 \u0639\u0645\u0644\u064a\u0629 \u0644\u0645\u0648\u0627\u062c\u0647\u0629 \u0627\u0644\u062a\u062d\u062f\u064a\u0627\u062a \u0627\u0644\u0648\u0637\u0646\u064a\u0629 \u0627\u0644\u0645\u0634\u062a\u0631\u0643\u0629 \u0648\u062a\u062d\u0642\u064a\u0642 \u0627\u0644\u062a\u0646\u0645\u064a\u0629 \u0627\u0644\u0645\u0633\u062a\u062f\u0627\u0645\u0629","sameAs":["http:\/\/sydialogue.org\/","Syrian Dialogue Center"],"url":"#molongui-disabled-link"}]}},"_links":{"self":[{"href":"https:\/\/sydialogue.org\/tr\/wp-json\/wp\/v2\/posts\/13580","targetHints":{"allow":["GET"]}}],"collection":[{"href":"https:\/\/sydialogue.org\/tr\/wp-json\/wp\/v2\/posts"}],"about":[{"href":"https:\/\/sydialogue.org\/tr\/wp-json\/wp\/v2\/types\/post"}],"author":[{"embeddable":true,"href":"https:\/\/sydialogue.org\/tr\/wp-json\/wp\/v2\/users\/1"}],"replies":[{"embeddable":true,"href":"https:\/\/sydialogue.org\/tr\/wp-json\/wp\/v2\/comments?post=13580"}],"version-history":[{"count":2,"href":"https:\/\/sydialogue.org\/tr\/wp-json\/wp\/v2\/posts\/13580\/revisions"}],"predecessor-version":[{"id":13585,"href":"https:\/\/sydialogue.org\/tr\/wp-json\/wp\/v2\/posts\/13580\/revisions\/13585"}],"wp:featuredmedia":[{"embeddable":true,"href":"https:\/\/sydialogue.org\/tr\/wp-json\/wp\/v2\/media\/13649"}],"wp:attachment":[{"href":"https:\/\/sydialogue.org\/tr\/wp-json\/wp\/v2\/media?parent=13580"}],"wp:term":[{"taxonomy":"category","embeddable":true,"href":"https:\/\/sydialogue.org\/tr\/wp-json\/wp\/v2\/categories?post=13580"},{"taxonomy":"post_tag","embeddable":true,"href":"https:\/\/sydialogue.org\/tr\/wp-json\/wp\/v2\/tags?post=13580"}],"curies":[{"name":"wp","href":"https:\/\/api.w.org\/{rel}","templated":true}]}}