{"id":18850,"date":"2025-09-12T18:49:28","date_gmt":"2025-09-12T15:49:28","guid":{"rendered":"https:\/\/sydialogue.org\/?p=18850"},"modified":"2025-09-12T18:49:28","modified_gmt":"2025-09-12T15:49:28","slug":"suriye-ve-kara-ekonomi-ile-mucadele","status":"publish","type":"post","link":"https:\/\/sydialogue.org\/tr\/suriye-ve-kara-ekonomi-ile-mucadele\/","title":{"rendered":"Suriye ve Kara Ekonomi ile M\u00fccadele"},"content":{"rendered":"<h3 dir=\"ltr\"><span style=\"color: #000080;\"><strong>\u00d6zet:<\/strong><\/span><\/h3>\n<p dir=\"ltr\">Bu rapor, Suriye\u2019de kara ekonomisi sorununu, devrik Esad rejimi d\u00f6neminde derinle\u015fen en \u00f6nemli meydan okumalardan biri olarak ele almaktad\u0131r. Raporda, kara ekonominin resmi \u00e7er\u00e7evede kaydedilmeyen veya yasa d\u0131\u015f\u0131 faaliyetleri kapsad\u0131\u011f\u0131 vurgulanmaktad\u0131r. Bunlar aras\u0131nda uyu\u015fturucu ve silah ticareti, mal ve tarihi eser ka\u00e7ak\u00e7\u0131l\u0131\u011f\u0131, petrol ve madenlerin yasa d\u0131\u015f\u0131 \u00e7\u0131kar\u0131lmas\u0131, ayr\u0131ca vergi ka\u00e7ak\u00e7\u0131l\u0131\u011f\u0131, kay\u0131t d\u0131\u015f\u0131 istihdam ve d\u00f6viz kuru manip\u00fclasyonu yer almaktad\u0131r. Rapor, \u00e7at\u0131\u015fmalar\u0131n ve sava\u015flar\u0131n devlet kurumlar\u0131n\u0131n zay\u0131flamas\u0131, denetim mekanizmalar\u0131n\u0131n \u00e7\u00f6kmesi ve yolsuzlu\u011fun yay\u0131lmas\u0131 nedeniyle bu t\u00fcr uygulamalar\u0131n geli\u015fmesi i\u00e7in verimli bir zemin olu\u015fturdu\u011funu ileri s\u00fcrmektedir.<\/p>\n<p dir=\"ltr\">Suriye \u00f6rne\u011finde, 2011 sonras\u0131 devlet kurumlar\u0131n\u0131n k\u0131smi \u00e7\u00f6k\u00fc\u015f\u00fc ve g\u00fcvenlik bo\u015flu\u011fu, kay\u0131t d\u0131\u015f\u0131 ve yasa d\u0131\u015f\u0131 ekonominin \u00f6nemli \u00f6l\u00e7\u00fcde geni\u015flemesine yol a\u00e7m\u0131\u015ft\u0131r. Uyu\u015fturucu ticareti, \u00e7o\u011fu Esad rejimi veya \u0130ran destekli milislerle ba\u011flant\u0131l\u0131 farkl\u0131 akt\u00f6rler taraf\u0131ndan y\u00fcr\u00fct\u00fclen geni\u015f \u00e7apl\u0131 bir faaliyet haline gelmi\u015ftir. Silah ka\u00e7ak\u00e7\u0131l\u0131\u011f\u0131 s\u0131n\u0131rlar ve devlet kontrol\u00fc d\u0131\u015f\u0131ndaki b\u00f6lgelerde yay\u0131lm\u0131\u015ft\u0131r. Petrol ve madenler gibi do\u011fal kaynaklar, I\u015e\u0130D veya di\u011fer devlet d\u0131\u015f\u0131 akt\u00f6rler taraf\u0131ndan s\u00f6m\u00fcr\u00fclm\u00fc\u015ft\u00fcr. Ayn\u0131 zamanda, arkeolojik alanlar sistematik olarak ya\u011fmalanm\u0131\u015f ve ka\u00e7\u0131r\u0131lm\u0131\u015f, kara borsa d\u00f6viz ticareti ise geni\u015f manip\u00fclasyon ve istismar alanlar\u0131 sunmu\u015ftur. Bu dinamikler, devletin gelir toplama kapasitesini zay\u0131flatm\u0131\u015f, resmi ekonomiye zarar vermi\u015f ve silahl\u0131 gruplar\u0131n genel istikrar pahas\u0131na kendi finansmanlar\u0131n\u0131 sa\u011flamalar\u0131na olanak tan\u0131m\u0131\u015ft\u0131r.<\/p>\n<p dir=\"ltr\">Rapor, benzer sorunlarla kar\u015f\u0131la\u015fan \u00fclkelerin deneyimlerini incelemektedir. \u00d6rne\u011fin Ruanda\u2019da vergi reformlar\u0131, dijitalle\u015fme ve yolsuzlukla m\u00fccadele, kay\u0131t d\u0131\u015f\u0131 ekonominin alan\u0131n\u0131 daraltm\u0131\u015ft\u0131r. Afganistan\u2019da Taliban h\u00fck\u00fcmeti uyu\u015fturucuya kar\u015f\u0131 kat\u0131 \u00f6nlemler uygulam\u0131\u015ft\u0131r. El Salvador, organize \u00e7etelere kar\u015f\u0131 sert bir g\u00fcvenlik yakla\u015f\u0131m\u0131 benimsemi\u015f, ancak bu durum insan haklar\u0131 a\u00e7\u0131s\u0131ndan ele\u015ftirilmi\u015ftir. Dikkate de\u011fer di\u011fer \u00f6rnekler aras\u0131nda Vietnam ve Nijerya\u2019n\u0131n polimer banknot kullanarak sahte para ile m\u00fccadele \u00e7abalar\u0131; Uruguay\u2019\u0131n kay\u0131t d\u0131\u015f\u0131 i\u015f\u00e7ilerin resmi ekonomiye entegrasyonunu kolayla\u015ft\u0131ran politikalar\u0131; ve Avustralya\u2019n\u0131n silahlar\u0131n yay\u0131lmas\u0131n\u0131 \u00f6nlemek i\u00e7in s\u0131k\u0131 yasalar ve \u00fclke \u00e7ap\u0131nda kampanyalar y\u00fcr\u00fctmesi yer almaktad\u0131r.<\/p>\n<p dir=\"ltr\">Bu \u00f6rneklerden yola \u00e7\u0131karak, rapor Suriye i\u00e7in acil, orta ve uzun vadeli \u00f6nlemlere ayr\u0131lm\u0131\u015f \u00f6neriler sunmaktad\u0131r. Ba\u015fl\u0131ca \u00f6neriler aras\u0131nda; g\u00fcvenlik \u00f6nlemlerinin g\u00fc\u00e7lendirilmesi ve uyu\u015fturucu \u00fcretimine dahil olan siviller i\u00e7in ekonomik alternatiflerin sa\u011flanmas\u0131yla uyu\u015fturucu ticaretinin \u00f6nlenmesi; petrol ve madenler gibi do\u011fal kaynaklar\u0131n yeniden kontrol alt\u0131na al\u0131nmas\u0131; tarihi eserlerin ya\u011fmalanmas\u0131 ve ka\u00e7\u0131r\u0131lmas\u0131na kat\u0131lanlara y\u00f6nelik yapt\u0131r\u0131mlar\u0131n a\u011f\u0131rla\u015ft\u0131r\u0131lmas\u0131; modern teknolojiler kullan\u0131larak s\u0131n\u0131r denetiminin g\u00fc\u00e7lendirilmesi; ve ka\u00e7ak\u00e7\u0131l\u0131\u011fa y\u00f6nelten s\u0131n\u0131r b\u00f6lgelerindeki ya\u015fam ko\u015fullar\u0131n\u0131n iyile\u015ftirilmesi bulunmaktad\u0131r. Ayr\u0131ca rapor, vergi sisteminde dijitalle\u015fme, prosed\u00fcrlerin basitle\u015ftirilmesi ve gelir kullan\u0131m\u0131nda \u015feffafl\u0131k yoluyla reform yap\u0131lmas\u0131n\u0131n, resmi \u00e7er\u00e7evede faaliyet g\u00f6steren i\u015fletmeler i\u00e7in te\u015fvikler sa\u011flanmas\u0131n\u0131n \u00f6nemine i\u015faret etmektedir.<\/p>\n<p dir=\"ltr\">Rapor, kara ekonominin tamamen ortadan kald\u0131r\u0131lmas\u0131n\u0131n ger\u00e7ek\u00e7i olmad\u0131\u011f\u0131n\u0131, ancak devletin temel i\u015flevlerini yeniden kazanmas\u0131n\u0131 ve ekonomik-siyasal istikrar\u0131n sa\u011flanmas\u0131n\u0131 m\u00fcmk\u00fcn k\u0131lacak d\u00fczeylere indirilmesinin zorunlu oldu\u011funu vurgulamaktad\u0131r. Bu olgunun \u00fcstesinden gelmek; g\u00fcvenlik, hukuki, sosyal ve ekonomik boyutlar\u0131 kapsayan b\u00fct\u00fcnc\u00fcl bir yakla\u015f\u0131m, devlet kurumlar\u0131 ile sivil toplum aras\u0131ndaki i\u015f birli\u011fi ve uluslararas\u0131 destek ve uzmanl\u0131ktan yararlanmay\u0131 gerektirmektedir. Ayr\u0131ca, her Suriye b\u00f6lgesindeki ekonomik ve g\u00fcvenlik zorluklar\u0131n\u0131n farkl\u0131l\u0131k g\u00f6stermesi nedeniyle \u00f6nceliklerin b\u00f6lgesel \u00f6zelliklere g\u00f6re belirlenmesi gerekti\u011fi ifade edilmektedir.<\/p>\n<p dir=\"ltr\">Raporun tamam\u0131n\u0131 okumak i\u00e7in t\u0131kla (<a href=\"https:\/\/sydialogue.org\/afp6\">Arap\u00e7a<\/a>)<\/p>\n","protected":false},"excerpt":{"rendered":"<p>\u00d6zet: Bu rapor, Suriye\u2019de kara ekonomisi sorununu, devrik Esad rejimi d\u00f6neminde derinle\u015fen en \u00f6nemli meydan okumalardan biri olarak ele almaktad\u0131r. Raporda, kara ekonominin resmi \u00e7er\u00e7evede kaydedilmeyen veya yasa d\u0131\u015f\u0131 faaliyetleri kapsad\u0131\u011f\u0131 vurgulanmaktad\u0131r. Bunlar aras\u0131nda uyu\u015fturucu ve silah ticareti, mal ve tarihi eser ka\u00e7ak\u00e7\u0131l\u0131\u011f\u0131, petrol ve madenlerin yasa d\u0131\u015f\u0131 \u00e7\u0131kar\u0131lmas\u0131, ayr\u0131ca vergi ka\u00e7ak\u00e7\u0131l\u0131\u011f\u0131, kay\u0131t d\u0131\u015f\u0131 istihdam &hellip;<\/p>\n","protected":false},"author":12,"featured_media":18851,"comment_status":"open","ping_status":"closed","sticky":false,"template":"","format":"standard","meta":{"_acf_changed":false,"footnotes":""},"categories":[78,93,49],"tags":[],"class_list":["post-18850","post","type-post","status-publish","format-standard","has-post-thumbnail","hentry","category-research-and-studies-tr","category-sosyal-birim","category-yayinlar"],"acf":[],"yoast_head":"<!-- This site is optimized with the Yoast SEO plugin v26.0 - https:\/\/yoast.com\/wordpress\/plugins\/seo\/ -->\n<title>Suriye ve Kara Ekonomi ile M\u00fccadele - Suriye Diyalog Merkezi<\/title>\n<meta name=\"description\" content=\"Bu rapor, Suriye\u2019de kara ekonomisi sorununu, devrik Esad rejimi d\u00f6neminde derinle\u015fen en \u00f6nemli meydan okumalardan biri olarak ele almaktad\u0131r. Raporda, kara ekonominin resmi \u00e7er\u00e7evede kaydedilmeyen veya yasa d\u0131\u015f\u0131 faaliyetleri kapsad\u0131\u011f\u0131 vurgulanmaktad\u0131r.\" \/>\n<meta name=\"robots\" content=\"index, follow, max-snippet:-1, max-image-preview:large, max-video-preview:-1\" \/>\n<link rel=\"canonical\" href=\"https:\/\/sydialogue.org\/tr\/suriye-ve-kara-ekonomi-ile-mucadele\/\" \/>\n<meta property=\"og:locale\" content=\"tr_TR\" \/>\n<meta property=\"og:type\" content=\"article\" \/>\n<meta property=\"og:title\" content=\"Suriye ve Kara Ekonomi ile M\u00fccadele - Suriye Diyalog Merkezi\" \/>\n<meta property=\"og:description\" content=\"Bu rapor, Suriye\u2019de kara ekonomisi sorununu, devrik Esad rejimi d\u00f6neminde derinle\u015fen en \u00f6nemli meydan okumalardan biri olarak ele almaktad\u0131r. Raporda, kara ekonominin resmi \u00e7er\u00e7evede kaydedilmeyen veya yasa d\u0131\u015f\u0131 faaliyetleri kapsad\u0131\u011f\u0131 vurgulanmaktad\u0131r.\" \/>\n<meta property=\"og:url\" content=\"https:\/\/sydialogue.org\/tr\/suriye-ve-kara-ekonomi-ile-mucadele\/\" \/>\n<meta property=\"og:site_name\" content=\"Suriye Diyalog Merkezi\" \/>\n<meta property=\"article:publisher\" content=\"https:\/\/www.facebook.com\/Sydialogue\" \/>\n<meta property=\"article:published_time\" content=\"2025-09-12T15:49:28+00:00\" \/>\n<meta property=\"og:image\" content=\"https:\/\/sydialogue.org\/wp-content\/uploads\/2025\/09\/\u200f\u200fztam146-TR.jpg\" \/>\n\t<meta property=\"og:image:width\" content=\"1920\" \/>\n\t<meta property=\"og:image:height\" content=\"964\" \/>\n\t<meta property=\"og:image:type\" content=\"image\/jpeg\" \/>\n<meta name=\"author\" content=\"\u0641\u064a\u0635\u0644 \u0627\u0644\u062d\u062c\u064a\" \/>\n<meta name=\"twitter:card\" content=\"summary_large_image\" \/>\n<meta name=\"twitter:creator\" content=\"@Sydialogue\" \/>\n<meta name=\"twitter:site\" content=\"@Sydialogue\" \/>\n<meta name=\"twitter:label1\" content=\"Yazan:\" \/>\n\t<meta name=\"twitter:data1\" content=\"\u0641\u064a\u0635\u0644 \u0627\u0644\u062d\u062c\u064a\" \/>\n\t<meta name=\"twitter:label2\" content=\"Tahmini okuma s\u00fcresi\" \/>\n\t<meta name=\"twitter:data2\" content=\"4 dakika\" \/>\n<script type=\"application\/ld+json\" class=\"yoast-schema-graph\">{\"@context\":\"https:\/\/schema.org\",\"@graph\":[{\"@type\":\"WebPage\",\"@id\":\"https:\/\/sydialogue.org\/tr\/suriye-ve-kara-ekonomi-ile-mucadele\/\",\"url\":\"https:\/\/sydialogue.org\/tr\/suriye-ve-kara-ekonomi-ile-mucadele\/\",\"name\":\"Suriye ve Kara Ekonomi ile M\u00fccadele - Suriye Diyalog Merkezi\",\"isPartOf\":{\"@id\":\"https:\/\/sydialogue.org\/tr\/#website\"},\"primaryImageOfPage\":{\"@id\":\"https:\/\/sydialogue.org\/tr\/suriye-ve-kara-ekonomi-ile-mucadele\/#primaryimage\"},\"image\":{\"@id\":\"https:\/\/sydialogue.org\/tr\/suriye-ve-kara-ekonomi-ile-mucadele\/#primaryimage\"},\"thumbnailUrl\":\"https:\/\/egsaqtt58cu.exactdn.com\/wp-content\/uploads\/2025\/09\/\u200f\u200fztam146-TR.jpg?strip=all&lossy=1&ssl=1\",\"datePublished\":\"2025-09-12T15:49:28+00:00\",\"author\":{\"@id\":\"https:\/\/sydialogue.org\/tr\/#\/schema\/person\/52b7081eb740d52057e699345a9a0548\"},\"description\":\"Bu rapor, Suriye\u2019de kara ekonomisi sorununu, devrik Esad rejimi d\u00f6neminde derinle\u015fen en \u00f6nemli meydan okumalardan biri olarak ele almaktad\u0131r. Raporda, kara ekonominin resmi \u00e7er\u00e7evede kaydedilmeyen veya yasa d\u0131\u015f\u0131 faaliyetleri kapsad\u0131\u011f\u0131 vurgulanmaktad\u0131r.\",\"breadcrumb\":{\"@id\":\"https:\/\/sydialogue.org\/tr\/suriye-ve-kara-ekonomi-ile-mucadele\/#breadcrumb\"},\"inLanguage\":\"tr\",\"potentialAction\":[{\"@type\":\"ReadAction\",\"target\":[\"https:\/\/sydialogue.org\/tr\/suriye-ve-kara-ekonomi-ile-mucadele\/\"]}]},{\"@type\":\"ImageObject\",\"inLanguage\":\"tr\",\"@id\":\"https:\/\/sydialogue.org\/tr\/suriye-ve-kara-ekonomi-ile-mucadele\/#primaryimage\",\"url\":\"https:\/\/egsaqtt58cu.exactdn.com\/wp-content\/uploads\/2025\/09\/\u200f\u200fztam146-TR.jpg?strip=all&lossy=1&ssl=1\",\"contentUrl\":\"https:\/\/egsaqtt58cu.exactdn.com\/wp-content\/uploads\/2025\/09\/\u200f\u200fztam146-TR.jpg?strip=all&lossy=1&ssl=1\",\"width\":1920,\"height\":964},{\"@type\":\"BreadcrumbList\",\"@id\":\"https:\/\/sydialogue.org\/tr\/suriye-ve-kara-ekonomi-ile-mucadele\/#breadcrumb\",\"itemListElement\":[{\"@type\":\"ListItem\",\"position\":1,\"name\":\"\u0627\u0644\u0631\u0626\u064a\u0633\u064a\u0629\",\"item\":\"https:\/\/sydialogue.org\/tr\/\"},{\"@type\":\"ListItem\",\"position\":2,\"name\":\"Suriye ve Kara Ekonomi ile M\u00fccadele\"}]},{\"@type\":\"WebSite\",\"@id\":\"https:\/\/sydialogue.org\/tr\/#website\",\"url\":\"https:\/\/sydialogue.org\/tr\/\",\"name\":\"\u0645\u0631\u0643\u0632 \u0627\u0644\u062d\u0648\u0627\u0631 \u0627\u0644\u0633\u0648\u0631\u064a\",\"description\":\"Suriyeli bir sivil kurum, Suriye halk\u0131n\u0131 ilgilendiren konularda diyalo\u011fu canland\u0131rmay\u0131 ve harekete ge\u00e7irmeyi hedefliyor ve Suriyeliler aras\u0131nda ili\u015fkileri g\u00fc\u00e7lendirmeye ve i\u015fbirli\u011fi ve koordinasyonu harekete ge\u00e7irmeye \u00e7al\u0131\u015f\u0131yor.\",\"potentialAction\":[{\"@type\":\"SearchAction\",\"target\":{\"@type\":\"EntryPoint\",\"urlTemplate\":\"https:\/\/sydialogue.org\/tr\/?s={search_term_string}\"},\"query-input\":{\"@type\":\"PropertyValueSpecification\",\"valueRequired\":true,\"valueName\":\"search_term_string\"}}],\"inLanguage\":\"tr\"},{\"@type\":\"Person\",\"@id\":\"https:\/\/sydialogue.org\/tr\/#\/schema\/person\/52b7081eb740d52057e699345a9a0548\",\"name\":\"\u0641\u064a\u0635\u0644 \u0627\u0644\u062d\u062c\u064a\",\"image\":{\"@type\":\"ImageObject\",\"inLanguage\":\"tr\",\"@id\":\"https:\/\/sydialogue.org\/tr\/#\/schema\/person\/image\/\",\"url\":\"https:\/\/sydialogue.org\/wp-content\/uploads\/2023\/09\/WhatsApp-Image-2023-09-09-at-18.05.19-1.jpg\",\"contentUrl\":\"https:\/\/sydialogue.org\/wp-content\/uploads\/2023\/09\/WhatsApp-Image-2023-09-09-at-18.05.19-1.jpg\",\"caption\":\"\u0641\u064a\u0635\u0644 \u0627\u0644\u062d\u062c\u064a\"},\"description\":\"\u0628\u0643\u0627\u0644\u0648\u0631\u064a\u0648\u0633 \u0641\u064a \u0642\u0633\u0645 \u0627\u0644\u0641\u0644\u0643 \u0648\u0639\u0644\u0648\u0645 \u0627\u0644\u0641\u0636\u0627\u0621 \u0645\u0646 \u062c\u0627\u0645\u0639\u0629 \u0623\u0646\u0642\u0631\u0629\u060c \u0645\u0647\u062a\u0645 \u0628\u0627\u0644\u0634\u0623\u0646 \u0627\u0644\u062a\u0631\u0643\u064a \u0648\u0639\u0644\u0627\u0642\u062a\u0647 \u0628\u0642\u0636\u0627\u064a\u0627 \u0627\u0644\u0644\u0627\u062c\u0626\u064a\u0646 \u0627\u0644\u0633\u0648\u0631\u064a\u064a\u0646\u060c \u0648\u0646\u0634\u0631 \u0648\u0634\u0627\u0631\u0643 \u0641\u064a \u0625\u0639\u062f\u0627\u062f \u0639\u062f\u062f \u0645\u0646 \u0627\u0644\u062a\u0642\u0627\u0631\u064a\u0631 \u0648\u0627\u0644\u0645\u0642\u0627\u0644\u0627\u062a \u062d\u0648\u0644 \u0647\u0630\u0627 \u0627\u0644\u0645\u0648\u0636\u0648\u0639 \u0636\u0645\u0646 \u0627\u0644\u0648\u062d\u062f\u0629 \u0627\u0644\u0645\u062c\u062a\u0645\u0639\u064a\u0629 \u0641\u064a \u0645\u0631\u0643\u0632\u00a0\u0627\u0644\u062d\u0648\u0627\u0631\u00a0\u0627\u0644\u0633\u0648\u0631\u064a\",\"url\":\"#molongui-disabled-link\"}]}<\/script>\n<!-- \/ Yoast SEO plugin. -->","yoast_head_json":{"title":"Suriye ve Kara Ekonomi ile M\u00fccadele - Suriye Diyalog Merkezi","description":"Bu rapor, Suriye\u2019de kara ekonomisi sorununu, devrik Esad rejimi d\u00f6neminde derinle\u015fen en \u00f6nemli meydan okumalardan biri olarak ele almaktad\u0131r. Raporda, kara ekonominin resmi \u00e7er\u00e7evede kaydedilmeyen veya yasa d\u0131\u015f\u0131 faaliyetleri kapsad\u0131\u011f\u0131 vurgulanmaktad\u0131r.","robots":{"index":"index","follow":"follow","max-snippet":"max-snippet:-1","max-image-preview":"max-image-preview:large","max-video-preview":"max-video-preview:-1"},"canonical":"https:\/\/sydialogue.org\/tr\/suriye-ve-kara-ekonomi-ile-mucadele\/","og_locale":"tr_TR","og_type":"article","og_title":"Suriye ve Kara Ekonomi ile M\u00fccadele - Suriye Diyalog Merkezi","og_description":"Bu rapor, Suriye\u2019de kara ekonomisi sorununu, devrik Esad rejimi d\u00f6neminde derinle\u015fen en \u00f6nemli meydan okumalardan biri olarak ele almaktad\u0131r. Raporda, kara ekonominin resmi \u00e7er\u00e7evede kaydedilmeyen veya yasa d\u0131\u015f\u0131 faaliyetleri kapsad\u0131\u011f\u0131 vurgulanmaktad\u0131r.","og_url":"https:\/\/sydialogue.org\/tr\/suriye-ve-kara-ekonomi-ile-mucadele\/","og_site_name":"Suriye Diyalog Merkezi","article_publisher":"https:\/\/www.facebook.com\/Sydialogue","article_published_time":"2025-09-12T15:49:28+00:00","og_image":[{"width":1920,"height":964,"url":"https:\/\/sydialogue.org\/wp-content\/uploads\/2025\/09\/\u200f\u200fztam146-TR.jpg","type":"image\/jpeg"}],"author":"\u0641\u064a\u0635\u0644 \u0627\u0644\u062d\u062c\u064a","twitter_card":"summary_large_image","twitter_creator":"@Sydialogue","twitter_site":"@Sydialogue","twitter_misc":{"Yazan:":"\u0641\u064a\u0635\u0644 \u0627\u0644\u062d\u062c\u064a","Tahmini okuma s\u00fcresi":"4 dakika"},"schema":{"@context":"https:\/\/schema.org","@graph":[{"@type":"WebPage","@id":"https:\/\/sydialogue.org\/tr\/suriye-ve-kara-ekonomi-ile-mucadele\/","url":"https:\/\/sydialogue.org\/tr\/suriye-ve-kara-ekonomi-ile-mucadele\/","name":"Suriye ve Kara Ekonomi ile M\u00fccadele - Suriye Diyalog Merkezi","isPartOf":{"@id":"https:\/\/sydialogue.org\/tr\/#website"},"primaryImageOfPage":{"@id":"https:\/\/sydialogue.org\/tr\/suriye-ve-kara-ekonomi-ile-mucadele\/#primaryimage"},"image":{"@id":"https:\/\/sydialogue.org\/tr\/suriye-ve-kara-ekonomi-ile-mucadele\/#primaryimage"},"thumbnailUrl":"https:\/\/egsaqtt58cu.exactdn.com\/wp-content\/uploads\/2025\/09\/\u200f\u200fztam146-TR.jpg?strip=all&lossy=1&ssl=1","datePublished":"2025-09-12T15:49:28+00:00","author":{"@id":"https:\/\/sydialogue.org\/tr\/#\/schema\/person\/52b7081eb740d52057e699345a9a0548"},"description":"Bu rapor, Suriye\u2019de kara ekonomisi sorununu, devrik Esad rejimi d\u00f6neminde derinle\u015fen en \u00f6nemli meydan okumalardan biri olarak ele almaktad\u0131r. Raporda, kara ekonominin resmi \u00e7er\u00e7evede kaydedilmeyen veya yasa d\u0131\u015f\u0131 faaliyetleri kapsad\u0131\u011f\u0131 vurgulanmaktad\u0131r.","breadcrumb":{"@id":"https:\/\/sydialogue.org\/tr\/suriye-ve-kara-ekonomi-ile-mucadele\/#breadcrumb"},"inLanguage":"tr","potentialAction":[{"@type":"ReadAction","target":["https:\/\/sydialogue.org\/tr\/suriye-ve-kara-ekonomi-ile-mucadele\/"]}]},{"@type":"ImageObject","inLanguage":"tr","@id":"https:\/\/sydialogue.org\/tr\/suriye-ve-kara-ekonomi-ile-mucadele\/#primaryimage","url":"https:\/\/egsaqtt58cu.exactdn.com\/wp-content\/uploads\/2025\/09\/\u200f\u200fztam146-TR.jpg?strip=all&lossy=1&ssl=1","contentUrl":"https:\/\/egsaqtt58cu.exactdn.com\/wp-content\/uploads\/2025\/09\/\u200f\u200fztam146-TR.jpg?strip=all&lossy=1&ssl=1","width":1920,"height":964},{"@type":"BreadcrumbList","@id":"https:\/\/sydialogue.org\/tr\/suriye-ve-kara-ekonomi-ile-mucadele\/#breadcrumb","itemListElement":[{"@type":"ListItem","position":1,"name":"\u0627\u0644\u0631\u0626\u064a\u0633\u064a\u0629","item":"https:\/\/sydialogue.org\/tr\/"},{"@type":"ListItem","position":2,"name":"Suriye ve Kara Ekonomi ile M\u00fccadele"}]},{"@type":"WebSite","@id":"https:\/\/sydialogue.org\/tr\/#website","url":"https:\/\/sydialogue.org\/tr\/","name":"\u0645\u0631\u0643\u0632 \u0627\u0644\u062d\u0648\u0627\u0631 \u0627\u0644\u0633\u0648\u0631\u064a","description":"Suriyeli bir sivil kurum, Suriye halk\u0131n\u0131 ilgilendiren konularda diyalo\u011fu canland\u0131rmay\u0131 ve harekete ge\u00e7irmeyi hedefliyor ve Suriyeliler aras\u0131nda ili\u015fkileri g\u00fc\u00e7lendirmeye ve i\u015fbirli\u011fi ve koordinasyonu harekete ge\u00e7irmeye \u00e7al\u0131\u015f\u0131yor.","potentialAction":[{"@type":"SearchAction","target":{"@type":"EntryPoint","urlTemplate":"https:\/\/sydialogue.org\/tr\/?s={search_term_string}"},"query-input":{"@type":"PropertyValueSpecification","valueRequired":true,"valueName":"search_term_string"}}],"inLanguage":"tr"},{"@type":"Person","@id":"https:\/\/sydialogue.org\/tr\/#\/schema\/person\/52b7081eb740d52057e699345a9a0548","name":"\u0641\u064a\u0635\u0644 \u0627\u0644\u062d\u062c\u064a","image":{"@type":"ImageObject","inLanguage":"tr","@id":"https:\/\/sydialogue.org\/tr\/#\/schema\/person\/image\/","url":"https:\/\/sydialogue.org\/wp-content\/uploads\/2023\/09\/WhatsApp-Image-2023-09-09-at-18.05.19-1.jpg","contentUrl":"https:\/\/sydialogue.org\/wp-content\/uploads\/2023\/09\/WhatsApp-Image-2023-09-09-at-18.05.19-1.jpg","caption":"\u0641\u064a\u0635\u0644 \u0627\u0644\u062d\u062c\u064a"},"description":"\u0628\u0643\u0627\u0644\u0648\u0631\u064a\u0648\u0633 \u0641\u064a \u0642\u0633\u0645 \u0627\u0644\u0641\u0644\u0643 \u0648\u0639\u0644\u0648\u0645 \u0627\u0644\u0641\u0636\u0627\u0621 \u0645\u0646 \u062c\u0627\u0645\u0639\u0629 \u0623\u0646\u0642\u0631\u0629\u060c \u0645\u0647\u062a\u0645 \u0628\u0627\u0644\u0634\u0623\u0646 \u0627\u0644\u062a\u0631\u0643\u064a \u0648\u0639\u0644\u0627\u0642\u062a\u0647 \u0628\u0642\u0636\u0627\u064a\u0627 \u0627\u0644\u0644\u0627\u062c\u0626\u064a\u0646 \u0627\u0644\u0633\u0648\u0631\u064a\u064a\u0646\u060c \u0648\u0646\u0634\u0631 \u0648\u0634\u0627\u0631\u0643 \u0641\u064a \u0625\u0639\u062f\u0627\u062f \u0639\u062f\u062f \u0645\u0646 \u0627\u0644\u062a\u0642\u0627\u0631\u064a\u0631 \u0648\u0627\u0644\u0645\u0642\u0627\u0644\u0627\u062a \u062d\u0648\u0644 \u0647\u0630\u0627 \u0627\u0644\u0645\u0648\u0636\u0648\u0639 \u0636\u0645\u0646 \u0627\u0644\u0648\u062d\u062f\u0629 \u0627\u0644\u0645\u062c\u062a\u0645\u0639\u064a\u0629 \u0641\u064a \u0645\u0631\u0643\u0632\u00a0\u0627\u0644\u062d\u0648\u0627\u0631\u00a0\u0627\u0644\u0633\u0648\u0631\u064a","url":"#molongui-disabled-link"}]}},"_links":{"self":[{"href":"https:\/\/sydialogue.org\/tr\/wp-json\/wp\/v2\/posts\/18850","targetHints":{"allow":["GET"]}}],"collection":[{"href":"https:\/\/sydialogue.org\/tr\/wp-json\/wp\/v2\/posts"}],"about":[{"href":"https:\/\/sydialogue.org\/tr\/wp-json\/wp\/v2\/types\/post"}],"author":[{"embeddable":true,"href":"https:\/\/sydialogue.org\/tr\/wp-json\/wp\/v2\/users\/12"}],"replies":[{"embeddable":true,"href":"https:\/\/sydialogue.org\/tr\/wp-json\/wp\/v2\/comments?post=18850"}],"version-history":[{"count":1,"href":"https:\/\/sydialogue.org\/tr\/wp-json\/wp\/v2\/posts\/18850\/revisions"}],"predecessor-version":[{"id":18854,"href":"https:\/\/sydialogue.org\/tr\/wp-json\/wp\/v2\/posts\/18850\/revisions\/18854"}],"wp:featuredmedia":[{"embeddable":true,"href":"https:\/\/sydialogue.org\/tr\/wp-json\/wp\/v2\/media\/18851"}],"wp:attachment":[{"href":"https:\/\/sydialogue.org\/tr\/wp-json\/wp\/v2\/media?parent=18850"}],"wp:term":[{"taxonomy":"category","embeddable":true,"href":"https:\/\/sydialogue.org\/tr\/wp-json\/wp\/v2\/categories?post=18850"},{"taxonomy":"post_tag","embeddable":true,"href":"https:\/\/sydialogue.org\/tr\/wp-json\/wp\/v2\/tags?post=18850"}],"curies":[{"name":"wp","href":"https:\/\/api.w.org\/{rel}","templated":true}]}}