{"id":1905,"date":"2018-10-15T00:00:00","date_gmt":"2018-10-14T21:00:00","guid":{"rendered":"https:\/\/center.ecertificated.xyz\/durum-degerlendirme-bildirisi-idlipin-akibeti-ve-olasi-senaryolar\/"},"modified":"2020-12-11T00:28:51","modified_gmt":"2020-12-10T21:28:51","slug":"durum-degerlendirme-bildirisi-idlipin-akibeti-ve-olasi-senaryolar","status":"publish","type":"post","link":"https:\/\/sydialogue.org\/tr\/durum-degerlendirme-bildirisi-idlipin-akibeti-ve-olasi-senaryolar\/","title":{"rendered":"Durum De\u011ferlendirme Bildirisi: \u2018\u2019\u0130dlip\u2019in Ak\u0131beti ve Olas\u0131 Senaryolar\u201d"},"content":{"rendered":"<p dir=\"ltr\">Astana g\u00f6r\u00fc\u015fmelerinin ana garant\u00f6r\u00fc olan T\u00fcrkiye, Rusya ve \u0130ran\u2019\u0131n kat\u0131l\u0131m\u0131yla Tahran\u2019da ger\u00e7ekle\u015ftirilen zirveden \u0130dlip\u2019le ilgili yeni bir sonu\u00e7 al\u0131namad\u0131. T\u00fcrkiye Cumhurba\u015fkan\u0131 Recep Tayyip Erdo\u011fan, herhangi bir askeri operasyonun insani bir felakete sebep olaca\u011f\u0131n\u0131 ve ate\u015fkesin devam etmesinin tek \u00e7\u00f6z\u00fcm oldu\u011funu vurgulad\u0131. Rusya Devlet Ba\u015fkan\u0131 Vladimir Putin ise, silahl\u0131 \u00f6rg\u00fctlerin ellerindeki silahlar\u0131 b\u0131rak\u0131p teslim olmas\u0131n\u0131 \u00e7\u00f6z\u00fcm yolu olarak savundu.<\/p>\n<p dir=\"ltr\">Tahran zirvesinin ard\u0131ndan, Rusya, G\u00fcvenlik Konseyine gitti ve zirvenin neticeleri ve \u0130dlip kentinin durumunu g\u00f6r\u00fc\u015fmek toplant\u0131ya \u00e7a\u011f\u0131rd\u0131, fakat T\u00fcrkiye\u2019nin askeri bir operasyonun yap\u0131lmas\u0131na reddiyle kar\u015f\u0131 kar\u015f\u0131ya kald\u0131. Avrupa ve T\u00fcrkiye de \u0130dlip\u2019e sald\u0131r\u0131n\u0131n T\u00fcrkiye\u2019nin ulusal g\u00fcvenli\u011fine y\u00f6nelik risk ta\u015f\u0131d\u0131\u011f\u0131n\u0131 do\u011frulad\u0131.<\/p>\n<p dir=\"ltr\">Ge\u00e7ti\u011fimiz birka\u00e7 hafta i\u00e7inde, Rus askeri u\u00e7aklar\u0131 ve Suriye rejim helikopterleri, idlip\u2019in Khwein\u2019den Khan Sheykun\u2019a, g\u00fcney ve do\u011fu g\u00fcneydeki k\u0131rsal b\u00f6lgeleri ve Jisr Ash-Shugur etraf\u0131ndaki alanlara ek olarak Hama&#8217;n\u0131n (Latamna, Kafarnabouda, Qal&#8217;at al-Mideq ve Murk) k\u0131rsal b\u00f6lgelerine sald\u0131r\u0131 ger\u00e7ekle\u015ftirdi.<\/p>\n<p dir=\"ltr\">Suriye Diyalog Merkezi taraf\u0131ndan bir\u00e7ok ara\u015ft\u0131rmac\u0131n\u0131n, politikac\u0131n\u0131n ve \u0130dlip\u2019teki insanlar\u0131n durumu hakk\u0131nda bilgi sahibi olan ki\u015filerin kat\u0131l\u0131m\u0131yla d\u00fczenlenen bu \u00e7al\u0131\u015fmayla uluslararas\u0131 karma\u015f\u0131kl\u0131klar\u0131, farkl\u0131 pozisyonlar\u0131 ve ilgi alanlar\u0131n\u0131 incelenebilir. Buna ilaveten, \u0130dlip\u2019teki Tahrir&#8217;u\u015f \u015eam grubunun durumuna de\u011finildi. Son olarak, yak\u0131n gelecekte ger\u00e7ekle\u015febilecek senaryolar ve daha a\u011f\u0131r bir \u015fekilde olabilecek olaylar konu\u015fuldu.<\/p>\n","protected":false},"excerpt":{"rendered":"<p>Suriye Diyalog Merkezi\u2019nin yapt\u0131\u011f\u0131 bu ara\u015ft\u0131rmada \u0130dlip\u2019teki Tahrir&#8217;u\u015f \u015eam grubunun durumu ve yak\u0131n gelecekte ger\u00e7ekle\u015febilecek senaryolar tart\u0131\u015f\u0131ld\u0131. Ayr\u0131ca bu ihtimallere verilebilecek farkl\u0131 cevaplar da konu\u015fuldu<\/p>\n","protected":false},"author":1,"featured_media":1906,"comment_status":"open","ping_status":"closed","sticky":false,"template":"","format":"standard","meta":{"_acf_changed":false,"footnotes":""},"categories":[81,94,49],"tags":[],"class_list":["post-1905","post","type-post","status-publish","format-standard","has-post-thumbnail","hentry","category-position-assessment-tr","category-politika-analizi-birimi","category-yayinlar"],"acf":[],"yoast_head":"<!-- This site is optimized with the Yoast SEO plugin v26.0 - https:\/\/yoast.com\/wordpress\/plugins\/seo\/ -->\n<title>Durum De\u011ferlendirme Bildirisi: \u2018\u2019\u0130dlip\u2019in Ak\u0131beti ve Olas\u0131 Senaryolar\u201d - Suriye Diyalog Merkezi<\/title>\n<meta name=\"description\" content=\"Suriye Diyalog Merkezi\u2019nin yapt\u0131\u011f\u0131 bu ara\u015ft\u0131rmada \u0130dlip\u2019teki Tahrir&#039;u\u015f \u015eam grubunun durumu ve yak\u0131n gelecekte ger\u00e7ekle\u015febilecek senaryolar tart\u0131\u015f\u0131ld\u0131. Ayr\u0131ca bu ihtimallere verilebilecek farkl\u0131 cevaplar da konu\u015fuldu\" \/>\n<meta name=\"robots\" content=\"index, follow, max-snippet:-1, max-image-preview:large, max-video-preview:-1\" \/>\n<link rel=\"canonical\" href=\"https:\/\/sydialogue.org\/tr\/durum-degerlendirme-bildirisi-idlipin-akibeti-ve-olasi-senaryolar\/\" \/>\n<meta property=\"og:locale\" content=\"tr_TR\" \/>\n<meta property=\"og:type\" content=\"article\" \/>\n<meta property=\"og:title\" content=\"Durum De\u011ferlendirme Bildirisi: \u2018\u2019\u0130dlip\u2019in Ak\u0131beti ve Olas\u0131 Senaryolar\u201d - Suriye Diyalog Merkezi\" \/>\n<meta property=\"og:description\" content=\"Suriye Diyalog Merkezi\u2019nin yapt\u0131\u011f\u0131 bu ara\u015ft\u0131rmada \u0130dlip\u2019teki Tahrir&#039;u\u015f \u015eam grubunun durumu ve yak\u0131n gelecekte ger\u00e7ekle\u015febilecek senaryolar tart\u0131\u015f\u0131ld\u0131. Ayr\u0131ca bu ihtimallere verilebilecek farkl\u0131 cevaplar da konu\u015fuldu\" \/>\n<meta property=\"og:url\" content=\"https:\/\/sydialogue.org\/tr\/durum-degerlendirme-bildirisi-idlipin-akibeti-ve-olasi-senaryolar\/\" \/>\n<meta property=\"og:site_name\" content=\"Suriye Diyalog Merkezi\" \/>\n<meta property=\"article:publisher\" content=\"https:\/\/www.facebook.com\/Sydialogue\" \/>\n<meta property=\"article:published_time\" content=\"2018-10-14T21:00:00+00:00\" \/>\n<meta property=\"article:modified_time\" content=\"2020-12-10T21:28:51+00:00\" \/>\n<meta property=\"og:image\" content=\"https:\/\/sydialogue.org\/wp-content\/uploads\/2018\/10\/43KT.jpg\" \/>\n\t<meta property=\"og:image:width\" content=\"2308\" \/>\n\t<meta property=\"og:image:height\" content=\"1159\" \/>\n\t<meta property=\"og:image:type\" content=\"image\/jpeg\" \/>\n<meta name=\"author\" content=\"\u0645\u0631\u0643\u0632 \u0627\u0644\u062d\u0648\u0627\u0631 \u0627\u0644\u0633\u0648\u0631\u064a\" \/>\n<meta name=\"twitter:card\" content=\"summary_large_image\" \/>\n<meta name=\"twitter:creator\" content=\"@Sydialogue\" \/>\n<meta name=\"twitter:site\" content=\"@Sydialogue\" \/>\n<meta name=\"twitter:label1\" content=\"Yazan:\" \/>\n\t<meta name=\"twitter:data1\" content=\"\u0645\u0631\u0643\u0632 \u0627\u0644\u062d\u0648\u0627\u0631 \u0627\u0644\u0633\u0648\u0631\u064a\" \/>\n\t<meta name=\"twitter:label2\" content=\"Tahmini okuma s\u00fcresi\" \/>\n\t<meta name=\"twitter:data2\" content=\"1 dakika\" \/>\n<script type=\"application\/ld+json\" class=\"yoast-schema-graph\">{\"@context\":\"https:\/\/schema.org\",\"@graph\":[{\"@type\":\"WebPage\",\"@id\":\"https:\/\/sydialogue.org\/tr\/durum-degerlendirme-bildirisi-idlipin-akibeti-ve-olasi-senaryolar\/\",\"url\":\"https:\/\/sydialogue.org\/tr\/durum-degerlendirme-bildirisi-idlipin-akibeti-ve-olasi-senaryolar\/\",\"name\":\"Durum De\u011ferlendirme Bildirisi: \u2018\u2019\u0130dlip\u2019in Ak\u0131beti ve Olas\u0131 Senaryolar\u201d - Suriye Diyalog Merkezi\",\"isPartOf\":{\"@id\":\"https:\/\/sydialogue.org\/tr\/#website\"},\"primaryImageOfPage\":{\"@id\":\"https:\/\/sydialogue.org\/tr\/durum-degerlendirme-bildirisi-idlipin-akibeti-ve-olasi-senaryolar\/#primaryimage\"},\"image\":{\"@id\":\"https:\/\/sydialogue.org\/tr\/durum-degerlendirme-bildirisi-idlipin-akibeti-ve-olasi-senaryolar\/#primaryimage\"},\"thumbnailUrl\":\"https:\/\/egsaqtt58cu.exactdn.com\/wp-content\/uploads\/2018\/10\/43KT.jpg?strip=all&lossy=1&ssl=1\",\"datePublished\":\"2018-10-14T21:00:00+00:00\",\"dateModified\":\"2020-12-10T21:28:51+00:00\",\"author\":{\"@id\":\"https:\/\/sydialogue.org\/tr\/#\/schema\/person\/34a2994f7414cbc7ce06e08267c4944d\"},\"description\":\"Suriye Diyalog Merkezi\u2019nin yapt\u0131\u011f\u0131 bu ara\u015ft\u0131rmada \u0130dlip\u2019teki Tahrir'u\u015f \u015eam grubunun durumu ve yak\u0131n gelecekte ger\u00e7ekle\u015febilecek senaryolar tart\u0131\u015f\u0131ld\u0131. Ayr\u0131ca bu ihtimallere verilebilecek farkl\u0131 cevaplar da konu\u015fuldu\",\"breadcrumb\":{\"@id\":\"https:\/\/sydialogue.org\/tr\/durum-degerlendirme-bildirisi-idlipin-akibeti-ve-olasi-senaryolar\/#breadcrumb\"},\"inLanguage\":\"tr\",\"potentialAction\":[{\"@type\":\"ReadAction\",\"target\":[\"https:\/\/sydialogue.org\/tr\/durum-degerlendirme-bildirisi-idlipin-akibeti-ve-olasi-senaryolar\/\"]}]},{\"@type\":\"ImageObject\",\"inLanguage\":\"tr\",\"@id\":\"https:\/\/sydialogue.org\/tr\/durum-degerlendirme-bildirisi-idlipin-akibeti-ve-olasi-senaryolar\/#primaryimage\",\"url\":\"https:\/\/egsaqtt58cu.exactdn.com\/wp-content\/uploads\/2018\/10\/43KT.jpg?strip=all&lossy=1&ssl=1\",\"contentUrl\":\"https:\/\/egsaqtt58cu.exactdn.com\/wp-content\/uploads\/2018\/10\/43KT.jpg?strip=all&lossy=1&ssl=1\",\"width\":2308,\"height\":1159},{\"@type\":\"BreadcrumbList\",\"@id\":\"https:\/\/sydialogue.org\/tr\/durum-degerlendirme-bildirisi-idlipin-akibeti-ve-olasi-senaryolar\/#breadcrumb\",\"itemListElement\":[{\"@type\":\"ListItem\",\"position\":1,\"name\":\"\u0627\u0644\u0631\u0626\u064a\u0633\u064a\u0629\",\"item\":\"https:\/\/sydialogue.org\/tr\/\"},{\"@type\":\"ListItem\",\"position\":2,\"name\":\"Durum De\u011ferlendirme Bildirisi: \u2018\u2019\u0130dlip\u2019in Ak\u0131beti ve Olas\u0131 Senaryolar\u201d\"}]},{\"@type\":\"WebSite\",\"@id\":\"https:\/\/sydialogue.org\/tr\/#website\",\"url\":\"https:\/\/sydialogue.org\/tr\/\",\"name\":\"\u0645\u0631\u0643\u0632 \u0627\u0644\u062d\u0648\u0627\u0631 \u0627\u0644\u0633\u0648\u0631\u064a\",\"description\":\"Suriyeli bir sivil kurum, Suriye halk\u0131n\u0131 ilgilendiren konularda diyalo\u011fu canland\u0131rmay\u0131 ve harekete ge\u00e7irmeyi hedefliyor ve Suriyeliler aras\u0131nda ili\u015fkileri g\u00fc\u00e7lendirmeye ve i\u015fbirli\u011fi ve koordinasyonu harekete ge\u00e7irmeye \u00e7al\u0131\u015f\u0131yor.\",\"potentialAction\":[{\"@type\":\"SearchAction\",\"target\":{\"@type\":\"EntryPoint\",\"urlTemplate\":\"https:\/\/sydialogue.org\/tr\/?s={search_term_string}\"},\"query-input\":{\"@type\":\"PropertyValueSpecification\",\"valueRequired\":true,\"valueName\":\"search_term_string\"}}],\"inLanguage\":\"tr\"},{\"@type\":\"Person\",\"@id\":\"https:\/\/sydialogue.org\/tr\/#\/schema\/person\/34a2994f7414cbc7ce06e08267c4944d\",\"name\":\"\u0645\u0631\u0643\u0632 \u0627\u0644\u062d\u0648\u0627\u0631 \u0627\u0644\u0633\u0648\u0631\u064a\",\"image\":{\"@type\":\"ImageObject\",\"inLanguage\":\"tr\",\"@id\":\"https:\/\/sydialogue.org\/tr\/#\/schema\/person\/image\/\",\"url\":\"https:\/\/sydialogue.org\/wp-content\/uploads\/2023\/09\/\u0644\u0648\u063a\u0648-\u062e\u0644\u0641\u064a\u0629-\u0634\u0641\u0627\u0641\u0629-1.png\",\"contentUrl\":\"https:\/\/sydialogue.org\/wp-content\/uploads\/2023\/09\/\u0644\u0648\u063a\u0648-\u062e\u0644\u0641\u064a\u0629-\u0634\u0641\u0627\u0641\u0629-1.png\",\"caption\":\"\u0645\u0631\u0643\u0632 \u0627\u0644\u062d\u0648\u0627\u0631 \u0627\u0644\u0633\u0648\u0631\u064a\"},\"description\":\"\u0645\u0624\u0633\u0633\u0629 \u0628\u062d\u062b\u064a\u0629 \u0633\u0648\u0631\u064a\u0629 \u062a\u0633\u0639\u0649 \u0625\u0644\u0649 \u0627\u0644\u0625\u0633\u0647\u0627\u0645 \u0641\u064a \u0628\u0646\u0627\u0621 \u0627\u0644\u0631\u0624\u0649 \u0648\u0627\u0644\u0645\u0639\u0627\u0631\u0641 \u0628\u0645\u0627 \u064a\u0633\u0627\u0639\u062f \u0627\u0644\u0633\u0648\u0631\u064a\u064a\u0646 \u0639\u0644\u0649 \u0625\u0646\u0636\u0627\u062c \u062d\u0644\u0648\u0644 \u0639\u0645\u0644\u064a\u0629 \u0644\u0645\u0648\u0627\u062c\u0647\u0629 \u0627\u0644\u062a\u062d\u062f\u064a\u0627\u062a \u0627\u0644\u0648\u0637\u0646\u064a\u0629 \u0627\u0644\u0645\u0634\u062a\u0631\u0643\u0629 \u0648\u062a\u062d\u0642\u064a\u0642 \u0627\u0644\u062a\u0646\u0645\u064a\u0629 \u0627\u0644\u0645\u0633\u062a\u062f\u0627\u0645\u0629\",\"sameAs\":[\"http:\/\/sydialogue.org\/\",\"Syrian Dialogue Center\"],\"url\":\"#molongui-disabled-link\"}]}<\/script>\n<!-- \/ Yoast SEO plugin. -->","yoast_head_json":{"title":"Durum De\u011ferlendirme Bildirisi: \u2018\u2019\u0130dlip\u2019in Ak\u0131beti ve Olas\u0131 Senaryolar\u201d - Suriye Diyalog Merkezi","description":"Suriye Diyalog Merkezi\u2019nin yapt\u0131\u011f\u0131 bu ara\u015ft\u0131rmada \u0130dlip\u2019teki Tahrir'u\u015f \u015eam grubunun durumu ve yak\u0131n gelecekte ger\u00e7ekle\u015febilecek senaryolar tart\u0131\u015f\u0131ld\u0131. Ayr\u0131ca bu ihtimallere verilebilecek farkl\u0131 cevaplar da konu\u015fuldu","robots":{"index":"index","follow":"follow","max-snippet":"max-snippet:-1","max-image-preview":"max-image-preview:large","max-video-preview":"max-video-preview:-1"},"canonical":"https:\/\/sydialogue.org\/tr\/durum-degerlendirme-bildirisi-idlipin-akibeti-ve-olasi-senaryolar\/","og_locale":"tr_TR","og_type":"article","og_title":"Durum De\u011ferlendirme Bildirisi: \u2018\u2019\u0130dlip\u2019in Ak\u0131beti ve Olas\u0131 Senaryolar\u201d - Suriye Diyalog Merkezi","og_description":"Suriye Diyalog Merkezi\u2019nin yapt\u0131\u011f\u0131 bu ara\u015ft\u0131rmada \u0130dlip\u2019teki Tahrir'u\u015f \u015eam grubunun durumu ve yak\u0131n gelecekte ger\u00e7ekle\u015febilecek senaryolar tart\u0131\u015f\u0131ld\u0131. Ayr\u0131ca bu ihtimallere verilebilecek farkl\u0131 cevaplar da konu\u015fuldu","og_url":"https:\/\/sydialogue.org\/tr\/durum-degerlendirme-bildirisi-idlipin-akibeti-ve-olasi-senaryolar\/","og_site_name":"Suriye Diyalog Merkezi","article_publisher":"https:\/\/www.facebook.com\/Sydialogue","article_published_time":"2018-10-14T21:00:00+00:00","article_modified_time":"2020-12-10T21:28:51+00:00","og_image":[{"width":2308,"height":1159,"url":"https:\/\/sydialogue.org\/wp-content\/uploads\/2018\/10\/43KT.jpg","type":"image\/jpeg"}],"author":"\u0645\u0631\u0643\u0632 \u0627\u0644\u062d\u0648\u0627\u0631 \u0627\u0644\u0633\u0648\u0631\u064a","twitter_card":"summary_large_image","twitter_creator":"@Sydialogue","twitter_site":"@Sydialogue","twitter_misc":{"Yazan:":"\u0645\u0631\u0643\u0632 \u0627\u0644\u062d\u0648\u0627\u0631 \u0627\u0644\u0633\u0648\u0631\u064a","Tahmini okuma s\u00fcresi":"1 dakika"},"schema":{"@context":"https:\/\/schema.org","@graph":[{"@type":"WebPage","@id":"https:\/\/sydialogue.org\/tr\/durum-degerlendirme-bildirisi-idlipin-akibeti-ve-olasi-senaryolar\/","url":"https:\/\/sydialogue.org\/tr\/durum-degerlendirme-bildirisi-idlipin-akibeti-ve-olasi-senaryolar\/","name":"Durum De\u011ferlendirme Bildirisi: \u2018\u2019\u0130dlip\u2019in Ak\u0131beti ve Olas\u0131 Senaryolar\u201d - Suriye Diyalog Merkezi","isPartOf":{"@id":"https:\/\/sydialogue.org\/tr\/#website"},"primaryImageOfPage":{"@id":"https:\/\/sydialogue.org\/tr\/durum-degerlendirme-bildirisi-idlipin-akibeti-ve-olasi-senaryolar\/#primaryimage"},"image":{"@id":"https:\/\/sydialogue.org\/tr\/durum-degerlendirme-bildirisi-idlipin-akibeti-ve-olasi-senaryolar\/#primaryimage"},"thumbnailUrl":"https:\/\/egsaqtt58cu.exactdn.com\/wp-content\/uploads\/2018\/10\/43KT.jpg?strip=all&lossy=1&ssl=1","datePublished":"2018-10-14T21:00:00+00:00","dateModified":"2020-12-10T21:28:51+00:00","author":{"@id":"https:\/\/sydialogue.org\/tr\/#\/schema\/person\/34a2994f7414cbc7ce06e08267c4944d"},"description":"Suriye Diyalog Merkezi\u2019nin yapt\u0131\u011f\u0131 bu ara\u015ft\u0131rmada \u0130dlip\u2019teki Tahrir'u\u015f \u015eam grubunun durumu ve yak\u0131n gelecekte ger\u00e7ekle\u015febilecek senaryolar tart\u0131\u015f\u0131ld\u0131. Ayr\u0131ca bu ihtimallere verilebilecek farkl\u0131 cevaplar da konu\u015fuldu","breadcrumb":{"@id":"https:\/\/sydialogue.org\/tr\/durum-degerlendirme-bildirisi-idlipin-akibeti-ve-olasi-senaryolar\/#breadcrumb"},"inLanguage":"tr","potentialAction":[{"@type":"ReadAction","target":["https:\/\/sydialogue.org\/tr\/durum-degerlendirme-bildirisi-idlipin-akibeti-ve-olasi-senaryolar\/"]}]},{"@type":"ImageObject","inLanguage":"tr","@id":"https:\/\/sydialogue.org\/tr\/durum-degerlendirme-bildirisi-idlipin-akibeti-ve-olasi-senaryolar\/#primaryimage","url":"https:\/\/egsaqtt58cu.exactdn.com\/wp-content\/uploads\/2018\/10\/43KT.jpg?strip=all&lossy=1&ssl=1","contentUrl":"https:\/\/egsaqtt58cu.exactdn.com\/wp-content\/uploads\/2018\/10\/43KT.jpg?strip=all&lossy=1&ssl=1","width":2308,"height":1159},{"@type":"BreadcrumbList","@id":"https:\/\/sydialogue.org\/tr\/durum-degerlendirme-bildirisi-idlipin-akibeti-ve-olasi-senaryolar\/#breadcrumb","itemListElement":[{"@type":"ListItem","position":1,"name":"\u0627\u0644\u0631\u0626\u064a\u0633\u064a\u0629","item":"https:\/\/sydialogue.org\/tr\/"},{"@type":"ListItem","position":2,"name":"Durum De\u011ferlendirme Bildirisi: \u2018\u2019\u0130dlip\u2019in Ak\u0131beti ve Olas\u0131 Senaryolar\u201d"}]},{"@type":"WebSite","@id":"https:\/\/sydialogue.org\/tr\/#website","url":"https:\/\/sydialogue.org\/tr\/","name":"\u0645\u0631\u0643\u0632 \u0627\u0644\u062d\u0648\u0627\u0631 \u0627\u0644\u0633\u0648\u0631\u064a","description":"Suriyeli bir sivil kurum, Suriye halk\u0131n\u0131 ilgilendiren konularda diyalo\u011fu canland\u0131rmay\u0131 ve harekete ge\u00e7irmeyi hedefliyor ve Suriyeliler aras\u0131nda ili\u015fkileri g\u00fc\u00e7lendirmeye ve i\u015fbirli\u011fi ve koordinasyonu harekete ge\u00e7irmeye \u00e7al\u0131\u015f\u0131yor.","potentialAction":[{"@type":"SearchAction","target":{"@type":"EntryPoint","urlTemplate":"https:\/\/sydialogue.org\/tr\/?s={search_term_string}"},"query-input":{"@type":"PropertyValueSpecification","valueRequired":true,"valueName":"search_term_string"}}],"inLanguage":"tr"},{"@type":"Person","@id":"https:\/\/sydialogue.org\/tr\/#\/schema\/person\/34a2994f7414cbc7ce06e08267c4944d","name":"\u0645\u0631\u0643\u0632 \u0627\u0644\u062d\u0648\u0627\u0631 \u0627\u0644\u0633\u0648\u0631\u064a","image":{"@type":"ImageObject","inLanguage":"tr","@id":"https:\/\/sydialogue.org\/tr\/#\/schema\/person\/image\/","url":"https:\/\/sydialogue.org\/wp-content\/uploads\/2023\/09\/\u0644\u0648\u063a\u0648-\u062e\u0644\u0641\u064a\u0629-\u0634\u0641\u0627\u0641\u0629-1.png","contentUrl":"https:\/\/sydialogue.org\/wp-content\/uploads\/2023\/09\/\u0644\u0648\u063a\u0648-\u062e\u0644\u0641\u064a\u0629-\u0634\u0641\u0627\u0641\u0629-1.png","caption":"\u0645\u0631\u0643\u0632 \u0627\u0644\u062d\u0648\u0627\u0631 \u0627\u0644\u0633\u0648\u0631\u064a"},"description":"\u0645\u0624\u0633\u0633\u0629 \u0628\u062d\u062b\u064a\u0629 \u0633\u0648\u0631\u064a\u0629 \u062a\u0633\u0639\u0649 \u0625\u0644\u0649 \u0627\u0644\u0625\u0633\u0647\u0627\u0645 \u0641\u064a \u0628\u0646\u0627\u0621 \u0627\u0644\u0631\u0624\u0649 \u0648\u0627\u0644\u0645\u0639\u0627\u0631\u0641 \u0628\u0645\u0627 \u064a\u0633\u0627\u0639\u062f \u0627\u0644\u0633\u0648\u0631\u064a\u064a\u0646 \u0639\u0644\u0649 \u0625\u0646\u0636\u0627\u062c \u062d\u0644\u0648\u0644 \u0639\u0645\u0644\u064a\u0629 \u0644\u0645\u0648\u0627\u062c\u0647\u0629 \u0627\u0644\u062a\u062d\u062f\u064a\u0627\u062a \u0627\u0644\u0648\u0637\u0646\u064a\u0629 \u0627\u0644\u0645\u0634\u062a\u0631\u0643\u0629 \u0648\u062a\u062d\u0642\u064a\u0642 \u0627\u0644\u062a\u0646\u0645\u064a\u0629 \u0627\u0644\u0645\u0633\u062a\u062f\u0627\u0645\u0629","sameAs":["http:\/\/sydialogue.org\/","Syrian Dialogue Center"],"url":"#molongui-disabled-link"}]}},"_links":{"self":[{"href":"https:\/\/sydialogue.org\/tr\/wp-json\/wp\/v2\/posts\/1905","targetHints":{"allow":["GET"]}}],"collection":[{"href":"https:\/\/sydialogue.org\/tr\/wp-json\/wp\/v2\/posts"}],"about":[{"href":"https:\/\/sydialogue.org\/tr\/wp-json\/wp\/v2\/types\/post"}],"author":[{"embeddable":true,"href":"https:\/\/sydialogue.org\/tr\/wp-json\/wp\/v2\/users\/1"}],"replies":[{"embeddable":true,"href":"https:\/\/sydialogue.org\/tr\/wp-json\/wp\/v2\/comments?post=1905"}],"version-history":[{"count":3,"href":"https:\/\/sydialogue.org\/tr\/wp-json\/wp\/v2\/posts\/1905\/revisions"}],"predecessor-version":[{"id":3372,"href":"https:\/\/sydialogue.org\/tr\/wp-json\/wp\/v2\/posts\/1905\/revisions\/3372"}],"wp:featuredmedia":[{"embeddable":true,"href":"https:\/\/sydialogue.org\/tr\/wp-json\/wp\/v2\/media\/1906"}],"wp:attachment":[{"href":"https:\/\/sydialogue.org\/tr\/wp-json\/wp\/v2\/media?parent=1905"}],"wp:term":[{"taxonomy":"category","embeddable":true,"href":"https:\/\/sydialogue.org\/tr\/wp-json\/wp\/v2\/categories?post=1905"},{"taxonomy":"post_tag","embeddable":true,"href":"https:\/\/sydialogue.org\/tr\/wp-json\/wp\/v2\/tags?post=1905"}],"curies":[{"name":"wp","href":"https:\/\/api.w.org\/{rel}","templated":true}]}}