{"id":1911,"date":"2018-11-02T00:00:00","date_gmt":"2018-11-01T21:00:00","guid":{"rendered":"https:\/\/center.ecertificated.xyz\/kessaf-sempozyumunun-medya-raporu-basar-esad-dugumunun-cozulmesi-icin-yapilan-uluslararasi-muzakereler-ve-ulusal-donusum-projesinin-yoklugunun-riskleri\/"},"modified":"2020-12-11T00:29:07","modified_gmt":"2020-12-10T21:29:07","slug":"kessaf-sempozyumunun-medya-raporu-basar-esad-dugumunun-cozulmesi-icin-yapilan-uluslararasi-muzakereler-ve-ulusal-donusum-projesinin-yoklugunun-riskleri","status":"publish","type":"post","link":"https:\/\/sydialogue.org\/tr\/kessaf-sempozyumunun-medya-raporu-basar-esad-dugumunun-cozulmesi-icin-yapilan-uluslararasi-muzakereler-ve-ulusal-donusum-projesinin-yoklugunun-riskleri\/","title":{"rendered":"Ke\u015f\u015faf Sempozyumunun Medya Raporu \u2018\u2019Ba\u015far Esad D\u00fc\u011f\u00fcm\u00fcn\u00fcn \u00c7\u00f6z\u00fclmesi \u0130\u00e7in Yap\u0131lan Uluslararas\u0131 M\u00fczakereler ve Ulusal D\u00f6n\u00fc\u015f\u00fcm Projesinin Yoklu\u011funun Riskleri\u2019\u2019"},"content":{"rendered":"<p dir=\"ltr\">\u201cBe\u015far Esad D\u00fc\u011f\u00fcm\u00fc\u201d Suriye\u2019de siyasi \u00e7\u00f6z\u00fcme ula\u015fma s\u00fcrecinde en b\u00fcy\u00fck engellerden bir tanesiydi. Problem 2012 y\u0131l\u0131nda 1. Cenevre Bildirisi a\u00e7\u0131klan\u0131nca ortaya \u00e7\u0131km\u0131\u015ft\u0131. Toplant\u0131 bitiminde bildiriyi imzalayan \u00fclkeler bildirinin beyannamesinde anla\u015famam\u0131\u015ft\u0131. Kat\u0131l\u0131mc\u0131lar\u0131n bir k\u0131sm\u0131 bildirinin Esad\u2019\u0131n gelece\u011fi konusuna de\u011finmedi\u011fini s\u00f6ylerken, di\u011fer bir k\u0131sm\u0131 bildirinin uygulanmas\u0131n\u0131n Esad\u2019\u0131n gitmesi ve Suriye gelece\u011finde hi\u00e7 rol\u00fcn\u00fcn olmayaca\u011f\u0131 anlam\u0131na geldi\u011fini s\u00f6yl\u00fcyordu.<\/p>\n<p dir=\"ltr\">\u00a0\u2018\u2019Esad\u2019\u0131n Kaderi\u2019\u2019 konusunun g\u00f6r\u00fcnd\u00fc\u011f\u00fcnden kar\u0131\u015f\u0131k bir ger\u00e7e\u011fin yans\u0131mas\u0131 olmas\u0131 \u00f6yle ki devletin merkezile\u015fmesi ile y\u00f6netim ve idare sistemiyle ba\u011flant\u0131l\u0131, Suriye devletinin alaca\u011f\u0131 halin jeopolitik, diplomatik ve askeri boyutlar\u0131n\u0131 ortaya koymas\u0131 ve rejimin ba\u011flant\u0131 kurmak istedi\u011fi co\u011frafi ve toplumsal eksenleri vurgulamas\u0131n\u0131 g\u00f6z \u00f6n\u00fcnde bulundurarak, Suriye Diyalog Merkezi, Stratejik G\u00f6zlemevi ile birlikte \u0130stanbul\u2019da 7 A\u011fustos 2017(15 Zilkade 1438) tarihinde \u2018\u2019Be\u015far Esad D\u00fc\u011f\u00fcm\u00fc: Yeni Geli\u015fmeler ve Rejimin \u00c7\u00f6kmesine Etkileri\u2019\u2019 ba\u015fl\u0131\u011f\u0131 alt\u0131nda bir tart\u0131\u015fma sempozyumu ger\u00e7ekle\u015ftirdi.<\/p>\n<p dir=\"ltr\">Bu raporda, gerek ayn\u0131 konuda pozisyon belgesini sunan stratejik uzmanlar taraf\u0131ndan gerekse yorum yapan kat\u0131l\u0131mc\u0131lar taraf\u0131ndan m\u00fcdahale yoluyla sempozyumun nas\u0131l ger\u00e7ekle\u015fti\u011fi anlat\u0131lmakta, ortaya \u00e7\u0131kan ana ba\u015fl\u0131klar ve fikirler a\u00e7\u0131klanmaktad\u0131r.<\/p>\n<p dir=\"ltr\">Rapor \u00fc\u00e7 tane eksenden olu\u015fmaktad\u0131r. Birincisi, strateji uzman\u0131 taraf\u0131ndan sunulan durum de\u011ferlendirme dosyas\u0131. Ba\u015flang\u0131\u00e7ta \u015eam\u2019daki y\u00f6netimin jeopolitik boyutlar\u0131ndan bahsedildi akabinde rejimi rehabilite etmek i\u00e7in uluslararas\u0131 zeminde sarf edilen iki t\u00fcr \u00e7abadan s\u00f6z edildi. Birincisi, Esad\u2019\u0131n gitmesi konusunda uluslararas\u0131 tav\u0131rlar\u0131n gev\u015fek olmas\u0131, ikincisi ise rejimin sisteminin rehabilite edilmeye \u00e7al\u0131\u015f\u0131lmas\u0131. Ek olarak bu denemelerin ba\u015far\u0131s\u0131z olmas\u0131n\u0131n sebebinin rejimin t\u00fckenmi\u015f olup ordu, g\u00fcvenlik ve ekonomik alanlara h\u00e2kim olamamas\u0131ndan kaynakland\u0131\u011f\u0131 vurguland\u0131. Ard\u0131ndan, Be\u015far Esad&#8217;\u0131n kaderini m\u00fczakere masas\u0131ndan bir dizi \u00f6nlem ve ara\u00e7 da dahil olmak \u00fczere giri\u015fim plan\u0131na ta\u015f\u0131yacak ulusal bir strateji \u00f6nerisi sunumu ile bitirildi.<\/p>\n<p dir=\"ltr\">\u0130kinci eksen, kat\u0131l\u0131mc\u0131lar taraf\u0131ndan yap\u0131lan ve \u00fc\u00e7 ana ba\u015fl\u0131k alt\u0131nda s\u0131n\u0131fland\u0131r\u0131lan yorumlar\u0131 i\u00e7ermektedir:<\/p>\n<p dir=\"ltr\">Birincisi: Ba\u015far Esad d\u00fc\u011f\u00fcm\u00fcn\u00fcn tan\u0131mlanmas\u0131. Kat\u0131l\u0131mc\u0131lar\u0131n bir k\u0131sm\u0131 d\u00fc\u011f\u00fcm\u00fcn Esad\u2019\u0131n g\u00f6reviyle ilgili oldu\u011funu dile getirirken ikinci k\u0131sm\u0131 da problemin g\u00fcvenlik ve askeri boyutlar\u0131n\u0131 vurgulad\u0131. Di\u011fer k\u0131sm\u0131 ise d\u00fc\u011f\u00fcm\u00fcn b\u00f6lgesel ve uluslararas\u0131 ba\u011flam\u0131n bir par\u00e7as\u0131 olarak savundu.<\/p>\n<p dir=\"ltr\">\u0130kincisi: Ba\u015far Esad d\u00fc\u011f\u00fcm\u00fcn\u00fcn sebepleri. Burada da kat\u0131l\u0131mc\u0131lar\u0131n bir k\u0131sm\u0131, devrim g\u00fc\u00e7lerinin rejime uygun bir alternatif bulamamas\u0131 nedeniyle d\u00fc\u011f\u00fcm\u00fcn olu\u015ftu\u011funa inan\u0131rken, di\u011fer k\u0131sm\u0131 ise, d\u0131\u015f fakt\u00f6rler olarak b\u00f6lgesel ve uluslararas\u0131 politikalar\u0131n bu konuda d\u00fc\u011f\u00fcm\u00fcn daha da kar\u0131\u015f\u0131k olmas\u0131na sebebiyet verdi\u011fini dile getirdi.<\/p>\n<p dir=\"ltr\">\u00dc\u00e7\u00fcnc\u00fcs\u00fc: Ba\u015far Esad d\u00fc\u011f\u00fcm\u00fcn\u00fcn \u00e7\u00f6z\u00fcm\u00fc. Kat\u0131l\u0131mc\u0131lar bu konuda, hem d\u00fc\u011f\u00fcmle u\u011fura\u015facak ara\u00e7lar ve genel metotlar\u0131 \u00f6nerdi, hem de d\u00fc\u011f\u00fcm\u00fc \u00e7\u00f6zecek bu ara\u00e7l ve \u00f6zel metotlar \u00fczerine ayr\u0131nt\u0131l\u0131 bir \u015fekilde konu\u015ftular.<\/p>\n<p dir=\"ltr\">\u00dc\u00e7\u00fcnc\u00fc ve son eksen, strateji uzmanlar\u0131n\u0131n s\u0131rayla belirtmi\u015f oldu\u011fu yorumlar\u0131n\u0131 ana hatlar\u0131yla \u00f6zetlemeye ayr\u0131ld\u0131.<\/p>\n<p dir=\"ltr\"><a href=\"http:\/\/sydialogue.org\/files\/Reporu22.pdf\">Rapor indir PDF<\/a><\/p>\n","protected":false},"excerpt":{"rendered":"<p>Bu raporda, gerek ayn\u0131 konuda pozisyon belgesini sunan stratejik uzmanlar taraf\u0131ndan gerekse yorum yapan kat\u0131l\u0131mc\u0131lar taraf\u0131ndan m\u00fcdahale yoluyla sempozyumun nas\u0131l ger\u00e7ekle\u015fti\u011fi anlat\u0131lmakta, ortaya \u00e7\u0131kan ana ba\u015fl\u0131klar ve fikirler a\u00e7\u0131klanmaktad\u0131r.<\/p>\n","protected":false},"author":1,"featured_media":1912,"comment_status":"open","ping_status":"closed","sticky":false,"template":"","format":"standard","meta":{"_acf_changed":false,"footnotes":""},"categories":[54,94,49],"tags":[],"class_list":["post-1911","post","type-post","status-publish","format-standard","has-post-thumbnail","hentry","category-gelisim-raporlar","category-politika-analizi-birimi","category-yayinlar"],"acf":[],"yoast_head":"<!-- This site is optimized with the Yoast SEO plugin v26.0 - https:\/\/yoast.com\/wordpress\/plugins\/seo\/ -->\n<title>Ke\u015f\u015faf Sempozyumunun Medya Raporu \u2018\u2019Ba\u015far Esad D\u00fc\u011f\u00fcm\u00fcn\u00fcn \u00c7\u00f6z\u00fclmesi \u0130\u00e7in Yap\u0131lan Uluslararas\u0131 M\u00fczakereler ve Ulusal D\u00f6n\u00fc\u015f\u00fcm Projesinin Yoklu\u011funun Riskleri\u2019\u2019 - Suriye Diyalog Merkezi<\/title>\n<meta name=\"description\" content=\"Bu raporda, gerek ayn\u0131 konuda pozisyon belgesini sunan stratejik uzmanlar taraf\u0131ndan gerekse yorum yapan kat\u0131l\u0131mc\u0131lar taraf\u0131ndan m\u00fcdahale yoluyla sempozyumun nas\u0131l ger\u00e7ekle\u015fti\u011fi anlat\u0131lmakta, ortaya \u00e7\u0131kan ana ba\u015fl\u0131klar ve fikirler a\u00e7\u0131klanmaktad\u0131r.\" \/>\n<meta name=\"robots\" content=\"index, follow, max-snippet:-1, max-image-preview:large, max-video-preview:-1\" \/>\n<link rel=\"canonical\" href=\"https:\/\/sydialogue.org\/tr\/kessaf-sempozyumunun-medya-raporu-basar-esad-dugumunun-cozulmesi-icin-yapilan-uluslararasi-muzakereler-ve-ulusal-donusum-projesinin-yoklugunun-riskleri\/\" \/>\n<meta property=\"og:locale\" content=\"tr_TR\" \/>\n<meta property=\"og:type\" content=\"article\" \/>\n<meta property=\"og:title\" content=\"Ke\u015f\u015faf Sempozyumunun Medya Raporu \u2018\u2019Ba\u015far Esad D\u00fc\u011f\u00fcm\u00fcn\u00fcn \u00c7\u00f6z\u00fclmesi \u0130\u00e7in Yap\u0131lan Uluslararas\u0131 M\u00fczakereler ve Ulusal D\u00f6n\u00fc\u015f\u00fcm Projesinin Yoklu\u011funun Riskleri\u2019\u2019 - Suriye Diyalog Merkezi\" \/>\n<meta property=\"og:description\" content=\"Bu raporda, gerek ayn\u0131 konuda pozisyon belgesini sunan stratejik uzmanlar taraf\u0131ndan gerekse yorum yapan kat\u0131l\u0131mc\u0131lar taraf\u0131ndan m\u00fcdahale yoluyla sempozyumun nas\u0131l ger\u00e7ekle\u015fti\u011fi anlat\u0131lmakta, ortaya \u00e7\u0131kan ana ba\u015fl\u0131klar ve fikirler a\u00e7\u0131klanmaktad\u0131r.\" \/>\n<meta property=\"og:url\" content=\"https:\/\/sydialogue.org\/tr\/kessaf-sempozyumunun-medya-raporu-basar-esad-dugumunun-cozulmesi-icin-yapilan-uluslararasi-muzakereler-ve-ulusal-donusum-projesinin-yoklugunun-riskleri\/\" \/>\n<meta property=\"og:site_name\" content=\"Suriye Diyalog Merkezi\" \/>\n<meta property=\"article:publisher\" content=\"https:\/\/www.facebook.com\/Sydialogue\" \/>\n<meta property=\"article:published_time\" content=\"2018-11-01T21:00:00+00:00\" \/>\n<meta property=\"article:modified_time\" content=\"2020-12-10T21:29:07+00:00\" \/>\n<meta property=\"og:image\" content=\"https:\/\/sydialogue.org\/wp-content\/uploads\/2018\/11\/19KT.jpg\" \/>\n\t<meta property=\"og:image:width\" content=\"2308\" \/>\n\t<meta property=\"og:image:height\" content=\"1159\" \/>\n\t<meta property=\"og:image:type\" content=\"image\/jpeg\" \/>\n<meta name=\"author\" content=\"\u0645\u0631\u0643\u0632 \u0627\u0644\u062d\u0648\u0627\u0631 \u0627\u0644\u0633\u0648\u0631\u064a\" \/>\n<meta name=\"twitter:card\" content=\"summary_large_image\" \/>\n<meta name=\"twitter:creator\" content=\"@Sydialogue\" \/>\n<meta name=\"twitter:site\" content=\"@Sydialogue\" \/>\n<meta name=\"twitter:label1\" content=\"Yazan:\" \/>\n\t<meta name=\"twitter:data1\" content=\"\u0645\u0631\u0643\u0632 \u0627\u0644\u062d\u0648\u0627\u0631 \u0627\u0644\u0633\u0648\u0631\u064a\" \/>\n\t<meta name=\"twitter:label2\" content=\"Tahmini okuma s\u00fcresi\" \/>\n\t<meta name=\"twitter:data2\" content=\"3 dakika\" \/>\n<script type=\"application\/ld+json\" class=\"yoast-schema-graph\">{\"@context\":\"https:\/\/schema.org\",\"@graph\":[{\"@type\":\"WebPage\",\"@id\":\"https:\/\/sydialogue.org\/tr\/kessaf-sempozyumunun-medya-raporu-basar-esad-dugumunun-cozulmesi-icin-yapilan-uluslararasi-muzakereler-ve-ulusal-donusum-projesinin-yoklugunun-riskleri\/\",\"url\":\"https:\/\/sydialogue.org\/tr\/kessaf-sempozyumunun-medya-raporu-basar-esad-dugumunun-cozulmesi-icin-yapilan-uluslararasi-muzakereler-ve-ulusal-donusum-projesinin-yoklugunun-riskleri\/\",\"name\":\"Ke\u015f\u015faf Sempozyumunun Medya Raporu \u2018\u2019Ba\u015far Esad D\u00fc\u011f\u00fcm\u00fcn\u00fcn \u00c7\u00f6z\u00fclmesi \u0130\u00e7in Yap\u0131lan Uluslararas\u0131 M\u00fczakereler ve Ulusal D\u00f6n\u00fc\u015f\u00fcm Projesinin Yoklu\u011funun Riskleri\u2019\u2019 - Suriye Diyalog Merkezi\",\"isPartOf\":{\"@id\":\"https:\/\/sydialogue.org\/tr\/#website\"},\"primaryImageOfPage\":{\"@id\":\"https:\/\/sydialogue.org\/tr\/kessaf-sempozyumunun-medya-raporu-basar-esad-dugumunun-cozulmesi-icin-yapilan-uluslararasi-muzakereler-ve-ulusal-donusum-projesinin-yoklugunun-riskleri\/#primaryimage\"},\"image\":{\"@id\":\"https:\/\/sydialogue.org\/tr\/kessaf-sempozyumunun-medya-raporu-basar-esad-dugumunun-cozulmesi-icin-yapilan-uluslararasi-muzakereler-ve-ulusal-donusum-projesinin-yoklugunun-riskleri\/#primaryimage\"},\"thumbnailUrl\":\"https:\/\/egsaqtt58cu.exactdn.com\/wp-content\/uploads\/2018\/11\/19KT.jpg?strip=all&lossy=1&ssl=1\",\"datePublished\":\"2018-11-01T21:00:00+00:00\",\"dateModified\":\"2020-12-10T21:29:07+00:00\",\"author\":{\"@id\":\"https:\/\/sydialogue.org\/tr\/#\/schema\/person\/34a2994f7414cbc7ce06e08267c4944d\"},\"description\":\"Bu raporda, gerek ayn\u0131 konuda pozisyon belgesini sunan stratejik uzmanlar taraf\u0131ndan gerekse yorum yapan kat\u0131l\u0131mc\u0131lar taraf\u0131ndan m\u00fcdahale yoluyla sempozyumun nas\u0131l ger\u00e7ekle\u015fti\u011fi anlat\u0131lmakta, ortaya \u00e7\u0131kan ana ba\u015fl\u0131klar ve fikirler a\u00e7\u0131klanmaktad\u0131r.\",\"breadcrumb\":{\"@id\":\"https:\/\/sydialogue.org\/tr\/kessaf-sempozyumunun-medya-raporu-basar-esad-dugumunun-cozulmesi-icin-yapilan-uluslararasi-muzakereler-ve-ulusal-donusum-projesinin-yoklugunun-riskleri\/#breadcrumb\"},\"inLanguage\":\"tr\",\"potentialAction\":[{\"@type\":\"ReadAction\",\"target\":[\"https:\/\/sydialogue.org\/tr\/kessaf-sempozyumunun-medya-raporu-basar-esad-dugumunun-cozulmesi-icin-yapilan-uluslararasi-muzakereler-ve-ulusal-donusum-projesinin-yoklugunun-riskleri\/\"]}]},{\"@type\":\"ImageObject\",\"inLanguage\":\"tr\",\"@id\":\"https:\/\/sydialogue.org\/tr\/kessaf-sempozyumunun-medya-raporu-basar-esad-dugumunun-cozulmesi-icin-yapilan-uluslararasi-muzakereler-ve-ulusal-donusum-projesinin-yoklugunun-riskleri\/#primaryimage\",\"url\":\"https:\/\/egsaqtt58cu.exactdn.com\/wp-content\/uploads\/2018\/11\/19KT.jpg?strip=all&lossy=1&ssl=1\",\"contentUrl\":\"https:\/\/egsaqtt58cu.exactdn.com\/wp-content\/uploads\/2018\/11\/19KT.jpg?strip=all&lossy=1&ssl=1\",\"width\":2308,\"height\":1159},{\"@type\":\"BreadcrumbList\",\"@id\":\"https:\/\/sydialogue.org\/tr\/kessaf-sempozyumunun-medya-raporu-basar-esad-dugumunun-cozulmesi-icin-yapilan-uluslararasi-muzakereler-ve-ulusal-donusum-projesinin-yoklugunun-riskleri\/#breadcrumb\",\"itemListElement\":[{\"@type\":\"ListItem\",\"position\":1,\"name\":\"\u0627\u0644\u0631\u0626\u064a\u0633\u064a\u0629\",\"item\":\"https:\/\/sydialogue.org\/tr\/\"},{\"@type\":\"ListItem\",\"position\":2,\"name\":\"Ke\u015f\u015faf Sempozyumunun Medya Raporu \u2018\u2019Ba\u015far Esad D\u00fc\u011f\u00fcm\u00fcn\u00fcn \u00c7\u00f6z\u00fclmesi \u0130\u00e7in Yap\u0131lan Uluslararas\u0131 M\u00fczakereler ve Ulusal D\u00f6n\u00fc\u015f\u00fcm Projesinin Yoklu\u011funun Riskleri\u2019\u2019\"}]},{\"@type\":\"WebSite\",\"@id\":\"https:\/\/sydialogue.org\/tr\/#website\",\"url\":\"https:\/\/sydialogue.org\/tr\/\",\"name\":\"\u0645\u0631\u0643\u0632 \u0627\u0644\u062d\u0648\u0627\u0631 \u0627\u0644\u0633\u0648\u0631\u064a\",\"description\":\"Suriyeli bir sivil kurum, Suriye halk\u0131n\u0131 ilgilendiren konularda diyalo\u011fu canland\u0131rmay\u0131 ve harekete ge\u00e7irmeyi hedefliyor ve Suriyeliler aras\u0131nda ili\u015fkileri g\u00fc\u00e7lendirmeye ve i\u015fbirli\u011fi ve koordinasyonu harekete ge\u00e7irmeye \u00e7al\u0131\u015f\u0131yor.\",\"potentialAction\":[{\"@type\":\"SearchAction\",\"target\":{\"@type\":\"EntryPoint\",\"urlTemplate\":\"https:\/\/sydialogue.org\/tr\/?s={search_term_string}\"},\"query-input\":{\"@type\":\"PropertyValueSpecification\",\"valueRequired\":true,\"valueName\":\"search_term_string\"}}],\"inLanguage\":\"tr\"},{\"@type\":\"Person\",\"@id\":\"https:\/\/sydialogue.org\/tr\/#\/schema\/person\/34a2994f7414cbc7ce06e08267c4944d\",\"name\":\"\u0645\u0631\u0643\u0632 \u0627\u0644\u062d\u0648\u0627\u0631 \u0627\u0644\u0633\u0648\u0631\u064a\",\"image\":{\"@type\":\"ImageObject\",\"inLanguage\":\"tr\",\"@id\":\"https:\/\/sydialogue.org\/tr\/#\/schema\/person\/image\/\",\"url\":\"https:\/\/sydialogue.org\/wp-content\/uploads\/2023\/09\/\u0644\u0648\u063a\u0648-\u062e\u0644\u0641\u064a\u0629-\u0634\u0641\u0627\u0641\u0629-1.png\",\"contentUrl\":\"https:\/\/sydialogue.org\/wp-content\/uploads\/2023\/09\/\u0644\u0648\u063a\u0648-\u062e\u0644\u0641\u064a\u0629-\u0634\u0641\u0627\u0641\u0629-1.png\",\"caption\":\"\u0645\u0631\u0643\u0632 \u0627\u0644\u062d\u0648\u0627\u0631 \u0627\u0644\u0633\u0648\u0631\u064a\"},\"description\":\"\u0645\u0624\u0633\u0633\u0629 \u0628\u062d\u062b\u064a\u0629 \u0633\u0648\u0631\u064a\u0629 \u062a\u0633\u0639\u0649 \u0625\u0644\u0649 \u0627\u0644\u0625\u0633\u0647\u0627\u0645 \u0641\u064a \u0628\u0646\u0627\u0621 \u0627\u0644\u0631\u0624\u0649 \u0648\u0627\u0644\u0645\u0639\u0627\u0631\u0641 \u0628\u0645\u0627 \u064a\u0633\u0627\u0639\u062f \u0627\u0644\u0633\u0648\u0631\u064a\u064a\u0646 \u0639\u0644\u0649 \u0625\u0646\u0636\u0627\u062c \u062d\u0644\u0648\u0644 \u0639\u0645\u0644\u064a\u0629 \u0644\u0645\u0648\u0627\u062c\u0647\u0629 \u0627\u0644\u062a\u062d\u062f\u064a\u0627\u062a \u0627\u0644\u0648\u0637\u0646\u064a\u0629 \u0627\u0644\u0645\u0634\u062a\u0631\u0643\u0629 \u0648\u062a\u062d\u0642\u064a\u0642 \u0627\u0644\u062a\u0646\u0645\u064a\u0629 \u0627\u0644\u0645\u0633\u062a\u062f\u0627\u0645\u0629\",\"sameAs\":[\"http:\/\/sydialogue.org\/\",\"Syrian Dialogue Center\"],\"url\":\"#molongui-disabled-link\"}]}<\/script>\n<!-- \/ Yoast SEO plugin. -->","yoast_head_json":{"title":"Ke\u015f\u015faf Sempozyumunun Medya Raporu \u2018\u2019Ba\u015far Esad D\u00fc\u011f\u00fcm\u00fcn\u00fcn \u00c7\u00f6z\u00fclmesi \u0130\u00e7in Yap\u0131lan Uluslararas\u0131 M\u00fczakereler ve Ulusal D\u00f6n\u00fc\u015f\u00fcm Projesinin Yoklu\u011funun Riskleri\u2019\u2019 - Suriye Diyalog Merkezi","description":"Bu raporda, gerek ayn\u0131 konuda pozisyon belgesini sunan stratejik uzmanlar taraf\u0131ndan gerekse yorum yapan kat\u0131l\u0131mc\u0131lar taraf\u0131ndan m\u00fcdahale yoluyla sempozyumun nas\u0131l ger\u00e7ekle\u015fti\u011fi anlat\u0131lmakta, ortaya \u00e7\u0131kan ana ba\u015fl\u0131klar ve fikirler a\u00e7\u0131klanmaktad\u0131r.","robots":{"index":"index","follow":"follow","max-snippet":"max-snippet:-1","max-image-preview":"max-image-preview:large","max-video-preview":"max-video-preview:-1"},"canonical":"https:\/\/sydialogue.org\/tr\/kessaf-sempozyumunun-medya-raporu-basar-esad-dugumunun-cozulmesi-icin-yapilan-uluslararasi-muzakereler-ve-ulusal-donusum-projesinin-yoklugunun-riskleri\/","og_locale":"tr_TR","og_type":"article","og_title":"Ke\u015f\u015faf Sempozyumunun Medya Raporu \u2018\u2019Ba\u015far Esad D\u00fc\u011f\u00fcm\u00fcn\u00fcn \u00c7\u00f6z\u00fclmesi \u0130\u00e7in Yap\u0131lan Uluslararas\u0131 M\u00fczakereler ve Ulusal D\u00f6n\u00fc\u015f\u00fcm Projesinin Yoklu\u011funun Riskleri\u2019\u2019 - Suriye Diyalog Merkezi","og_description":"Bu raporda, gerek ayn\u0131 konuda pozisyon belgesini sunan stratejik uzmanlar taraf\u0131ndan gerekse yorum yapan kat\u0131l\u0131mc\u0131lar taraf\u0131ndan m\u00fcdahale yoluyla sempozyumun nas\u0131l ger\u00e7ekle\u015fti\u011fi anlat\u0131lmakta, ortaya \u00e7\u0131kan ana ba\u015fl\u0131klar ve fikirler a\u00e7\u0131klanmaktad\u0131r.","og_url":"https:\/\/sydialogue.org\/tr\/kessaf-sempozyumunun-medya-raporu-basar-esad-dugumunun-cozulmesi-icin-yapilan-uluslararasi-muzakereler-ve-ulusal-donusum-projesinin-yoklugunun-riskleri\/","og_site_name":"Suriye Diyalog Merkezi","article_publisher":"https:\/\/www.facebook.com\/Sydialogue","article_published_time":"2018-11-01T21:00:00+00:00","article_modified_time":"2020-12-10T21:29:07+00:00","og_image":[{"width":2308,"height":1159,"url":"https:\/\/sydialogue.org\/wp-content\/uploads\/2018\/11\/19KT.jpg","type":"image\/jpeg"}],"author":"\u0645\u0631\u0643\u0632 \u0627\u0644\u062d\u0648\u0627\u0631 \u0627\u0644\u0633\u0648\u0631\u064a","twitter_card":"summary_large_image","twitter_creator":"@Sydialogue","twitter_site":"@Sydialogue","twitter_misc":{"Yazan:":"\u0645\u0631\u0643\u0632 \u0627\u0644\u062d\u0648\u0627\u0631 \u0627\u0644\u0633\u0648\u0631\u064a","Tahmini okuma s\u00fcresi":"3 dakika"},"schema":{"@context":"https:\/\/schema.org","@graph":[{"@type":"WebPage","@id":"https:\/\/sydialogue.org\/tr\/kessaf-sempozyumunun-medya-raporu-basar-esad-dugumunun-cozulmesi-icin-yapilan-uluslararasi-muzakereler-ve-ulusal-donusum-projesinin-yoklugunun-riskleri\/","url":"https:\/\/sydialogue.org\/tr\/kessaf-sempozyumunun-medya-raporu-basar-esad-dugumunun-cozulmesi-icin-yapilan-uluslararasi-muzakereler-ve-ulusal-donusum-projesinin-yoklugunun-riskleri\/","name":"Ke\u015f\u015faf Sempozyumunun Medya Raporu \u2018\u2019Ba\u015far Esad D\u00fc\u011f\u00fcm\u00fcn\u00fcn \u00c7\u00f6z\u00fclmesi \u0130\u00e7in Yap\u0131lan Uluslararas\u0131 M\u00fczakereler ve Ulusal D\u00f6n\u00fc\u015f\u00fcm Projesinin Yoklu\u011funun Riskleri\u2019\u2019 - Suriye Diyalog Merkezi","isPartOf":{"@id":"https:\/\/sydialogue.org\/tr\/#website"},"primaryImageOfPage":{"@id":"https:\/\/sydialogue.org\/tr\/kessaf-sempozyumunun-medya-raporu-basar-esad-dugumunun-cozulmesi-icin-yapilan-uluslararasi-muzakereler-ve-ulusal-donusum-projesinin-yoklugunun-riskleri\/#primaryimage"},"image":{"@id":"https:\/\/sydialogue.org\/tr\/kessaf-sempozyumunun-medya-raporu-basar-esad-dugumunun-cozulmesi-icin-yapilan-uluslararasi-muzakereler-ve-ulusal-donusum-projesinin-yoklugunun-riskleri\/#primaryimage"},"thumbnailUrl":"https:\/\/egsaqtt58cu.exactdn.com\/wp-content\/uploads\/2018\/11\/19KT.jpg?strip=all&lossy=1&ssl=1","datePublished":"2018-11-01T21:00:00+00:00","dateModified":"2020-12-10T21:29:07+00:00","author":{"@id":"https:\/\/sydialogue.org\/tr\/#\/schema\/person\/34a2994f7414cbc7ce06e08267c4944d"},"description":"Bu raporda, gerek ayn\u0131 konuda pozisyon belgesini sunan stratejik uzmanlar taraf\u0131ndan gerekse yorum yapan kat\u0131l\u0131mc\u0131lar taraf\u0131ndan m\u00fcdahale yoluyla sempozyumun nas\u0131l ger\u00e7ekle\u015fti\u011fi anlat\u0131lmakta, ortaya \u00e7\u0131kan ana ba\u015fl\u0131klar ve fikirler a\u00e7\u0131klanmaktad\u0131r.","breadcrumb":{"@id":"https:\/\/sydialogue.org\/tr\/kessaf-sempozyumunun-medya-raporu-basar-esad-dugumunun-cozulmesi-icin-yapilan-uluslararasi-muzakereler-ve-ulusal-donusum-projesinin-yoklugunun-riskleri\/#breadcrumb"},"inLanguage":"tr","potentialAction":[{"@type":"ReadAction","target":["https:\/\/sydialogue.org\/tr\/kessaf-sempozyumunun-medya-raporu-basar-esad-dugumunun-cozulmesi-icin-yapilan-uluslararasi-muzakereler-ve-ulusal-donusum-projesinin-yoklugunun-riskleri\/"]}]},{"@type":"ImageObject","inLanguage":"tr","@id":"https:\/\/sydialogue.org\/tr\/kessaf-sempozyumunun-medya-raporu-basar-esad-dugumunun-cozulmesi-icin-yapilan-uluslararasi-muzakereler-ve-ulusal-donusum-projesinin-yoklugunun-riskleri\/#primaryimage","url":"https:\/\/egsaqtt58cu.exactdn.com\/wp-content\/uploads\/2018\/11\/19KT.jpg?strip=all&lossy=1&ssl=1","contentUrl":"https:\/\/egsaqtt58cu.exactdn.com\/wp-content\/uploads\/2018\/11\/19KT.jpg?strip=all&lossy=1&ssl=1","width":2308,"height":1159},{"@type":"BreadcrumbList","@id":"https:\/\/sydialogue.org\/tr\/kessaf-sempozyumunun-medya-raporu-basar-esad-dugumunun-cozulmesi-icin-yapilan-uluslararasi-muzakereler-ve-ulusal-donusum-projesinin-yoklugunun-riskleri\/#breadcrumb","itemListElement":[{"@type":"ListItem","position":1,"name":"\u0627\u0644\u0631\u0626\u064a\u0633\u064a\u0629","item":"https:\/\/sydialogue.org\/tr\/"},{"@type":"ListItem","position":2,"name":"Ke\u015f\u015faf Sempozyumunun Medya Raporu \u2018\u2019Ba\u015far Esad D\u00fc\u011f\u00fcm\u00fcn\u00fcn \u00c7\u00f6z\u00fclmesi \u0130\u00e7in Yap\u0131lan Uluslararas\u0131 M\u00fczakereler ve Ulusal D\u00f6n\u00fc\u015f\u00fcm Projesinin Yoklu\u011funun Riskleri\u2019\u2019"}]},{"@type":"WebSite","@id":"https:\/\/sydialogue.org\/tr\/#website","url":"https:\/\/sydialogue.org\/tr\/","name":"\u0645\u0631\u0643\u0632 \u0627\u0644\u062d\u0648\u0627\u0631 \u0627\u0644\u0633\u0648\u0631\u064a","description":"Suriyeli bir sivil kurum, Suriye halk\u0131n\u0131 ilgilendiren konularda diyalo\u011fu canland\u0131rmay\u0131 ve harekete ge\u00e7irmeyi hedefliyor ve Suriyeliler aras\u0131nda ili\u015fkileri g\u00fc\u00e7lendirmeye ve i\u015fbirli\u011fi ve koordinasyonu harekete ge\u00e7irmeye \u00e7al\u0131\u015f\u0131yor.","potentialAction":[{"@type":"SearchAction","target":{"@type":"EntryPoint","urlTemplate":"https:\/\/sydialogue.org\/tr\/?s={search_term_string}"},"query-input":{"@type":"PropertyValueSpecification","valueRequired":true,"valueName":"search_term_string"}}],"inLanguage":"tr"},{"@type":"Person","@id":"https:\/\/sydialogue.org\/tr\/#\/schema\/person\/34a2994f7414cbc7ce06e08267c4944d","name":"\u0645\u0631\u0643\u0632 \u0627\u0644\u062d\u0648\u0627\u0631 \u0627\u0644\u0633\u0648\u0631\u064a","image":{"@type":"ImageObject","inLanguage":"tr","@id":"https:\/\/sydialogue.org\/tr\/#\/schema\/person\/image\/","url":"https:\/\/sydialogue.org\/wp-content\/uploads\/2023\/09\/\u0644\u0648\u063a\u0648-\u062e\u0644\u0641\u064a\u0629-\u0634\u0641\u0627\u0641\u0629-1.png","contentUrl":"https:\/\/sydialogue.org\/wp-content\/uploads\/2023\/09\/\u0644\u0648\u063a\u0648-\u062e\u0644\u0641\u064a\u0629-\u0634\u0641\u0627\u0641\u0629-1.png","caption":"\u0645\u0631\u0643\u0632 \u0627\u0644\u062d\u0648\u0627\u0631 \u0627\u0644\u0633\u0648\u0631\u064a"},"description":"\u0645\u0624\u0633\u0633\u0629 \u0628\u062d\u062b\u064a\u0629 \u0633\u0648\u0631\u064a\u0629 \u062a\u0633\u0639\u0649 \u0625\u0644\u0649 \u0627\u0644\u0625\u0633\u0647\u0627\u0645 \u0641\u064a \u0628\u0646\u0627\u0621 \u0627\u0644\u0631\u0624\u0649 \u0648\u0627\u0644\u0645\u0639\u0627\u0631\u0641 \u0628\u0645\u0627 \u064a\u0633\u0627\u0639\u062f \u0627\u0644\u0633\u0648\u0631\u064a\u064a\u0646 \u0639\u0644\u0649 \u0625\u0646\u0636\u0627\u062c \u062d\u0644\u0648\u0644 \u0639\u0645\u0644\u064a\u0629 \u0644\u0645\u0648\u0627\u062c\u0647\u0629 \u0627\u0644\u062a\u062d\u062f\u064a\u0627\u062a \u0627\u0644\u0648\u0637\u0646\u064a\u0629 \u0627\u0644\u0645\u0634\u062a\u0631\u0643\u0629 \u0648\u062a\u062d\u0642\u064a\u0642 \u0627\u0644\u062a\u0646\u0645\u064a\u0629 \u0627\u0644\u0645\u0633\u062a\u062f\u0627\u0645\u0629","sameAs":["http:\/\/sydialogue.org\/","Syrian Dialogue Center"],"url":"#molongui-disabled-link"}]}},"_links":{"self":[{"href":"https:\/\/sydialogue.org\/tr\/wp-json\/wp\/v2\/posts\/1911","targetHints":{"allow":["GET"]}}],"collection":[{"href":"https:\/\/sydialogue.org\/tr\/wp-json\/wp\/v2\/posts"}],"about":[{"href":"https:\/\/sydialogue.org\/tr\/wp-json\/wp\/v2\/types\/post"}],"author":[{"embeddable":true,"href":"https:\/\/sydialogue.org\/tr\/wp-json\/wp\/v2\/users\/1"}],"replies":[{"embeddable":true,"href":"https:\/\/sydialogue.org\/tr\/wp-json\/wp\/v2\/comments?post=1911"}],"version-history":[{"count":3,"href":"https:\/\/sydialogue.org\/tr\/wp-json\/wp\/v2\/posts\/1911\/revisions"}],"predecessor-version":[{"id":3370,"href":"https:\/\/sydialogue.org\/tr\/wp-json\/wp\/v2\/posts\/1911\/revisions\/3370"}],"wp:featuredmedia":[{"embeddable":true,"href":"https:\/\/sydialogue.org\/tr\/wp-json\/wp\/v2\/media\/1912"}],"wp:attachment":[{"href":"https:\/\/sydialogue.org\/tr\/wp-json\/wp\/v2\/media?parent=1911"}],"wp:term":[{"taxonomy":"category","embeddable":true,"href":"https:\/\/sydialogue.org\/tr\/wp-json\/wp\/v2\/categories?post=1911"},{"taxonomy":"post_tag","embeddable":true,"href":"https:\/\/sydialogue.org\/tr\/wp-json\/wp\/v2\/tags?post=1911"}],"curies":[{"name":"wp","href":"https:\/\/api.w.org\/{rel}","templated":true}]}}