{"id":1951,"date":"2019-01-02T00:00:00","date_gmt":"2019-01-01T21:00:00","guid":{"rendered":"https:\/\/center.ecertificated.xyz\/suriye-turk-genclik-diyalogu-forumu-raporu-birinci-turu\/"},"modified":"2020-12-11T00:29:28","modified_gmt":"2020-12-10T21:29:28","slug":"suriye-turk-genclik-diyalogu-forumu-raporu-birinci-turu","status":"publish","type":"post","link":"https:\/\/sydialogue.org\/tr\/suriye-turk-genclik-diyalogu-forumu-raporu-birinci-turu\/","title":{"rendered":"Suriye &#8211; T\u00fcrk Gen\u00e7lik Diyalo\u011fu Forumu Raporu &#8211; Birinci Turu"},"content":{"rendered":"<p dir=\"ltr\">Bug\u00fcn T\u00fcrkiye\u2019de \u00fc\u00e7 bu\u00e7uk milyondan fazla Suriyeli ya\u015famaktad\u0131r. Bu Suriyeliler bir\u00e7ok farkl\u0131 sebep ve ko\u015fulla Suriye\u2019nin farkl\u0131 \u015fehir ve kentlerinden gelmi\u015flerdir. Bu nedenlerin en belirgini ise \u201csava\u015f\u201d ve Suriye devrimi patlak verdi\u011finden bu yana Suriye rejiminin geri durmad\u0131\u011f\u0131 tutuklamalar ve g\u00fcvenlik tahkikatlar\u0131n\u0131n g\u00f6lgesinde Suriye kentlerinde g\u00fcvenli\u011fin bulunmamas\u0131d\u0131r.<\/p>\n<p dir=\"ltr\">Sonunda Suriyeliler farkl\u0131 ekonomik ve toplumsal nedenlerle T\u00fcrkiye\u2019ye intikal etmi\u015flerdir. Suriyelilerin varl\u0131\u011f\u0131, T\u00fcrk toplumu \u00fczerinde \u00e7e\u015fitli alanlarda politik, sosyal, ekonomik ve e\u011fitimsel etkiler yaratm\u0131\u015f, her iki tarafa a\u00e7\u0131k olumlu veya olumsuz etkiler b\u0131rakm\u0131\u015ft\u0131r: Suriyeli misafirler ve ev sahibi T\u00fcrkler\u2026<\/p>\n<p dir=\"ltr\">Suriye ve T\u00fcrk gen\u00e7leri aras\u0131nda y\u00fcz y\u00fcze g\u00f6r\u00fc\u015fme ve bulu\u015fma ortam\u0131 olu\u015fturmak, yanl\u0131\u015f anlamalar\u0131 d\u00fczeltmek, gerek T\u00fcrkiye&#8217;deki Suriyelilerin gerekse ev sahibi toplumun sorunlar\u0131n\u0131n ortak ve kar\u015f\u0131l\u0131kl\u0131 anlay\u0131\u015f\u0131n\u0131 geli\u015ftirmek ve ortak ya\u015fam\u0131n temellerini olu\u015fturmak i\u00e7in Suriye Diyalog Merkezi, Gen\u00e7 \u0130HH ve \u00a0\u0130nsani Ve Sosyal Ara\u015ft\u0131rmalar Merkezi (\u0130NSAMER) ortakl\u0131\u011f\u0131yla hicri 11 safer 1440 miladi 28 ekim 2018 cumartesi g\u00fcn\u00fc \u0130stanbul\u2019da 30 T\u00fcrk ve Suriyeli gencin kat\u0131l\u0131m\u0131yla Birinci Suriye &#8211; T\u00fcrk Gen\u00e7lik Diyalo\u011fu Forumunu ger\u00e7ekle\u015ftirmi\u015ftir.<\/p>\n<p dir=\"ltr\">Bulu\u015fmada iki tart\u0131\u015fma oturumu yer alm\u0131\u015ft\u0131r. Birincisinde bir\u00e7ok konuda, \u00f6zellikle de yanl\u0131\u015f anlama nedeniyle iki karde\u015f toplum aras\u0131nda bir\u00e7ok anla\u015fmazl\u0131k ve \u00e7eki\u015fmeye neden olan konularda ortak anlay\u0131\u015f\u0131n olu\u015fturulmas\u0131na odaklan\u0131lm\u0131\u015ft\u0131r. \u0130kinci oturumda ise taraflar\u0131n \u00e7\u0131karlar\u0131na olacak ve aralar\u0131ndaki ortakl\u0131k ve karde\u015flik \u00e7er\u00e7evelerini derinle\u015ftirecek T\u00fcrk-Suriyeli giri\u015fim ve projelerinin temellerini olu\u015fturma konusunu ele al\u0131nm\u0131\u015ft\u0131r. Forum bir grup tavsiye ile \u00f6zetlenmi\u015ftir ki, bu tavsiyelerin ba\u015f\u0131nda T\u00fcrk Suriye toplumlar\u0131n\u0131n tan\u0131\u015fabilmesi i\u00e7in bas\u0131n platformlar\u0131n\u0131n olu\u015fturulmas\u0131 ve Suriyelilerin sorunlar\u0131n\u0131n T\u00fcrk taraf ile birlikte takip edilmesi i\u00e7in Suriye-T\u00fcrk irtibat b\u00fcrosunun harekete ge\u00e7irilmesi gerekti\u011fi konular\u0131 gelmi\u015ftir. \u00d6te yandan kat\u0131l\u0131mc\u0131lar Suriyelilere kendilerini tan\u0131tma, sorunlar\u0131n\u0131 anlatma, T\u00fcrk\u00e7e \u00f6\u011frenmeye \u00e7al\u0131\u015fma, T\u00fcrk toplumunun gelenek ve k\u00fclt\u00fcr\u00fcn\u00fc \u00f6\u011frenme ve bunlara sayg\u0131 duyma tavsiyesinde bulunmu\u015flard\u0131r.<\/p>\n<p dir=\"ltr\"><a href=\"http:\/\/sydialogue.org\/files\/ProgressReport45Tr.pdf\">Rapor indir PDF<\/a><\/p>\n","protected":false},"excerpt":{"rendered":"<p>\u0130ki taraf aras\u0131nda \u00e7e\u015fitli k\u00f6t\u00fc intibalar\u0131 kald\u0131rma, ortak anlay\u0131\u015f\u0131 geli\u015ftirme ve mevcut problemleri birbirlerine aktaracak kanallar kurma amac\u0131yla Suriye \u2013 T\u00fcrkiye Gen\u00e7li\u011fi Diyalog Forumu\u2019nun birinci turu ger\u00e7ekle\u015ftirildi<\/p>\n","protected":false},"author":1,"featured_media":1952,"comment_status":"open","ping_status":"closed","sticky":false,"template":"","format":"standard","meta":{"_acf_changed":false,"footnotes":""},"categories":[54,93,49],"tags":[],"class_list":["post-1951","post","type-post","status-publish","format-standard","has-post-thumbnail","hentry","category-gelisim-raporlar","category-sosyal-birim","category-yayinlar"],"acf":[],"yoast_head":"<!-- This site is optimized with the Yoast SEO plugin v26.0 - https:\/\/yoast.com\/wordpress\/plugins\/seo\/ -->\n<title>Suriye - T\u00fcrk Gen\u00e7lik Diyalo\u011fu Forumu Raporu - Birinci Turu - Suriye Diyalog Merkezi<\/title>\n<meta name=\"description\" content=\"\u0130ki taraf aras\u0131nda \u00e7e\u015fitli k\u00f6t\u00fc intibalar\u0131 kald\u0131rma, ortak anlay\u0131\u015f\u0131 geli\u015ftirme ve mevcut problemleri birbirlerine aktaracak kanallar kurma amac\u0131yla Suriye \u2013 T\u00fcrkiye Gen\u00e7li\u011fi Diyalog Forumu\u2019nun birinci turu ger\u00e7ekle\u015ftirildi\" \/>\n<meta name=\"robots\" content=\"index, follow, max-snippet:-1, max-image-preview:large, max-video-preview:-1\" \/>\n<link rel=\"canonical\" href=\"https:\/\/sydialogue.org\/tr\/suriye-turk-genclik-diyalogu-forumu-raporu-birinci-turu\/\" \/>\n<meta property=\"og:locale\" content=\"tr_TR\" \/>\n<meta property=\"og:type\" content=\"article\" \/>\n<meta property=\"og:title\" content=\"Suriye - T\u00fcrk Gen\u00e7lik Diyalo\u011fu Forumu Raporu - Birinci Turu - Suriye Diyalog Merkezi\" \/>\n<meta property=\"og:description\" content=\"\u0130ki taraf aras\u0131nda \u00e7e\u015fitli k\u00f6t\u00fc intibalar\u0131 kald\u0131rma, ortak anlay\u0131\u015f\u0131 geli\u015ftirme ve mevcut problemleri birbirlerine aktaracak kanallar kurma amac\u0131yla Suriye \u2013 T\u00fcrkiye Gen\u00e7li\u011fi Diyalog Forumu\u2019nun birinci turu ger\u00e7ekle\u015ftirildi\" \/>\n<meta property=\"og:url\" content=\"https:\/\/sydialogue.org\/tr\/suriye-turk-genclik-diyalogu-forumu-raporu-birinci-turu\/\" \/>\n<meta property=\"og:site_name\" content=\"Suriye Diyalog Merkezi\" \/>\n<meta property=\"article:publisher\" content=\"https:\/\/www.facebook.com\/Sydialogue\" \/>\n<meta property=\"article:published_time\" content=\"2019-01-01T21:00:00+00:00\" \/>\n<meta property=\"article:modified_time\" content=\"2020-12-10T21:29:28+00:00\" \/>\n<meta property=\"og:image\" content=\"https:\/\/sydialogue.org\/wp-content\/uploads\/2019\/01\/45PT.jpg\" \/>\n\t<meta property=\"og:image:width\" content=\"2308\" \/>\n\t<meta property=\"og:image:height\" content=\"1159\" \/>\n\t<meta property=\"og:image:type\" content=\"image\/jpeg\" \/>\n<meta name=\"author\" content=\"\u0645\u0631\u0643\u0632 \u0627\u0644\u062d\u0648\u0627\u0631 \u0627\u0644\u0633\u0648\u0631\u064a\" \/>\n<meta name=\"twitter:card\" content=\"summary_large_image\" \/>\n<meta name=\"twitter:creator\" content=\"@Sydialogue\" \/>\n<meta name=\"twitter:site\" content=\"@Sydialogue\" \/>\n<meta name=\"twitter:label1\" content=\"Yazan:\" \/>\n\t<meta name=\"twitter:data1\" content=\"\u0645\u0631\u0643\u0632 \u0627\u0644\u062d\u0648\u0627\u0631 \u0627\u0644\u0633\u0648\u0631\u064a\" \/>\n\t<meta name=\"twitter:label2\" content=\"Tahmini okuma s\u00fcresi\" \/>\n\t<meta name=\"twitter:data2\" content=\"2 dakika\" \/>\n<script type=\"application\/ld+json\" class=\"yoast-schema-graph\">{\"@context\":\"https:\/\/schema.org\",\"@graph\":[{\"@type\":\"WebPage\",\"@id\":\"https:\/\/sydialogue.org\/tr\/suriye-turk-genclik-diyalogu-forumu-raporu-birinci-turu\/\",\"url\":\"https:\/\/sydialogue.org\/tr\/suriye-turk-genclik-diyalogu-forumu-raporu-birinci-turu\/\",\"name\":\"Suriye - T\u00fcrk Gen\u00e7lik Diyalo\u011fu Forumu Raporu - Birinci Turu - Suriye Diyalog Merkezi\",\"isPartOf\":{\"@id\":\"https:\/\/sydialogue.org\/tr\/#website\"},\"primaryImageOfPage\":{\"@id\":\"https:\/\/sydialogue.org\/tr\/suriye-turk-genclik-diyalogu-forumu-raporu-birinci-turu\/#primaryimage\"},\"image\":{\"@id\":\"https:\/\/sydialogue.org\/tr\/suriye-turk-genclik-diyalogu-forumu-raporu-birinci-turu\/#primaryimage\"},\"thumbnailUrl\":\"https:\/\/e8nd7pn44jx.exactdn.com\/wp-content\/uploads\/2019\/01\/45PT.jpg?strip=all\",\"datePublished\":\"2019-01-01T21:00:00+00:00\",\"dateModified\":\"2020-12-10T21:29:28+00:00\",\"author\":{\"@id\":\"https:\/\/sydialogue.org\/tr\/#\/schema\/person\/34a2994f7414cbc7ce06e08267c4944d\"},\"description\":\"\u0130ki taraf aras\u0131nda \u00e7e\u015fitli k\u00f6t\u00fc intibalar\u0131 kald\u0131rma, ortak anlay\u0131\u015f\u0131 geli\u015ftirme ve mevcut problemleri birbirlerine aktaracak kanallar kurma amac\u0131yla Suriye \u2013 T\u00fcrkiye Gen\u00e7li\u011fi Diyalog Forumu\u2019nun birinci turu ger\u00e7ekle\u015ftirildi\",\"breadcrumb\":{\"@id\":\"https:\/\/sydialogue.org\/tr\/suriye-turk-genclik-diyalogu-forumu-raporu-birinci-turu\/#breadcrumb\"},\"inLanguage\":\"tr\",\"potentialAction\":[{\"@type\":\"ReadAction\",\"target\":[\"https:\/\/sydialogue.org\/tr\/suriye-turk-genclik-diyalogu-forumu-raporu-birinci-turu\/\"]}]},{\"@type\":\"ImageObject\",\"inLanguage\":\"tr\",\"@id\":\"https:\/\/sydialogue.org\/tr\/suriye-turk-genclik-diyalogu-forumu-raporu-birinci-turu\/#primaryimage\",\"url\":\"https:\/\/e8nd7pn44jx.exactdn.com\/wp-content\/uploads\/2019\/01\/45PT.jpg?strip=all\",\"contentUrl\":\"https:\/\/e8nd7pn44jx.exactdn.com\/wp-content\/uploads\/2019\/01\/45PT.jpg?strip=all\",\"width\":2308,\"height\":1159},{\"@type\":\"BreadcrumbList\",\"@id\":\"https:\/\/sydialogue.org\/tr\/suriye-turk-genclik-diyalogu-forumu-raporu-birinci-turu\/#breadcrumb\",\"itemListElement\":[{\"@type\":\"ListItem\",\"position\":1,\"name\":\"\u0627\u0644\u0631\u0626\u064a\u0633\u064a\u0629\",\"item\":\"https:\/\/sydialogue.org\/tr\/\"},{\"@type\":\"ListItem\",\"position\":2,\"name\":\"Suriye &#8211; T\u00fcrk Gen\u00e7lik Diyalo\u011fu Forumu Raporu &#8211; Birinci Turu\"}]},{\"@type\":\"WebSite\",\"@id\":\"https:\/\/sydialogue.org\/tr\/#website\",\"url\":\"https:\/\/sydialogue.org\/tr\/\",\"name\":\"\u0645\u0631\u0643\u0632 \u0627\u0644\u062d\u0648\u0627\u0631 \u0627\u0644\u0633\u0648\u0631\u064a\",\"description\":\"Suriyeli bir sivil kurum, Suriye halk\u0131n\u0131 ilgilendiren konularda diyalo\u011fu canland\u0131rmay\u0131 ve harekete ge\u00e7irmeyi hedefliyor ve Suriyeliler aras\u0131nda ili\u015fkileri g\u00fc\u00e7lendirmeye ve i\u015fbirli\u011fi ve koordinasyonu harekete ge\u00e7irmeye \u00e7al\u0131\u015f\u0131yor.\",\"potentialAction\":[{\"@type\":\"SearchAction\",\"target\":{\"@type\":\"EntryPoint\",\"urlTemplate\":\"https:\/\/sydialogue.org\/tr\/?s={search_term_string}\"},\"query-input\":{\"@type\":\"PropertyValueSpecification\",\"valueRequired\":true,\"valueName\":\"search_term_string\"}}],\"inLanguage\":\"tr\"},{\"@type\":\"Person\",\"@id\":\"https:\/\/sydialogue.org\/tr\/#\/schema\/person\/34a2994f7414cbc7ce06e08267c4944d\",\"name\":\"\u0645\u0631\u0643\u0632 \u0627\u0644\u062d\u0648\u0627\u0631 \u0627\u0644\u0633\u0648\u0631\u064a\",\"image\":{\"@type\":\"ImageObject\",\"inLanguage\":\"tr\",\"@id\":\"https:\/\/sydialogue.org\/tr\/#\/schema\/person\/image\/\",\"url\":\"https:\/\/sydialogue.org\/wp-content\/uploads\/2023\/09\/\u0644\u0648\u063a\u0648-\u062e\u0644\u0641\u064a\u0629-\u0634\u0641\u0627\u0641\u0629-1.png\",\"contentUrl\":\"https:\/\/sydialogue.org\/wp-content\/uploads\/2023\/09\/\u0644\u0648\u063a\u0648-\u062e\u0644\u0641\u064a\u0629-\u0634\u0641\u0627\u0641\u0629-1.png\",\"caption\":\"\u0645\u0631\u0643\u0632 \u0627\u0644\u062d\u0648\u0627\u0631 \u0627\u0644\u0633\u0648\u0631\u064a\"},\"description\":\"\u0645\u0624\u0633\u0633\u0629 \u0628\u062d\u062b\u064a\u0629 \u0633\u0648\u0631\u064a\u0629 \u062a\u0633\u0639\u0649 \u0625\u0644\u0649 \u0627\u0644\u0625\u0633\u0647\u0627\u0645 \u0641\u064a \u0628\u0646\u0627\u0621 \u0627\u0644\u0631\u0624\u0649 \u0648\u0627\u0644\u0645\u0639\u0627\u0631\u0641 \u0628\u0645\u0627 \u064a\u0633\u0627\u0639\u062f \u0627\u0644\u0633\u0648\u0631\u064a\u064a\u0646 \u0639\u0644\u0649 \u0625\u0646\u0636\u0627\u062c \u062d\u0644\u0648\u0644 \u0639\u0645\u0644\u064a\u0629 \u0644\u0645\u0648\u0627\u062c\u0647\u0629 \u0627\u0644\u062a\u062d\u062f\u064a\u0627\u062a \u0627\u0644\u0648\u0637\u0646\u064a\u0629 \u0627\u0644\u0645\u0634\u062a\u0631\u0643\u0629 \u0648\u062a\u062d\u0642\u064a\u0642 \u0627\u0644\u062a\u0646\u0645\u064a\u0629 \u0627\u0644\u0645\u0633\u062a\u062f\u0627\u0645\u0629\",\"sameAs\":[\"http:\/\/sydialogue.org\/\",\"Syrian Dialogue Center\"],\"url\":\"#molongui-disabled-link\"}]}<\/script>\n<!-- \/ Yoast SEO plugin. -->","yoast_head_json":{"title":"Suriye - T\u00fcrk Gen\u00e7lik Diyalo\u011fu Forumu Raporu - Birinci Turu - Suriye Diyalog Merkezi","description":"\u0130ki taraf aras\u0131nda \u00e7e\u015fitli k\u00f6t\u00fc intibalar\u0131 kald\u0131rma, ortak anlay\u0131\u015f\u0131 geli\u015ftirme ve mevcut problemleri birbirlerine aktaracak kanallar kurma amac\u0131yla Suriye \u2013 T\u00fcrkiye Gen\u00e7li\u011fi Diyalog Forumu\u2019nun birinci turu ger\u00e7ekle\u015ftirildi","robots":{"index":"index","follow":"follow","max-snippet":"max-snippet:-1","max-image-preview":"max-image-preview:large","max-video-preview":"max-video-preview:-1"},"canonical":"https:\/\/sydialogue.org\/tr\/suriye-turk-genclik-diyalogu-forumu-raporu-birinci-turu\/","og_locale":"tr_TR","og_type":"article","og_title":"Suriye - T\u00fcrk Gen\u00e7lik Diyalo\u011fu Forumu Raporu - Birinci Turu - Suriye Diyalog Merkezi","og_description":"\u0130ki taraf aras\u0131nda \u00e7e\u015fitli k\u00f6t\u00fc intibalar\u0131 kald\u0131rma, ortak anlay\u0131\u015f\u0131 geli\u015ftirme ve mevcut problemleri birbirlerine aktaracak kanallar kurma amac\u0131yla Suriye \u2013 T\u00fcrkiye Gen\u00e7li\u011fi Diyalog Forumu\u2019nun birinci turu ger\u00e7ekle\u015ftirildi","og_url":"https:\/\/sydialogue.org\/tr\/suriye-turk-genclik-diyalogu-forumu-raporu-birinci-turu\/","og_site_name":"Suriye Diyalog Merkezi","article_publisher":"https:\/\/www.facebook.com\/Sydialogue","article_published_time":"2019-01-01T21:00:00+00:00","article_modified_time":"2020-12-10T21:29:28+00:00","og_image":[{"width":2308,"height":1159,"url":"https:\/\/sydialogue.org\/wp-content\/uploads\/2019\/01\/45PT.jpg","type":"image\/jpeg"}],"author":"\u0645\u0631\u0643\u0632 \u0627\u0644\u062d\u0648\u0627\u0631 \u0627\u0644\u0633\u0648\u0631\u064a","twitter_card":"summary_large_image","twitter_creator":"@Sydialogue","twitter_site":"@Sydialogue","twitter_misc":{"Yazan:":"\u0645\u0631\u0643\u0632 \u0627\u0644\u062d\u0648\u0627\u0631 \u0627\u0644\u0633\u0648\u0631\u064a","Tahmini okuma s\u00fcresi":"2 dakika"},"schema":{"@context":"https:\/\/schema.org","@graph":[{"@type":"WebPage","@id":"https:\/\/sydialogue.org\/tr\/suriye-turk-genclik-diyalogu-forumu-raporu-birinci-turu\/","url":"https:\/\/sydialogue.org\/tr\/suriye-turk-genclik-diyalogu-forumu-raporu-birinci-turu\/","name":"Suriye - T\u00fcrk Gen\u00e7lik Diyalo\u011fu Forumu Raporu - Birinci Turu - Suriye Diyalog Merkezi","isPartOf":{"@id":"https:\/\/sydialogue.org\/tr\/#website"},"primaryImageOfPage":{"@id":"https:\/\/sydialogue.org\/tr\/suriye-turk-genclik-diyalogu-forumu-raporu-birinci-turu\/#primaryimage"},"image":{"@id":"https:\/\/sydialogue.org\/tr\/suriye-turk-genclik-diyalogu-forumu-raporu-birinci-turu\/#primaryimage"},"thumbnailUrl":"https:\/\/e8nd7pn44jx.exactdn.com\/wp-content\/uploads\/2019\/01\/45PT.jpg?strip=all","datePublished":"2019-01-01T21:00:00+00:00","dateModified":"2020-12-10T21:29:28+00:00","author":{"@id":"https:\/\/sydialogue.org\/tr\/#\/schema\/person\/34a2994f7414cbc7ce06e08267c4944d"},"description":"\u0130ki taraf aras\u0131nda \u00e7e\u015fitli k\u00f6t\u00fc intibalar\u0131 kald\u0131rma, ortak anlay\u0131\u015f\u0131 geli\u015ftirme ve mevcut problemleri birbirlerine aktaracak kanallar kurma amac\u0131yla Suriye \u2013 T\u00fcrkiye Gen\u00e7li\u011fi Diyalog Forumu\u2019nun birinci turu ger\u00e7ekle\u015ftirildi","breadcrumb":{"@id":"https:\/\/sydialogue.org\/tr\/suriye-turk-genclik-diyalogu-forumu-raporu-birinci-turu\/#breadcrumb"},"inLanguage":"tr","potentialAction":[{"@type":"ReadAction","target":["https:\/\/sydialogue.org\/tr\/suriye-turk-genclik-diyalogu-forumu-raporu-birinci-turu\/"]}]},{"@type":"ImageObject","inLanguage":"tr","@id":"https:\/\/sydialogue.org\/tr\/suriye-turk-genclik-diyalogu-forumu-raporu-birinci-turu\/#primaryimage","url":"https:\/\/e8nd7pn44jx.exactdn.com\/wp-content\/uploads\/2019\/01\/45PT.jpg?strip=all","contentUrl":"https:\/\/e8nd7pn44jx.exactdn.com\/wp-content\/uploads\/2019\/01\/45PT.jpg?strip=all","width":2308,"height":1159},{"@type":"BreadcrumbList","@id":"https:\/\/sydialogue.org\/tr\/suriye-turk-genclik-diyalogu-forumu-raporu-birinci-turu\/#breadcrumb","itemListElement":[{"@type":"ListItem","position":1,"name":"\u0627\u0644\u0631\u0626\u064a\u0633\u064a\u0629","item":"https:\/\/sydialogue.org\/tr\/"},{"@type":"ListItem","position":2,"name":"Suriye &#8211; T\u00fcrk Gen\u00e7lik Diyalo\u011fu Forumu Raporu &#8211; Birinci Turu"}]},{"@type":"WebSite","@id":"https:\/\/sydialogue.org\/tr\/#website","url":"https:\/\/sydialogue.org\/tr\/","name":"\u0645\u0631\u0643\u0632 \u0627\u0644\u062d\u0648\u0627\u0631 \u0627\u0644\u0633\u0648\u0631\u064a","description":"Suriyeli bir sivil kurum, Suriye halk\u0131n\u0131 ilgilendiren konularda diyalo\u011fu canland\u0131rmay\u0131 ve harekete ge\u00e7irmeyi hedefliyor ve Suriyeliler aras\u0131nda ili\u015fkileri g\u00fc\u00e7lendirmeye ve i\u015fbirli\u011fi ve koordinasyonu harekete ge\u00e7irmeye \u00e7al\u0131\u015f\u0131yor.","potentialAction":[{"@type":"SearchAction","target":{"@type":"EntryPoint","urlTemplate":"https:\/\/sydialogue.org\/tr\/?s={search_term_string}"},"query-input":{"@type":"PropertyValueSpecification","valueRequired":true,"valueName":"search_term_string"}}],"inLanguage":"tr"},{"@type":"Person","@id":"https:\/\/sydialogue.org\/tr\/#\/schema\/person\/34a2994f7414cbc7ce06e08267c4944d","name":"\u0645\u0631\u0643\u0632 \u0627\u0644\u062d\u0648\u0627\u0631 \u0627\u0644\u0633\u0648\u0631\u064a","image":{"@type":"ImageObject","inLanguage":"tr","@id":"https:\/\/sydialogue.org\/tr\/#\/schema\/person\/image\/","url":"https:\/\/sydialogue.org\/wp-content\/uploads\/2023\/09\/\u0644\u0648\u063a\u0648-\u062e\u0644\u0641\u064a\u0629-\u0634\u0641\u0627\u0641\u0629-1.png","contentUrl":"https:\/\/sydialogue.org\/wp-content\/uploads\/2023\/09\/\u0644\u0648\u063a\u0648-\u062e\u0644\u0641\u064a\u0629-\u0634\u0641\u0627\u0641\u0629-1.png","caption":"\u0645\u0631\u0643\u0632 \u0627\u0644\u062d\u0648\u0627\u0631 \u0627\u0644\u0633\u0648\u0631\u064a"},"description":"\u0645\u0624\u0633\u0633\u0629 \u0628\u062d\u062b\u064a\u0629 \u0633\u0648\u0631\u064a\u0629 \u062a\u0633\u0639\u0649 \u0625\u0644\u0649 \u0627\u0644\u0625\u0633\u0647\u0627\u0645 \u0641\u064a \u0628\u0646\u0627\u0621 \u0627\u0644\u0631\u0624\u0649 \u0648\u0627\u0644\u0645\u0639\u0627\u0631\u0641 \u0628\u0645\u0627 \u064a\u0633\u0627\u0639\u062f \u0627\u0644\u0633\u0648\u0631\u064a\u064a\u0646 \u0639\u0644\u0649 \u0625\u0646\u0636\u0627\u062c \u062d\u0644\u0648\u0644 \u0639\u0645\u0644\u064a\u0629 \u0644\u0645\u0648\u0627\u062c\u0647\u0629 \u0627\u0644\u062a\u062d\u062f\u064a\u0627\u062a \u0627\u0644\u0648\u0637\u0646\u064a\u0629 \u0627\u0644\u0645\u0634\u062a\u0631\u0643\u0629 \u0648\u062a\u062d\u0642\u064a\u0642 \u0627\u0644\u062a\u0646\u0645\u064a\u0629 \u0627\u0644\u0645\u0633\u062a\u062f\u0627\u0645\u0629","sameAs":["http:\/\/sydialogue.org\/","Syrian Dialogue Center"],"url":"#molongui-disabled-link"}]}},"_links":{"self":[{"href":"https:\/\/sydialogue.org\/tr\/wp-json\/wp\/v2\/posts\/1951","targetHints":{"allow":["GET"]}}],"collection":[{"href":"https:\/\/sydialogue.org\/tr\/wp-json\/wp\/v2\/posts"}],"about":[{"href":"https:\/\/sydialogue.org\/tr\/wp-json\/wp\/v2\/types\/post"}],"author":[{"embeddable":true,"href":"https:\/\/sydialogue.org\/tr\/wp-json\/wp\/v2\/users\/1"}],"replies":[{"embeddable":true,"href":"https:\/\/sydialogue.org\/tr\/wp-json\/wp\/v2\/comments?post=1951"}],"version-history":[{"count":2,"href":"https:\/\/sydialogue.org\/tr\/wp-json\/wp\/v2\/posts\/1951\/revisions"}],"predecessor-version":[{"id":3338,"href":"https:\/\/sydialogue.org\/tr\/wp-json\/wp\/v2\/posts\/1951\/revisions\/3338"}],"wp:featuredmedia":[{"embeddable":true,"href":"https:\/\/sydialogue.org\/tr\/wp-json\/wp\/v2\/media\/1952"}],"wp:attachment":[{"href":"https:\/\/sydialogue.org\/tr\/wp-json\/wp\/v2\/media?parent=1951"}],"wp:term":[{"taxonomy":"category","embeddable":true,"href":"https:\/\/sydialogue.org\/tr\/wp-json\/wp\/v2\/categories?post=1951"},{"taxonomy":"post_tag","embeddable":true,"href":"https:\/\/sydialogue.org\/tr\/wp-json\/wp\/v2\/tags?post=1951"}],"curies":[{"name":"wp","href":"https:\/\/api.w.org\/{rel}","templated":true}]}}