{"id":2214,"date":"2018-11-06T00:00:00","date_gmt":"2018-11-05T21:00:00","guid":{"rendered":"https:\/\/center.ecertificated.xyz\/suriye-turkiye-gencligi-diyalog-forumu-birinci-turu-medya-raporu\/"},"modified":"2020-12-11T03:05:11","modified_gmt":"2020-12-11T00:05:11","slug":"suriye-turkiye-gencligi-diyalog-forumu-birinci-turu-medya-raporu","status":"publish","type":"post","link":"https:\/\/sydialogue.org\/tr\/suriye-turkiye-gencligi-diyalog-forumu-birinci-turu-medya-raporu\/","title":{"rendered":"Suriye \u2013 T\u00fcrkiye Gen\u00e7li\u011fi Diyalog Forumu Birinci Turu Medya Raporu"},"content":{"rendered":"<p dir=\"ltr\">T\u00fcrkiye\u2019de, halihaz\u0131rda Suriye\u2019nin farkl\u0131 \u015fehir ve b\u00f6lgelerinden, sava\u015f, g\u00fcvenlik zafiyeti devrim ba\u015f\u0131ndan bu yana s\u00fcren tutuklama ve kovu\u015fturmalar, ekonomik ve toplumsal problemler gibi ba\u015fl\u0131ca sebeplerden dolay\u0131 gelmi\u015f 3.5 milyondan fazla insan ya\u015f\u0131yor.<\/p>\n<p dir=\"ltr\">Y\u0131llard\u0131r Suriyelilere kap\u0131s\u0131n\u0131 a\u00e7\u0131p onlara ev sahipli\u011fi yapan T\u00fcrkiye\u2019nin Suriyelilerin varl\u0131\u011f\u0131n\u0131 anlamas\u0131 ve de\u011ferlendirmesi gerekiyor. Bu ama\u00e7la, ortak anlay\u0131\u015f\u0131n geli\u015ftirilmesi, iki taraf aras\u0131ndaki k\u00f6t\u00fc izlenimlerin ortadan kald\u0131r\u0131lmas\u0131 ve birbirlerine dertlerini ve endi\u015felerini aktaracak k\u00f6pr\u00fclerin ve kanallar\u0131n kurulmas\u0131 bununla beraber i\u015fbirli\u011fi ufkunun geli\u015ftirilmesi amac\u0131yla, 20 Ekim 2018(11 Safer 1440) tarihinde, \u0130stanbul\u2019da, Suriyeli ve T\u00fcrkiyeli otuz gencin kat\u0131l\u0131m\u0131yla, Suriye \u2013 T\u00fcrkiye Gen\u00e7li\u011fi Diyalog Forumu\u2019nun birinci turu ger\u00e7ekle\u015ftirildi.<\/p>\n<p dir=\"ltr\">Forumun birinci turunu d\u00fczenleyenler; T\u00fcrkler taraf\u0131ndan Gen\u00e7 \u0130HH ve \u0130NSAMER, Suriyelilerden de Suriye Diyaog Merkezi oldu.<\/p>\n<p dir=\"ltr\">Forumda bir\u00e7ok tart\u0131\u015fman\u0131n yap\u0131ld\u0131\u011f\u0131 iki oturum ger\u00e7ekle\u015ftirildi. Birinci oturumda, do\u011fru anla\u015f\u0131lmamas\u0131 iki toplumun aras\u0131nda sorun ve anla\u015fmazl\u0131k \u00e7\u0131karacak konular hakk\u0131nda ortak anlay\u0131\u015f olu\u015fturmaya \u00e7al\u0131\u015f\u0131ld\u0131. \u0130kinci oturumda ise, iki taraf i\u00e7in fayda sa\u011flayacak ve taraflar aras\u0131nda ortakl\u0131k ve karde\u015flik hislerini g\u00fc\u00e7lendirecek T\u00fcrk-Suriye giri\u015fim ve projelerinin temellerinin at\u0131lmas\u0131 d\u00fc\u015f\u00fcncesine yo\u011funla\u015f\u0131ld\u0131.<\/p>\n<p style=\"text-align: center;\"><img decoding=\"async\" style=\"height: 225px; width: 400px;\" src=\"https:\/\/egsaqtt58cu.exactdn.com\/images\/uploads\/ST1.jpg?strip=all&lossy=1&w=1920\" alt=\"\" \/>\u00a0\u00a0<img decoding=\"async\" style=\"height: 225px; width: 400px;\" src=\"https:\/\/egsaqtt58cu.exactdn.com\/images\/uploads\/ST2.jpg?strip=all&lossy=1&w=1920\" alt=\"\" \/><\/p>\n<p style=\"text-align: center;\"><img decoding=\"async\" style=\"height: 333px; width: 500px;\" src=\"https:\/\/egsaqtt58cu.exactdn.com\/images\/uploads\/photo_2018-11-06_22-59-13.jpg?strip=all&lossy=1&w=1920\" alt=\"\" \/><\/p>\n<p>&nbsp;<\/p>\n<p>&nbsp;<\/p>\n","protected":false},"excerpt":{"rendered":"<p>\u0130ki taraf aras\u0131nda \u00e7e\u015fitli k\u00f6t\u00fc intibalar\u0131 kald\u0131rma, ortak anlay\u0131\u015f\u0131 geli\u015ftirme ve mevcut problemleri birbirlerine aktaracak kanallar kurma amac\u0131yla Suriye \u2013 T\u00fcrkiye Gen\u00e7li\u011fi Diyalog Forumu\u2019nun birinci turu ger\u00e7ekle\u015ftirildi<\/p>\n","protected":false},"author":1,"featured_media":2215,"comment_status":"open","ping_status":"closed","sticky":false,"template":"","format":"standard","meta":{"_acf_changed":false,"footnotes":""},"categories":[50,83,58],"tags":[],"class_list":["post-2214","post","type-post","status-publish","format-standard","has-post-thumbnail","hentry","category-etkinlikler","category-dialogue-seminars-tr","category-workshops-2"],"acf":[],"yoast_head":"<!-- This site is optimized with the Yoast SEO plugin v26.0 - https:\/\/yoast.com\/wordpress\/plugins\/seo\/ -->\n<title>Suriye \u2013 T\u00fcrkiye Gen\u00e7li\u011fi Diyalog Forumu Birinci Turu Medya Raporu - Suriye Diyalog Merkezi<\/title>\n<meta name=\"description\" content=\"\u0130ki taraf aras\u0131nda \u00e7e\u015fitli k\u00f6t\u00fc intibalar\u0131 kald\u0131rma, ortak anlay\u0131\u015f\u0131 geli\u015ftirme ve mevcut problemleri birbirlerine aktaracak kanallar kurma amac\u0131yla Suriye \u2013 T\u00fcrkiye Gen\u00e7li\u011fi Diyalog Forumu\u2019nun birinci turu ger\u00e7ekle\u015ftirildi\" \/>\n<meta name=\"robots\" content=\"index, follow, max-snippet:-1, max-image-preview:large, max-video-preview:-1\" \/>\n<link rel=\"canonical\" href=\"https:\/\/sydialogue.org\/tr\/suriye-turkiye-gencligi-diyalog-forumu-birinci-turu-medya-raporu\/\" \/>\n<meta property=\"og:locale\" content=\"tr_TR\" \/>\n<meta property=\"og:type\" content=\"article\" \/>\n<meta property=\"og:title\" content=\"Suriye \u2013 T\u00fcrkiye Gen\u00e7li\u011fi Diyalog Forumu Birinci Turu Medya Raporu - Suriye Diyalog Merkezi\" \/>\n<meta property=\"og:description\" content=\"\u0130ki taraf aras\u0131nda \u00e7e\u015fitli k\u00f6t\u00fc intibalar\u0131 kald\u0131rma, ortak anlay\u0131\u015f\u0131 geli\u015ftirme ve mevcut problemleri birbirlerine aktaracak kanallar kurma amac\u0131yla Suriye \u2013 T\u00fcrkiye Gen\u00e7li\u011fi Diyalog Forumu\u2019nun birinci turu ger\u00e7ekle\u015ftirildi\" \/>\n<meta property=\"og:url\" content=\"https:\/\/sydialogue.org\/tr\/suriye-turkiye-gencligi-diyalog-forumu-birinci-turu-medya-raporu\/\" \/>\n<meta property=\"og:site_name\" content=\"Suriye Diyalog Merkezi\" \/>\n<meta property=\"article:publisher\" content=\"https:\/\/www.facebook.com\/Sydialogue\" \/>\n<meta property=\"article:published_time\" content=\"2018-11-05T21:00:00+00:00\" \/>\n<meta property=\"article:modified_time\" content=\"2020-12-11T00:05:11+00:00\" \/>\n<meta property=\"og:image\" content=\"https:\/\/sydialogue.org\/wp-content\/uploads\/2018\/11\/45NT.jpg\" \/>\n\t<meta property=\"og:image:width\" content=\"554\" \/>\n\t<meta property=\"og:image:height\" content=\"278\" \/>\n\t<meta property=\"og:image:type\" content=\"image\/jpeg\" \/>\n<meta name=\"author\" content=\"\u0645\u0631\u0643\u0632 \u0627\u0644\u062d\u0648\u0627\u0631 \u0627\u0644\u0633\u0648\u0631\u064a\" \/>\n<meta name=\"twitter:card\" content=\"summary_large_image\" \/>\n<meta name=\"twitter:creator\" content=\"@Sydialogue\" \/>\n<meta name=\"twitter:site\" content=\"@Sydialogue\" \/>\n<meta name=\"twitter:label1\" content=\"Yazan:\" \/>\n\t<meta name=\"twitter:data1\" content=\"\u0645\u0631\u0643\u0632 \u0627\u0644\u062d\u0648\u0627\u0631 \u0627\u0644\u0633\u0648\u0631\u064a\" \/>\n\t<meta name=\"twitter:label2\" content=\"Tahmini okuma s\u00fcresi\" \/>\n\t<meta name=\"twitter:data2\" content=\"1 dakika\" \/>\n<script type=\"application\/ld+json\" class=\"yoast-schema-graph\">{\"@context\":\"https:\/\/schema.org\",\"@graph\":[{\"@type\":\"WebPage\",\"@id\":\"https:\/\/sydialogue.org\/tr\/suriye-turkiye-gencligi-diyalog-forumu-birinci-turu-medya-raporu\/\",\"url\":\"https:\/\/sydialogue.org\/tr\/suriye-turkiye-gencligi-diyalog-forumu-birinci-turu-medya-raporu\/\",\"name\":\"Suriye \u2013 T\u00fcrkiye Gen\u00e7li\u011fi Diyalog Forumu Birinci Turu Medya Raporu - Suriye Diyalog Merkezi\",\"isPartOf\":{\"@id\":\"https:\/\/sydialogue.org\/tr\/#website\"},\"primaryImageOfPage\":{\"@id\":\"https:\/\/sydialogue.org\/tr\/suriye-turkiye-gencligi-diyalog-forumu-birinci-turu-medya-raporu\/#primaryimage\"},\"image\":{\"@id\":\"https:\/\/sydialogue.org\/tr\/suriye-turkiye-gencligi-diyalog-forumu-birinci-turu-medya-raporu\/#primaryimage\"},\"thumbnailUrl\":\"https:\/\/egsaqtt58cu.exactdn.com\/wp-content\/uploads\/2018\/11\/45NT.jpg?strip=all&lossy=1&ssl=1\",\"datePublished\":\"2018-11-05T21:00:00+00:00\",\"dateModified\":\"2020-12-11T00:05:11+00:00\",\"author\":{\"@id\":\"https:\/\/sydialogue.org\/tr\/#\/schema\/person\/34a2994f7414cbc7ce06e08267c4944d\"},\"description\":\"\u0130ki taraf aras\u0131nda \u00e7e\u015fitli k\u00f6t\u00fc intibalar\u0131 kald\u0131rma, ortak anlay\u0131\u015f\u0131 geli\u015ftirme ve mevcut problemleri birbirlerine aktaracak kanallar kurma amac\u0131yla Suriye \u2013 T\u00fcrkiye Gen\u00e7li\u011fi Diyalog Forumu\u2019nun birinci turu ger\u00e7ekle\u015ftirildi\",\"breadcrumb\":{\"@id\":\"https:\/\/sydialogue.org\/tr\/suriye-turkiye-gencligi-diyalog-forumu-birinci-turu-medya-raporu\/#breadcrumb\"},\"inLanguage\":\"tr\",\"potentialAction\":[{\"@type\":\"ReadAction\",\"target\":[\"https:\/\/sydialogue.org\/tr\/suriye-turkiye-gencligi-diyalog-forumu-birinci-turu-medya-raporu\/\"]}]},{\"@type\":\"ImageObject\",\"inLanguage\":\"tr\",\"@id\":\"https:\/\/sydialogue.org\/tr\/suriye-turkiye-gencligi-diyalog-forumu-birinci-turu-medya-raporu\/#primaryimage\",\"url\":\"https:\/\/egsaqtt58cu.exactdn.com\/wp-content\/uploads\/2018\/11\/45NT.jpg?strip=all&lossy=1&ssl=1\",\"contentUrl\":\"https:\/\/egsaqtt58cu.exactdn.com\/wp-content\/uploads\/2018\/11\/45NT.jpg?strip=all&lossy=1&ssl=1\",\"width\":554,\"height\":278},{\"@type\":\"BreadcrumbList\",\"@id\":\"https:\/\/sydialogue.org\/tr\/suriye-turkiye-gencligi-diyalog-forumu-birinci-turu-medya-raporu\/#breadcrumb\",\"itemListElement\":[{\"@type\":\"ListItem\",\"position\":1,\"name\":\"\u0627\u0644\u0631\u0626\u064a\u0633\u064a\u0629\",\"item\":\"https:\/\/sydialogue.org\/tr\/\"},{\"@type\":\"ListItem\",\"position\":2,\"name\":\"Suriye \u2013 T\u00fcrkiye Gen\u00e7li\u011fi Diyalog Forumu Birinci Turu Medya Raporu\"}]},{\"@type\":\"WebSite\",\"@id\":\"https:\/\/sydialogue.org\/tr\/#website\",\"url\":\"https:\/\/sydialogue.org\/tr\/\",\"name\":\"\u0645\u0631\u0643\u0632 \u0627\u0644\u062d\u0648\u0627\u0631 \u0627\u0644\u0633\u0648\u0631\u064a\",\"description\":\"Suriyeli bir sivil kurum, Suriye halk\u0131n\u0131 ilgilendiren konularda diyalo\u011fu canland\u0131rmay\u0131 ve harekete ge\u00e7irmeyi hedefliyor ve Suriyeliler aras\u0131nda ili\u015fkileri g\u00fc\u00e7lendirmeye ve i\u015fbirli\u011fi ve koordinasyonu harekete ge\u00e7irmeye \u00e7al\u0131\u015f\u0131yor.\",\"potentialAction\":[{\"@type\":\"SearchAction\",\"target\":{\"@type\":\"EntryPoint\",\"urlTemplate\":\"https:\/\/sydialogue.org\/tr\/?s={search_term_string}\"},\"query-input\":{\"@type\":\"PropertyValueSpecification\",\"valueRequired\":true,\"valueName\":\"search_term_string\"}}],\"inLanguage\":\"tr\"},{\"@type\":\"Person\",\"@id\":\"https:\/\/sydialogue.org\/tr\/#\/schema\/person\/34a2994f7414cbc7ce06e08267c4944d\",\"name\":\"\u0645\u0631\u0643\u0632 \u0627\u0644\u062d\u0648\u0627\u0631 \u0627\u0644\u0633\u0648\u0631\u064a\",\"image\":{\"@type\":\"ImageObject\",\"inLanguage\":\"tr\",\"@id\":\"https:\/\/sydialogue.org\/tr\/#\/schema\/person\/image\/\",\"url\":\"https:\/\/sydialogue.org\/wp-content\/uploads\/2023\/09\/\u0644\u0648\u063a\u0648-\u062e\u0644\u0641\u064a\u0629-\u0634\u0641\u0627\u0641\u0629-1.png\",\"contentUrl\":\"https:\/\/sydialogue.org\/wp-content\/uploads\/2023\/09\/\u0644\u0648\u063a\u0648-\u062e\u0644\u0641\u064a\u0629-\u0634\u0641\u0627\u0641\u0629-1.png\",\"caption\":\"\u0645\u0631\u0643\u0632 \u0627\u0644\u062d\u0648\u0627\u0631 \u0627\u0644\u0633\u0648\u0631\u064a\"},\"description\":\"\u0645\u0624\u0633\u0633\u0629 \u0628\u062d\u062b\u064a\u0629 \u0633\u0648\u0631\u064a\u0629 \u062a\u0633\u0639\u0649 \u0625\u0644\u0649 \u0627\u0644\u0625\u0633\u0647\u0627\u0645 \u0641\u064a \u0628\u0646\u0627\u0621 \u0627\u0644\u0631\u0624\u0649 \u0648\u0627\u0644\u0645\u0639\u0627\u0631\u0641 \u0628\u0645\u0627 \u064a\u0633\u0627\u0639\u062f \u0627\u0644\u0633\u0648\u0631\u064a\u064a\u0646 \u0639\u0644\u0649 \u0625\u0646\u0636\u0627\u062c \u062d\u0644\u0648\u0644 \u0639\u0645\u0644\u064a\u0629 \u0644\u0645\u0648\u0627\u062c\u0647\u0629 \u0627\u0644\u062a\u062d\u062f\u064a\u0627\u062a \u0627\u0644\u0648\u0637\u0646\u064a\u0629 \u0627\u0644\u0645\u0634\u062a\u0631\u0643\u0629 \u0648\u062a\u062d\u0642\u064a\u0642 \u0627\u0644\u062a\u0646\u0645\u064a\u0629 \u0627\u0644\u0645\u0633\u062a\u062f\u0627\u0645\u0629\",\"sameAs\":[\"http:\/\/sydialogue.org\/\",\"Syrian Dialogue Center\"],\"url\":\"#molongui-disabled-link\"}]}<\/script>\n<!-- \/ Yoast SEO plugin. -->","yoast_head_json":{"title":"Suriye \u2013 T\u00fcrkiye Gen\u00e7li\u011fi Diyalog Forumu Birinci Turu Medya Raporu - Suriye Diyalog Merkezi","description":"\u0130ki taraf aras\u0131nda \u00e7e\u015fitli k\u00f6t\u00fc intibalar\u0131 kald\u0131rma, ortak anlay\u0131\u015f\u0131 geli\u015ftirme ve mevcut problemleri birbirlerine aktaracak kanallar kurma amac\u0131yla Suriye \u2013 T\u00fcrkiye Gen\u00e7li\u011fi Diyalog Forumu\u2019nun birinci turu ger\u00e7ekle\u015ftirildi","robots":{"index":"index","follow":"follow","max-snippet":"max-snippet:-1","max-image-preview":"max-image-preview:large","max-video-preview":"max-video-preview:-1"},"canonical":"https:\/\/sydialogue.org\/tr\/suriye-turkiye-gencligi-diyalog-forumu-birinci-turu-medya-raporu\/","og_locale":"tr_TR","og_type":"article","og_title":"Suriye \u2013 T\u00fcrkiye Gen\u00e7li\u011fi Diyalog Forumu Birinci Turu Medya Raporu - Suriye Diyalog Merkezi","og_description":"\u0130ki taraf aras\u0131nda \u00e7e\u015fitli k\u00f6t\u00fc intibalar\u0131 kald\u0131rma, ortak anlay\u0131\u015f\u0131 geli\u015ftirme ve mevcut problemleri birbirlerine aktaracak kanallar kurma amac\u0131yla Suriye \u2013 T\u00fcrkiye Gen\u00e7li\u011fi Diyalog Forumu\u2019nun birinci turu ger\u00e7ekle\u015ftirildi","og_url":"https:\/\/sydialogue.org\/tr\/suriye-turkiye-gencligi-diyalog-forumu-birinci-turu-medya-raporu\/","og_site_name":"Suriye Diyalog Merkezi","article_publisher":"https:\/\/www.facebook.com\/Sydialogue","article_published_time":"2018-11-05T21:00:00+00:00","article_modified_time":"2020-12-11T00:05:11+00:00","og_image":[{"width":554,"height":278,"url":"https:\/\/sydialogue.org\/wp-content\/uploads\/2018\/11\/45NT.jpg","type":"image\/jpeg"}],"author":"\u0645\u0631\u0643\u0632 \u0627\u0644\u062d\u0648\u0627\u0631 \u0627\u0644\u0633\u0648\u0631\u064a","twitter_card":"summary_large_image","twitter_creator":"@Sydialogue","twitter_site":"@Sydialogue","twitter_misc":{"Yazan:":"\u0645\u0631\u0643\u0632 \u0627\u0644\u062d\u0648\u0627\u0631 \u0627\u0644\u0633\u0648\u0631\u064a","Tahmini okuma s\u00fcresi":"1 dakika"},"schema":{"@context":"https:\/\/schema.org","@graph":[{"@type":"WebPage","@id":"https:\/\/sydialogue.org\/tr\/suriye-turkiye-gencligi-diyalog-forumu-birinci-turu-medya-raporu\/","url":"https:\/\/sydialogue.org\/tr\/suriye-turkiye-gencligi-diyalog-forumu-birinci-turu-medya-raporu\/","name":"Suriye \u2013 T\u00fcrkiye Gen\u00e7li\u011fi Diyalog Forumu Birinci Turu Medya Raporu - Suriye Diyalog Merkezi","isPartOf":{"@id":"https:\/\/sydialogue.org\/tr\/#website"},"primaryImageOfPage":{"@id":"https:\/\/sydialogue.org\/tr\/suriye-turkiye-gencligi-diyalog-forumu-birinci-turu-medya-raporu\/#primaryimage"},"image":{"@id":"https:\/\/sydialogue.org\/tr\/suriye-turkiye-gencligi-diyalog-forumu-birinci-turu-medya-raporu\/#primaryimage"},"thumbnailUrl":"https:\/\/egsaqtt58cu.exactdn.com\/wp-content\/uploads\/2018\/11\/45NT.jpg?strip=all&lossy=1&ssl=1","datePublished":"2018-11-05T21:00:00+00:00","dateModified":"2020-12-11T00:05:11+00:00","author":{"@id":"https:\/\/sydialogue.org\/tr\/#\/schema\/person\/34a2994f7414cbc7ce06e08267c4944d"},"description":"\u0130ki taraf aras\u0131nda \u00e7e\u015fitli k\u00f6t\u00fc intibalar\u0131 kald\u0131rma, ortak anlay\u0131\u015f\u0131 geli\u015ftirme ve mevcut problemleri birbirlerine aktaracak kanallar kurma amac\u0131yla Suriye \u2013 T\u00fcrkiye Gen\u00e7li\u011fi Diyalog Forumu\u2019nun birinci turu ger\u00e7ekle\u015ftirildi","breadcrumb":{"@id":"https:\/\/sydialogue.org\/tr\/suriye-turkiye-gencligi-diyalog-forumu-birinci-turu-medya-raporu\/#breadcrumb"},"inLanguage":"tr","potentialAction":[{"@type":"ReadAction","target":["https:\/\/sydialogue.org\/tr\/suriye-turkiye-gencligi-diyalog-forumu-birinci-turu-medya-raporu\/"]}]},{"@type":"ImageObject","inLanguage":"tr","@id":"https:\/\/sydialogue.org\/tr\/suriye-turkiye-gencligi-diyalog-forumu-birinci-turu-medya-raporu\/#primaryimage","url":"https:\/\/egsaqtt58cu.exactdn.com\/wp-content\/uploads\/2018\/11\/45NT.jpg?strip=all&lossy=1&ssl=1","contentUrl":"https:\/\/egsaqtt58cu.exactdn.com\/wp-content\/uploads\/2018\/11\/45NT.jpg?strip=all&lossy=1&ssl=1","width":554,"height":278},{"@type":"BreadcrumbList","@id":"https:\/\/sydialogue.org\/tr\/suriye-turkiye-gencligi-diyalog-forumu-birinci-turu-medya-raporu\/#breadcrumb","itemListElement":[{"@type":"ListItem","position":1,"name":"\u0627\u0644\u0631\u0626\u064a\u0633\u064a\u0629","item":"https:\/\/sydialogue.org\/tr\/"},{"@type":"ListItem","position":2,"name":"Suriye \u2013 T\u00fcrkiye Gen\u00e7li\u011fi Diyalog Forumu Birinci Turu Medya Raporu"}]},{"@type":"WebSite","@id":"https:\/\/sydialogue.org\/tr\/#website","url":"https:\/\/sydialogue.org\/tr\/","name":"\u0645\u0631\u0643\u0632 \u0627\u0644\u062d\u0648\u0627\u0631 \u0627\u0644\u0633\u0648\u0631\u064a","description":"Suriyeli bir sivil kurum, Suriye halk\u0131n\u0131 ilgilendiren konularda diyalo\u011fu canland\u0131rmay\u0131 ve harekete ge\u00e7irmeyi hedefliyor ve Suriyeliler aras\u0131nda ili\u015fkileri g\u00fc\u00e7lendirmeye ve i\u015fbirli\u011fi ve koordinasyonu harekete ge\u00e7irmeye \u00e7al\u0131\u015f\u0131yor.","potentialAction":[{"@type":"SearchAction","target":{"@type":"EntryPoint","urlTemplate":"https:\/\/sydialogue.org\/tr\/?s={search_term_string}"},"query-input":{"@type":"PropertyValueSpecification","valueRequired":true,"valueName":"search_term_string"}}],"inLanguage":"tr"},{"@type":"Person","@id":"https:\/\/sydialogue.org\/tr\/#\/schema\/person\/34a2994f7414cbc7ce06e08267c4944d","name":"\u0645\u0631\u0643\u0632 \u0627\u0644\u062d\u0648\u0627\u0631 \u0627\u0644\u0633\u0648\u0631\u064a","image":{"@type":"ImageObject","inLanguage":"tr","@id":"https:\/\/sydialogue.org\/tr\/#\/schema\/person\/image\/","url":"https:\/\/sydialogue.org\/wp-content\/uploads\/2023\/09\/\u0644\u0648\u063a\u0648-\u062e\u0644\u0641\u064a\u0629-\u0634\u0641\u0627\u0641\u0629-1.png","contentUrl":"https:\/\/sydialogue.org\/wp-content\/uploads\/2023\/09\/\u0644\u0648\u063a\u0648-\u062e\u0644\u0641\u064a\u0629-\u0634\u0641\u0627\u0641\u0629-1.png","caption":"\u0645\u0631\u0643\u0632 \u0627\u0644\u062d\u0648\u0627\u0631 \u0627\u0644\u0633\u0648\u0631\u064a"},"description":"\u0645\u0624\u0633\u0633\u0629 \u0628\u062d\u062b\u064a\u0629 \u0633\u0648\u0631\u064a\u0629 \u062a\u0633\u0639\u0649 \u0625\u0644\u0649 \u0627\u0644\u0625\u0633\u0647\u0627\u0645 \u0641\u064a \u0628\u0646\u0627\u0621 \u0627\u0644\u0631\u0624\u0649 \u0648\u0627\u0644\u0645\u0639\u0627\u0631\u0641 \u0628\u0645\u0627 \u064a\u0633\u0627\u0639\u062f \u0627\u0644\u0633\u0648\u0631\u064a\u064a\u0646 \u0639\u0644\u0649 \u0625\u0646\u0636\u0627\u062c \u062d\u0644\u0648\u0644 \u0639\u0645\u0644\u064a\u0629 \u0644\u0645\u0648\u0627\u062c\u0647\u0629 \u0627\u0644\u062a\u062d\u062f\u064a\u0627\u062a \u0627\u0644\u0648\u0637\u0646\u064a\u0629 \u0627\u0644\u0645\u0634\u062a\u0631\u0643\u0629 \u0648\u062a\u062d\u0642\u064a\u0642 \u0627\u0644\u062a\u0646\u0645\u064a\u0629 \u0627\u0644\u0645\u0633\u062a\u062f\u0627\u0645\u0629","sameAs":["http:\/\/sydialogue.org\/","Syrian Dialogue Center"],"url":"#molongui-disabled-link"}]}},"_links":{"self":[{"href":"https:\/\/sydialogue.org\/tr\/wp-json\/wp\/v2\/posts\/2214","targetHints":{"allow":["GET"]}}],"collection":[{"href":"https:\/\/sydialogue.org\/tr\/wp-json\/wp\/v2\/posts"}],"about":[{"href":"https:\/\/sydialogue.org\/tr\/wp-json\/wp\/v2\/types\/post"}],"author":[{"embeddable":true,"href":"https:\/\/sydialogue.org\/tr\/wp-json\/wp\/v2\/users\/1"}],"replies":[{"embeddable":true,"href":"https:\/\/sydialogue.org\/tr\/wp-json\/wp\/v2\/comments?post=2214"}],"version-history":[{"count":3,"href":"https:\/\/sydialogue.org\/tr\/wp-json\/wp\/v2\/posts\/2214\/revisions"}],"predecessor-version":[{"id":3482,"href":"https:\/\/sydialogue.org\/tr\/wp-json\/wp\/v2\/posts\/2214\/revisions\/3482"}],"wp:featuredmedia":[{"embeddable":true,"href":"https:\/\/sydialogue.org\/tr\/wp-json\/wp\/v2\/media\/2215"}],"wp:attachment":[{"href":"https:\/\/sydialogue.org\/tr\/wp-json\/wp\/v2\/media?parent=2214"}],"wp:term":[{"taxonomy":"category","embeddable":true,"href":"https:\/\/sydialogue.org\/tr\/wp-json\/wp\/v2\/categories?post=2214"},{"taxonomy":"post_tag","embeddable":true,"href":"https:\/\/sydialogue.org\/tr\/wp-json\/wp\/v2\/tags?post=2214"}],"curies":[{"name":"wp","href":"https:\/\/api.w.org\/{rel}","templated":true}]}}