{"id":2234,"date":"2019-01-07T00:00:00","date_gmt":"2019-01-06T21:00:00","guid":{"rendered":"https:\/\/center.ecertificated.xyz\/sempozyum-medya-raporu-sivil-toplum-calisanlari-ve-sivil-toplum-kuruluslari-arasinda-acik-diyaloglar-eriha\/"},"modified":"2020-12-11T03:04:45","modified_gmt":"2020-12-11T00:04:45","slug":"sempozyum-medya-raporu-sivil-toplum-calisanlari-ve-sivil-toplum-kuruluslari-arasinda-acik-diyaloglar-eriha","status":"publish","type":"post","link":"https:\/\/sydialogue.org\/tr\/sempozyum-medya-raporu-sivil-toplum-calisanlari-ve-sivil-toplum-kuruluslari-arasinda-acik-diyaloglar-eriha\/","title":{"rendered":"Sempozyum Medya Raporu: \u201cSivil Toplum \u00c7al\u0131\u015fanlar\u0131 ve Sivil Toplum Kurulu\u015flar\u0131 Aras\u0131nda A\u00e7\u0131k Diyaloglar-Eriha\u2019\u2019"},"content":{"rendered":"<p>Suriye toplumu i\u00e7inde diyalog k\u00fclt\u00fcr\u00fcn\u00fc geli\u015ftirip yaymak ve kurtar\u0131lm\u0131\u015f alanlarda sosyal geli\u015fim merkezleriyle sivil toplum \u00f6rg\u00fctleri aras\u0131ndaki ileti\u015fim ara\u00e7lar\u0131n\u0131 g\u00fc\u00e7lendirme misyonu do\u011frultusunda Suriye Diyalog Merkezi, \u201cSivil Toplum \u00c7al\u0131\u015fanlar\u0131 ve Sivil Toplum Kurulu\u015flar\u0131 Aras\u0131nda A\u00e7\u0131k Diyaloglar-Eriha\u2019\u2019 ba\u015fl\u0131\u011f\u0131yla Eriha\u2019da, 25 Aral\u0131k 2018(18 Rebiy\u00fclahir 1440) sal\u0131 g\u00fcn\u00fc bir diyalog sempozyumu ger\u00e7ekle\u015ftirdi.<\/p>\n<p>Sempozyum, kentte \u00e7al\u0131\u015fan en \u00f6nemli sivil toplum kurulu\u015flar\u0131 ve sivil toplum \u00e7al\u0131\u015fanlar\u0131 aras\u0131nda \u015feffaf ve a\u00e7\u0131k diyaloglar kurmay\u0131 hedefleyerek, taraflar aras\u0131nda g\u00fcveni art\u0131rmaya katk\u0131da bulunacak bir \u015feffafl\u0131k yaratmaya \u00e7al\u0131\u015ft\u0131. Taraflardan ilki projelerin \u015fehirdeki ger\u00e7ekli\u011fini ve bunlar\u0131n kar\u015f\u0131 kar\u015f\u0131ya kald\u0131\u011f\u0131 zorluklarla engellerin yan\u0131 s\u0131ra gelecekteki geli\u015fme umutlar\u0131n\u0131 sunarken, sivil toplum \u00e7al\u0131\u015fanlar\u0131 da kurulu\u015flar\u0131n yapt\u0131\u011f\u0131 \u00e7al\u0131\u015fmalara dair \u00e7e\u015fitli izahatlar yaparak ve sorular y\u00f6nlendirerek katk\u0131da bulundu.<\/p>\n<p>Kat\u0131l\u0131mc\u0131lar, farkl\u0131 kesimler aras\u0131nda entegrasyonu sa\u011flayacak koordinasyonun geli\u015ftirilmesi gerekti\u011fi hususunda fikir birli\u011finde bulundu. Ayr\u0131ca kentin b\u00fcy\u00fck s\u0131k\u0131nt\u0131 ya\u015fad\u0131\u011f\u0131 ge\u00e7im ve hizmet kaynaklar\u0131-\u00f6zellikle su ve e\u011fitim- sorununa yo\u011funla\u015f\u0131ld\u0131.<\/p>\n<p>Kat\u0131l\u0131mc\u0131lar benzer \u015fekilde, \u015fehirde yeni i\u015f olanaklar\u0131 sa\u011flayacak kalk\u0131nma projelerine odaklanman\u0131n gereklili\u011fine dikkat \u00e7ekti.<\/p>\n","protected":false},"excerpt":{"rendered":"<p>Suriye toplumu i\u00e7inde diyalog k\u00fclt\u00fcr\u00fcn\u00fc geli\u015ftirip yaymak ve kurtar\u0131lm\u0131\u015f alanlarda sosyal geli\u015fim merkezleriyle sivil toplum \u00f6rg\u00fctleri aras\u0131ndaki ileti\u015fim ara\u00e7lar\u0131n\u0131 g\u00fc\u00e7lendirme hedefi do\u011frultusunda merkezimiz, Eriha\u2019da bir sempozyum ger\u00e7ekle\u015ftirdi<\/p>\n","protected":false},"author":1,"featured_media":2235,"comment_status":"open","ping_status":"closed","sticky":false,"template":"","format":"standard","meta":{"_acf_changed":false,"footnotes":""},"categories":[50,83],"tags":[],"class_list":["post-2234","post","type-post","status-publish","format-standard","has-post-thumbnail","hentry","category-etkinlikler","category-dialogue-seminars-tr"],"acf":[],"yoast_head":"<!-- This site is optimized with the Yoast SEO plugin v26.0 - https:\/\/yoast.com\/wordpress\/plugins\/seo\/ -->\n<title>Sempozyum Medya Raporu: \u201cSivil Toplum \u00c7al\u0131\u015fanlar\u0131 ve Sivil Toplum Kurulu\u015flar\u0131 Aras\u0131nda A\u00e7\u0131k Diyaloglar-Eriha\u2019\u2019 - Suriye Diyalog Merkezi<\/title>\n<meta name=\"description\" content=\"Suriye toplumu i\u00e7inde diyalog k\u00fclt\u00fcr\u00fcn\u00fc geli\u015ftirip yaymak ve kurtar\u0131lm\u0131\u015f alanlarda sosyal geli\u015fim merkezleriyle sivil toplum \u00f6rg\u00fctleri aras\u0131ndaki ileti\u015fim ara\u00e7lar\u0131n\u0131 g\u00fc\u00e7lendirme hedefi do\u011frultusunda merkezimiz, Eriha\u2019da bir sempozyum ger\u00e7ekle\u015ftirdi\" \/>\n<meta name=\"robots\" content=\"index, follow, max-snippet:-1, max-image-preview:large, max-video-preview:-1\" \/>\n<link rel=\"canonical\" href=\"https:\/\/sydialogue.org\/tr\/sempozyum-medya-raporu-sivil-toplum-calisanlari-ve-sivil-toplum-kuruluslari-arasinda-acik-diyaloglar-eriha\/\" \/>\n<meta property=\"og:locale\" content=\"tr_TR\" \/>\n<meta property=\"og:type\" content=\"article\" \/>\n<meta property=\"og:title\" content=\"Sempozyum Medya Raporu: \u201cSivil Toplum \u00c7al\u0131\u015fanlar\u0131 ve Sivil Toplum Kurulu\u015flar\u0131 Aras\u0131nda A\u00e7\u0131k Diyaloglar-Eriha\u2019\u2019 - Suriye Diyalog Merkezi\" \/>\n<meta property=\"og:description\" content=\"Suriye toplumu i\u00e7inde diyalog k\u00fclt\u00fcr\u00fcn\u00fc geli\u015ftirip yaymak ve kurtar\u0131lm\u0131\u015f alanlarda sosyal geli\u015fim merkezleriyle sivil toplum \u00f6rg\u00fctleri aras\u0131ndaki ileti\u015fim ara\u00e7lar\u0131n\u0131 g\u00fc\u00e7lendirme hedefi do\u011frultusunda merkezimiz, Eriha\u2019da bir sempozyum ger\u00e7ekle\u015ftirdi\" \/>\n<meta property=\"og:url\" content=\"https:\/\/sydialogue.org\/tr\/sempozyum-medya-raporu-sivil-toplum-calisanlari-ve-sivil-toplum-kuruluslari-arasinda-acik-diyaloglar-eriha\/\" \/>\n<meta property=\"og:site_name\" content=\"Suriye Diyalog Merkezi\" \/>\n<meta property=\"article:publisher\" content=\"https:\/\/www.facebook.com\/Sydialogue\" \/>\n<meta property=\"article:published_time\" content=\"2019-01-06T21:00:00+00:00\" \/>\n<meta property=\"article:modified_time\" content=\"2020-12-11T00:04:45+00:00\" \/>\n<meta property=\"og:image\" content=\"https:\/\/sydialogue.org\/wp-content\/uploads\/2019\/01\/46TT.jpg\" \/>\n\t<meta property=\"og:image:width\" content=\"2308\" \/>\n\t<meta property=\"og:image:height\" content=\"1159\" \/>\n\t<meta property=\"og:image:type\" content=\"image\/jpeg\" \/>\n<meta name=\"author\" content=\"\u0645\u0631\u0643\u0632 \u0627\u0644\u062d\u0648\u0627\u0631 \u0627\u0644\u0633\u0648\u0631\u064a\" \/>\n<meta name=\"twitter:card\" content=\"summary_large_image\" \/>\n<meta name=\"twitter:creator\" content=\"@Sydialogue\" \/>\n<meta name=\"twitter:site\" content=\"@Sydialogue\" \/>\n<meta name=\"twitter:label1\" content=\"Yazan:\" \/>\n\t<meta name=\"twitter:data1\" content=\"\u0645\u0631\u0643\u0632 \u0627\u0644\u062d\u0648\u0627\u0631 \u0627\u0644\u0633\u0648\u0631\u064a\" \/>\n\t<meta name=\"twitter:label2\" content=\"Tahmini okuma s\u00fcresi\" \/>\n\t<meta name=\"twitter:data2\" content=\"1 dakika\" \/>\n<script type=\"application\/ld+json\" class=\"yoast-schema-graph\">{\"@context\":\"https:\/\/schema.org\",\"@graph\":[{\"@type\":\"WebPage\",\"@id\":\"https:\/\/sydialogue.org\/tr\/sempozyum-medya-raporu-sivil-toplum-calisanlari-ve-sivil-toplum-kuruluslari-arasinda-acik-diyaloglar-eriha\/\",\"url\":\"https:\/\/sydialogue.org\/tr\/sempozyum-medya-raporu-sivil-toplum-calisanlari-ve-sivil-toplum-kuruluslari-arasinda-acik-diyaloglar-eriha\/\",\"name\":\"Sempozyum Medya Raporu: \u201cSivil Toplum \u00c7al\u0131\u015fanlar\u0131 ve Sivil Toplum Kurulu\u015flar\u0131 Aras\u0131nda A\u00e7\u0131k Diyaloglar-Eriha\u2019\u2019 - Suriye Diyalog Merkezi\",\"isPartOf\":{\"@id\":\"https:\/\/sydialogue.org\/tr\/#website\"},\"primaryImageOfPage\":{\"@id\":\"https:\/\/sydialogue.org\/tr\/sempozyum-medya-raporu-sivil-toplum-calisanlari-ve-sivil-toplum-kuruluslari-arasinda-acik-diyaloglar-eriha\/#primaryimage\"},\"image\":{\"@id\":\"https:\/\/sydialogue.org\/tr\/sempozyum-medya-raporu-sivil-toplum-calisanlari-ve-sivil-toplum-kuruluslari-arasinda-acik-diyaloglar-eriha\/#primaryimage\"},\"thumbnailUrl\":\"https:\/\/egsaqtt58cu.exactdn.com\/wp-content\/uploads\/2019\/01\/46TT.jpg?strip=all&lossy=1&ssl=1\",\"datePublished\":\"2019-01-06T21:00:00+00:00\",\"dateModified\":\"2020-12-11T00:04:45+00:00\",\"author\":{\"@id\":\"https:\/\/sydialogue.org\/tr\/#\/schema\/person\/34a2994f7414cbc7ce06e08267c4944d\"},\"description\":\"Suriye toplumu i\u00e7inde diyalog k\u00fclt\u00fcr\u00fcn\u00fc geli\u015ftirip yaymak ve kurtar\u0131lm\u0131\u015f alanlarda sosyal geli\u015fim merkezleriyle sivil toplum \u00f6rg\u00fctleri aras\u0131ndaki ileti\u015fim ara\u00e7lar\u0131n\u0131 g\u00fc\u00e7lendirme hedefi do\u011frultusunda merkezimiz, Eriha\u2019da bir sempozyum ger\u00e7ekle\u015ftirdi\",\"breadcrumb\":{\"@id\":\"https:\/\/sydialogue.org\/tr\/sempozyum-medya-raporu-sivil-toplum-calisanlari-ve-sivil-toplum-kuruluslari-arasinda-acik-diyaloglar-eriha\/#breadcrumb\"},\"inLanguage\":\"tr\",\"potentialAction\":[{\"@type\":\"ReadAction\",\"target\":[\"https:\/\/sydialogue.org\/tr\/sempozyum-medya-raporu-sivil-toplum-calisanlari-ve-sivil-toplum-kuruluslari-arasinda-acik-diyaloglar-eriha\/\"]}]},{\"@type\":\"ImageObject\",\"inLanguage\":\"tr\",\"@id\":\"https:\/\/sydialogue.org\/tr\/sempozyum-medya-raporu-sivil-toplum-calisanlari-ve-sivil-toplum-kuruluslari-arasinda-acik-diyaloglar-eriha\/#primaryimage\",\"url\":\"https:\/\/egsaqtt58cu.exactdn.com\/wp-content\/uploads\/2019\/01\/46TT.jpg?strip=all&lossy=1&ssl=1\",\"contentUrl\":\"https:\/\/egsaqtt58cu.exactdn.com\/wp-content\/uploads\/2019\/01\/46TT.jpg?strip=all&lossy=1&ssl=1\",\"width\":2308,\"height\":1159},{\"@type\":\"BreadcrumbList\",\"@id\":\"https:\/\/sydialogue.org\/tr\/sempozyum-medya-raporu-sivil-toplum-calisanlari-ve-sivil-toplum-kuruluslari-arasinda-acik-diyaloglar-eriha\/#breadcrumb\",\"itemListElement\":[{\"@type\":\"ListItem\",\"position\":1,\"name\":\"\u0627\u0644\u0631\u0626\u064a\u0633\u064a\u0629\",\"item\":\"https:\/\/sydialogue.org\/tr\/\"},{\"@type\":\"ListItem\",\"position\":2,\"name\":\"Sempozyum Medya Raporu: \u201cSivil Toplum \u00c7al\u0131\u015fanlar\u0131 ve Sivil Toplum Kurulu\u015flar\u0131 Aras\u0131nda A\u00e7\u0131k Diyaloglar-Eriha\u2019\u2019\"}]},{\"@type\":\"WebSite\",\"@id\":\"https:\/\/sydialogue.org\/tr\/#website\",\"url\":\"https:\/\/sydialogue.org\/tr\/\",\"name\":\"\u0645\u0631\u0643\u0632 \u0627\u0644\u062d\u0648\u0627\u0631 \u0627\u0644\u0633\u0648\u0631\u064a\",\"description\":\"Suriyeli bir sivil kurum, Suriye halk\u0131n\u0131 ilgilendiren konularda diyalo\u011fu canland\u0131rmay\u0131 ve harekete ge\u00e7irmeyi hedefliyor ve Suriyeliler aras\u0131nda ili\u015fkileri g\u00fc\u00e7lendirmeye ve i\u015fbirli\u011fi ve koordinasyonu harekete ge\u00e7irmeye \u00e7al\u0131\u015f\u0131yor.\",\"potentialAction\":[{\"@type\":\"SearchAction\",\"target\":{\"@type\":\"EntryPoint\",\"urlTemplate\":\"https:\/\/sydialogue.org\/tr\/?s={search_term_string}\"},\"query-input\":{\"@type\":\"PropertyValueSpecification\",\"valueRequired\":true,\"valueName\":\"search_term_string\"}}],\"inLanguage\":\"tr\"},{\"@type\":\"Person\",\"@id\":\"https:\/\/sydialogue.org\/tr\/#\/schema\/person\/34a2994f7414cbc7ce06e08267c4944d\",\"name\":\"\u0645\u0631\u0643\u0632 \u0627\u0644\u062d\u0648\u0627\u0631 \u0627\u0644\u0633\u0648\u0631\u064a\",\"image\":{\"@type\":\"ImageObject\",\"inLanguage\":\"tr\",\"@id\":\"https:\/\/sydialogue.org\/tr\/#\/schema\/person\/image\/\",\"url\":\"https:\/\/sydialogue.org\/wp-content\/uploads\/2023\/09\/\u0644\u0648\u063a\u0648-\u062e\u0644\u0641\u064a\u0629-\u0634\u0641\u0627\u0641\u0629-1.png\",\"contentUrl\":\"https:\/\/sydialogue.org\/wp-content\/uploads\/2023\/09\/\u0644\u0648\u063a\u0648-\u062e\u0644\u0641\u064a\u0629-\u0634\u0641\u0627\u0641\u0629-1.png\",\"caption\":\"\u0645\u0631\u0643\u0632 \u0627\u0644\u062d\u0648\u0627\u0631 \u0627\u0644\u0633\u0648\u0631\u064a\"},\"description\":\"\u0645\u0624\u0633\u0633\u0629 \u0628\u062d\u062b\u064a\u0629 \u0633\u0648\u0631\u064a\u0629 \u062a\u0633\u0639\u0649 \u0625\u0644\u0649 \u0627\u0644\u0625\u0633\u0647\u0627\u0645 \u0641\u064a \u0628\u0646\u0627\u0621 \u0627\u0644\u0631\u0624\u0649 \u0648\u0627\u0644\u0645\u0639\u0627\u0631\u0641 \u0628\u0645\u0627 \u064a\u0633\u0627\u0639\u062f \u0627\u0644\u0633\u0648\u0631\u064a\u064a\u0646 \u0639\u0644\u0649 \u0625\u0646\u0636\u0627\u062c \u062d\u0644\u0648\u0644 \u0639\u0645\u0644\u064a\u0629 \u0644\u0645\u0648\u0627\u062c\u0647\u0629 \u0627\u0644\u062a\u062d\u062f\u064a\u0627\u062a \u0627\u0644\u0648\u0637\u0646\u064a\u0629 \u0627\u0644\u0645\u0634\u062a\u0631\u0643\u0629 \u0648\u062a\u062d\u0642\u064a\u0642 \u0627\u0644\u062a\u0646\u0645\u064a\u0629 \u0627\u0644\u0645\u0633\u062a\u062f\u0627\u0645\u0629\",\"sameAs\":[\"http:\/\/sydialogue.org\/\",\"Syrian Dialogue Center\"],\"url\":\"#molongui-disabled-link\"}]}<\/script>\n<!-- \/ Yoast SEO plugin. -->","yoast_head_json":{"title":"Sempozyum Medya Raporu: \u201cSivil Toplum \u00c7al\u0131\u015fanlar\u0131 ve Sivil Toplum Kurulu\u015flar\u0131 Aras\u0131nda A\u00e7\u0131k Diyaloglar-Eriha\u2019\u2019 - Suriye Diyalog Merkezi","description":"Suriye toplumu i\u00e7inde diyalog k\u00fclt\u00fcr\u00fcn\u00fc geli\u015ftirip yaymak ve kurtar\u0131lm\u0131\u015f alanlarda sosyal geli\u015fim merkezleriyle sivil toplum \u00f6rg\u00fctleri aras\u0131ndaki ileti\u015fim ara\u00e7lar\u0131n\u0131 g\u00fc\u00e7lendirme hedefi do\u011frultusunda merkezimiz, Eriha\u2019da bir sempozyum ger\u00e7ekle\u015ftirdi","robots":{"index":"index","follow":"follow","max-snippet":"max-snippet:-1","max-image-preview":"max-image-preview:large","max-video-preview":"max-video-preview:-1"},"canonical":"https:\/\/sydialogue.org\/tr\/sempozyum-medya-raporu-sivil-toplum-calisanlari-ve-sivil-toplum-kuruluslari-arasinda-acik-diyaloglar-eriha\/","og_locale":"tr_TR","og_type":"article","og_title":"Sempozyum Medya Raporu: \u201cSivil Toplum \u00c7al\u0131\u015fanlar\u0131 ve Sivil Toplum Kurulu\u015flar\u0131 Aras\u0131nda A\u00e7\u0131k Diyaloglar-Eriha\u2019\u2019 - Suriye Diyalog Merkezi","og_description":"Suriye toplumu i\u00e7inde diyalog k\u00fclt\u00fcr\u00fcn\u00fc geli\u015ftirip yaymak ve kurtar\u0131lm\u0131\u015f alanlarda sosyal geli\u015fim merkezleriyle sivil toplum \u00f6rg\u00fctleri aras\u0131ndaki ileti\u015fim ara\u00e7lar\u0131n\u0131 g\u00fc\u00e7lendirme hedefi do\u011frultusunda merkezimiz, Eriha\u2019da bir sempozyum ger\u00e7ekle\u015ftirdi","og_url":"https:\/\/sydialogue.org\/tr\/sempozyum-medya-raporu-sivil-toplum-calisanlari-ve-sivil-toplum-kuruluslari-arasinda-acik-diyaloglar-eriha\/","og_site_name":"Suriye Diyalog Merkezi","article_publisher":"https:\/\/www.facebook.com\/Sydialogue","article_published_time":"2019-01-06T21:00:00+00:00","article_modified_time":"2020-12-11T00:04:45+00:00","og_image":[{"width":2308,"height":1159,"url":"https:\/\/sydialogue.org\/wp-content\/uploads\/2019\/01\/46TT.jpg","type":"image\/jpeg"}],"author":"\u0645\u0631\u0643\u0632 \u0627\u0644\u062d\u0648\u0627\u0631 \u0627\u0644\u0633\u0648\u0631\u064a","twitter_card":"summary_large_image","twitter_creator":"@Sydialogue","twitter_site":"@Sydialogue","twitter_misc":{"Yazan:":"\u0645\u0631\u0643\u0632 \u0627\u0644\u062d\u0648\u0627\u0631 \u0627\u0644\u0633\u0648\u0631\u064a","Tahmini okuma s\u00fcresi":"1 dakika"},"schema":{"@context":"https:\/\/schema.org","@graph":[{"@type":"WebPage","@id":"https:\/\/sydialogue.org\/tr\/sempozyum-medya-raporu-sivil-toplum-calisanlari-ve-sivil-toplum-kuruluslari-arasinda-acik-diyaloglar-eriha\/","url":"https:\/\/sydialogue.org\/tr\/sempozyum-medya-raporu-sivil-toplum-calisanlari-ve-sivil-toplum-kuruluslari-arasinda-acik-diyaloglar-eriha\/","name":"Sempozyum Medya Raporu: \u201cSivil Toplum \u00c7al\u0131\u015fanlar\u0131 ve Sivil Toplum Kurulu\u015flar\u0131 Aras\u0131nda A\u00e7\u0131k Diyaloglar-Eriha\u2019\u2019 - Suriye Diyalog Merkezi","isPartOf":{"@id":"https:\/\/sydialogue.org\/tr\/#website"},"primaryImageOfPage":{"@id":"https:\/\/sydialogue.org\/tr\/sempozyum-medya-raporu-sivil-toplum-calisanlari-ve-sivil-toplum-kuruluslari-arasinda-acik-diyaloglar-eriha\/#primaryimage"},"image":{"@id":"https:\/\/sydialogue.org\/tr\/sempozyum-medya-raporu-sivil-toplum-calisanlari-ve-sivil-toplum-kuruluslari-arasinda-acik-diyaloglar-eriha\/#primaryimage"},"thumbnailUrl":"https:\/\/egsaqtt58cu.exactdn.com\/wp-content\/uploads\/2019\/01\/46TT.jpg?strip=all&lossy=1&ssl=1","datePublished":"2019-01-06T21:00:00+00:00","dateModified":"2020-12-11T00:04:45+00:00","author":{"@id":"https:\/\/sydialogue.org\/tr\/#\/schema\/person\/34a2994f7414cbc7ce06e08267c4944d"},"description":"Suriye toplumu i\u00e7inde diyalog k\u00fclt\u00fcr\u00fcn\u00fc geli\u015ftirip yaymak ve kurtar\u0131lm\u0131\u015f alanlarda sosyal geli\u015fim merkezleriyle sivil toplum \u00f6rg\u00fctleri aras\u0131ndaki ileti\u015fim ara\u00e7lar\u0131n\u0131 g\u00fc\u00e7lendirme hedefi do\u011frultusunda merkezimiz, Eriha\u2019da bir sempozyum ger\u00e7ekle\u015ftirdi","breadcrumb":{"@id":"https:\/\/sydialogue.org\/tr\/sempozyum-medya-raporu-sivil-toplum-calisanlari-ve-sivil-toplum-kuruluslari-arasinda-acik-diyaloglar-eriha\/#breadcrumb"},"inLanguage":"tr","potentialAction":[{"@type":"ReadAction","target":["https:\/\/sydialogue.org\/tr\/sempozyum-medya-raporu-sivil-toplum-calisanlari-ve-sivil-toplum-kuruluslari-arasinda-acik-diyaloglar-eriha\/"]}]},{"@type":"ImageObject","inLanguage":"tr","@id":"https:\/\/sydialogue.org\/tr\/sempozyum-medya-raporu-sivil-toplum-calisanlari-ve-sivil-toplum-kuruluslari-arasinda-acik-diyaloglar-eriha\/#primaryimage","url":"https:\/\/egsaqtt58cu.exactdn.com\/wp-content\/uploads\/2019\/01\/46TT.jpg?strip=all&lossy=1&ssl=1","contentUrl":"https:\/\/egsaqtt58cu.exactdn.com\/wp-content\/uploads\/2019\/01\/46TT.jpg?strip=all&lossy=1&ssl=1","width":2308,"height":1159},{"@type":"BreadcrumbList","@id":"https:\/\/sydialogue.org\/tr\/sempozyum-medya-raporu-sivil-toplum-calisanlari-ve-sivil-toplum-kuruluslari-arasinda-acik-diyaloglar-eriha\/#breadcrumb","itemListElement":[{"@type":"ListItem","position":1,"name":"\u0627\u0644\u0631\u0626\u064a\u0633\u064a\u0629","item":"https:\/\/sydialogue.org\/tr\/"},{"@type":"ListItem","position":2,"name":"Sempozyum Medya Raporu: \u201cSivil Toplum \u00c7al\u0131\u015fanlar\u0131 ve Sivil Toplum Kurulu\u015flar\u0131 Aras\u0131nda A\u00e7\u0131k Diyaloglar-Eriha\u2019\u2019"}]},{"@type":"WebSite","@id":"https:\/\/sydialogue.org\/tr\/#website","url":"https:\/\/sydialogue.org\/tr\/","name":"\u0645\u0631\u0643\u0632 \u0627\u0644\u062d\u0648\u0627\u0631 \u0627\u0644\u0633\u0648\u0631\u064a","description":"Suriyeli bir sivil kurum, Suriye halk\u0131n\u0131 ilgilendiren konularda diyalo\u011fu canland\u0131rmay\u0131 ve harekete ge\u00e7irmeyi hedefliyor ve Suriyeliler aras\u0131nda ili\u015fkileri g\u00fc\u00e7lendirmeye ve i\u015fbirli\u011fi ve koordinasyonu harekete ge\u00e7irmeye \u00e7al\u0131\u015f\u0131yor.","potentialAction":[{"@type":"SearchAction","target":{"@type":"EntryPoint","urlTemplate":"https:\/\/sydialogue.org\/tr\/?s={search_term_string}"},"query-input":{"@type":"PropertyValueSpecification","valueRequired":true,"valueName":"search_term_string"}}],"inLanguage":"tr"},{"@type":"Person","@id":"https:\/\/sydialogue.org\/tr\/#\/schema\/person\/34a2994f7414cbc7ce06e08267c4944d","name":"\u0645\u0631\u0643\u0632 \u0627\u0644\u062d\u0648\u0627\u0631 \u0627\u0644\u0633\u0648\u0631\u064a","image":{"@type":"ImageObject","inLanguage":"tr","@id":"https:\/\/sydialogue.org\/tr\/#\/schema\/person\/image\/","url":"https:\/\/sydialogue.org\/wp-content\/uploads\/2023\/09\/\u0644\u0648\u063a\u0648-\u062e\u0644\u0641\u064a\u0629-\u0634\u0641\u0627\u0641\u0629-1.png","contentUrl":"https:\/\/sydialogue.org\/wp-content\/uploads\/2023\/09\/\u0644\u0648\u063a\u0648-\u062e\u0644\u0641\u064a\u0629-\u0634\u0641\u0627\u0641\u0629-1.png","caption":"\u0645\u0631\u0643\u0632 \u0627\u0644\u062d\u0648\u0627\u0631 \u0627\u0644\u0633\u0648\u0631\u064a"},"description":"\u0645\u0624\u0633\u0633\u0629 \u0628\u062d\u062b\u064a\u0629 \u0633\u0648\u0631\u064a\u0629 \u062a\u0633\u0639\u0649 \u0625\u0644\u0649 \u0627\u0644\u0625\u0633\u0647\u0627\u0645 \u0641\u064a \u0628\u0646\u0627\u0621 \u0627\u0644\u0631\u0624\u0649 \u0648\u0627\u0644\u0645\u0639\u0627\u0631\u0641 \u0628\u0645\u0627 \u064a\u0633\u0627\u0639\u062f \u0627\u0644\u0633\u0648\u0631\u064a\u064a\u0646 \u0639\u0644\u0649 \u0625\u0646\u0636\u0627\u062c \u062d\u0644\u0648\u0644 \u0639\u0645\u0644\u064a\u0629 \u0644\u0645\u0648\u0627\u062c\u0647\u0629 \u0627\u0644\u062a\u062d\u062f\u064a\u0627\u062a \u0627\u0644\u0648\u0637\u0646\u064a\u0629 \u0627\u0644\u0645\u0634\u062a\u0631\u0643\u0629 \u0648\u062a\u062d\u0642\u064a\u0642 \u0627\u0644\u062a\u0646\u0645\u064a\u0629 \u0627\u0644\u0645\u0633\u062a\u062f\u0627\u0645\u0629","sameAs":["http:\/\/sydialogue.org\/","Syrian Dialogue Center"],"url":"#molongui-disabled-link"}]}},"_links":{"self":[{"href":"https:\/\/sydialogue.org\/tr\/wp-json\/wp\/v2\/posts\/2234","targetHints":{"allow":["GET"]}}],"collection":[{"href":"https:\/\/sydialogue.org\/tr\/wp-json\/wp\/v2\/posts"}],"about":[{"href":"https:\/\/sydialogue.org\/tr\/wp-json\/wp\/v2\/types\/post"}],"author":[{"embeddable":true,"href":"https:\/\/sydialogue.org\/tr\/wp-json\/wp\/v2\/users\/1"}],"replies":[{"embeddable":true,"href":"https:\/\/sydialogue.org\/tr\/wp-json\/wp\/v2\/comments?post=2234"}],"version-history":[{"count":2,"href":"https:\/\/sydialogue.org\/tr\/wp-json\/wp\/v2\/posts\/2234\/revisions"}],"predecessor-version":[{"id":3336,"href":"https:\/\/sydialogue.org\/tr\/wp-json\/wp\/v2\/posts\/2234\/revisions\/3336"}],"wp:featuredmedia":[{"embeddable":true,"href":"https:\/\/sydialogue.org\/tr\/wp-json\/wp\/v2\/media\/2235"}],"wp:attachment":[{"href":"https:\/\/sydialogue.org\/tr\/wp-json\/wp\/v2\/media?parent=2234"}],"wp:term":[{"taxonomy":"category","embeddable":true,"href":"https:\/\/sydialogue.org\/tr\/wp-json\/wp\/v2\/categories?post=2234"},{"taxonomy":"post_tag","embeddable":true,"href":"https:\/\/sydialogue.org\/tr\/wp-json\/wp\/v2\/tags?post=2234"}],"curies":[{"name":"wp","href":"https:\/\/api.w.org\/{rel}","templated":true}]}}