{"id":2318,"date":"2019-10-01T00:00:00","date_gmt":"2019-09-30T21:00:00","guid":{"rendered":"https:\/\/center.ecertificated.xyz\/odak-grup-gorusmesi-medya-raporu-ankara-zirvesi-sonuclari-isiginda-idlibte-devrimci-ve-muhalif-kuvvetlerin-secenekleri\/"},"modified":"2020-12-11T02:59:43","modified_gmt":"2020-12-10T23:59:43","slug":"odak-grup-gorusmesi-medya-raporu-ankara-zirvesi-sonuclari-isiginda-idlibte-devrimci-ve-muhalif-kuvvetlerin-secenekleri","status":"publish","type":"post","link":"https:\/\/sydialogue.org\/tr\/odak-grup-gorusmesi-medya-raporu-ankara-zirvesi-sonuclari-isiginda-idlibte-devrimci-ve-muhalif-kuvvetlerin-secenekleri\/","title":{"rendered":"Odak Grup G\u00f6r\u00fc\u015fmesi Medya Raporu: \u201cAnkara Zirvesi Sonu\u00e7lar\u0131 I\u015f\u0131\u011f\u0131nda \u0130dlib\u2019te Devrimci ve Muhalif Kuvvetlerin Se\u00e7enekleri\u201d"},"content":{"rendered":"<p dir=\"ltr\">Astana-So\u00e7i s\u00fcrecinin garant\u00f6rlerini bir araya getiren Ankara zirvesi, il i\u00e7inde ve d\u0131\u015f\u0131nda ya\u015fayan milyonlarca Suriyeli i\u00e7in endi\u015fe kayna\u011f\u0131 olan \u0130dlib ilinin gelece\u011fi konusunda fikir birli\u011fine varmadan sona erdi. \u0130lin gelece\u011fine dair g\u00f6r\u00fc\u015fler aras\u0131nda, rejim ve m\u00fcttefikleri ile askeri \u00e7at\u0131\u015fmalar\u0131n \u00f6nlenemeyece\u011fine ve sava\u015f\u0131n ka\u00e7\u0131n\u0131lmaz olarak geldi\u011fine inananlar oldu\u011fu gibi birka\u00e7 askeri ve siyasi \u00f6nlem durumunda, belki de uluslararas\u0131 yollar\u0131n en dikkat \u00e7ekici a\u00e7\u0131l\u0131\u015f\u0131nda bundan ka\u00e7\u0131nma olas\u0131l\u0131\u011f\u0131n\u0131 g\u00f6renler de mevcut. Silahs\u0131zla\u015ft\u0131r\u0131lm\u0131\u015f tampon b\u00f6lgeye ula\u015f\u0131lmas\u0131, ortak T\u00fcrk-Rus devriyelerinin yap\u0131lmas\u0131 ayr\u0131ca So\u00e7i Anla\u015fmas\u0131nda \u00f6ng\u00f6r\u00fclen Tahrir el-\u015eam Heyeti dosyas\u0131n\u0131n \u00e7\u00f6z\u00fclmesi gerekti\u011fi do\u011frultusunda da g\u00f6r\u00fc\u015fler var.<\/p>\n<p dir=\"ltr\">Siyasi d\u00fczeyde buna, garant\u00f6r devletlerin anayasa komisyonu \u00e7al\u0131\u015fmalar\u0131n\u0131 ba\u015flatmalar\u0131 ve ilde yerinden edilmi\u015f ve g\u00f6\u00e7men ki\u015filerin insani d\u00fczeydeki k\u00f6t\u00fcle\u015fme ko\u015fullar\u0131 da e\u015flik ediyor.<\/p>\n<p dir=\"ltr\">Bu \u015fartlar \u0131\u015f\u0131\u011f\u0131nda ve \u0130dlib ilinde devrimci ve muhalif g\u00fc\u00e7lerin sahip oldu\u011fu se\u00e7eneklerin tart\u0131\u015f\u0131lmas\u0131 ve \u00fc\u00e7l\u00fc zirveyi izleyen son geli\u015fmeler \u0131\u015f\u0131\u011f\u0131nda, stratejik, politik, askeri ve insani gereksinimlerini ve etkilerini incelemek amac\u0131yla, Suriye Diyalog Merkezi \u201cAnkara Zirvesi Sonu\u00e7lar\u0131 I\u015f\u0131\u011f\u0131nda \u0130dlib\u2019te Devrimci ve Muhalif Kuvvetlerin Se\u00e7enekleri\u201d ba\u015fl\u0131\u011f\u0131yla bir odak grup g\u00f6r\u00fc\u015fmesi d\u00fczenledi. G\u00f6r\u00fc\u015fme, 25 Eyl\u00fcl 2019(26 Muharrem 1441) tarihinde Antakya\u2019da insani sekt\u00f6rde \u00e7al\u0131\u015fan baz\u0131 ki\u015filerle askeri gruplardan bir\u00e7ok siyaset\u00e7i ve akt\u00f6r\u00fcn kat\u0131l\u0131m\u0131yla ger\u00e7ekle\u015fti.<\/p>\n<p dir=\"ltr\">\u00c7al\u0131\u015ftay, birinci ekseninde b\u00f6lgesel ve uluslararas\u0131 pozisyonlara ek olarak askeri, siyasi ve insani ger\u00e7ekli\u011fin mevcut durumunu ele ald\u0131. Daha sonra ikinci ve \u00fc\u00e7\u00fcnc\u00fc eksenlerinde \u0130dlib&#8217;te ve k\u0131rsal\u0131nda siyasi ve askeri olarak kullan\u0131lacak olas\u0131 \u00e7\u00f6z\u00fcmleri tart\u0131\u015ft\u0131.<\/p>\n","protected":false},"excerpt":{"rendered":"<p>\u0130dlib ilinde devrimci ve muhalif g\u00fc\u00e7lerin sahip oldu\u011fu se\u00e7eneklerin tart\u0131\u015f\u0131lmas\u0131 ve \u00fc\u00e7l\u00fc zirveyi izleyen son geli\u015fmeler \u0131\u015f\u0131\u011f\u0131nda, \u00e7e\u015fitli gereksinimlerini ve etkilerini incelemek amac\u0131yla, Suriye Diyalog Merkezi odak grup g\u00f6r\u00fc\u015fmesi d\u00fczenledi.<\/p>\n","protected":false},"author":1,"featured_media":2319,"comment_status":"open","ping_status":"closed","sticky":false,"template":"","format":"standard","meta":{"_acf_changed":false,"footnotes":""},"categories":[50,84],"tags":[],"class_list":["post-2318","post","type-post","status-publish","format-standard","has-post-thumbnail","hentry","category-etkinlikler","category-focus-groups-tr"],"acf":[],"yoast_head":"<!-- This site is optimized with the Yoast SEO plugin v26.0 - https:\/\/yoast.com\/wordpress\/plugins\/seo\/ -->\n<title>Odak Grup G\u00f6r\u00fc\u015fmesi Medya Raporu: \u201cAnkara Zirvesi Sonu\u00e7lar\u0131 I\u015f\u0131\u011f\u0131nda \u0130dlib\u2019te Devrimci ve Muhalif Kuvvetlerin Se\u00e7enekleri\u201d - Suriye Diyalog Merkezi<\/title>\n<meta name=\"description\" content=\"\u0130dlib ilinde devrimci ve muhalif g\u00fc\u00e7lerin sahip oldu\u011fu se\u00e7eneklerin tart\u0131\u015f\u0131lmas\u0131 ve \u00fc\u00e7l\u00fc zirveyi izleyen son geli\u015fmeler \u0131\u015f\u0131\u011f\u0131nda, \u00e7e\u015fitli gereksinimlerini ve etkilerini incelemek amac\u0131yla, Suriye Diyalog Merkezi odak grup g\u00f6r\u00fc\u015fmesi d\u00fczenledi.\" \/>\n<meta name=\"robots\" content=\"index, follow, max-snippet:-1, max-image-preview:large, max-video-preview:-1\" \/>\n<link rel=\"canonical\" href=\"https:\/\/sydialogue.org\/tr\/odak-grup-gorusmesi-medya-raporu-ankara-zirvesi-sonuclari-isiginda-idlibte-devrimci-ve-muhalif-kuvvetlerin-secenekleri\/\" \/>\n<meta property=\"og:locale\" content=\"tr_TR\" \/>\n<meta property=\"og:type\" content=\"article\" \/>\n<meta property=\"og:title\" content=\"Odak Grup G\u00f6r\u00fc\u015fmesi Medya Raporu: \u201cAnkara Zirvesi Sonu\u00e7lar\u0131 I\u015f\u0131\u011f\u0131nda \u0130dlib\u2019te Devrimci ve Muhalif Kuvvetlerin Se\u00e7enekleri\u201d - Suriye Diyalog Merkezi\" \/>\n<meta property=\"og:description\" content=\"\u0130dlib ilinde devrimci ve muhalif g\u00fc\u00e7lerin sahip oldu\u011fu se\u00e7eneklerin tart\u0131\u015f\u0131lmas\u0131 ve \u00fc\u00e7l\u00fc zirveyi izleyen son geli\u015fmeler \u0131\u015f\u0131\u011f\u0131nda, \u00e7e\u015fitli gereksinimlerini ve etkilerini incelemek amac\u0131yla, Suriye Diyalog Merkezi odak grup g\u00f6r\u00fc\u015fmesi d\u00fczenledi.\" \/>\n<meta property=\"og:url\" content=\"https:\/\/sydialogue.org\/tr\/odak-grup-gorusmesi-medya-raporu-ankara-zirvesi-sonuclari-isiginda-idlibte-devrimci-ve-muhalif-kuvvetlerin-secenekleri\/\" \/>\n<meta property=\"og:site_name\" content=\"Suriye Diyalog Merkezi\" \/>\n<meta property=\"article:publisher\" content=\"https:\/\/www.facebook.com\/Sydialogue\" \/>\n<meta property=\"article:published_time\" content=\"2019-09-30T21:00:00+00:00\" \/>\n<meta property=\"article:modified_time\" content=\"2020-12-10T23:59:43+00:00\" \/>\n<meta property=\"og:image\" content=\"https:\/\/sydialogue.org\/wp-content\/uploads\/2019\/10\/58TT.jpg\" \/>\n\t<meta property=\"og:image:width\" content=\"2308\" \/>\n\t<meta property=\"og:image:height\" content=\"1159\" \/>\n\t<meta property=\"og:image:type\" content=\"image\/jpeg\" \/>\n<meta name=\"author\" content=\"\u0645\u0631\u0643\u0632 \u0627\u0644\u062d\u0648\u0627\u0631 \u0627\u0644\u0633\u0648\u0631\u064a\" \/>\n<meta name=\"twitter:card\" content=\"summary_large_image\" \/>\n<meta name=\"twitter:creator\" content=\"@Sydialogue\" \/>\n<meta name=\"twitter:site\" content=\"@Sydialogue\" \/>\n<meta name=\"twitter:label1\" content=\"Yazan:\" \/>\n\t<meta name=\"twitter:data1\" content=\"\u0645\u0631\u0643\u0632 \u0627\u0644\u062d\u0648\u0627\u0631 \u0627\u0644\u0633\u0648\u0631\u064a\" \/>\n\t<meta name=\"twitter:label2\" content=\"Tahmini okuma s\u00fcresi\" \/>\n\t<meta name=\"twitter:data2\" content=\"2 dakika\" \/>\n<script type=\"application\/ld+json\" class=\"yoast-schema-graph\">{\"@context\":\"https:\/\/schema.org\",\"@graph\":[{\"@type\":\"WebPage\",\"@id\":\"https:\/\/sydialogue.org\/tr\/odak-grup-gorusmesi-medya-raporu-ankara-zirvesi-sonuclari-isiginda-idlibte-devrimci-ve-muhalif-kuvvetlerin-secenekleri\/\",\"url\":\"https:\/\/sydialogue.org\/tr\/odak-grup-gorusmesi-medya-raporu-ankara-zirvesi-sonuclari-isiginda-idlibte-devrimci-ve-muhalif-kuvvetlerin-secenekleri\/\",\"name\":\"Odak Grup G\u00f6r\u00fc\u015fmesi Medya Raporu: \u201cAnkara Zirvesi Sonu\u00e7lar\u0131 I\u015f\u0131\u011f\u0131nda \u0130dlib\u2019te Devrimci ve Muhalif Kuvvetlerin Se\u00e7enekleri\u201d - Suriye Diyalog Merkezi\",\"isPartOf\":{\"@id\":\"https:\/\/sydialogue.org\/tr\/#website\"},\"primaryImageOfPage\":{\"@id\":\"https:\/\/sydialogue.org\/tr\/odak-grup-gorusmesi-medya-raporu-ankara-zirvesi-sonuclari-isiginda-idlibte-devrimci-ve-muhalif-kuvvetlerin-secenekleri\/#primaryimage\"},\"image\":{\"@id\":\"https:\/\/sydialogue.org\/tr\/odak-grup-gorusmesi-medya-raporu-ankara-zirvesi-sonuclari-isiginda-idlibte-devrimci-ve-muhalif-kuvvetlerin-secenekleri\/#primaryimage\"},\"thumbnailUrl\":\"https:\/\/egsaqtt58cu.exactdn.com\/wp-content\/uploads\/2019\/10\/58TT.jpg?strip=all&lossy=1&ssl=1\",\"datePublished\":\"2019-09-30T21:00:00+00:00\",\"dateModified\":\"2020-12-10T23:59:43+00:00\",\"author\":{\"@id\":\"https:\/\/sydialogue.org\/tr\/#\/schema\/person\/34a2994f7414cbc7ce06e08267c4944d\"},\"description\":\"\u0130dlib ilinde devrimci ve muhalif g\u00fc\u00e7lerin sahip oldu\u011fu se\u00e7eneklerin tart\u0131\u015f\u0131lmas\u0131 ve \u00fc\u00e7l\u00fc zirveyi izleyen son geli\u015fmeler \u0131\u015f\u0131\u011f\u0131nda, \u00e7e\u015fitli gereksinimlerini ve etkilerini incelemek amac\u0131yla, Suriye Diyalog Merkezi odak grup g\u00f6r\u00fc\u015fmesi d\u00fczenledi.\",\"breadcrumb\":{\"@id\":\"https:\/\/sydialogue.org\/tr\/odak-grup-gorusmesi-medya-raporu-ankara-zirvesi-sonuclari-isiginda-idlibte-devrimci-ve-muhalif-kuvvetlerin-secenekleri\/#breadcrumb\"},\"inLanguage\":\"tr\",\"potentialAction\":[{\"@type\":\"ReadAction\",\"target\":[\"https:\/\/sydialogue.org\/tr\/odak-grup-gorusmesi-medya-raporu-ankara-zirvesi-sonuclari-isiginda-idlibte-devrimci-ve-muhalif-kuvvetlerin-secenekleri\/\"]}]},{\"@type\":\"ImageObject\",\"inLanguage\":\"tr\",\"@id\":\"https:\/\/sydialogue.org\/tr\/odak-grup-gorusmesi-medya-raporu-ankara-zirvesi-sonuclari-isiginda-idlibte-devrimci-ve-muhalif-kuvvetlerin-secenekleri\/#primaryimage\",\"url\":\"https:\/\/egsaqtt58cu.exactdn.com\/wp-content\/uploads\/2019\/10\/58TT.jpg?strip=all&lossy=1&ssl=1\",\"contentUrl\":\"https:\/\/egsaqtt58cu.exactdn.com\/wp-content\/uploads\/2019\/10\/58TT.jpg?strip=all&lossy=1&ssl=1\",\"width\":2308,\"height\":1159},{\"@type\":\"BreadcrumbList\",\"@id\":\"https:\/\/sydialogue.org\/tr\/odak-grup-gorusmesi-medya-raporu-ankara-zirvesi-sonuclari-isiginda-idlibte-devrimci-ve-muhalif-kuvvetlerin-secenekleri\/#breadcrumb\",\"itemListElement\":[{\"@type\":\"ListItem\",\"position\":1,\"name\":\"\u0627\u0644\u0631\u0626\u064a\u0633\u064a\u0629\",\"item\":\"https:\/\/sydialogue.org\/tr\/\"},{\"@type\":\"ListItem\",\"position\":2,\"name\":\"Odak Grup G\u00f6r\u00fc\u015fmesi Medya Raporu: \u201cAnkara Zirvesi Sonu\u00e7lar\u0131 I\u015f\u0131\u011f\u0131nda \u0130dlib\u2019te Devrimci ve Muhalif Kuvvetlerin Se\u00e7enekleri\u201d\"}]},{\"@type\":\"WebSite\",\"@id\":\"https:\/\/sydialogue.org\/tr\/#website\",\"url\":\"https:\/\/sydialogue.org\/tr\/\",\"name\":\"\u0645\u0631\u0643\u0632 \u0627\u0644\u062d\u0648\u0627\u0631 \u0627\u0644\u0633\u0648\u0631\u064a\",\"description\":\"Suriyeli bir sivil kurum, Suriye halk\u0131n\u0131 ilgilendiren konularda diyalo\u011fu canland\u0131rmay\u0131 ve harekete ge\u00e7irmeyi hedefliyor ve Suriyeliler aras\u0131nda ili\u015fkileri g\u00fc\u00e7lendirmeye ve i\u015fbirli\u011fi ve koordinasyonu harekete ge\u00e7irmeye \u00e7al\u0131\u015f\u0131yor.\",\"potentialAction\":[{\"@type\":\"SearchAction\",\"target\":{\"@type\":\"EntryPoint\",\"urlTemplate\":\"https:\/\/sydialogue.org\/tr\/?s={search_term_string}\"},\"query-input\":{\"@type\":\"PropertyValueSpecification\",\"valueRequired\":true,\"valueName\":\"search_term_string\"}}],\"inLanguage\":\"tr\"},{\"@type\":\"Person\",\"@id\":\"https:\/\/sydialogue.org\/tr\/#\/schema\/person\/34a2994f7414cbc7ce06e08267c4944d\",\"name\":\"\u0645\u0631\u0643\u0632 \u0627\u0644\u062d\u0648\u0627\u0631 \u0627\u0644\u0633\u0648\u0631\u064a\",\"image\":{\"@type\":\"ImageObject\",\"inLanguage\":\"tr\",\"@id\":\"https:\/\/sydialogue.org\/tr\/#\/schema\/person\/image\/\",\"url\":\"https:\/\/sydialogue.org\/wp-content\/uploads\/2023\/09\/\u0644\u0648\u063a\u0648-\u062e\u0644\u0641\u064a\u0629-\u0634\u0641\u0627\u0641\u0629-1.png\",\"contentUrl\":\"https:\/\/sydialogue.org\/wp-content\/uploads\/2023\/09\/\u0644\u0648\u063a\u0648-\u062e\u0644\u0641\u064a\u0629-\u0634\u0641\u0627\u0641\u0629-1.png\",\"caption\":\"\u0645\u0631\u0643\u0632 \u0627\u0644\u062d\u0648\u0627\u0631 \u0627\u0644\u0633\u0648\u0631\u064a\"},\"description\":\"\u0645\u0624\u0633\u0633\u0629 \u0628\u062d\u062b\u064a\u0629 \u0633\u0648\u0631\u064a\u0629 \u062a\u0633\u0639\u0649 \u0625\u0644\u0649 \u0627\u0644\u0625\u0633\u0647\u0627\u0645 \u0641\u064a \u0628\u0646\u0627\u0621 \u0627\u0644\u0631\u0624\u0649 \u0648\u0627\u0644\u0645\u0639\u0627\u0631\u0641 \u0628\u0645\u0627 \u064a\u0633\u0627\u0639\u062f \u0627\u0644\u0633\u0648\u0631\u064a\u064a\u0646 \u0639\u0644\u0649 \u0625\u0646\u0636\u0627\u062c \u062d\u0644\u0648\u0644 \u0639\u0645\u0644\u064a\u0629 \u0644\u0645\u0648\u0627\u062c\u0647\u0629 \u0627\u0644\u062a\u062d\u062f\u064a\u0627\u062a \u0627\u0644\u0648\u0637\u0646\u064a\u0629 \u0627\u0644\u0645\u0634\u062a\u0631\u0643\u0629 \u0648\u062a\u062d\u0642\u064a\u0642 \u0627\u0644\u062a\u0646\u0645\u064a\u0629 \u0627\u0644\u0645\u0633\u062a\u062f\u0627\u0645\u0629\",\"sameAs\":[\"http:\/\/sydialogue.org\/\",\"Syrian Dialogue Center\"],\"url\":\"#molongui-disabled-link\"}]}<\/script>\n<!-- \/ Yoast SEO plugin. -->","yoast_head_json":{"title":"Odak Grup G\u00f6r\u00fc\u015fmesi Medya Raporu: \u201cAnkara Zirvesi Sonu\u00e7lar\u0131 I\u015f\u0131\u011f\u0131nda \u0130dlib\u2019te Devrimci ve Muhalif Kuvvetlerin Se\u00e7enekleri\u201d - Suriye Diyalog Merkezi","description":"\u0130dlib ilinde devrimci ve muhalif g\u00fc\u00e7lerin sahip oldu\u011fu se\u00e7eneklerin tart\u0131\u015f\u0131lmas\u0131 ve \u00fc\u00e7l\u00fc zirveyi izleyen son geli\u015fmeler \u0131\u015f\u0131\u011f\u0131nda, \u00e7e\u015fitli gereksinimlerini ve etkilerini incelemek amac\u0131yla, Suriye Diyalog Merkezi odak grup g\u00f6r\u00fc\u015fmesi d\u00fczenledi.","robots":{"index":"index","follow":"follow","max-snippet":"max-snippet:-1","max-image-preview":"max-image-preview:large","max-video-preview":"max-video-preview:-1"},"canonical":"https:\/\/sydialogue.org\/tr\/odak-grup-gorusmesi-medya-raporu-ankara-zirvesi-sonuclari-isiginda-idlibte-devrimci-ve-muhalif-kuvvetlerin-secenekleri\/","og_locale":"tr_TR","og_type":"article","og_title":"Odak Grup G\u00f6r\u00fc\u015fmesi Medya Raporu: \u201cAnkara Zirvesi Sonu\u00e7lar\u0131 I\u015f\u0131\u011f\u0131nda \u0130dlib\u2019te Devrimci ve Muhalif Kuvvetlerin Se\u00e7enekleri\u201d - Suriye Diyalog Merkezi","og_description":"\u0130dlib ilinde devrimci ve muhalif g\u00fc\u00e7lerin sahip oldu\u011fu se\u00e7eneklerin tart\u0131\u015f\u0131lmas\u0131 ve \u00fc\u00e7l\u00fc zirveyi izleyen son geli\u015fmeler \u0131\u015f\u0131\u011f\u0131nda, \u00e7e\u015fitli gereksinimlerini ve etkilerini incelemek amac\u0131yla, Suriye Diyalog Merkezi odak grup g\u00f6r\u00fc\u015fmesi d\u00fczenledi.","og_url":"https:\/\/sydialogue.org\/tr\/odak-grup-gorusmesi-medya-raporu-ankara-zirvesi-sonuclari-isiginda-idlibte-devrimci-ve-muhalif-kuvvetlerin-secenekleri\/","og_site_name":"Suriye Diyalog Merkezi","article_publisher":"https:\/\/www.facebook.com\/Sydialogue","article_published_time":"2019-09-30T21:00:00+00:00","article_modified_time":"2020-12-10T23:59:43+00:00","og_image":[{"width":2308,"height":1159,"url":"https:\/\/sydialogue.org\/wp-content\/uploads\/2019\/10\/58TT.jpg","type":"image\/jpeg"}],"author":"\u0645\u0631\u0643\u0632 \u0627\u0644\u062d\u0648\u0627\u0631 \u0627\u0644\u0633\u0648\u0631\u064a","twitter_card":"summary_large_image","twitter_creator":"@Sydialogue","twitter_site":"@Sydialogue","twitter_misc":{"Yazan:":"\u0645\u0631\u0643\u0632 \u0627\u0644\u062d\u0648\u0627\u0631 \u0627\u0644\u0633\u0648\u0631\u064a","Tahmini okuma s\u00fcresi":"2 dakika"},"schema":{"@context":"https:\/\/schema.org","@graph":[{"@type":"WebPage","@id":"https:\/\/sydialogue.org\/tr\/odak-grup-gorusmesi-medya-raporu-ankara-zirvesi-sonuclari-isiginda-idlibte-devrimci-ve-muhalif-kuvvetlerin-secenekleri\/","url":"https:\/\/sydialogue.org\/tr\/odak-grup-gorusmesi-medya-raporu-ankara-zirvesi-sonuclari-isiginda-idlibte-devrimci-ve-muhalif-kuvvetlerin-secenekleri\/","name":"Odak Grup G\u00f6r\u00fc\u015fmesi Medya Raporu: \u201cAnkara Zirvesi Sonu\u00e7lar\u0131 I\u015f\u0131\u011f\u0131nda \u0130dlib\u2019te Devrimci ve Muhalif Kuvvetlerin Se\u00e7enekleri\u201d - Suriye Diyalog Merkezi","isPartOf":{"@id":"https:\/\/sydialogue.org\/tr\/#website"},"primaryImageOfPage":{"@id":"https:\/\/sydialogue.org\/tr\/odak-grup-gorusmesi-medya-raporu-ankara-zirvesi-sonuclari-isiginda-idlibte-devrimci-ve-muhalif-kuvvetlerin-secenekleri\/#primaryimage"},"image":{"@id":"https:\/\/sydialogue.org\/tr\/odak-grup-gorusmesi-medya-raporu-ankara-zirvesi-sonuclari-isiginda-idlibte-devrimci-ve-muhalif-kuvvetlerin-secenekleri\/#primaryimage"},"thumbnailUrl":"https:\/\/egsaqtt58cu.exactdn.com\/wp-content\/uploads\/2019\/10\/58TT.jpg?strip=all&lossy=1&ssl=1","datePublished":"2019-09-30T21:00:00+00:00","dateModified":"2020-12-10T23:59:43+00:00","author":{"@id":"https:\/\/sydialogue.org\/tr\/#\/schema\/person\/34a2994f7414cbc7ce06e08267c4944d"},"description":"\u0130dlib ilinde devrimci ve muhalif g\u00fc\u00e7lerin sahip oldu\u011fu se\u00e7eneklerin tart\u0131\u015f\u0131lmas\u0131 ve \u00fc\u00e7l\u00fc zirveyi izleyen son geli\u015fmeler \u0131\u015f\u0131\u011f\u0131nda, \u00e7e\u015fitli gereksinimlerini ve etkilerini incelemek amac\u0131yla, Suriye Diyalog Merkezi odak grup g\u00f6r\u00fc\u015fmesi d\u00fczenledi.","breadcrumb":{"@id":"https:\/\/sydialogue.org\/tr\/odak-grup-gorusmesi-medya-raporu-ankara-zirvesi-sonuclari-isiginda-idlibte-devrimci-ve-muhalif-kuvvetlerin-secenekleri\/#breadcrumb"},"inLanguage":"tr","potentialAction":[{"@type":"ReadAction","target":["https:\/\/sydialogue.org\/tr\/odak-grup-gorusmesi-medya-raporu-ankara-zirvesi-sonuclari-isiginda-idlibte-devrimci-ve-muhalif-kuvvetlerin-secenekleri\/"]}]},{"@type":"ImageObject","inLanguage":"tr","@id":"https:\/\/sydialogue.org\/tr\/odak-grup-gorusmesi-medya-raporu-ankara-zirvesi-sonuclari-isiginda-idlibte-devrimci-ve-muhalif-kuvvetlerin-secenekleri\/#primaryimage","url":"https:\/\/egsaqtt58cu.exactdn.com\/wp-content\/uploads\/2019\/10\/58TT.jpg?strip=all&lossy=1&ssl=1","contentUrl":"https:\/\/egsaqtt58cu.exactdn.com\/wp-content\/uploads\/2019\/10\/58TT.jpg?strip=all&lossy=1&ssl=1","width":2308,"height":1159},{"@type":"BreadcrumbList","@id":"https:\/\/sydialogue.org\/tr\/odak-grup-gorusmesi-medya-raporu-ankara-zirvesi-sonuclari-isiginda-idlibte-devrimci-ve-muhalif-kuvvetlerin-secenekleri\/#breadcrumb","itemListElement":[{"@type":"ListItem","position":1,"name":"\u0627\u0644\u0631\u0626\u064a\u0633\u064a\u0629","item":"https:\/\/sydialogue.org\/tr\/"},{"@type":"ListItem","position":2,"name":"Odak Grup G\u00f6r\u00fc\u015fmesi Medya Raporu: \u201cAnkara Zirvesi Sonu\u00e7lar\u0131 I\u015f\u0131\u011f\u0131nda \u0130dlib\u2019te Devrimci ve Muhalif Kuvvetlerin Se\u00e7enekleri\u201d"}]},{"@type":"WebSite","@id":"https:\/\/sydialogue.org\/tr\/#website","url":"https:\/\/sydialogue.org\/tr\/","name":"\u0645\u0631\u0643\u0632 \u0627\u0644\u062d\u0648\u0627\u0631 \u0627\u0644\u0633\u0648\u0631\u064a","description":"Suriyeli bir sivil kurum, Suriye halk\u0131n\u0131 ilgilendiren konularda diyalo\u011fu canland\u0131rmay\u0131 ve harekete ge\u00e7irmeyi hedefliyor ve Suriyeliler aras\u0131nda ili\u015fkileri g\u00fc\u00e7lendirmeye ve i\u015fbirli\u011fi ve koordinasyonu harekete ge\u00e7irmeye \u00e7al\u0131\u015f\u0131yor.","potentialAction":[{"@type":"SearchAction","target":{"@type":"EntryPoint","urlTemplate":"https:\/\/sydialogue.org\/tr\/?s={search_term_string}"},"query-input":{"@type":"PropertyValueSpecification","valueRequired":true,"valueName":"search_term_string"}}],"inLanguage":"tr"},{"@type":"Person","@id":"https:\/\/sydialogue.org\/tr\/#\/schema\/person\/34a2994f7414cbc7ce06e08267c4944d","name":"\u0645\u0631\u0643\u0632 \u0627\u0644\u062d\u0648\u0627\u0631 \u0627\u0644\u0633\u0648\u0631\u064a","image":{"@type":"ImageObject","inLanguage":"tr","@id":"https:\/\/sydialogue.org\/tr\/#\/schema\/person\/image\/","url":"https:\/\/sydialogue.org\/wp-content\/uploads\/2023\/09\/\u0644\u0648\u063a\u0648-\u062e\u0644\u0641\u064a\u0629-\u0634\u0641\u0627\u0641\u0629-1.png","contentUrl":"https:\/\/sydialogue.org\/wp-content\/uploads\/2023\/09\/\u0644\u0648\u063a\u0648-\u062e\u0644\u0641\u064a\u0629-\u0634\u0641\u0627\u0641\u0629-1.png","caption":"\u0645\u0631\u0643\u0632 \u0627\u0644\u062d\u0648\u0627\u0631 \u0627\u0644\u0633\u0648\u0631\u064a"},"description":"\u0645\u0624\u0633\u0633\u0629 \u0628\u062d\u062b\u064a\u0629 \u0633\u0648\u0631\u064a\u0629 \u062a\u0633\u0639\u0649 \u0625\u0644\u0649 \u0627\u0644\u0625\u0633\u0647\u0627\u0645 \u0641\u064a \u0628\u0646\u0627\u0621 \u0627\u0644\u0631\u0624\u0649 \u0648\u0627\u0644\u0645\u0639\u0627\u0631\u0641 \u0628\u0645\u0627 \u064a\u0633\u0627\u0639\u062f \u0627\u0644\u0633\u0648\u0631\u064a\u064a\u0646 \u0639\u0644\u0649 \u0625\u0646\u0636\u0627\u062c \u062d\u0644\u0648\u0644 \u0639\u0645\u0644\u064a\u0629 \u0644\u0645\u0648\u0627\u062c\u0647\u0629 \u0627\u0644\u062a\u062d\u062f\u064a\u0627\u062a \u0627\u0644\u0648\u0637\u0646\u064a\u0629 \u0627\u0644\u0645\u0634\u062a\u0631\u0643\u0629 \u0648\u062a\u062d\u0642\u064a\u0642 \u0627\u0644\u062a\u0646\u0645\u064a\u0629 \u0627\u0644\u0645\u0633\u062a\u062f\u0627\u0645\u0629","sameAs":["http:\/\/sydialogue.org\/","Syrian Dialogue Center"],"url":"#molongui-disabled-link"}]}},"_links":{"self":[{"href":"https:\/\/sydialogue.org\/tr\/wp-json\/wp\/v2\/posts\/2318","targetHints":{"allow":["GET"]}}],"collection":[{"href":"https:\/\/sydialogue.org\/tr\/wp-json\/wp\/v2\/posts"}],"about":[{"href":"https:\/\/sydialogue.org\/tr\/wp-json\/wp\/v2\/types\/post"}],"author":[{"embeddable":true,"href":"https:\/\/sydialogue.org\/tr\/wp-json\/wp\/v2\/users\/1"}],"replies":[{"embeddable":true,"href":"https:\/\/sydialogue.org\/tr\/wp-json\/wp\/v2\/comments?post=2318"}],"version-history":[{"count":2,"href":"https:\/\/sydialogue.org\/tr\/wp-json\/wp\/v2\/posts\/2318\/revisions"}],"predecessor-version":[{"id":3305,"href":"https:\/\/sydialogue.org\/tr\/wp-json\/wp\/v2\/posts\/2318\/revisions\/3305"}],"wp:featuredmedia":[{"embeddable":true,"href":"https:\/\/sydialogue.org\/tr\/wp-json\/wp\/v2\/media\/2319"}],"wp:attachment":[{"href":"https:\/\/sydialogue.org\/tr\/wp-json\/wp\/v2\/media?parent=2318"}],"wp:term":[{"taxonomy":"category","embeddable":true,"href":"https:\/\/sydialogue.org\/tr\/wp-json\/wp\/v2\/categories?post=2318"},{"taxonomy":"post_tag","embeddable":true,"href":"https:\/\/sydialogue.org\/tr\/wp-json\/wp\/v2\/tags?post=2318"}],"curies":[{"name":"wp","href":"https:\/\/api.w.org\/{rel}","templated":true}]}}