{"id":2380,"date":"2020-05-05T00:00:00","date_gmt":"2020-05-04T21:00:00","guid":{"rendered":"https:\/\/center.ecertificated.xyz\/odak-grup-gorusmesi-medya-raporu-koronavirus-krizinin-turkiyedeki-suriyeli-multecilere-ekonomik-yansimalari\/"},"modified":"2020-12-11T02:56:43","modified_gmt":"2020-12-10T23:56:43","slug":"odak-grup-gorusmesi-medya-raporu-koronavirus-krizinin-turkiyedeki-suriyeli-multecilere-ekonomik-yansimalari","status":"publish","type":"post","link":"https:\/\/sydialogue.org\/tr\/odak-grup-gorusmesi-medya-raporu-koronavirus-krizinin-turkiyedeki-suriyeli-multecilere-ekonomik-yansimalari\/","title":{"rendered":"Odak grup g\u00f6r\u00fc\u015fmesi medya raporu: \u2018Koronavir\u00fcs Krizinin T\u00fcrkiye\u2019deki Suriyeli M\u00fcltecilere Ekonomik Yans\u0131malar\u0131\u2019"},"content":{"rendered":"<p dir=\"ltr\" style=\"text-align: justify;\">Koronavir\u00fcs\u00fcn d\u00fcnyaya yay\u0131lmas\u0131 t\u00fcm d\u00fcnyay\u0131 ilgilendiren ve h\u00fck\u00fcmetleri harekete ge\u00e7iren bir salg\u0131n olu\u015fturdu. Ancak bu yay\u0131l\u0131m sa\u011fl\u0131k tehditleri yan\u0131nda, t\u00fcm d\u00fcnya \u00fclkelerinde ortaya \u00e7\u0131kmaya ba\u015flayan ekonomik etkiler de beraberinde getiriyor. T\u00fcrkiye\u2019de de bu ekonomik etkiler ile ba\u015fa \u00e7\u0131kmak i\u00e7in \u00e7e\u015fitli karar ve \u00f6nlemler al\u0131nmaya ba\u015fland\u0131.<\/p>\n<p dir=\"ltr\" style=\"text-align: justify;\">Bu ba\u011flamda T\u00fcrkiye\u2019deki Suriyeliler, onlara yard\u0131m etme imkanlar\u0131na sahip resmi kurulu\u015flar\u0131n belli olmamas\u0131, \u00e7o\u011funun haklar\u0131n\u0131 koruyacak s\u00f6zle\u015fme veya g\u00fcvencesi olmamas\u0131 gibi \u00e7e\u015fitli sebeplerden dolay\u0131, zincirin zay\u0131f halkas\u0131 olarak g\u00f6z\u00fck\u00fcyor. Onlar i\u00e7in i\u015flerini kaybetmek ailelerinin temel ihtiya\u00e7lar\u0131n\u0131 kar\u015f\u0131layamama anlam\u0131na gelir.<\/p>\n<p dir=\"ltr\" style=\"text-align: justify;\">Bu konular\u0131 tart\u0131\u015fmak amac\u0131yla, Suriye Diyalog Merkezi \u2018Koronavir\u00fcs krizinin T\u00fcrkiye\u2019deki Suriyeli m\u00fclteciler \u00fczerindeki ekonomik yans\u0131malar\u0131\u2019 konulu bir odak grup g\u00f6r\u00fc\u015fmesi d\u00fczenledi. G\u00f6r\u00fc\u015fme 12 Nisan 2020 (19 \u015eaban 1441) tarihinde ger\u00e7ekle\u015fti.<\/p>\n<p dir=\"ltr\" style=\"text-align: justify;\">G\u00f6r\u00fc\u015fme Koronavir\u00fcs krizinin T\u00fcrkiye\u2019deki Suriyeli m\u00fcltecilerin durumu \u00fczerindeki ekonomik yans\u0131malar\u0131 ve etkilerini ara\u015ft\u0131rmay\u0131 ama\u00e7lad\u0131. \u0130lk eksende muhta\u00e7 aileler yard\u0131m\u0131 i\u00e7in devlet ve sivil toplum kurulu\u015flar\u0131 taraf\u0131ndan \u015fimdiye kadar al\u0131nan tedbirler incelendi ve krizi atlatmak i\u00e7in gereken yard\u0131mlar\u0131n boyutu g\u00f6zden ge\u00e7irildi.<\/p>\n<p dir=\"ltr\" style=\"text-align: justify;\">G\u00f6r\u00fc\u015fmenin ikinci ekseninde, yard\u0131mlarda beklenen azal\u0131\u015f \u0131\u015f\u0131\u011f\u0131nda Suriyelilere Koronavir\u00fcs krizinin ekonomik etkilerinin \u00fcstesinden gelmeleri i\u00e7in yard\u0131m edecek \u00e7\u00f6z\u00fcmler ve devaml\u0131l\u0131\u011f\u0131n\u0131 sa\u011flaman\u0131n yollar\u0131 tart\u0131\u015f\u0131ld\u0131.<\/p>\n<p dir=\"ltr\" style=\"text-align: justify;\">G\u00f6r\u00fc\u015fme son ekseninde bu zorlu d\u00f6nemdeki sivil toplum kurulu\u015flar\u0131 ve i\u015f adamlar\u0131n\u0131n rol\u00fcne ek olarak, m\u00fclteciler konusunda \u00e7al\u0131\u015fan uluslararas\u0131 \u00f6rg\u00fctlerin rol\u00fcn\u00fc tart\u0131\u015farak sonland\u0131r\u0131ld\u0131.<\/p>\n","protected":false},"excerpt":{"rendered":"<p>Koronavir\u00fcs krizinin T\u00fcrkiye\u2019deki Suriyeli m\u00fcltecilerin durumlar\u0131 \u00fczerindeki ekonomik etki ve yans\u0131malar\u0131n\u0131 incelemek amac\u0131yla bir odak grup g\u00f6r\u00fc\u015fmesi ger\u00e7ekle\u015ftirildi.<\/p>\n","protected":false},"author":1,"featured_media":2381,"comment_status":"open","ping_status":"closed","sticky":false,"template":"","format":"standard","meta":{"_acf_changed":false,"footnotes":""},"categories":[50,84],"tags":[],"class_list":["post-2380","post","type-post","status-publish","format-standard","has-post-thumbnail","hentry","category-etkinlikler","category-focus-groups-tr"],"acf":[],"yoast_head":"<!-- This site is optimized with the Yoast SEO plugin v26.0 - https:\/\/yoast.com\/wordpress\/plugins\/seo\/ -->\n<title>Odak grup g\u00f6r\u00fc\u015fmesi medya raporu: \u2018Koronavir\u00fcs Krizinin T\u00fcrkiye\u2019deki Suriyeli M\u00fcltecilere Ekonomik Yans\u0131malar\u0131\u2019 - Suriye Diyalog Merkezi<\/title>\n<meta name=\"description\" content=\"Koronavir\u00fcs krizinin T\u00fcrkiye\u2019deki Suriyeli m\u00fcltecilerin durumlar\u0131 \u00fczerindeki ekonomik etki ve yans\u0131malar\u0131n\u0131 incelemek amac\u0131yla bir odak grup g\u00f6r\u00fc\u015fmesi ger\u00e7ekle\u015ftirildi.\" \/>\n<meta name=\"robots\" content=\"index, follow, max-snippet:-1, max-image-preview:large, max-video-preview:-1\" \/>\n<link rel=\"canonical\" href=\"https:\/\/sydialogue.org\/tr\/odak-grup-gorusmesi-medya-raporu-koronavirus-krizinin-turkiyedeki-suriyeli-multecilere-ekonomik-yansimalari\/\" \/>\n<meta property=\"og:locale\" content=\"tr_TR\" \/>\n<meta property=\"og:type\" content=\"article\" \/>\n<meta property=\"og:title\" content=\"Odak grup g\u00f6r\u00fc\u015fmesi medya raporu: \u2018Koronavir\u00fcs Krizinin T\u00fcrkiye\u2019deki Suriyeli M\u00fcltecilere Ekonomik Yans\u0131malar\u0131\u2019 - Suriye Diyalog Merkezi\" \/>\n<meta property=\"og:description\" content=\"Koronavir\u00fcs krizinin T\u00fcrkiye\u2019deki Suriyeli m\u00fcltecilerin durumlar\u0131 \u00fczerindeki ekonomik etki ve yans\u0131malar\u0131n\u0131 incelemek amac\u0131yla bir odak grup g\u00f6r\u00fc\u015fmesi ger\u00e7ekle\u015ftirildi.\" \/>\n<meta property=\"og:url\" content=\"https:\/\/sydialogue.org\/tr\/odak-grup-gorusmesi-medya-raporu-koronavirus-krizinin-turkiyedeki-suriyeli-multecilere-ekonomik-yansimalari\/\" \/>\n<meta property=\"og:site_name\" content=\"Suriye Diyalog Merkezi\" \/>\n<meta property=\"article:publisher\" content=\"https:\/\/www.facebook.com\/Sydialogue\" \/>\n<meta property=\"article:published_time\" content=\"2020-05-04T21:00:00+00:00\" \/>\n<meta property=\"article:modified_time\" content=\"2020-12-10T23:56:43+00:00\" \/>\n<meta property=\"og:image\" content=\"https:\/\/sydialogue.org\/wp-content\/uploads\/2020\/05\/65TT.jpg\" \/>\n\t<meta property=\"og:image:width\" content=\"2308\" \/>\n\t<meta property=\"og:image:height\" content=\"1159\" \/>\n\t<meta property=\"og:image:type\" content=\"image\/jpeg\" \/>\n<meta name=\"author\" content=\"\u0645\u0631\u0643\u0632 \u0627\u0644\u062d\u0648\u0627\u0631 \u0627\u0644\u0633\u0648\u0631\u064a\" \/>\n<meta name=\"twitter:card\" content=\"summary_large_image\" \/>\n<meta name=\"twitter:creator\" content=\"@Sydialogue\" \/>\n<meta name=\"twitter:site\" content=\"@Sydialogue\" \/>\n<meta name=\"twitter:label1\" content=\"Yazan:\" \/>\n\t<meta name=\"twitter:data1\" content=\"\u0645\u0631\u0643\u0632 \u0627\u0644\u062d\u0648\u0627\u0631 \u0627\u0644\u0633\u0648\u0631\u064a\" \/>\n\t<meta name=\"twitter:label2\" content=\"Tahmini okuma s\u00fcresi\" \/>\n\t<meta name=\"twitter:data2\" content=\"2 dakika\" \/>\n<script type=\"application\/ld+json\" class=\"yoast-schema-graph\">{\"@context\":\"https:\/\/schema.org\",\"@graph\":[{\"@type\":\"WebPage\",\"@id\":\"https:\/\/sydialogue.org\/tr\/odak-grup-gorusmesi-medya-raporu-koronavirus-krizinin-turkiyedeki-suriyeli-multecilere-ekonomik-yansimalari\/\",\"url\":\"https:\/\/sydialogue.org\/tr\/odak-grup-gorusmesi-medya-raporu-koronavirus-krizinin-turkiyedeki-suriyeli-multecilere-ekonomik-yansimalari\/\",\"name\":\"Odak grup g\u00f6r\u00fc\u015fmesi medya raporu: \u2018Koronavir\u00fcs Krizinin T\u00fcrkiye\u2019deki Suriyeli M\u00fcltecilere Ekonomik Yans\u0131malar\u0131\u2019 - Suriye Diyalog Merkezi\",\"isPartOf\":{\"@id\":\"https:\/\/sydialogue.org\/tr\/#website\"},\"primaryImageOfPage\":{\"@id\":\"https:\/\/sydialogue.org\/tr\/odak-grup-gorusmesi-medya-raporu-koronavirus-krizinin-turkiyedeki-suriyeli-multecilere-ekonomik-yansimalari\/#primaryimage\"},\"image\":{\"@id\":\"https:\/\/sydialogue.org\/tr\/odak-grup-gorusmesi-medya-raporu-koronavirus-krizinin-turkiyedeki-suriyeli-multecilere-ekonomik-yansimalari\/#primaryimage\"},\"thumbnailUrl\":\"https:\/\/egsaqtt58cu.exactdn.com\/wp-content\/uploads\/2020\/05\/65TT.jpg?strip=all&lossy=1&ssl=1\",\"datePublished\":\"2020-05-04T21:00:00+00:00\",\"dateModified\":\"2020-12-10T23:56:43+00:00\",\"author\":{\"@id\":\"https:\/\/sydialogue.org\/tr\/#\/schema\/person\/34a2994f7414cbc7ce06e08267c4944d\"},\"description\":\"Koronavir\u00fcs krizinin T\u00fcrkiye\u2019deki Suriyeli m\u00fcltecilerin durumlar\u0131 \u00fczerindeki ekonomik etki ve yans\u0131malar\u0131n\u0131 incelemek amac\u0131yla bir odak grup g\u00f6r\u00fc\u015fmesi ger\u00e7ekle\u015ftirildi.\",\"breadcrumb\":{\"@id\":\"https:\/\/sydialogue.org\/tr\/odak-grup-gorusmesi-medya-raporu-koronavirus-krizinin-turkiyedeki-suriyeli-multecilere-ekonomik-yansimalari\/#breadcrumb\"},\"inLanguage\":\"tr\",\"potentialAction\":[{\"@type\":\"ReadAction\",\"target\":[\"https:\/\/sydialogue.org\/tr\/odak-grup-gorusmesi-medya-raporu-koronavirus-krizinin-turkiyedeki-suriyeli-multecilere-ekonomik-yansimalari\/\"]}]},{\"@type\":\"ImageObject\",\"inLanguage\":\"tr\",\"@id\":\"https:\/\/sydialogue.org\/tr\/odak-grup-gorusmesi-medya-raporu-koronavirus-krizinin-turkiyedeki-suriyeli-multecilere-ekonomik-yansimalari\/#primaryimage\",\"url\":\"https:\/\/egsaqtt58cu.exactdn.com\/wp-content\/uploads\/2020\/05\/65TT.jpg?strip=all&lossy=1&ssl=1\",\"contentUrl\":\"https:\/\/egsaqtt58cu.exactdn.com\/wp-content\/uploads\/2020\/05\/65TT.jpg?strip=all&lossy=1&ssl=1\",\"width\":2308,\"height\":1159},{\"@type\":\"BreadcrumbList\",\"@id\":\"https:\/\/sydialogue.org\/tr\/odak-grup-gorusmesi-medya-raporu-koronavirus-krizinin-turkiyedeki-suriyeli-multecilere-ekonomik-yansimalari\/#breadcrumb\",\"itemListElement\":[{\"@type\":\"ListItem\",\"position\":1,\"name\":\"\u0627\u0644\u0631\u0626\u064a\u0633\u064a\u0629\",\"item\":\"https:\/\/sydialogue.org\/tr\/\"},{\"@type\":\"ListItem\",\"position\":2,\"name\":\"Odak grup g\u00f6r\u00fc\u015fmesi medya raporu: \u2018Koronavir\u00fcs Krizinin T\u00fcrkiye\u2019deki Suriyeli M\u00fcltecilere Ekonomik Yans\u0131malar\u0131\u2019\"}]},{\"@type\":\"WebSite\",\"@id\":\"https:\/\/sydialogue.org\/tr\/#website\",\"url\":\"https:\/\/sydialogue.org\/tr\/\",\"name\":\"\u0645\u0631\u0643\u0632 \u0627\u0644\u062d\u0648\u0627\u0631 \u0627\u0644\u0633\u0648\u0631\u064a\",\"description\":\"Suriyeli bir sivil kurum, Suriye halk\u0131n\u0131 ilgilendiren konularda diyalo\u011fu canland\u0131rmay\u0131 ve harekete ge\u00e7irmeyi hedefliyor ve Suriyeliler aras\u0131nda ili\u015fkileri g\u00fc\u00e7lendirmeye ve i\u015fbirli\u011fi ve koordinasyonu harekete ge\u00e7irmeye \u00e7al\u0131\u015f\u0131yor.\",\"potentialAction\":[{\"@type\":\"SearchAction\",\"target\":{\"@type\":\"EntryPoint\",\"urlTemplate\":\"https:\/\/sydialogue.org\/tr\/?s={search_term_string}\"},\"query-input\":{\"@type\":\"PropertyValueSpecification\",\"valueRequired\":true,\"valueName\":\"search_term_string\"}}],\"inLanguage\":\"tr\"},{\"@type\":\"Person\",\"@id\":\"https:\/\/sydialogue.org\/tr\/#\/schema\/person\/34a2994f7414cbc7ce06e08267c4944d\",\"name\":\"\u0645\u0631\u0643\u0632 \u0627\u0644\u062d\u0648\u0627\u0631 \u0627\u0644\u0633\u0648\u0631\u064a\",\"image\":{\"@type\":\"ImageObject\",\"inLanguage\":\"tr\",\"@id\":\"https:\/\/sydialogue.org\/tr\/#\/schema\/person\/image\/\",\"url\":\"https:\/\/sydialogue.org\/wp-content\/uploads\/2023\/09\/\u0644\u0648\u063a\u0648-\u062e\u0644\u0641\u064a\u0629-\u0634\u0641\u0627\u0641\u0629-1.png\",\"contentUrl\":\"https:\/\/sydialogue.org\/wp-content\/uploads\/2023\/09\/\u0644\u0648\u063a\u0648-\u062e\u0644\u0641\u064a\u0629-\u0634\u0641\u0627\u0641\u0629-1.png\",\"caption\":\"\u0645\u0631\u0643\u0632 \u0627\u0644\u062d\u0648\u0627\u0631 \u0627\u0644\u0633\u0648\u0631\u064a\"},\"description\":\"\u0645\u0624\u0633\u0633\u0629 \u0628\u062d\u062b\u064a\u0629 \u0633\u0648\u0631\u064a\u0629 \u062a\u0633\u0639\u0649 \u0625\u0644\u0649 \u0627\u0644\u0625\u0633\u0647\u0627\u0645 \u0641\u064a \u0628\u0646\u0627\u0621 \u0627\u0644\u0631\u0624\u0649 \u0648\u0627\u0644\u0645\u0639\u0627\u0631\u0641 \u0628\u0645\u0627 \u064a\u0633\u0627\u0639\u062f \u0627\u0644\u0633\u0648\u0631\u064a\u064a\u0646 \u0639\u0644\u0649 \u0625\u0646\u0636\u0627\u062c \u062d\u0644\u0648\u0644 \u0639\u0645\u0644\u064a\u0629 \u0644\u0645\u0648\u0627\u062c\u0647\u0629 \u0627\u0644\u062a\u062d\u062f\u064a\u0627\u062a \u0627\u0644\u0648\u0637\u0646\u064a\u0629 \u0627\u0644\u0645\u0634\u062a\u0631\u0643\u0629 \u0648\u062a\u062d\u0642\u064a\u0642 \u0627\u0644\u062a\u0646\u0645\u064a\u0629 \u0627\u0644\u0645\u0633\u062a\u062f\u0627\u0645\u0629\",\"sameAs\":[\"http:\/\/sydialogue.org\/\",\"Syrian Dialogue Center\"],\"url\":\"#molongui-disabled-link\"}]}<\/script>\n<!-- \/ Yoast SEO plugin. -->","yoast_head_json":{"title":"Odak grup g\u00f6r\u00fc\u015fmesi medya raporu: \u2018Koronavir\u00fcs Krizinin T\u00fcrkiye\u2019deki Suriyeli M\u00fcltecilere Ekonomik Yans\u0131malar\u0131\u2019 - Suriye Diyalog Merkezi","description":"Koronavir\u00fcs krizinin T\u00fcrkiye\u2019deki Suriyeli m\u00fcltecilerin durumlar\u0131 \u00fczerindeki ekonomik etki ve yans\u0131malar\u0131n\u0131 incelemek amac\u0131yla bir odak grup g\u00f6r\u00fc\u015fmesi ger\u00e7ekle\u015ftirildi.","robots":{"index":"index","follow":"follow","max-snippet":"max-snippet:-1","max-image-preview":"max-image-preview:large","max-video-preview":"max-video-preview:-1"},"canonical":"https:\/\/sydialogue.org\/tr\/odak-grup-gorusmesi-medya-raporu-koronavirus-krizinin-turkiyedeki-suriyeli-multecilere-ekonomik-yansimalari\/","og_locale":"tr_TR","og_type":"article","og_title":"Odak grup g\u00f6r\u00fc\u015fmesi medya raporu: \u2018Koronavir\u00fcs Krizinin T\u00fcrkiye\u2019deki Suriyeli M\u00fcltecilere Ekonomik Yans\u0131malar\u0131\u2019 - Suriye Diyalog Merkezi","og_description":"Koronavir\u00fcs krizinin T\u00fcrkiye\u2019deki Suriyeli m\u00fcltecilerin durumlar\u0131 \u00fczerindeki ekonomik etki ve yans\u0131malar\u0131n\u0131 incelemek amac\u0131yla bir odak grup g\u00f6r\u00fc\u015fmesi ger\u00e7ekle\u015ftirildi.","og_url":"https:\/\/sydialogue.org\/tr\/odak-grup-gorusmesi-medya-raporu-koronavirus-krizinin-turkiyedeki-suriyeli-multecilere-ekonomik-yansimalari\/","og_site_name":"Suriye Diyalog Merkezi","article_publisher":"https:\/\/www.facebook.com\/Sydialogue","article_published_time":"2020-05-04T21:00:00+00:00","article_modified_time":"2020-12-10T23:56:43+00:00","og_image":[{"width":2308,"height":1159,"url":"https:\/\/sydialogue.org\/wp-content\/uploads\/2020\/05\/65TT.jpg","type":"image\/jpeg"}],"author":"\u0645\u0631\u0643\u0632 \u0627\u0644\u062d\u0648\u0627\u0631 \u0627\u0644\u0633\u0648\u0631\u064a","twitter_card":"summary_large_image","twitter_creator":"@Sydialogue","twitter_site":"@Sydialogue","twitter_misc":{"Yazan:":"\u0645\u0631\u0643\u0632 \u0627\u0644\u062d\u0648\u0627\u0631 \u0627\u0644\u0633\u0648\u0631\u064a","Tahmini okuma s\u00fcresi":"2 dakika"},"schema":{"@context":"https:\/\/schema.org","@graph":[{"@type":"WebPage","@id":"https:\/\/sydialogue.org\/tr\/odak-grup-gorusmesi-medya-raporu-koronavirus-krizinin-turkiyedeki-suriyeli-multecilere-ekonomik-yansimalari\/","url":"https:\/\/sydialogue.org\/tr\/odak-grup-gorusmesi-medya-raporu-koronavirus-krizinin-turkiyedeki-suriyeli-multecilere-ekonomik-yansimalari\/","name":"Odak grup g\u00f6r\u00fc\u015fmesi medya raporu: \u2018Koronavir\u00fcs Krizinin T\u00fcrkiye\u2019deki Suriyeli M\u00fcltecilere Ekonomik Yans\u0131malar\u0131\u2019 - Suriye Diyalog Merkezi","isPartOf":{"@id":"https:\/\/sydialogue.org\/tr\/#website"},"primaryImageOfPage":{"@id":"https:\/\/sydialogue.org\/tr\/odak-grup-gorusmesi-medya-raporu-koronavirus-krizinin-turkiyedeki-suriyeli-multecilere-ekonomik-yansimalari\/#primaryimage"},"image":{"@id":"https:\/\/sydialogue.org\/tr\/odak-grup-gorusmesi-medya-raporu-koronavirus-krizinin-turkiyedeki-suriyeli-multecilere-ekonomik-yansimalari\/#primaryimage"},"thumbnailUrl":"https:\/\/egsaqtt58cu.exactdn.com\/wp-content\/uploads\/2020\/05\/65TT.jpg?strip=all&lossy=1&ssl=1","datePublished":"2020-05-04T21:00:00+00:00","dateModified":"2020-12-10T23:56:43+00:00","author":{"@id":"https:\/\/sydialogue.org\/tr\/#\/schema\/person\/34a2994f7414cbc7ce06e08267c4944d"},"description":"Koronavir\u00fcs krizinin T\u00fcrkiye\u2019deki Suriyeli m\u00fcltecilerin durumlar\u0131 \u00fczerindeki ekonomik etki ve yans\u0131malar\u0131n\u0131 incelemek amac\u0131yla bir odak grup g\u00f6r\u00fc\u015fmesi ger\u00e7ekle\u015ftirildi.","breadcrumb":{"@id":"https:\/\/sydialogue.org\/tr\/odak-grup-gorusmesi-medya-raporu-koronavirus-krizinin-turkiyedeki-suriyeli-multecilere-ekonomik-yansimalari\/#breadcrumb"},"inLanguage":"tr","potentialAction":[{"@type":"ReadAction","target":["https:\/\/sydialogue.org\/tr\/odak-grup-gorusmesi-medya-raporu-koronavirus-krizinin-turkiyedeki-suriyeli-multecilere-ekonomik-yansimalari\/"]}]},{"@type":"ImageObject","inLanguage":"tr","@id":"https:\/\/sydialogue.org\/tr\/odak-grup-gorusmesi-medya-raporu-koronavirus-krizinin-turkiyedeki-suriyeli-multecilere-ekonomik-yansimalari\/#primaryimage","url":"https:\/\/egsaqtt58cu.exactdn.com\/wp-content\/uploads\/2020\/05\/65TT.jpg?strip=all&lossy=1&ssl=1","contentUrl":"https:\/\/egsaqtt58cu.exactdn.com\/wp-content\/uploads\/2020\/05\/65TT.jpg?strip=all&lossy=1&ssl=1","width":2308,"height":1159},{"@type":"BreadcrumbList","@id":"https:\/\/sydialogue.org\/tr\/odak-grup-gorusmesi-medya-raporu-koronavirus-krizinin-turkiyedeki-suriyeli-multecilere-ekonomik-yansimalari\/#breadcrumb","itemListElement":[{"@type":"ListItem","position":1,"name":"\u0627\u0644\u0631\u0626\u064a\u0633\u064a\u0629","item":"https:\/\/sydialogue.org\/tr\/"},{"@type":"ListItem","position":2,"name":"Odak grup g\u00f6r\u00fc\u015fmesi medya raporu: \u2018Koronavir\u00fcs Krizinin T\u00fcrkiye\u2019deki Suriyeli M\u00fcltecilere Ekonomik Yans\u0131malar\u0131\u2019"}]},{"@type":"WebSite","@id":"https:\/\/sydialogue.org\/tr\/#website","url":"https:\/\/sydialogue.org\/tr\/","name":"\u0645\u0631\u0643\u0632 \u0627\u0644\u062d\u0648\u0627\u0631 \u0627\u0644\u0633\u0648\u0631\u064a","description":"Suriyeli bir sivil kurum, Suriye halk\u0131n\u0131 ilgilendiren konularda diyalo\u011fu canland\u0131rmay\u0131 ve harekete ge\u00e7irmeyi hedefliyor ve Suriyeliler aras\u0131nda ili\u015fkileri g\u00fc\u00e7lendirmeye ve i\u015fbirli\u011fi ve koordinasyonu harekete ge\u00e7irmeye \u00e7al\u0131\u015f\u0131yor.","potentialAction":[{"@type":"SearchAction","target":{"@type":"EntryPoint","urlTemplate":"https:\/\/sydialogue.org\/tr\/?s={search_term_string}"},"query-input":{"@type":"PropertyValueSpecification","valueRequired":true,"valueName":"search_term_string"}}],"inLanguage":"tr"},{"@type":"Person","@id":"https:\/\/sydialogue.org\/tr\/#\/schema\/person\/34a2994f7414cbc7ce06e08267c4944d","name":"\u0645\u0631\u0643\u0632 \u0627\u0644\u062d\u0648\u0627\u0631 \u0627\u0644\u0633\u0648\u0631\u064a","image":{"@type":"ImageObject","inLanguage":"tr","@id":"https:\/\/sydialogue.org\/tr\/#\/schema\/person\/image\/","url":"https:\/\/sydialogue.org\/wp-content\/uploads\/2023\/09\/\u0644\u0648\u063a\u0648-\u062e\u0644\u0641\u064a\u0629-\u0634\u0641\u0627\u0641\u0629-1.png","contentUrl":"https:\/\/sydialogue.org\/wp-content\/uploads\/2023\/09\/\u0644\u0648\u063a\u0648-\u062e\u0644\u0641\u064a\u0629-\u0634\u0641\u0627\u0641\u0629-1.png","caption":"\u0645\u0631\u0643\u0632 \u0627\u0644\u062d\u0648\u0627\u0631 \u0627\u0644\u0633\u0648\u0631\u064a"},"description":"\u0645\u0624\u0633\u0633\u0629 \u0628\u062d\u062b\u064a\u0629 \u0633\u0648\u0631\u064a\u0629 \u062a\u0633\u0639\u0649 \u0625\u0644\u0649 \u0627\u0644\u0625\u0633\u0647\u0627\u0645 \u0641\u064a \u0628\u0646\u0627\u0621 \u0627\u0644\u0631\u0624\u0649 \u0648\u0627\u0644\u0645\u0639\u0627\u0631\u0641 \u0628\u0645\u0627 \u064a\u0633\u0627\u0639\u062f \u0627\u0644\u0633\u0648\u0631\u064a\u064a\u0646 \u0639\u0644\u0649 \u0625\u0646\u0636\u0627\u062c \u062d\u0644\u0648\u0644 \u0639\u0645\u0644\u064a\u0629 \u0644\u0645\u0648\u0627\u062c\u0647\u0629 \u0627\u0644\u062a\u062d\u062f\u064a\u0627\u062a \u0627\u0644\u0648\u0637\u0646\u064a\u0629 \u0627\u0644\u0645\u0634\u062a\u0631\u0643\u0629 \u0648\u062a\u062d\u0642\u064a\u0642 \u0627\u0644\u062a\u0646\u0645\u064a\u0629 \u0627\u0644\u0645\u0633\u062a\u062f\u0627\u0645\u0629","sameAs":["http:\/\/sydialogue.org\/","Syrian Dialogue Center"],"url":"#molongui-disabled-link"}]}},"_links":{"self":[{"href":"https:\/\/sydialogue.org\/tr\/wp-json\/wp\/v2\/posts\/2380","targetHints":{"allow":["GET"]}}],"collection":[{"href":"https:\/\/sydialogue.org\/tr\/wp-json\/wp\/v2\/posts"}],"about":[{"href":"https:\/\/sydialogue.org\/tr\/wp-json\/wp\/v2\/types\/post"}],"author":[{"embeddable":true,"href":"https:\/\/sydialogue.org\/tr\/wp-json\/wp\/v2\/users\/1"}],"replies":[{"embeddable":true,"href":"https:\/\/sydialogue.org\/tr\/wp-json\/wp\/v2\/comments?post=2380"}],"version-history":[{"count":2,"href":"https:\/\/sydialogue.org\/tr\/wp-json\/wp\/v2\/posts\/2380\/revisions"}],"predecessor-version":[{"id":2763,"href":"https:\/\/sydialogue.org\/tr\/wp-json\/wp\/v2\/posts\/2380\/revisions\/2763"}],"wp:featuredmedia":[{"embeddable":true,"href":"https:\/\/sydialogue.org\/tr\/wp-json\/wp\/v2\/media\/2381"}],"wp:attachment":[{"href":"https:\/\/sydialogue.org\/tr\/wp-json\/wp\/v2\/media?parent=2380"}],"wp:term":[{"taxonomy":"category","embeddable":true,"href":"https:\/\/sydialogue.org\/tr\/wp-json\/wp\/v2\/categories?post=2380"},{"taxonomy":"post_tag","embeddable":true,"href":"https:\/\/sydialogue.org\/tr\/wp-json\/wp\/v2\/tags?post=2380"}],"curies":[{"name":"wp","href":"https:\/\/api.w.org\/{rel}","templated":true}]}}