{"id":2390,"date":"2020-06-21T00:00:00","date_gmt":"2020-06-20T21:00:00","guid":{"rendered":"https:\/\/center.ecertificated.xyz\/suriye-diyalog-merkezi-yillik-raporu-2019-yili-faaliyet-raporu\/"},"modified":"2020-12-11T02:56:12","modified_gmt":"2020-12-10T23:56:12","slug":"suriye-diyalog-merkezi-yillik-raporu-2019-yili-faaliyet-raporu","status":"publish","type":"post","link":"https:\/\/sydialogue.org\/tr\/suriye-diyalog-merkezi-yillik-raporu-2019-yili-faaliyet-raporu\/","title":{"rendered":"Suriye Diyalog Merkezi Y\u0131ll\u0131k Raporu \u2013 2019 Y\u0131l\u0131 Faaliyet Raporu"},"content":{"rendered":"<p dir=\"ltr\">Suriyelilere, ortak problemlerini \u00e7\u00f6zme konusunda pratik \u00e7\u00f6z\u00fcmler sunacak, b\u00fct\u00fcnle\u015fmeyi ve birlikte ya\u015fam\u0131 kolayla\u015ft\u0131racak ve ulusal kararlar\u0131 geli\u015ftirme imkan\u0131 sunacak yap\u0131c\u0131 diyaloglar\u0131n sa\u011flanmas\u0131 yolunda Suriye Diyalog Merkezi, 2019 y\u0131l\u0131 boyunca ger\u00e7ekle\u015ftirdi\u011fi faaliyetlerin bir k\u0131sm\u0131n\u0131 sizlerle payla\u015fmaktan memnuniyet duyar.<\/p>\n","protected":false},"excerpt":{"rendered":"<p>Suriye Diyalog Merkezi, Suriyelilere, ortak problemlerini \u00e7\u00f6zecek ve aralar\u0131nda birlik ve b\u00fct\u00fcnl\u00fc\u011f\u00fc sa\u011flayacak yap\u0131c\u0131 diyaloglar kurma yolunda 2019 y\u0131l\u0131 boyunca ger\u00e7ekle\u015ftirdi\u011fi faaliyetlerin bir k\u0131sm\u0131n\u0131 sizlerle payla\u015fmaktan onur duyuyor.<\/p>\n","protected":false},"author":1,"featured_media":2391,"comment_status":"open","ping_status":"closed","sticky":false,"template":"","format":"standard","meta":{"_acf_changed":false,"footnotes":""},"categories":[48,108],"tags":[],"class_list":["post-2390","post","type-post","status-publish","format-standard","has-post-thumbnail","hentry","category-our-news-tr","category-yillik-raporlar"],"acf":[],"yoast_head":"<!-- This site is optimized with the Yoast SEO plugin v26.0 - https:\/\/yoast.com\/wordpress\/plugins\/seo\/ -->\n<title>Suriye Diyalog Merkezi Y\u0131ll\u0131k Raporu \u2013 2019 Y\u0131l\u0131 Faaliyet Raporu - Suriye Diyalog Merkezi<\/title>\n<meta name=\"description\" content=\"Suriye Diyalog Merkezi, Suriyelilere, ortak problemlerini \u00e7\u00f6zecek ve aralar\u0131nda birlik ve b\u00fct\u00fcnl\u00fc\u011f\u00fc sa\u011flayacak yap\u0131c\u0131 diyaloglar kurma yolunda 2019 y\u0131l\u0131 boyunca ger\u00e7ekle\u015ftirdi\u011fi faaliyetlerin bir k\u0131sm\u0131n\u0131 sizlerle payla\u015fmaktan onur duyuyor.\" \/>\n<meta name=\"robots\" content=\"index, follow, max-snippet:-1, max-image-preview:large, max-video-preview:-1\" \/>\n<link rel=\"canonical\" href=\"https:\/\/sydialogue.org\/tr\/suriye-diyalog-merkezi-yillik-raporu-2019-yili-faaliyet-raporu\/\" \/>\n<meta property=\"og:locale\" content=\"tr_TR\" \/>\n<meta property=\"og:type\" content=\"article\" \/>\n<meta property=\"og:title\" content=\"Suriye Diyalog Merkezi Y\u0131ll\u0131k Raporu \u2013 2019 Y\u0131l\u0131 Faaliyet Raporu - Suriye Diyalog Merkezi\" \/>\n<meta property=\"og:description\" content=\"Suriye Diyalog Merkezi, Suriyelilere, ortak problemlerini \u00e7\u00f6zecek ve aralar\u0131nda birlik ve b\u00fct\u00fcnl\u00fc\u011f\u00fc sa\u011flayacak yap\u0131c\u0131 diyaloglar kurma yolunda 2019 y\u0131l\u0131 boyunca ger\u00e7ekle\u015ftirdi\u011fi faaliyetlerin bir k\u0131sm\u0131n\u0131 sizlerle payla\u015fmaktan onur duyuyor.\" \/>\n<meta property=\"og:url\" content=\"https:\/\/sydialogue.org\/tr\/suriye-diyalog-merkezi-yillik-raporu-2019-yili-faaliyet-raporu\/\" \/>\n<meta property=\"og:site_name\" content=\"Suriye Diyalog Merkezi\" \/>\n<meta property=\"article:publisher\" content=\"https:\/\/www.facebook.com\/Sydialogue\" \/>\n<meta property=\"article:published_time\" content=\"2020-06-20T21:00:00+00:00\" \/>\n<meta property=\"article:modified_time\" content=\"2020-12-10T23:56:12+00:00\" \/>\n<meta property=\"og:image\" content=\"https:\/\/sydialogue.org\/wp-content\/uploads\/2020\/06\/2019bannerTR.jpg\" \/>\n\t<meta property=\"og:image:width\" content=\"554\" \/>\n\t<meta property=\"og:image:height\" content=\"278\" \/>\n\t<meta property=\"og:image:type\" content=\"image\/jpeg\" \/>\n<meta name=\"author\" content=\"\u0645\u0631\u0643\u0632 \u0627\u0644\u062d\u0648\u0627\u0631 \u0627\u0644\u0633\u0648\u0631\u064a\" \/>\n<meta name=\"twitter:card\" content=\"summary_large_image\" \/>\n<meta name=\"twitter:creator\" content=\"@Sydialogue\" \/>\n<meta name=\"twitter:site\" content=\"@Sydialogue\" \/>\n<meta name=\"twitter:label1\" content=\"Yazan:\" \/>\n\t<meta name=\"twitter:data1\" content=\"\u0645\u0631\u0643\u0632 \u0627\u0644\u062d\u0648\u0627\u0631 \u0627\u0644\u0633\u0648\u0631\u064a\" \/>\n<script type=\"application\/ld+json\" class=\"yoast-schema-graph\">{\"@context\":\"https:\/\/schema.org\",\"@graph\":[{\"@type\":\"WebPage\",\"@id\":\"https:\/\/sydialogue.org\/tr\/suriye-diyalog-merkezi-yillik-raporu-2019-yili-faaliyet-raporu\/\",\"url\":\"https:\/\/sydialogue.org\/tr\/suriye-diyalog-merkezi-yillik-raporu-2019-yili-faaliyet-raporu\/\",\"name\":\"Suriye Diyalog Merkezi Y\u0131ll\u0131k Raporu \u2013 2019 Y\u0131l\u0131 Faaliyet Raporu - Suriye Diyalog Merkezi\",\"isPartOf\":{\"@id\":\"https:\/\/sydialogue.org\/tr\/#website\"},\"primaryImageOfPage\":{\"@id\":\"https:\/\/sydialogue.org\/tr\/suriye-diyalog-merkezi-yillik-raporu-2019-yili-faaliyet-raporu\/#primaryimage\"},\"image\":{\"@id\":\"https:\/\/sydialogue.org\/tr\/suriye-diyalog-merkezi-yillik-raporu-2019-yili-faaliyet-raporu\/#primaryimage\"},\"thumbnailUrl\":\"https:\/\/egsaqtt58cu.exactdn.com\/wp-content\/uploads\/2020\/06\/2019bannerTR.jpg?strip=all&lossy=1&ssl=1\",\"datePublished\":\"2020-06-20T21:00:00+00:00\",\"dateModified\":\"2020-12-10T23:56:12+00:00\",\"author\":{\"@id\":\"https:\/\/sydialogue.org\/tr\/#\/schema\/person\/34a2994f7414cbc7ce06e08267c4944d\"},\"description\":\"Suriye Diyalog Merkezi, Suriyelilere, ortak problemlerini \u00e7\u00f6zecek ve aralar\u0131nda birlik ve b\u00fct\u00fcnl\u00fc\u011f\u00fc sa\u011flayacak yap\u0131c\u0131 diyaloglar kurma yolunda 2019 y\u0131l\u0131 boyunca ger\u00e7ekle\u015ftirdi\u011fi faaliyetlerin bir k\u0131sm\u0131n\u0131 sizlerle payla\u015fmaktan onur duyuyor.\",\"breadcrumb\":{\"@id\":\"https:\/\/sydialogue.org\/tr\/suriye-diyalog-merkezi-yillik-raporu-2019-yili-faaliyet-raporu\/#breadcrumb\"},\"inLanguage\":\"tr\",\"potentialAction\":[{\"@type\":\"ReadAction\",\"target\":[\"https:\/\/sydialogue.org\/tr\/suriye-diyalog-merkezi-yillik-raporu-2019-yili-faaliyet-raporu\/\"]}]},{\"@type\":\"ImageObject\",\"inLanguage\":\"tr\",\"@id\":\"https:\/\/sydialogue.org\/tr\/suriye-diyalog-merkezi-yillik-raporu-2019-yili-faaliyet-raporu\/#primaryimage\",\"url\":\"https:\/\/egsaqtt58cu.exactdn.com\/wp-content\/uploads\/2020\/06\/2019bannerTR.jpg?strip=all&lossy=1&ssl=1\",\"contentUrl\":\"https:\/\/egsaqtt58cu.exactdn.com\/wp-content\/uploads\/2020\/06\/2019bannerTR.jpg?strip=all&lossy=1&ssl=1\",\"width\":554,\"height\":278},{\"@type\":\"BreadcrumbList\",\"@id\":\"https:\/\/sydialogue.org\/tr\/suriye-diyalog-merkezi-yillik-raporu-2019-yili-faaliyet-raporu\/#breadcrumb\",\"itemListElement\":[{\"@type\":\"ListItem\",\"position\":1,\"name\":\"\u0627\u0644\u0631\u0626\u064a\u0633\u064a\u0629\",\"item\":\"https:\/\/sydialogue.org\/tr\/\"},{\"@type\":\"ListItem\",\"position\":2,\"name\":\"Suriye Diyalog Merkezi Y\u0131ll\u0131k Raporu \u2013 2019 Y\u0131l\u0131 Faaliyet Raporu\"}]},{\"@type\":\"WebSite\",\"@id\":\"https:\/\/sydialogue.org\/tr\/#website\",\"url\":\"https:\/\/sydialogue.org\/tr\/\",\"name\":\"\u0645\u0631\u0643\u0632 \u0627\u0644\u062d\u0648\u0627\u0631 \u0627\u0644\u0633\u0648\u0631\u064a\",\"description\":\"Suriyeli bir sivil kurum, Suriye halk\u0131n\u0131 ilgilendiren konularda diyalo\u011fu canland\u0131rmay\u0131 ve harekete ge\u00e7irmeyi hedefliyor ve Suriyeliler aras\u0131nda ili\u015fkileri g\u00fc\u00e7lendirmeye ve i\u015fbirli\u011fi ve koordinasyonu harekete ge\u00e7irmeye \u00e7al\u0131\u015f\u0131yor.\",\"potentialAction\":[{\"@type\":\"SearchAction\",\"target\":{\"@type\":\"EntryPoint\",\"urlTemplate\":\"https:\/\/sydialogue.org\/tr\/?s={search_term_string}\"},\"query-input\":{\"@type\":\"PropertyValueSpecification\",\"valueRequired\":true,\"valueName\":\"search_term_string\"}}],\"inLanguage\":\"tr\"},{\"@type\":\"Person\",\"@id\":\"https:\/\/sydialogue.org\/tr\/#\/schema\/person\/34a2994f7414cbc7ce06e08267c4944d\",\"name\":\"\u0645\u0631\u0643\u0632 \u0627\u0644\u062d\u0648\u0627\u0631 \u0627\u0644\u0633\u0648\u0631\u064a\",\"image\":{\"@type\":\"ImageObject\",\"inLanguage\":\"tr\",\"@id\":\"https:\/\/sydialogue.org\/tr\/#\/schema\/person\/image\/\",\"url\":\"https:\/\/sydialogue.org\/wp-content\/uploads\/2023\/09\/\u0644\u0648\u063a\u0648-\u062e\u0644\u0641\u064a\u0629-\u0634\u0641\u0627\u0641\u0629-1.png\",\"contentUrl\":\"https:\/\/sydialogue.org\/wp-content\/uploads\/2023\/09\/\u0644\u0648\u063a\u0648-\u062e\u0644\u0641\u064a\u0629-\u0634\u0641\u0627\u0641\u0629-1.png\",\"caption\":\"\u0645\u0631\u0643\u0632 \u0627\u0644\u062d\u0648\u0627\u0631 \u0627\u0644\u0633\u0648\u0631\u064a\"},\"description\":\"\u0645\u0624\u0633\u0633\u0629 \u0628\u062d\u062b\u064a\u0629 \u0633\u0648\u0631\u064a\u0629 \u062a\u0633\u0639\u0649 \u0625\u0644\u0649 \u0627\u0644\u0625\u0633\u0647\u0627\u0645 \u0641\u064a \u0628\u0646\u0627\u0621 \u0627\u0644\u0631\u0624\u0649 \u0648\u0627\u0644\u0645\u0639\u0627\u0631\u0641 \u0628\u0645\u0627 \u064a\u0633\u0627\u0639\u062f \u0627\u0644\u0633\u0648\u0631\u064a\u064a\u0646 \u0639\u0644\u0649 \u0625\u0646\u0636\u0627\u062c \u062d\u0644\u0648\u0644 \u0639\u0645\u0644\u064a\u0629 \u0644\u0645\u0648\u0627\u062c\u0647\u0629 \u0627\u0644\u062a\u062d\u062f\u064a\u0627\u062a \u0627\u0644\u0648\u0637\u0646\u064a\u0629 \u0627\u0644\u0645\u0634\u062a\u0631\u0643\u0629 \u0648\u062a\u062d\u0642\u064a\u0642 \u0627\u0644\u062a\u0646\u0645\u064a\u0629 \u0627\u0644\u0645\u0633\u062a\u062f\u0627\u0645\u0629\",\"sameAs\":[\"http:\/\/sydialogue.org\/\",\"Syrian Dialogue Center\"],\"url\":\"#molongui-disabled-link\"}]}<\/script>\n<!-- \/ Yoast SEO plugin. -->","yoast_head_json":{"title":"Suriye Diyalog Merkezi Y\u0131ll\u0131k Raporu \u2013 2019 Y\u0131l\u0131 Faaliyet Raporu - Suriye Diyalog Merkezi","description":"Suriye Diyalog Merkezi, Suriyelilere, ortak problemlerini \u00e7\u00f6zecek ve aralar\u0131nda birlik ve b\u00fct\u00fcnl\u00fc\u011f\u00fc sa\u011flayacak yap\u0131c\u0131 diyaloglar kurma yolunda 2019 y\u0131l\u0131 boyunca ger\u00e7ekle\u015ftirdi\u011fi faaliyetlerin bir k\u0131sm\u0131n\u0131 sizlerle payla\u015fmaktan onur duyuyor.","robots":{"index":"index","follow":"follow","max-snippet":"max-snippet:-1","max-image-preview":"max-image-preview:large","max-video-preview":"max-video-preview:-1"},"canonical":"https:\/\/sydialogue.org\/tr\/suriye-diyalog-merkezi-yillik-raporu-2019-yili-faaliyet-raporu\/","og_locale":"tr_TR","og_type":"article","og_title":"Suriye Diyalog Merkezi Y\u0131ll\u0131k Raporu \u2013 2019 Y\u0131l\u0131 Faaliyet Raporu - Suriye Diyalog Merkezi","og_description":"Suriye Diyalog Merkezi, Suriyelilere, ortak problemlerini \u00e7\u00f6zecek ve aralar\u0131nda birlik ve b\u00fct\u00fcnl\u00fc\u011f\u00fc sa\u011flayacak yap\u0131c\u0131 diyaloglar kurma yolunda 2019 y\u0131l\u0131 boyunca ger\u00e7ekle\u015ftirdi\u011fi faaliyetlerin bir k\u0131sm\u0131n\u0131 sizlerle payla\u015fmaktan onur duyuyor.","og_url":"https:\/\/sydialogue.org\/tr\/suriye-diyalog-merkezi-yillik-raporu-2019-yili-faaliyet-raporu\/","og_site_name":"Suriye Diyalog Merkezi","article_publisher":"https:\/\/www.facebook.com\/Sydialogue","article_published_time":"2020-06-20T21:00:00+00:00","article_modified_time":"2020-12-10T23:56:12+00:00","og_image":[{"width":554,"height":278,"url":"https:\/\/sydialogue.org\/wp-content\/uploads\/2020\/06\/2019bannerTR.jpg","type":"image\/jpeg"}],"author":"\u0645\u0631\u0643\u0632 \u0627\u0644\u062d\u0648\u0627\u0631 \u0627\u0644\u0633\u0648\u0631\u064a","twitter_card":"summary_large_image","twitter_creator":"@Sydialogue","twitter_site":"@Sydialogue","twitter_misc":{"Yazan:":"\u0645\u0631\u0643\u0632 \u0627\u0644\u062d\u0648\u0627\u0631 \u0627\u0644\u0633\u0648\u0631\u064a"},"schema":{"@context":"https:\/\/schema.org","@graph":[{"@type":"WebPage","@id":"https:\/\/sydialogue.org\/tr\/suriye-diyalog-merkezi-yillik-raporu-2019-yili-faaliyet-raporu\/","url":"https:\/\/sydialogue.org\/tr\/suriye-diyalog-merkezi-yillik-raporu-2019-yili-faaliyet-raporu\/","name":"Suriye Diyalog Merkezi Y\u0131ll\u0131k Raporu \u2013 2019 Y\u0131l\u0131 Faaliyet Raporu - Suriye Diyalog Merkezi","isPartOf":{"@id":"https:\/\/sydialogue.org\/tr\/#website"},"primaryImageOfPage":{"@id":"https:\/\/sydialogue.org\/tr\/suriye-diyalog-merkezi-yillik-raporu-2019-yili-faaliyet-raporu\/#primaryimage"},"image":{"@id":"https:\/\/sydialogue.org\/tr\/suriye-diyalog-merkezi-yillik-raporu-2019-yili-faaliyet-raporu\/#primaryimage"},"thumbnailUrl":"https:\/\/egsaqtt58cu.exactdn.com\/wp-content\/uploads\/2020\/06\/2019bannerTR.jpg?strip=all&lossy=1&ssl=1","datePublished":"2020-06-20T21:00:00+00:00","dateModified":"2020-12-10T23:56:12+00:00","author":{"@id":"https:\/\/sydialogue.org\/tr\/#\/schema\/person\/34a2994f7414cbc7ce06e08267c4944d"},"description":"Suriye Diyalog Merkezi, Suriyelilere, ortak problemlerini \u00e7\u00f6zecek ve aralar\u0131nda birlik ve b\u00fct\u00fcnl\u00fc\u011f\u00fc sa\u011flayacak yap\u0131c\u0131 diyaloglar kurma yolunda 2019 y\u0131l\u0131 boyunca ger\u00e7ekle\u015ftirdi\u011fi faaliyetlerin bir k\u0131sm\u0131n\u0131 sizlerle payla\u015fmaktan onur duyuyor.","breadcrumb":{"@id":"https:\/\/sydialogue.org\/tr\/suriye-diyalog-merkezi-yillik-raporu-2019-yili-faaliyet-raporu\/#breadcrumb"},"inLanguage":"tr","potentialAction":[{"@type":"ReadAction","target":["https:\/\/sydialogue.org\/tr\/suriye-diyalog-merkezi-yillik-raporu-2019-yili-faaliyet-raporu\/"]}]},{"@type":"ImageObject","inLanguage":"tr","@id":"https:\/\/sydialogue.org\/tr\/suriye-diyalog-merkezi-yillik-raporu-2019-yili-faaliyet-raporu\/#primaryimage","url":"https:\/\/egsaqtt58cu.exactdn.com\/wp-content\/uploads\/2020\/06\/2019bannerTR.jpg?strip=all&lossy=1&ssl=1","contentUrl":"https:\/\/egsaqtt58cu.exactdn.com\/wp-content\/uploads\/2020\/06\/2019bannerTR.jpg?strip=all&lossy=1&ssl=1","width":554,"height":278},{"@type":"BreadcrumbList","@id":"https:\/\/sydialogue.org\/tr\/suriye-diyalog-merkezi-yillik-raporu-2019-yili-faaliyet-raporu\/#breadcrumb","itemListElement":[{"@type":"ListItem","position":1,"name":"\u0627\u0644\u0631\u0626\u064a\u0633\u064a\u0629","item":"https:\/\/sydialogue.org\/tr\/"},{"@type":"ListItem","position":2,"name":"Suriye Diyalog Merkezi Y\u0131ll\u0131k Raporu \u2013 2019 Y\u0131l\u0131 Faaliyet Raporu"}]},{"@type":"WebSite","@id":"https:\/\/sydialogue.org\/tr\/#website","url":"https:\/\/sydialogue.org\/tr\/","name":"\u0645\u0631\u0643\u0632 \u0627\u0644\u062d\u0648\u0627\u0631 \u0627\u0644\u0633\u0648\u0631\u064a","description":"Suriyeli bir sivil kurum, Suriye halk\u0131n\u0131 ilgilendiren konularda diyalo\u011fu canland\u0131rmay\u0131 ve harekete ge\u00e7irmeyi hedefliyor ve Suriyeliler aras\u0131nda ili\u015fkileri g\u00fc\u00e7lendirmeye ve i\u015fbirli\u011fi ve koordinasyonu harekete ge\u00e7irmeye \u00e7al\u0131\u015f\u0131yor.","potentialAction":[{"@type":"SearchAction","target":{"@type":"EntryPoint","urlTemplate":"https:\/\/sydialogue.org\/tr\/?s={search_term_string}"},"query-input":{"@type":"PropertyValueSpecification","valueRequired":true,"valueName":"search_term_string"}}],"inLanguage":"tr"},{"@type":"Person","@id":"https:\/\/sydialogue.org\/tr\/#\/schema\/person\/34a2994f7414cbc7ce06e08267c4944d","name":"\u0645\u0631\u0643\u0632 \u0627\u0644\u062d\u0648\u0627\u0631 \u0627\u0644\u0633\u0648\u0631\u064a","image":{"@type":"ImageObject","inLanguage":"tr","@id":"https:\/\/sydialogue.org\/tr\/#\/schema\/person\/image\/","url":"https:\/\/sydialogue.org\/wp-content\/uploads\/2023\/09\/\u0644\u0648\u063a\u0648-\u062e\u0644\u0641\u064a\u0629-\u0634\u0641\u0627\u0641\u0629-1.png","contentUrl":"https:\/\/sydialogue.org\/wp-content\/uploads\/2023\/09\/\u0644\u0648\u063a\u0648-\u062e\u0644\u0641\u064a\u0629-\u0634\u0641\u0627\u0641\u0629-1.png","caption":"\u0645\u0631\u0643\u0632 \u0627\u0644\u062d\u0648\u0627\u0631 \u0627\u0644\u0633\u0648\u0631\u064a"},"description":"\u0645\u0624\u0633\u0633\u0629 \u0628\u062d\u062b\u064a\u0629 \u0633\u0648\u0631\u064a\u0629 \u062a\u0633\u0639\u0649 \u0625\u0644\u0649 \u0627\u0644\u0625\u0633\u0647\u0627\u0645 \u0641\u064a \u0628\u0646\u0627\u0621 \u0627\u0644\u0631\u0624\u0649 \u0648\u0627\u0644\u0645\u0639\u0627\u0631\u0641 \u0628\u0645\u0627 \u064a\u0633\u0627\u0639\u062f \u0627\u0644\u0633\u0648\u0631\u064a\u064a\u0646 \u0639\u0644\u0649 \u0625\u0646\u0636\u0627\u062c \u062d\u0644\u0648\u0644 \u0639\u0645\u0644\u064a\u0629 \u0644\u0645\u0648\u0627\u062c\u0647\u0629 \u0627\u0644\u062a\u062d\u062f\u064a\u0627\u062a \u0627\u0644\u0648\u0637\u0646\u064a\u0629 \u0627\u0644\u0645\u0634\u062a\u0631\u0643\u0629 \u0648\u062a\u062d\u0642\u064a\u0642 \u0627\u0644\u062a\u0646\u0645\u064a\u0629 \u0627\u0644\u0645\u0633\u062a\u062f\u0627\u0645\u0629","sameAs":["http:\/\/sydialogue.org\/","Syrian Dialogue Center"],"url":"#molongui-disabled-link"}]}},"_links":{"self":[{"href":"https:\/\/sydialogue.org\/tr\/wp-json\/wp\/v2\/posts\/2390","targetHints":{"allow":["GET"]}}],"collection":[{"href":"https:\/\/sydialogue.org\/tr\/wp-json\/wp\/v2\/posts"}],"about":[{"href":"https:\/\/sydialogue.org\/tr\/wp-json\/wp\/v2\/types\/post"}],"author":[{"embeddable":true,"href":"https:\/\/sydialogue.org\/tr\/wp-json\/wp\/v2\/users\/1"}],"replies":[{"embeddable":true,"href":"https:\/\/sydialogue.org\/tr\/wp-json\/wp\/v2\/comments?post=2390"}],"version-history":[{"count":2,"href":"https:\/\/sydialogue.org\/tr\/wp-json\/wp\/v2\/posts\/2390\/revisions"}],"predecessor-version":[{"id":3279,"href":"https:\/\/sydialogue.org\/tr\/wp-json\/wp\/v2\/posts\/2390\/revisions\/3279"}],"wp:featuredmedia":[{"embeddable":true,"href":"https:\/\/sydialogue.org\/tr\/wp-json\/wp\/v2\/media\/2391"}],"wp:attachment":[{"href":"https:\/\/sydialogue.org\/tr\/wp-json\/wp\/v2\/media?parent=2390"}],"wp:term":[{"taxonomy":"category","embeddable":true,"href":"https:\/\/sydialogue.org\/tr\/wp-json\/wp\/v2\/categories?post=2390"},{"taxonomy":"post_tag","embeddable":true,"href":"https:\/\/sydialogue.org\/tr\/wp-json\/wp\/v2\/tags?post=2390"}],"curies":[{"name":"wp","href":"https:\/\/api.w.org\/{rel}","templated":true}]}}