{"id":4191,"date":"2021-01-03T16:00:07","date_gmt":"2021-01-03T13:00:07","guid":{"rendered":"http:\/\/sydialogue.org\/?p=4191"},"modified":"2021-01-03T17:07:08","modified_gmt":"2021-01-03T14:07:08","slug":"arastirma-makalesi-covid-19-surecinde-uzaktan-egitim-turkiyedeki-suriyeli-ogrenciler-icin-firsatlar-ve-engeller","status":"publish","type":"post","link":"https:\/\/sydialogue.org\/tr\/arastirma-makalesi-covid-19-surecinde-uzaktan-egitim-turkiyedeki-suriyeli-ogrenciler-icin-firsatlar-ve-engeller\/","title":{"rendered":"Ara\u015ft\u0131rma Makalesi &#8220;Covid-19 S\u00fcrecinde Uzaktan E\u011fitim, T\u00fcrkiye&#8217;deki Suriyeli \u00d6\u011frenciler \u0130\u00e7in F\u0131rsatlar ve Engeller&#8221;"},"content":{"rendered":"<p dir=\"ltr\">Birle\u015fmi\u015f Milletler E\u011fitim, Bilim ve K\u00fclt\u00fcr \u00d6rg\u00fct\u00fc (UNESCO) taraf\u0131ndan yay\u0131nlanan bir raporda, Covid-19 vir\u00fcs krizinin bir sonucu olarak d\u00fcnyan\u0131n \u00e7o\u011fu \u00fclkesinde Ocak 2020&#8217;den bu yana d\u00fcnyadaki okul \u00f6\u011frencilerinin d\u00f6rtte \u00fc\u00e7\u00fcnden fazlas\u0131, yakla\u015f\u0131k 1,5 milyar \u00f6\u011frencinin dersliklere girmesine izin verilmedi\u011fi belirtilmi\u015ftir. Ayn\u0131 y\u0131l\u0131n Eyl\u00fcl ay\u0131ndan \u00f6nce s\u0131n\u0131flara d\u00f6nebilecekleri beklenmemektedir<sup><a href=\"#_ftn1\" name=\"_ftnref1\">[1]<\/a><\/sup>.<\/p>\n<p dir=\"ltr\">Rapor, Covid-19\u2019dan etkilenen on zengin \u00fclkeden dokuzunun, d\u00f6rt fakir \u00fclkeden de birinin bir \u015fekilde uzaktan e\u011fitime ge\u00e7ti\u011fini belirtmi\u015ftir. Bu durumda, fakir \u00e7ocuklar\u0131n \u00e7o\u011fu, e\u011fitimden bir\u00e7ok nedenden dolay\u0131 mahrum kalm\u0131\u015ft\u0131r. Elektronik cihazlar\u0131n ve internet hizmetlerinin yoklu\u011fu veya ebeveynlerinin onlar\u0131 dersleri takip etmeye zorlamamalar\u0131 bu sebeplerin ba\u015fl\u0131calar\u0131d\u0131r.<sup><a href=\"#_ftn2\" name=\"_ftnref2\">[2]<\/a><\/sup><\/p>\n<p dir=\"ltr\">Uzaktan e\u011fitim s\u00fcreci, Covid-19 salg\u0131n\u0131 s\u0131ras\u0131nda geli\u015fmi\u015f \u00fclkelerde bile \u00f6\u011frenci kat\u0131l\u0131m\u0131nda d\u00fc\u015f\u00fc\u015fe u\u011fram\u0131\u015ft\u0131r. \u0130ngiltere\u2019de \u00f6zel okullar, \u00f6\u011frencilerinin yar\u0131s\u0131ndan fazlas\u0131n\u0131 sanal s\u0131n\u0131flara \u00e7ekebilmi\u015fken, devlet okullar\u0131 be\u015f \u00f6\u011frenciden sadece birini \u00e7ekebilmi\u015ftir. Baz\u0131 Amerikan okullar\u0131 ise \u00f6\u011frencilerinin \u00fc\u00e7te birinden fazlas\u0131n\u0131n okul sistemine giri\u015f yapmad\u0131\u011f\u0131n\u0131 ve derslere kat\u0131lmad\u0131\u011f\u0131n\u0131 bildirmi\u015ftir. Baz\u0131 uzmanlar, d\u00fc\u015f\u00fck kat\u0131l\u0131m\u0131n nedeninin, okul sistemlerinin \u00f6\u011frencinin bireysel \u00f6\u011frenme sorumlulu\u011funu geli\u015ftirmemesi oldu\u011funu d\u00fc\u015f\u00fcnmektedir<a href=\"#_ftn3\" name=\"_ftnref3\"><sup>[3]<\/sup><\/a>.<\/p>\n<p dir=\"ltr\">Ba\u015fka bir ara\u015ft\u0131rma, \u00f6\u011frencinin e\u011fitim s\u00fcrecinden birka\u00e7 ay bile uzak kalmas\u0131n\u0131n biriken kay\u0131plarla birka\u00e7 y\u0131l sonra ortaya \u00e7\u0131kt\u0131\u011f\u0131n\u0131 g\u00f6stermektedir. \u00c7al\u0131\u015fma, d\u00fc\u015f\u00fck ve orta gelirli \u00fclkelerdeki \u00e7ocuklar\u0131n, okulun \u00fc\u00e7 ayl\u0131k kapanmas\u0131n\u0131n bir sonucu olarak bir y\u0131ldan fazla \u00f6\u011frenim kaybedebileceklerini ortaya koymaktad\u0131r<sup><a href=\"#_ftn4\" name=\"_ftnref4\">[4]<\/a><\/sup>.<\/p>\n<p dir=\"ltr\">Sanal e\u011fitimin en \u00f6nemli ara\u00e7lar\u0131ndan biri olan uzaktan e\u011fitim s\u00fcreci \u00e7ok fazla \u00e7al\u0131\u015fma ve ara\u015ft\u0131rmaya konu olmu\u015ftur. \u00d6zellikle Covid-19 salg\u0131n\u0131n\u0131n olu\u015fturdu\u011fu sa\u011fl\u0131k tehditlerine kar\u015f\u0131 tek \u00e7\u00f6z\u00fcm haline gelmesi ve arzulanan sonu\u00e7lar\u0131 verebilmek i\u00e7in pahal\u0131 ve \u00f6zel bir altyap\u0131ya ihtiya\u00e7 duymas\u0131 nedeniyle avantajlar\u0131n\u0131n dezavantajlar\u0131ndan daha fazla oldu\u011funu g\u00f6renler ve dezavantajlar\u0131n\u0131n daha fazla oldu\u011funu g\u00f6renler aras\u0131nda tart\u0131\u015fmalar a\u00e7m\u0131\u015ft\u0131r<sup><a href=\"#_ftn5\" name=\"_ftnref5\">[5]<\/a><\/sup>.<\/p>\n<p dir=\"ltr\">Bu \u00e7al\u0131\u015fmada, Covid-19 salg\u0131n\u0131 sonucunda e\u011fitim s\u00fcrecinin k\u0131smen kesintiye u\u011framas\u0131n\u0131n etkisini incelemek ve geleneksel e\u011fitim s\u00fcrecinden uzaktan e\u011fitim s\u00fcrecine nas\u0131l ge\u00e7ilece\u011fini ve T\u00fcrk okullar\u0131ndaki Suriyeli \u00f6\u011frenciler \u00fczerindeki etkilerini incelemek amac\u0131yla, \u00e7o\u011fu sekt\u00f6r\u00fc etkileyen genel kapan\u0131\u015f ko\u015fullar\u0131n\u0131n bir sonucu olarak do\u011frudan bu s\u00fcreci takip eden Suriyeli \u00f6\u011frencilerin ebeveynlerinden bir \u00f6rneklemin g\u00f6r\u00fc\u015flerini ara\u015ft\u0131rarak,\u00a0 ebeveynlerin ki\u015fisel izlenimlerini ve \u00f6\u011frencilerin uzaktan e\u011fitim s\u00fcrecine tepkilerini ve bundan ne \u00f6l\u00e7\u00fcde yararland\u0131klar\u0131n\u0131 tespit etmeye \u00e7al\u0131\u015fmaktad\u0131r.<\/p>\n<p dir=\"ltr\"><a href=\"http:\/\/sydialogue.org\/5n5x\">Ara\u015ft\u0131rma Makalesi &#8220;Covid-19 S\u00fcrecinde Uzaktan E\u011fitim, T\u00fcrkiye&#8217;deki Suriyeli \u00d6\u011frenciler \u0130\u00e7in F\u0131rsatlar ve Engeller&#8221;<\/a><\/p>\n<p dir=\"ltr\">Ba\u011flant\u0131y\u0131 payla\u015fmak i\u00e7in: <a href=\"https:\/\/wp.me\/pcxUs1-15B\">https:\/\/wp.me\/pcxUs1-15B<\/a><\/p>\n<hr \/>\n<div dir=\"ltr\"><span style=\"font-size: 8pt;\"><a href=\"#_ftnref1\" name=\"_ftn1\">[1]<\/a>\u00a0 \u00a0Covid-19 i\u00e7in okullar\u0131n kapanmas\u0131 hayat boyu zarar veriyor ve e\u015fitsizli\u011fi art\u0131r\u0131yor. <\/span><span style=\"font-size: 8pt;\">Closing schools for Covid-19 does lifelong harm and widens inequality, economist, Apr 30th, 2020, <a href=\"https:\/\/econ.st\/2BEpFLD\">https:\/\/econ.st\/2BEpFLD<\/a><\/span><\/div>\n<div dir=\"ltr\"><span style=\"font-size: 8pt;\"><a href=\"#_ftnref2\" name=\"_ftn2\">[2]<\/a> \u00d6nceki kaynak<\/span><\/div>\n<div dir=\"ltr\"><span style=\"font-size: 8pt;\"><a href=\"#_ftnref3\" name=\"_ftn3\">[3]<\/a> \u00d6nceki kaynak<\/span><\/div>\n<div dir=\"ltr\"><span style=\"font-size: 8pt;\"><a href=\"#_ftnref4\" name=\"_ftn4\">[4]<\/a> \u00c7al\u0131\u015fma, \u00f6rne\u011fin, d\u00fc\u015f\u00fck ve orta gelirli \u00fclkelerdeki \u00fc\u00e7\u00fcnc\u00fc s\u0131n\u0131f \u00f6\u011frencileri i\u00e7in \u00f6\u011frenme oran\u0131 \u00fc\u00e7te bir oran\u0131nda azalt\u0131l\u0131rsa \u00f6\u011frenciler, onuncu s\u0131n\u0131fa geldiklerinde, herhangi bir telafi s\u00fcrecinden ge\u00e7memeleri durumunda, e\u011fitimi b\u0131rakmayanlara g\u00f6re tam bir akademik y\u0131l daha geride olacaklar\u0131n\u0131 g\u00f6stermektedir. \u00d6\u011frenciler d\u00f6rd\u00fcnc\u00fc s\u0131n\u0131f derslerine ge\u00e7meden \u00f6nce \u00fc\u00e7\u00fcnc\u00fc s\u0131n\u0131f m\u00fcfredat\u0131n\u0131n bir k\u0131sm\u0131 telafi edilirse, bu \u00f6\u011frencinin e\u011fitim sistemi yar\u0131 yar\u0131ya telafi edilmi\u015f olacakt\u0131r. Ancak bu, \u00f6\u011frencinin \u00f6rne\u011fin onuncu s\u0131n\u0131fta iken e\u011fitimi b\u0131rakmayan akranlar\u0131yla ayn\u0131 seviyede olaca\u011f\u0131 anlam\u0131na gelmez, \u00f6\u011frenci bir akademik y\u0131l\u0131n yar\u0131s\u0131 kadar geride olacakt\u0131r.<\/span><\/div>\n<div dir=\"ltr\"><span style=\"font-size: 8pt;\">Kaynak: Covid-19 sonucunda uzun vadede ne kadar e\u011fitim kaybedilebilir ve azaltma stratejileri nas\u0131l yard\u0131mc\u0131 olabilir?<\/span><\/div>\n<div dir=\"ltr\"><span style=\"font-size: 8pt;\">How much learning may be lost in the long-run from COVID-19 and how can mitigation strategies help?, Brookings, June 15, 2020, <a href=\"https:\/\/brook.gs\/3idK7CO\">https:\/\/brook.gs\/3idK7CO<\/a><\/span><\/div>\n<div dir=\"ltr\"><span style=\"font-size: 8pt;\"><a href=\"#_ftnref5\" name=\"_ftn5\">[5]<\/a> Bu \u00e7al\u0131\u015fman\u0131n, uzaktan e\u011fitim s\u00fcrecinin ba\u015flang\u0131c\u0131ndan g\u00fcn\u00fcm\u00fcze kadar olan geli\u015fimi, bu s\u00fcre\u00e7te kullan\u0131lan formatlar\u0131, avantajlar\u0131 ve dezavantajlar\u0131na dair ek bir \u00f6zeti bulunmaktad\u0131r.<\/span><\/div>\n","protected":false},"excerpt":{"rendered":"<p>Bu \u00e7al\u0131\u015fmada, Covid-19 salg\u0131n\u0131 sonucunda e\u011fitim s\u00fcrecinin k\u0131smen kesintiye u\u011framas\u0131n\u0131n etkisini incelemek ve uzaktan e\u011fitim s\u00fcrecine nas\u0131l ge\u00e7ilece\u011fini ve T\u00fcrk okullar\u0131ndaki Suriyeli \u00f6\u011frenciler \u00fczerindeki etkilerini incelemek amac\u0131yla,\u00a0 ebeveynlerin izlenimlerini ve \u00f6\u011frencilerin uzaktan e\u011fitim s\u00fcrecine tepkilerini ve bundan ne \u00f6l\u00e7\u00fcde yararland\u0131klar\u0131n\u0131 tespit etmeye \u00e7al\u0131\u015fmaktad\u0131r.<\/p>\n","protected":false},"author":1,"featured_media":4202,"comment_status":"open","ping_status":"closed","sticky":false,"template":"","format":"standard","meta":{"_acf_changed":false,"footnotes":""},"categories":[78,93,49],"tags":[],"class_list":["post-4191","post","type-post","status-publish","format-standard","has-post-thumbnail","hentry","category-research-and-studies-tr","category-sosyal-birim","category-yayinlar"],"acf":[],"yoast_head":"<!-- This site is optimized with the Yoast SEO plugin v26.0 - https:\/\/yoast.com\/wordpress\/plugins\/seo\/ -->\n<title>Ara\u015ft\u0131rma Makalesi &quot;Covid-19 S\u00fcrecinde Uzaktan E\u011fitim, T\u00fcrkiye&#039;deki Suriyeli \u00d6\u011frenciler \u0130\u00e7in F\u0131rsatlar ve Engeller&quot; - Suriye Diyalog Merkezi<\/title>\n<meta name=\"description\" content=\"Bu \u00e7al\u0131\u015fmada, Covid-19 salg\u0131n\u0131 sonucunda e\u011fitim s\u00fcrecinin k\u0131smen kesintiye u\u011framas\u0131n\u0131n etkisini incelemek ve uzaktan e\u011fitim s\u00fcrecine nas\u0131l ge\u00e7ilece\u011fini ve T\u00fcrk okullar\u0131ndaki Suriyeli \u00f6\u011frenciler \u00fczerindeki etkilerini incelemek amac\u0131yla,\u00a0 ebeveynlerin izlenimlerini ve \u00f6\u011frencilerin uzaktan e\u011fitim s\u00fcrecine tepkilerini ve bundan ne \u00f6l\u00e7\u00fcde yararland\u0131klar\u0131n\u0131 tespit etmeye \u00e7al\u0131\u015fmaktad\u0131r.\" \/>\n<meta name=\"robots\" content=\"index, follow, max-snippet:-1, max-image-preview:large, max-video-preview:-1\" \/>\n<link rel=\"canonical\" href=\"https:\/\/sydialogue.org\/tr\/arastirma-makalesi-covid-19-surecinde-uzaktan-egitim-turkiyedeki-suriyeli-ogrenciler-icin-firsatlar-ve-engeller\/\" \/>\n<meta property=\"og:locale\" content=\"tr_TR\" \/>\n<meta property=\"og:type\" content=\"article\" \/>\n<meta property=\"og:title\" content=\"Ara\u015ft\u0131rma Makalesi &quot;Covid-19 S\u00fcrecinde Uzaktan E\u011fitim, T\u00fcrkiye&#039;deki Suriyeli \u00d6\u011frenciler \u0130\u00e7in F\u0131rsatlar ve Engeller&quot; - Suriye Diyalog Merkezi\" \/>\n<meta property=\"og:description\" content=\"Bu \u00e7al\u0131\u015fmada, Covid-19 salg\u0131n\u0131 sonucunda e\u011fitim s\u00fcrecinin k\u0131smen kesintiye u\u011framas\u0131n\u0131n etkisini incelemek ve uzaktan e\u011fitim s\u00fcrecine nas\u0131l ge\u00e7ilece\u011fini ve T\u00fcrk okullar\u0131ndaki Suriyeli \u00f6\u011frenciler \u00fczerindeki etkilerini incelemek amac\u0131yla,\u00a0 ebeveynlerin izlenimlerini ve \u00f6\u011frencilerin uzaktan e\u011fitim s\u00fcrecine tepkilerini ve bundan ne \u00f6l\u00e7\u00fcde yararland\u0131klar\u0131n\u0131 tespit etmeye \u00e7al\u0131\u015fmaktad\u0131r.\" \/>\n<meta property=\"og:url\" content=\"https:\/\/sydialogue.org\/tr\/arastirma-makalesi-covid-19-surecinde-uzaktan-egitim-turkiyedeki-suriyeli-ogrenciler-icin-firsatlar-ve-engeller\/\" \/>\n<meta property=\"og:site_name\" content=\"Suriye Diyalog Merkezi\" \/>\n<meta property=\"article:publisher\" content=\"https:\/\/www.facebook.com\/Sydialogue\" \/>\n<meta property=\"article:published_time\" content=\"2021-01-03T13:00:07+00:00\" \/>\n<meta property=\"article:modified_time\" content=\"2021-01-03T14:07:08+00:00\" \/>\n<meta name=\"author\" content=\"\u0645\u0631\u0643\u0632 \u0627\u0644\u062d\u0648\u0627\u0631 \u0627\u0644\u0633\u0648\u0631\u064a\" \/>\n<meta name=\"twitter:card\" content=\"summary_large_image\" \/>\n<meta name=\"twitter:image\" content=\"https:\/\/e8nd7pn44jx.exactdn.com\/wp-content\/uploads\/2021\/01\/Banner-tr-1.jpg?strip=all\" \/>\n<meta name=\"twitter:creator\" content=\"@Sydialogue\" \/>\n<meta name=\"twitter:site\" content=\"@Sydialogue\" \/>\n<meta name=\"twitter:label1\" content=\"Yazan:\" \/>\n\t<meta name=\"twitter:data1\" content=\"\u0645\u0631\u0643\u0632 \u0627\u0644\u062d\u0648\u0627\u0631 \u0627\u0644\u0633\u0648\u0631\u064a\" \/>\n\t<meta name=\"twitter:label2\" content=\"Tahmini okuma s\u00fcresi\" \/>\n\t<meta name=\"twitter:data2\" content=\"4 dakika\" \/>\n<script type=\"application\/ld+json\" class=\"yoast-schema-graph\">{\"@context\":\"https:\/\/schema.org\",\"@graph\":[{\"@type\":\"WebPage\",\"@id\":\"https:\/\/sydialogue.org\/tr\/arastirma-makalesi-covid-19-surecinde-uzaktan-egitim-turkiyedeki-suriyeli-ogrenciler-icin-firsatlar-ve-engeller\/\",\"url\":\"https:\/\/sydialogue.org\/tr\/arastirma-makalesi-covid-19-surecinde-uzaktan-egitim-turkiyedeki-suriyeli-ogrenciler-icin-firsatlar-ve-engeller\/\",\"name\":\"Ara\u015ft\u0131rma Makalesi \\\"Covid-19 S\u00fcrecinde Uzaktan E\u011fitim, T\u00fcrkiye'deki Suriyeli \u00d6\u011frenciler \u0130\u00e7in F\u0131rsatlar ve Engeller\\\" - Suriye Diyalog Merkezi\",\"isPartOf\":{\"@id\":\"https:\/\/sydialogue.org\/tr\/#website\"},\"primaryImageOfPage\":{\"@id\":\"https:\/\/sydialogue.org\/tr\/arastirma-makalesi-covid-19-surecinde-uzaktan-egitim-turkiyedeki-suriyeli-ogrenciler-icin-firsatlar-ve-engeller\/#primaryimage\"},\"image\":{\"@id\":\"https:\/\/sydialogue.org\/tr\/arastirma-makalesi-covid-19-surecinde-uzaktan-egitim-turkiyedeki-suriyeli-ogrenciler-icin-firsatlar-ve-engeller\/#primaryimage\"},\"thumbnailUrl\":\"https:\/\/e8nd7pn44jx.exactdn.com\/wp-content\/uploads\/2021\/01\/Banner-tr-1.jpg?strip=all\",\"datePublished\":\"2021-01-03T13:00:07+00:00\",\"dateModified\":\"2021-01-03T14:07:08+00:00\",\"author\":{\"@id\":\"https:\/\/sydialogue.org\/tr\/#\/schema\/person\/34a2994f7414cbc7ce06e08267c4944d\"},\"description\":\"Bu \u00e7al\u0131\u015fmada, Covid-19 salg\u0131n\u0131 sonucunda e\u011fitim s\u00fcrecinin k\u0131smen kesintiye u\u011framas\u0131n\u0131n etkisini incelemek ve uzaktan e\u011fitim s\u00fcrecine nas\u0131l ge\u00e7ilece\u011fini ve T\u00fcrk okullar\u0131ndaki Suriyeli \u00f6\u011frenciler \u00fczerindeki etkilerini incelemek amac\u0131yla,\u00a0 ebeveynlerin izlenimlerini ve \u00f6\u011frencilerin uzaktan e\u011fitim s\u00fcrecine tepkilerini ve bundan ne \u00f6l\u00e7\u00fcde yararland\u0131klar\u0131n\u0131 tespit etmeye \u00e7al\u0131\u015fmaktad\u0131r.\",\"breadcrumb\":{\"@id\":\"https:\/\/sydialogue.org\/tr\/arastirma-makalesi-covid-19-surecinde-uzaktan-egitim-turkiyedeki-suriyeli-ogrenciler-icin-firsatlar-ve-engeller\/#breadcrumb\"},\"inLanguage\":\"tr\",\"potentialAction\":[{\"@type\":\"ReadAction\",\"target\":[\"https:\/\/sydialogue.org\/tr\/arastirma-makalesi-covid-19-surecinde-uzaktan-egitim-turkiyedeki-suriyeli-ogrenciler-icin-firsatlar-ve-engeller\/\"]}]},{\"@type\":\"ImageObject\",\"inLanguage\":\"tr\",\"@id\":\"https:\/\/sydialogue.org\/tr\/arastirma-makalesi-covid-19-surecinde-uzaktan-egitim-turkiyedeki-suriyeli-ogrenciler-icin-firsatlar-ve-engeller\/#primaryimage\",\"url\":\"https:\/\/e8nd7pn44jx.exactdn.com\/wp-content\/uploads\/2021\/01\/Banner-tr-1.jpg?strip=all\",\"contentUrl\":\"https:\/\/e8nd7pn44jx.exactdn.com\/wp-content\/uploads\/2021\/01\/Banner-tr-1.jpg?strip=all\",\"width\":2462,\"height\":1236},{\"@type\":\"BreadcrumbList\",\"@id\":\"https:\/\/sydialogue.org\/tr\/arastirma-makalesi-covid-19-surecinde-uzaktan-egitim-turkiyedeki-suriyeli-ogrenciler-icin-firsatlar-ve-engeller\/#breadcrumb\",\"itemListElement\":[{\"@type\":\"ListItem\",\"position\":1,\"name\":\"\u0627\u0644\u0631\u0626\u064a\u0633\u064a\u0629\",\"item\":\"https:\/\/sydialogue.org\/tr\/\"},{\"@type\":\"ListItem\",\"position\":2,\"name\":\"Ara\u015ft\u0131rma Makalesi &#8220;Covid-19 S\u00fcrecinde Uzaktan E\u011fitim, T\u00fcrkiye&#8217;deki Suriyeli \u00d6\u011frenciler \u0130\u00e7in F\u0131rsatlar ve Engeller&#8221;\"}]},{\"@type\":\"WebSite\",\"@id\":\"https:\/\/sydialogue.org\/tr\/#website\",\"url\":\"https:\/\/sydialogue.org\/tr\/\",\"name\":\"\u0645\u0631\u0643\u0632 \u0627\u0644\u062d\u0648\u0627\u0631 \u0627\u0644\u0633\u0648\u0631\u064a\",\"description\":\"Suriyeli bir sivil kurum, Suriye halk\u0131n\u0131 ilgilendiren konularda diyalo\u011fu canland\u0131rmay\u0131 ve harekete ge\u00e7irmeyi hedefliyor ve Suriyeliler aras\u0131nda ili\u015fkileri g\u00fc\u00e7lendirmeye ve i\u015fbirli\u011fi ve koordinasyonu harekete ge\u00e7irmeye \u00e7al\u0131\u015f\u0131yor.\",\"potentialAction\":[{\"@type\":\"SearchAction\",\"target\":{\"@type\":\"EntryPoint\",\"urlTemplate\":\"https:\/\/sydialogue.org\/tr\/?s={search_term_string}\"},\"query-input\":{\"@type\":\"PropertyValueSpecification\",\"valueRequired\":true,\"valueName\":\"search_term_string\"}}],\"inLanguage\":\"tr\"},{\"@type\":\"Person\",\"@id\":\"https:\/\/sydialogue.org\/tr\/#\/schema\/person\/34a2994f7414cbc7ce06e08267c4944d\",\"name\":\"\u0645\u0631\u0643\u0632 \u0627\u0644\u062d\u0648\u0627\u0631 \u0627\u0644\u0633\u0648\u0631\u064a\",\"image\":{\"@type\":\"ImageObject\",\"inLanguage\":\"tr\",\"@id\":\"https:\/\/sydialogue.org\/tr\/#\/schema\/person\/image\/\",\"url\":\"https:\/\/sydialogue.org\/wp-content\/uploads\/2023\/09\/\u0644\u0648\u063a\u0648-\u062e\u0644\u0641\u064a\u0629-\u0634\u0641\u0627\u0641\u0629-1.png\",\"contentUrl\":\"https:\/\/sydialogue.org\/wp-content\/uploads\/2023\/09\/\u0644\u0648\u063a\u0648-\u062e\u0644\u0641\u064a\u0629-\u0634\u0641\u0627\u0641\u0629-1.png\",\"caption\":\"\u0645\u0631\u0643\u0632 \u0627\u0644\u062d\u0648\u0627\u0631 \u0627\u0644\u0633\u0648\u0631\u064a\"},\"description\":\"\u0645\u0624\u0633\u0633\u0629 \u0628\u062d\u062b\u064a\u0629 \u0633\u0648\u0631\u064a\u0629 \u062a\u0633\u0639\u0649 \u0625\u0644\u0649 \u0627\u0644\u0625\u0633\u0647\u0627\u0645 \u0641\u064a \u0628\u0646\u0627\u0621 \u0627\u0644\u0631\u0624\u0649 \u0648\u0627\u0644\u0645\u0639\u0627\u0631\u0641 \u0628\u0645\u0627 \u064a\u0633\u0627\u0639\u062f \u0627\u0644\u0633\u0648\u0631\u064a\u064a\u0646 \u0639\u0644\u0649 \u0625\u0646\u0636\u0627\u062c \u062d\u0644\u0648\u0644 \u0639\u0645\u0644\u064a\u0629 \u0644\u0645\u0648\u0627\u062c\u0647\u0629 \u0627\u0644\u062a\u062d\u062f\u064a\u0627\u062a \u0627\u0644\u0648\u0637\u0646\u064a\u0629 \u0627\u0644\u0645\u0634\u062a\u0631\u0643\u0629 \u0648\u062a\u062d\u0642\u064a\u0642 \u0627\u0644\u062a\u0646\u0645\u064a\u0629 \u0627\u0644\u0645\u0633\u062a\u062f\u0627\u0645\u0629\",\"sameAs\":[\"http:\/\/sydialogue.org\/\",\"Syrian Dialogue Center\"],\"url\":\"#molongui-disabled-link\"}]}<\/script>\n<!-- \/ Yoast SEO plugin. -->","yoast_head_json":{"title":"Ara\u015ft\u0131rma Makalesi \"Covid-19 S\u00fcrecinde Uzaktan E\u011fitim, T\u00fcrkiye'deki Suriyeli \u00d6\u011frenciler \u0130\u00e7in F\u0131rsatlar ve Engeller\" - Suriye Diyalog Merkezi","description":"Bu \u00e7al\u0131\u015fmada, Covid-19 salg\u0131n\u0131 sonucunda e\u011fitim s\u00fcrecinin k\u0131smen kesintiye u\u011framas\u0131n\u0131n etkisini incelemek ve uzaktan e\u011fitim s\u00fcrecine nas\u0131l ge\u00e7ilece\u011fini ve T\u00fcrk okullar\u0131ndaki Suriyeli \u00f6\u011frenciler \u00fczerindeki etkilerini incelemek amac\u0131yla,\u00a0 ebeveynlerin izlenimlerini ve \u00f6\u011frencilerin uzaktan e\u011fitim s\u00fcrecine tepkilerini ve bundan ne \u00f6l\u00e7\u00fcde yararland\u0131klar\u0131n\u0131 tespit etmeye \u00e7al\u0131\u015fmaktad\u0131r.","robots":{"index":"index","follow":"follow","max-snippet":"max-snippet:-1","max-image-preview":"max-image-preview:large","max-video-preview":"max-video-preview:-1"},"canonical":"https:\/\/sydialogue.org\/tr\/arastirma-makalesi-covid-19-surecinde-uzaktan-egitim-turkiyedeki-suriyeli-ogrenciler-icin-firsatlar-ve-engeller\/","og_locale":"tr_TR","og_type":"article","og_title":"Ara\u015ft\u0131rma Makalesi \"Covid-19 S\u00fcrecinde Uzaktan E\u011fitim, T\u00fcrkiye'deki Suriyeli \u00d6\u011frenciler \u0130\u00e7in F\u0131rsatlar ve Engeller\" - Suriye Diyalog Merkezi","og_description":"Bu \u00e7al\u0131\u015fmada, Covid-19 salg\u0131n\u0131 sonucunda e\u011fitim s\u00fcrecinin k\u0131smen kesintiye u\u011framas\u0131n\u0131n etkisini incelemek ve uzaktan e\u011fitim s\u00fcrecine nas\u0131l ge\u00e7ilece\u011fini ve T\u00fcrk okullar\u0131ndaki Suriyeli \u00f6\u011frenciler \u00fczerindeki etkilerini incelemek amac\u0131yla,\u00a0 ebeveynlerin izlenimlerini ve \u00f6\u011frencilerin uzaktan e\u011fitim s\u00fcrecine tepkilerini ve bundan ne \u00f6l\u00e7\u00fcde yararland\u0131klar\u0131n\u0131 tespit etmeye \u00e7al\u0131\u015fmaktad\u0131r.","og_url":"https:\/\/sydialogue.org\/tr\/arastirma-makalesi-covid-19-surecinde-uzaktan-egitim-turkiyedeki-suriyeli-ogrenciler-icin-firsatlar-ve-engeller\/","og_site_name":"Suriye Diyalog Merkezi","article_publisher":"https:\/\/www.facebook.com\/Sydialogue","article_published_time":"2021-01-03T13:00:07+00:00","article_modified_time":"2021-01-03T14:07:08+00:00","author":"\u0645\u0631\u0643\u0632 \u0627\u0644\u062d\u0648\u0627\u0631 \u0627\u0644\u0633\u0648\u0631\u064a","twitter_card":"summary_large_image","twitter_image":"https:\/\/e8nd7pn44jx.exactdn.com\/wp-content\/uploads\/2021\/01\/Banner-tr-1.jpg?strip=all","twitter_creator":"@Sydialogue","twitter_site":"@Sydialogue","twitter_misc":{"Yazan:":"\u0645\u0631\u0643\u0632 \u0627\u0644\u062d\u0648\u0627\u0631 \u0627\u0644\u0633\u0648\u0631\u064a","Tahmini okuma s\u00fcresi":"4 dakika"},"schema":{"@context":"https:\/\/schema.org","@graph":[{"@type":"WebPage","@id":"https:\/\/sydialogue.org\/tr\/arastirma-makalesi-covid-19-surecinde-uzaktan-egitim-turkiyedeki-suriyeli-ogrenciler-icin-firsatlar-ve-engeller\/","url":"https:\/\/sydialogue.org\/tr\/arastirma-makalesi-covid-19-surecinde-uzaktan-egitim-turkiyedeki-suriyeli-ogrenciler-icin-firsatlar-ve-engeller\/","name":"Ara\u015ft\u0131rma Makalesi \"Covid-19 S\u00fcrecinde Uzaktan E\u011fitim, T\u00fcrkiye'deki Suriyeli \u00d6\u011frenciler \u0130\u00e7in F\u0131rsatlar ve Engeller\" - Suriye Diyalog Merkezi","isPartOf":{"@id":"https:\/\/sydialogue.org\/tr\/#website"},"primaryImageOfPage":{"@id":"https:\/\/sydialogue.org\/tr\/arastirma-makalesi-covid-19-surecinde-uzaktan-egitim-turkiyedeki-suriyeli-ogrenciler-icin-firsatlar-ve-engeller\/#primaryimage"},"image":{"@id":"https:\/\/sydialogue.org\/tr\/arastirma-makalesi-covid-19-surecinde-uzaktan-egitim-turkiyedeki-suriyeli-ogrenciler-icin-firsatlar-ve-engeller\/#primaryimage"},"thumbnailUrl":"https:\/\/e8nd7pn44jx.exactdn.com\/wp-content\/uploads\/2021\/01\/Banner-tr-1.jpg?strip=all","datePublished":"2021-01-03T13:00:07+00:00","dateModified":"2021-01-03T14:07:08+00:00","author":{"@id":"https:\/\/sydialogue.org\/tr\/#\/schema\/person\/34a2994f7414cbc7ce06e08267c4944d"},"description":"Bu \u00e7al\u0131\u015fmada, Covid-19 salg\u0131n\u0131 sonucunda e\u011fitim s\u00fcrecinin k\u0131smen kesintiye u\u011framas\u0131n\u0131n etkisini incelemek ve uzaktan e\u011fitim s\u00fcrecine nas\u0131l ge\u00e7ilece\u011fini ve T\u00fcrk okullar\u0131ndaki Suriyeli \u00f6\u011frenciler \u00fczerindeki etkilerini incelemek amac\u0131yla,\u00a0 ebeveynlerin izlenimlerini ve \u00f6\u011frencilerin uzaktan e\u011fitim s\u00fcrecine tepkilerini ve bundan ne \u00f6l\u00e7\u00fcde yararland\u0131klar\u0131n\u0131 tespit etmeye \u00e7al\u0131\u015fmaktad\u0131r.","breadcrumb":{"@id":"https:\/\/sydialogue.org\/tr\/arastirma-makalesi-covid-19-surecinde-uzaktan-egitim-turkiyedeki-suriyeli-ogrenciler-icin-firsatlar-ve-engeller\/#breadcrumb"},"inLanguage":"tr","potentialAction":[{"@type":"ReadAction","target":["https:\/\/sydialogue.org\/tr\/arastirma-makalesi-covid-19-surecinde-uzaktan-egitim-turkiyedeki-suriyeli-ogrenciler-icin-firsatlar-ve-engeller\/"]}]},{"@type":"ImageObject","inLanguage":"tr","@id":"https:\/\/sydialogue.org\/tr\/arastirma-makalesi-covid-19-surecinde-uzaktan-egitim-turkiyedeki-suriyeli-ogrenciler-icin-firsatlar-ve-engeller\/#primaryimage","url":"https:\/\/e8nd7pn44jx.exactdn.com\/wp-content\/uploads\/2021\/01\/Banner-tr-1.jpg?strip=all","contentUrl":"https:\/\/e8nd7pn44jx.exactdn.com\/wp-content\/uploads\/2021\/01\/Banner-tr-1.jpg?strip=all","width":2462,"height":1236},{"@type":"BreadcrumbList","@id":"https:\/\/sydialogue.org\/tr\/arastirma-makalesi-covid-19-surecinde-uzaktan-egitim-turkiyedeki-suriyeli-ogrenciler-icin-firsatlar-ve-engeller\/#breadcrumb","itemListElement":[{"@type":"ListItem","position":1,"name":"\u0627\u0644\u0631\u0626\u064a\u0633\u064a\u0629","item":"https:\/\/sydialogue.org\/tr\/"},{"@type":"ListItem","position":2,"name":"Ara\u015ft\u0131rma Makalesi &#8220;Covid-19 S\u00fcrecinde Uzaktan E\u011fitim, T\u00fcrkiye&#8217;deki Suriyeli \u00d6\u011frenciler \u0130\u00e7in F\u0131rsatlar ve Engeller&#8221;"}]},{"@type":"WebSite","@id":"https:\/\/sydialogue.org\/tr\/#website","url":"https:\/\/sydialogue.org\/tr\/","name":"\u0645\u0631\u0643\u0632 \u0627\u0644\u062d\u0648\u0627\u0631 \u0627\u0644\u0633\u0648\u0631\u064a","description":"Suriyeli bir sivil kurum, Suriye halk\u0131n\u0131 ilgilendiren konularda diyalo\u011fu canland\u0131rmay\u0131 ve harekete ge\u00e7irmeyi hedefliyor ve Suriyeliler aras\u0131nda ili\u015fkileri g\u00fc\u00e7lendirmeye ve i\u015fbirli\u011fi ve koordinasyonu harekete ge\u00e7irmeye \u00e7al\u0131\u015f\u0131yor.","potentialAction":[{"@type":"SearchAction","target":{"@type":"EntryPoint","urlTemplate":"https:\/\/sydialogue.org\/tr\/?s={search_term_string}"},"query-input":{"@type":"PropertyValueSpecification","valueRequired":true,"valueName":"search_term_string"}}],"inLanguage":"tr"},{"@type":"Person","@id":"https:\/\/sydialogue.org\/tr\/#\/schema\/person\/34a2994f7414cbc7ce06e08267c4944d","name":"\u0645\u0631\u0643\u0632 \u0627\u0644\u062d\u0648\u0627\u0631 \u0627\u0644\u0633\u0648\u0631\u064a","image":{"@type":"ImageObject","inLanguage":"tr","@id":"https:\/\/sydialogue.org\/tr\/#\/schema\/person\/image\/","url":"https:\/\/sydialogue.org\/wp-content\/uploads\/2023\/09\/\u0644\u0648\u063a\u0648-\u062e\u0644\u0641\u064a\u0629-\u0634\u0641\u0627\u0641\u0629-1.png","contentUrl":"https:\/\/sydialogue.org\/wp-content\/uploads\/2023\/09\/\u0644\u0648\u063a\u0648-\u062e\u0644\u0641\u064a\u0629-\u0634\u0641\u0627\u0641\u0629-1.png","caption":"\u0645\u0631\u0643\u0632 \u0627\u0644\u062d\u0648\u0627\u0631 \u0627\u0644\u0633\u0648\u0631\u064a"},"description":"\u0645\u0624\u0633\u0633\u0629 \u0628\u062d\u062b\u064a\u0629 \u0633\u0648\u0631\u064a\u0629 \u062a\u0633\u0639\u0649 \u0625\u0644\u0649 \u0627\u0644\u0625\u0633\u0647\u0627\u0645 \u0641\u064a \u0628\u0646\u0627\u0621 \u0627\u0644\u0631\u0624\u0649 \u0648\u0627\u0644\u0645\u0639\u0627\u0631\u0641 \u0628\u0645\u0627 \u064a\u0633\u0627\u0639\u062f \u0627\u0644\u0633\u0648\u0631\u064a\u064a\u0646 \u0639\u0644\u0649 \u0625\u0646\u0636\u0627\u062c \u062d\u0644\u0648\u0644 \u0639\u0645\u0644\u064a\u0629 \u0644\u0645\u0648\u0627\u062c\u0647\u0629 \u0627\u0644\u062a\u062d\u062f\u064a\u0627\u062a \u0627\u0644\u0648\u0637\u0646\u064a\u0629 \u0627\u0644\u0645\u0634\u062a\u0631\u0643\u0629 \u0648\u062a\u062d\u0642\u064a\u0642 \u0627\u0644\u062a\u0646\u0645\u064a\u0629 \u0627\u0644\u0645\u0633\u062a\u062f\u0627\u0645\u0629","sameAs":["http:\/\/sydialogue.org\/","Syrian Dialogue Center"],"url":"#molongui-disabled-link"}]}},"_links":{"self":[{"href":"https:\/\/sydialogue.org\/tr\/wp-json\/wp\/v2\/posts\/4191","targetHints":{"allow":["GET"]}}],"collection":[{"href":"https:\/\/sydialogue.org\/tr\/wp-json\/wp\/v2\/posts"}],"about":[{"href":"https:\/\/sydialogue.org\/tr\/wp-json\/wp\/v2\/types\/post"}],"author":[{"embeddable":true,"href":"https:\/\/sydialogue.org\/tr\/wp-json\/wp\/v2\/users\/1"}],"replies":[{"embeddable":true,"href":"https:\/\/sydialogue.org\/tr\/wp-json\/wp\/v2\/comments?post=4191"}],"version-history":[{"count":6,"href":"https:\/\/sydialogue.org\/tr\/wp-json\/wp\/v2\/posts\/4191\/revisions"}],"predecessor-version":[{"id":4218,"href":"https:\/\/sydialogue.org\/tr\/wp-json\/wp\/v2\/posts\/4191\/revisions\/4218"}],"wp:featuredmedia":[{"embeddable":true,"href":"https:\/\/sydialogue.org\/tr\/wp-json\/wp\/v2\/media\/4202"}],"wp:attachment":[{"href":"https:\/\/sydialogue.org\/tr\/wp-json\/wp\/v2\/media?parent=4191"}],"wp:term":[{"taxonomy":"category","embeddable":true,"href":"https:\/\/sydialogue.org\/tr\/wp-json\/wp\/v2\/categories?post=4191"},{"taxonomy":"post_tag","embeddable":true,"href":"https:\/\/sydialogue.org\/tr\/wp-json\/wp\/v2\/tags?post=4191"}],"curies":[{"name":"wp","href":"https:\/\/api.w.org\/{rel}","templated":true}]}}