{"id":4679,"date":"2021-02-18T19:53:49","date_gmt":"2021-02-18T16:53:49","guid":{"rendered":"http:\/\/sydialogue.org\/?p=4679"},"modified":"2021-02-18T19:53:49","modified_gmt":"2021-02-18T16:53:49","slug":"seminer-medya-raporu-suriyede-siyasi-cozum-ufku-fecr-akademisi-is-birligiyle","status":"publish","type":"post","link":"https:\/\/sydialogue.org\/tr\/seminer-medya-raporu-suriyede-siyasi-cozum-ufku-fecr-akademisi-is-birligiyle\/","title":{"rendered":"Seminer Medya Raporu: \u201cSuriye&#8217;de Siyasi \u00c7\u00f6z\u00fcm Ufku\u201d (Fecr Akademisi \u0130\u015f Birli\u011fiyle)"},"content":{"rendered":"<p dir=\"ltr\">Ge\u00e7ti\u011fimiz y\u0131llarda, siyasi \u00e7\u00f6z\u00fcm yoluyla ilgili \u00e7e\u015fitli de\u011fi\u015fiklikler ve geli\u015fmeler ya\u015fand\u0131. 2015 ortas\u0131na kadar Birinci Cenevre Bildirgesi bu \u00e7\u00f6z\u00fcm\u00fcn ana referans\u0131n\u0131 olu\u015ftururken daha sonra s\u00fcre\u00e7 Birinci ve \u0130kinci Viyana Beyanlar\u0131 ve ard\u0131ndan 2254 say\u0131l\u0131 karar gibi belgeler ba\u015fta olmak \u00fczere ba\u015fka belge ve referanslarla s\u00fcregeldi. Siyasi \u00e7\u00f6z\u00fcme m\u00fcdahalelerin d\u00fczenlenmesinde bu belgelerde farkl\u0131l\u0131klar ve uyu\u015fmayan yerler g\u00f6ze \u00e7arpabiliyordu. Farkl\u0131 g\u00f6r\u00fc\u015flerin benimsendi\u011fi \u00f6rneklerden birisi &#8220;tam y\u00fcr\u00fctme yetkisine sahip ge\u00e7ici y\u00f6netim organ\u0131&#8221; d\u00fc\u015f\u00fcncesi \u00fczerine anayasa ve se\u00e7imle alakal\u0131 fikirler sunmak hususuydu.<\/p>\n<p dir=\"ltr\">Bu b\u00fcy\u00fck d\u00f6n\u00fc\u015f\u00fcmlerin \u0131\u015f\u0131\u011f\u0131nda Suriye&#8217;deki siyasi \u00e7\u00f6z\u00fcm olas\u0131l\u0131\u011f\u0131 hakk\u0131nda bir dizi soru g\u00fcndeme geliyor. En ba\u015fta merak edilen soru, devrim ve muhalefet g\u00fc\u00e7lerinin halk taban\u0131ndan gelen \u201cBuraya nas\u0131l geldik?\u201d sorusu oluyor. Sorunun cevab\u0131 mevcut siyasi ortama ve gelecekteki sonu\u00e7lar\u0131na k\u0131smen de olsa yard\u0131mc\u0131 olabilir. Bu sorunun ard\u0131ndan Bosna ve Filistin \u00fclkelerinin deneyimlerine benzer \u00f6rnekler getirilerek anayasa komitesi program\u0131, ba\u015far\u0131 ve ba\u015far\u0131s\u0131zl\u0131\u011f\u0131n\u0131 etkileyen fakt\u00f6rleri hakk\u0131nda tekrarlanan sorular geldi. Son olarak, meselenin k\u00f6keni, Suriye\u2019nin neye ihtiyac\u0131 oldu\u011fu, Suriye&#8217;nin ger\u00e7ekten bir anayasaya m\u0131 ihtiyac\u0131 var, yoksa bir toplumsal s\u00f6zle\u015fmenin kurulmas\u0131na m\u0131 gereksinim duydu\u011fu hakk\u0131nda sorular soruldu.<\/p>\n<p dir=\"ltr\">Bu sorulara cevap aramak amac\u0131yla Suriye Diyalog Merkezi, Fecr Akademisi ile 20 Aral\u0131k 2020 (5 Cemaziy\u00fclevvel 1442) tarihinde \u201cSuriye&#8217;de Siyasi \u00c7\u00f6z\u00fcm Ufku\u201d ba\u015fl\u0131\u011f\u0131yla Akademi\u2019nin 40 \u00f6\u011frencisinin kat\u0131ld\u0131\u011f\u0131 bir seminer d\u00fczenledi.<\/p>\n<p dir=\"ltr\">Seminer, Dr. Ahmed Kurbi taraf\u0131ndan yap\u0131lan bir sunum g\u00f6sterisiyle ba\u015flad\u0131. Dr. Kurbi, sunum yoluyla Suriye\u2019nin siyasi \u00e7\u00f6z\u00fcm\u00fcn\u00fcn ge\u00e7irdi\u011fi evreleri ve de\u011fi\u015fimleri aktard\u0131. Bundan sonra Filistin ve Bosna gibi \u00fclkelerin durumunun Suriye durumuyla benzerliklerini ve bu \u00fclkelerin durumlar\u0131ndan nas\u0131l istifade edilebilece\u011fini tart\u0131\u015ft\u0131. Daha sonra toplumsal s\u00f6zle\u015fme ile anayasa ve Suriye\u2019nin bug\u00fcnk\u00fc durumuna ili\u015fkin ihtiya\u00e7lar\u0131n\u0131n ger\u00e7e\u011fi aras\u0131ndaki ili\u015fkiye dair bir sunum yapt\u0131. Sunumu misafirlerin, bug\u00fcnk\u00fc Suriye g\u00fc\u00e7leri ve akt\u00f6rlerinin mevcut ad\u0131mlar\u0131n\u0131 ve se\u00e7eneklerini tart\u0131\u015ft\u0131\u011f\u0131 baz\u0131 katk\u0131lar\u0131 izledi.<\/p>\n","protected":false},"excerpt":{"rendered":"<p>Suriye siyasi \u00e7\u00f6z\u00fcm ufku s\u00fcrecinin ge\u00e7irdi\u011fi b\u00fcy\u00fck d\u00f6n\u00fc\u015f\u00fcmleri ve hakk\u0131ndaki sorular\u0131 ara\u015ft\u0131rmak amac\u0131yla Suriye Diyalog Merkezi, Fecr Akademisi\u2019yle beraber \u201cSuriye&#8217;de Siyasi \u00c7\u00f6z\u00fcm Ufku\u201d ba\u015fl\u0131kl\u0131 bir seminer d\u00fczenledi.<\/p>\n","protected":false},"author":1,"featured_media":4680,"comment_status":"open","ping_status":"closed","sticky":false,"template":"","format":"standard","meta":{"_acf_changed":false,"footnotes":""},"categories":[50,83],"tags":[],"class_list":["post-4679","post","type-post","status-publish","format-standard","has-post-thumbnail","hentry","category-etkinlikler","category-dialogue-seminars-tr"],"acf":[],"yoast_head":"<!-- This site is optimized with the Yoast SEO plugin v26.0 - https:\/\/yoast.com\/wordpress\/plugins\/seo\/ -->\n<title>Seminer Medya Raporu: \u201cSuriye&#039;de Siyasi \u00c7\u00f6z\u00fcm Ufku\u201d (Fecr Akademisi \u0130\u015f Birli\u011fiyle) - Suriye Diyalog Merkezi<\/title>\n<meta name=\"description\" content=\"Suriye siyasi \u00e7\u00f6z\u00fcm ufku s\u00fcrecinin ge\u00e7irdi\u011fi b\u00fcy\u00fck d\u00f6n\u00fc\u015f\u00fcmleri ve hakk\u0131ndaki sorular\u0131 ara\u015ft\u0131rmak amac\u0131yla Suriye Diyalog Merkezi, Fecr Akademisi\u2019yle beraber \u201cSuriye&#039;de Siyasi \u00c7\u00f6z\u00fcm Ufku\u201d ba\u015fl\u0131kl\u0131 bir seminer d\u00fczenledi.\" \/>\n<meta name=\"robots\" content=\"index, follow, max-snippet:-1, max-image-preview:large, max-video-preview:-1\" \/>\n<link rel=\"canonical\" href=\"https:\/\/sydialogue.org\/tr\/seminer-medya-raporu-suriyede-siyasi-cozum-ufku-fecr-akademisi-is-birligiyle\/\" \/>\n<meta property=\"og:locale\" content=\"tr_TR\" \/>\n<meta property=\"og:type\" content=\"article\" \/>\n<meta property=\"og:title\" content=\"Seminer Medya Raporu: \u201cSuriye&#039;de Siyasi \u00c7\u00f6z\u00fcm Ufku\u201d (Fecr Akademisi \u0130\u015f Birli\u011fiyle) - Suriye Diyalog Merkezi\" \/>\n<meta property=\"og:description\" content=\"Suriye siyasi \u00e7\u00f6z\u00fcm ufku s\u00fcrecinin ge\u00e7irdi\u011fi b\u00fcy\u00fck d\u00f6n\u00fc\u015f\u00fcmleri ve hakk\u0131ndaki sorular\u0131 ara\u015ft\u0131rmak amac\u0131yla Suriye Diyalog Merkezi, Fecr Akademisi\u2019yle beraber \u201cSuriye&#039;de Siyasi \u00c7\u00f6z\u00fcm Ufku\u201d ba\u015fl\u0131kl\u0131 bir seminer d\u00fczenledi.\" \/>\n<meta property=\"og:url\" content=\"https:\/\/sydialogue.org\/tr\/seminer-medya-raporu-suriyede-siyasi-cozum-ufku-fecr-akademisi-is-birligiyle\/\" \/>\n<meta property=\"og:site_name\" content=\"Suriye Diyalog Merkezi\" \/>\n<meta property=\"article:publisher\" content=\"https:\/\/www.facebook.com\/Sydialogue\" \/>\n<meta property=\"article:published_time\" content=\"2021-02-18T16:53:49+00:00\" \/>\n<meta property=\"og:image\" content=\"https:\/\/sydialogue.org\/wp-content\/uploads\/2021\/02\/77TTT.jpg\" \/>\n\t<meta property=\"og:image:width\" content=\"2308\" \/>\n\t<meta property=\"og:image:height\" content=\"1159\" \/>\n\t<meta property=\"og:image:type\" content=\"image\/jpeg\" \/>\n<meta name=\"author\" content=\"\u0645\u0631\u0643\u0632 \u0627\u0644\u062d\u0648\u0627\u0631 \u0627\u0644\u0633\u0648\u0631\u064a\" \/>\n<meta name=\"twitter:card\" content=\"summary_large_image\" \/>\n<meta name=\"twitter:creator\" content=\"@Sydialogue\" \/>\n<meta name=\"twitter:site\" content=\"@Sydialogue\" \/>\n<meta name=\"twitter:label1\" content=\"Yazan:\" \/>\n\t<meta name=\"twitter:data1\" content=\"\u0645\u0631\u0643\u0632 \u0627\u0644\u062d\u0648\u0627\u0631 \u0627\u0644\u0633\u0648\u0631\u064a\" \/>\n\t<meta name=\"twitter:label2\" content=\"Tahmini okuma s\u00fcresi\" \/>\n\t<meta name=\"twitter:data2\" content=\"2 dakika\" \/>\n<script type=\"application\/ld+json\" class=\"yoast-schema-graph\">{\"@context\":\"https:\/\/schema.org\",\"@graph\":[{\"@type\":\"WebPage\",\"@id\":\"https:\/\/sydialogue.org\/tr\/seminer-medya-raporu-suriyede-siyasi-cozum-ufku-fecr-akademisi-is-birligiyle\/\",\"url\":\"https:\/\/sydialogue.org\/tr\/seminer-medya-raporu-suriyede-siyasi-cozum-ufku-fecr-akademisi-is-birligiyle\/\",\"name\":\"Seminer Medya Raporu: \u201cSuriye'de Siyasi \u00c7\u00f6z\u00fcm Ufku\u201d (Fecr Akademisi \u0130\u015f Birli\u011fiyle) - Suriye Diyalog Merkezi\",\"isPartOf\":{\"@id\":\"https:\/\/sydialogue.org\/tr\/#website\"},\"primaryImageOfPage\":{\"@id\":\"https:\/\/sydialogue.org\/tr\/seminer-medya-raporu-suriyede-siyasi-cozum-ufku-fecr-akademisi-is-birligiyle\/#primaryimage\"},\"image\":{\"@id\":\"https:\/\/sydialogue.org\/tr\/seminer-medya-raporu-suriyede-siyasi-cozum-ufku-fecr-akademisi-is-birligiyle\/#primaryimage\"},\"thumbnailUrl\":\"https:\/\/e8nd7pn44jx.exactdn.com\/wp-content\/uploads\/2021\/02\/77TTT.jpg?strip=all\",\"datePublished\":\"2021-02-18T16:53:49+00:00\",\"author\":{\"@id\":\"https:\/\/sydialogue.org\/tr\/#\/schema\/person\/34a2994f7414cbc7ce06e08267c4944d\"},\"description\":\"Suriye siyasi \u00e7\u00f6z\u00fcm ufku s\u00fcrecinin ge\u00e7irdi\u011fi b\u00fcy\u00fck d\u00f6n\u00fc\u015f\u00fcmleri ve hakk\u0131ndaki sorular\u0131 ara\u015ft\u0131rmak amac\u0131yla Suriye Diyalog Merkezi, Fecr Akademisi\u2019yle beraber \u201cSuriye'de Siyasi \u00c7\u00f6z\u00fcm Ufku\u201d ba\u015fl\u0131kl\u0131 bir seminer d\u00fczenledi.\",\"breadcrumb\":{\"@id\":\"https:\/\/sydialogue.org\/tr\/seminer-medya-raporu-suriyede-siyasi-cozum-ufku-fecr-akademisi-is-birligiyle\/#breadcrumb\"},\"inLanguage\":\"tr\",\"potentialAction\":[{\"@type\":\"ReadAction\",\"target\":[\"https:\/\/sydialogue.org\/tr\/seminer-medya-raporu-suriyede-siyasi-cozum-ufku-fecr-akademisi-is-birligiyle\/\"]}]},{\"@type\":\"ImageObject\",\"inLanguage\":\"tr\",\"@id\":\"https:\/\/sydialogue.org\/tr\/seminer-medya-raporu-suriyede-siyasi-cozum-ufku-fecr-akademisi-is-birligiyle\/#primaryimage\",\"url\":\"https:\/\/e8nd7pn44jx.exactdn.com\/wp-content\/uploads\/2021\/02\/77TTT.jpg?strip=all\",\"contentUrl\":\"https:\/\/e8nd7pn44jx.exactdn.com\/wp-content\/uploads\/2021\/02\/77TTT.jpg?strip=all\",\"width\":2308,\"height\":1159},{\"@type\":\"BreadcrumbList\",\"@id\":\"https:\/\/sydialogue.org\/tr\/seminer-medya-raporu-suriyede-siyasi-cozum-ufku-fecr-akademisi-is-birligiyle\/#breadcrumb\",\"itemListElement\":[{\"@type\":\"ListItem\",\"position\":1,\"name\":\"\u0627\u0644\u0631\u0626\u064a\u0633\u064a\u0629\",\"item\":\"https:\/\/sydialogue.org\/tr\/\"},{\"@type\":\"ListItem\",\"position\":2,\"name\":\"Seminer Medya Raporu: \u201cSuriye&#8217;de Siyasi \u00c7\u00f6z\u00fcm Ufku\u201d (Fecr Akademisi \u0130\u015f Birli\u011fiyle)\"}]},{\"@type\":\"WebSite\",\"@id\":\"https:\/\/sydialogue.org\/tr\/#website\",\"url\":\"https:\/\/sydialogue.org\/tr\/\",\"name\":\"\u0645\u0631\u0643\u0632 \u0627\u0644\u062d\u0648\u0627\u0631 \u0627\u0644\u0633\u0648\u0631\u064a\",\"description\":\"Suriyeli bir sivil kurum, Suriye halk\u0131n\u0131 ilgilendiren konularda diyalo\u011fu canland\u0131rmay\u0131 ve harekete ge\u00e7irmeyi hedefliyor ve Suriyeliler aras\u0131nda ili\u015fkileri g\u00fc\u00e7lendirmeye ve i\u015fbirli\u011fi ve koordinasyonu harekete ge\u00e7irmeye \u00e7al\u0131\u015f\u0131yor.\",\"potentialAction\":[{\"@type\":\"SearchAction\",\"target\":{\"@type\":\"EntryPoint\",\"urlTemplate\":\"https:\/\/sydialogue.org\/tr\/?s={search_term_string}\"},\"query-input\":{\"@type\":\"PropertyValueSpecification\",\"valueRequired\":true,\"valueName\":\"search_term_string\"}}],\"inLanguage\":\"tr\"},{\"@type\":\"Person\",\"@id\":\"https:\/\/sydialogue.org\/tr\/#\/schema\/person\/34a2994f7414cbc7ce06e08267c4944d\",\"name\":\"\u0645\u0631\u0643\u0632 \u0627\u0644\u062d\u0648\u0627\u0631 \u0627\u0644\u0633\u0648\u0631\u064a\",\"image\":{\"@type\":\"ImageObject\",\"inLanguage\":\"tr\",\"@id\":\"https:\/\/sydialogue.org\/tr\/#\/schema\/person\/image\/\",\"url\":\"https:\/\/sydialogue.org\/wp-content\/uploads\/2023\/09\/\u0644\u0648\u063a\u0648-\u062e\u0644\u0641\u064a\u0629-\u0634\u0641\u0627\u0641\u0629-1.png\",\"contentUrl\":\"https:\/\/sydialogue.org\/wp-content\/uploads\/2023\/09\/\u0644\u0648\u063a\u0648-\u062e\u0644\u0641\u064a\u0629-\u0634\u0641\u0627\u0641\u0629-1.png\",\"caption\":\"\u0645\u0631\u0643\u0632 \u0627\u0644\u062d\u0648\u0627\u0631 \u0627\u0644\u0633\u0648\u0631\u064a\"},\"description\":\"\u0645\u0624\u0633\u0633\u0629 \u0628\u062d\u062b\u064a\u0629 \u0633\u0648\u0631\u064a\u0629 \u062a\u0633\u0639\u0649 \u0625\u0644\u0649 \u0627\u0644\u0625\u0633\u0647\u0627\u0645 \u0641\u064a \u0628\u0646\u0627\u0621 \u0627\u0644\u0631\u0624\u0649 \u0648\u0627\u0644\u0645\u0639\u0627\u0631\u0641 \u0628\u0645\u0627 \u064a\u0633\u0627\u0639\u062f \u0627\u0644\u0633\u0648\u0631\u064a\u064a\u0646 \u0639\u0644\u0649 \u0625\u0646\u0636\u0627\u062c \u062d\u0644\u0648\u0644 \u0639\u0645\u0644\u064a\u0629 \u0644\u0645\u0648\u0627\u062c\u0647\u0629 \u0627\u0644\u062a\u062d\u062f\u064a\u0627\u062a \u0627\u0644\u0648\u0637\u0646\u064a\u0629 \u0627\u0644\u0645\u0634\u062a\u0631\u0643\u0629 \u0648\u062a\u062d\u0642\u064a\u0642 \u0627\u0644\u062a\u0646\u0645\u064a\u0629 \u0627\u0644\u0645\u0633\u062a\u062f\u0627\u0645\u0629\",\"sameAs\":[\"http:\/\/sydialogue.org\/\",\"Syrian Dialogue Center\"],\"url\":\"#molongui-disabled-link\"}]}<\/script>\n<!-- \/ Yoast SEO plugin. -->","yoast_head_json":{"title":"Seminer Medya Raporu: \u201cSuriye'de Siyasi \u00c7\u00f6z\u00fcm Ufku\u201d (Fecr Akademisi \u0130\u015f Birli\u011fiyle) - Suriye Diyalog Merkezi","description":"Suriye siyasi \u00e7\u00f6z\u00fcm ufku s\u00fcrecinin ge\u00e7irdi\u011fi b\u00fcy\u00fck d\u00f6n\u00fc\u015f\u00fcmleri ve hakk\u0131ndaki sorular\u0131 ara\u015ft\u0131rmak amac\u0131yla Suriye Diyalog Merkezi, Fecr Akademisi\u2019yle beraber \u201cSuriye'de Siyasi \u00c7\u00f6z\u00fcm Ufku\u201d ba\u015fl\u0131kl\u0131 bir seminer d\u00fczenledi.","robots":{"index":"index","follow":"follow","max-snippet":"max-snippet:-1","max-image-preview":"max-image-preview:large","max-video-preview":"max-video-preview:-1"},"canonical":"https:\/\/sydialogue.org\/tr\/seminer-medya-raporu-suriyede-siyasi-cozum-ufku-fecr-akademisi-is-birligiyle\/","og_locale":"tr_TR","og_type":"article","og_title":"Seminer Medya Raporu: \u201cSuriye'de Siyasi \u00c7\u00f6z\u00fcm Ufku\u201d (Fecr Akademisi \u0130\u015f Birli\u011fiyle) - Suriye Diyalog Merkezi","og_description":"Suriye siyasi \u00e7\u00f6z\u00fcm ufku s\u00fcrecinin ge\u00e7irdi\u011fi b\u00fcy\u00fck d\u00f6n\u00fc\u015f\u00fcmleri ve hakk\u0131ndaki sorular\u0131 ara\u015ft\u0131rmak amac\u0131yla Suriye Diyalog Merkezi, Fecr Akademisi\u2019yle beraber \u201cSuriye'de Siyasi \u00c7\u00f6z\u00fcm Ufku\u201d ba\u015fl\u0131kl\u0131 bir seminer d\u00fczenledi.","og_url":"https:\/\/sydialogue.org\/tr\/seminer-medya-raporu-suriyede-siyasi-cozum-ufku-fecr-akademisi-is-birligiyle\/","og_site_name":"Suriye Diyalog Merkezi","article_publisher":"https:\/\/www.facebook.com\/Sydialogue","article_published_time":"2021-02-18T16:53:49+00:00","og_image":[{"width":2308,"height":1159,"url":"https:\/\/sydialogue.org\/wp-content\/uploads\/2021\/02\/77TTT.jpg","type":"image\/jpeg"}],"author":"\u0645\u0631\u0643\u0632 \u0627\u0644\u062d\u0648\u0627\u0631 \u0627\u0644\u0633\u0648\u0631\u064a","twitter_card":"summary_large_image","twitter_creator":"@Sydialogue","twitter_site":"@Sydialogue","twitter_misc":{"Yazan:":"\u0645\u0631\u0643\u0632 \u0627\u0644\u062d\u0648\u0627\u0631 \u0627\u0644\u0633\u0648\u0631\u064a","Tahmini okuma s\u00fcresi":"2 dakika"},"schema":{"@context":"https:\/\/schema.org","@graph":[{"@type":"WebPage","@id":"https:\/\/sydialogue.org\/tr\/seminer-medya-raporu-suriyede-siyasi-cozum-ufku-fecr-akademisi-is-birligiyle\/","url":"https:\/\/sydialogue.org\/tr\/seminer-medya-raporu-suriyede-siyasi-cozum-ufku-fecr-akademisi-is-birligiyle\/","name":"Seminer Medya Raporu: \u201cSuriye'de Siyasi \u00c7\u00f6z\u00fcm Ufku\u201d (Fecr Akademisi \u0130\u015f Birli\u011fiyle) - Suriye Diyalog Merkezi","isPartOf":{"@id":"https:\/\/sydialogue.org\/tr\/#website"},"primaryImageOfPage":{"@id":"https:\/\/sydialogue.org\/tr\/seminer-medya-raporu-suriyede-siyasi-cozum-ufku-fecr-akademisi-is-birligiyle\/#primaryimage"},"image":{"@id":"https:\/\/sydialogue.org\/tr\/seminer-medya-raporu-suriyede-siyasi-cozum-ufku-fecr-akademisi-is-birligiyle\/#primaryimage"},"thumbnailUrl":"https:\/\/e8nd7pn44jx.exactdn.com\/wp-content\/uploads\/2021\/02\/77TTT.jpg?strip=all","datePublished":"2021-02-18T16:53:49+00:00","author":{"@id":"https:\/\/sydialogue.org\/tr\/#\/schema\/person\/34a2994f7414cbc7ce06e08267c4944d"},"description":"Suriye siyasi \u00e7\u00f6z\u00fcm ufku s\u00fcrecinin ge\u00e7irdi\u011fi b\u00fcy\u00fck d\u00f6n\u00fc\u015f\u00fcmleri ve hakk\u0131ndaki sorular\u0131 ara\u015ft\u0131rmak amac\u0131yla Suriye Diyalog Merkezi, Fecr Akademisi\u2019yle beraber \u201cSuriye'de Siyasi \u00c7\u00f6z\u00fcm Ufku\u201d ba\u015fl\u0131kl\u0131 bir seminer d\u00fczenledi.","breadcrumb":{"@id":"https:\/\/sydialogue.org\/tr\/seminer-medya-raporu-suriyede-siyasi-cozum-ufku-fecr-akademisi-is-birligiyle\/#breadcrumb"},"inLanguage":"tr","potentialAction":[{"@type":"ReadAction","target":["https:\/\/sydialogue.org\/tr\/seminer-medya-raporu-suriyede-siyasi-cozum-ufku-fecr-akademisi-is-birligiyle\/"]}]},{"@type":"ImageObject","inLanguage":"tr","@id":"https:\/\/sydialogue.org\/tr\/seminer-medya-raporu-suriyede-siyasi-cozum-ufku-fecr-akademisi-is-birligiyle\/#primaryimage","url":"https:\/\/e8nd7pn44jx.exactdn.com\/wp-content\/uploads\/2021\/02\/77TTT.jpg?strip=all","contentUrl":"https:\/\/e8nd7pn44jx.exactdn.com\/wp-content\/uploads\/2021\/02\/77TTT.jpg?strip=all","width":2308,"height":1159},{"@type":"BreadcrumbList","@id":"https:\/\/sydialogue.org\/tr\/seminer-medya-raporu-suriyede-siyasi-cozum-ufku-fecr-akademisi-is-birligiyle\/#breadcrumb","itemListElement":[{"@type":"ListItem","position":1,"name":"\u0627\u0644\u0631\u0626\u064a\u0633\u064a\u0629","item":"https:\/\/sydialogue.org\/tr\/"},{"@type":"ListItem","position":2,"name":"Seminer Medya Raporu: \u201cSuriye&#8217;de Siyasi \u00c7\u00f6z\u00fcm Ufku\u201d (Fecr Akademisi \u0130\u015f Birli\u011fiyle)"}]},{"@type":"WebSite","@id":"https:\/\/sydialogue.org\/tr\/#website","url":"https:\/\/sydialogue.org\/tr\/","name":"\u0645\u0631\u0643\u0632 \u0627\u0644\u062d\u0648\u0627\u0631 \u0627\u0644\u0633\u0648\u0631\u064a","description":"Suriyeli bir sivil kurum, Suriye halk\u0131n\u0131 ilgilendiren konularda diyalo\u011fu canland\u0131rmay\u0131 ve harekete ge\u00e7irmeyi hedefliyor ve Suriyeliler aras\u0131nda ili\u015fkileri g\u00fc\u00e7lendirmeye ve i\u015fbirli\u011fi ve koordinasyonu harekete ge\u00e7irmeye \u00e7al\u0131\u015f\u0131yor.","potentialAction":[{"@type":"SearchAction","target":{"@type":"EntryPoint","urlTemplate":"https:\/\/sydialogue.org\/tr\/?s={search_term_string}"},"query-input":{"@type":"PropertyValueSpecification","valueRequired":true,"valueName":"search_term_string"}}],"inLanguage":"tr"},{"@type":"Person","@id":"https:\/\/sydialogue.org\/tr\/#\/schema\/person\/34a2994f7414cbc7ce06e08267c4944d","name":"\u0645\u0631\u0643\u0632 \u0627\u0644\u062d\u0648\u0627\u0631 \u0627\u0644\u0633\u0648\u0631\u064a","image":{"@type":"ImageObject","inLanguage":"tr","@id":"https:\/\/sydialogue.org\/tr\/#\/schema\/person\/image\/","url":"https:\/\/sydialogue.org\/wp-content\/uploads\/2023\/09\/\u0644\u0648\u063a\u0648-\u062e\u0644\u0641\u064a\u0629-\u0634\u0641\u0627\u0641\u0629-1.png","contentUrl":"https:\/\/sydialogue.org\/wp-content\/uploads\/2023\/09\/\u0644\u0648\u063a\u0648-\u062e\u0644\u0641\u064a\u0629-\u0634\u0641\u0627\u0641\u0629-1.png","caption":"\u0645\u0631\u0643\u0632 \u0627\u0644\u062d\u0648\u0627\u0631 \u0627\u0644\u0633\u0648\u0631\u064a"},"description":"\u0645\u0624\u0633\u0633\u0629 \u0628\u062d\u062b\u064a\u0629 \u0633\u0648\u0631\u064a\u0629 \u062a\u0633\u0639\u0649 \u0625\u0644\u0649 \u0627\u0644\u0625\u0633\u0647\u0627\u0645 \u0641\u064a \u0628\u0646\u0627\u0621 \u0627\u0644\u0631\u0624\u0649 \u0648\u0627\u0644\u0645\u0639\u0627\u0631\u0641 \u0628\u0645\u0627 \u064a\u0633\u0627\u0639\u062f \u0627\u0644\u0633\u0648\u0631\u064a\u064a\u0646 \u0639\u0644\u0649 \u0625\u0646\u0636\u0627\u062c \u062d\u0644\u0648\u0644 \u0639\u0645\u0644\u064a\u0629 \u0644\u0645\u0648\u0627\u062c\u0647\u0629 \u0627\u0644\u062a\u062d\u062f\u064a\u0627\u062a \u0627\u0644\u0648\u0637\u0646\u064a\u0629 \u0627\u0644\u0645\u0634\u062a\u0631\u0643\u0629 \u0648\u062a\u062d\u0642\u064a\u0642 \u0627\u0644\u062a\u0646\u0645\u064a\u0629 \u0627\u0644\u0645\u0633\u062a\u062f\u0627\u0645\u0629","sameAs":["http:\/\/sydialogue.org\/","Syrian Dialogue Center"],"url":"#molongui-disabled-link"}]}},"_links":{"self":[{"href":"https:\/\/sydialogue.org\/tr\/wp-json\/wp\/v2\/posts\/4679","targetHints":{"allow":["GET"]}}],"collection":[{"href":"https:\/\/sydialogue.org\/tr\/wp-json\/wp\/v2\/posts"}],"about":[{"href":"https:\/\/sydialogue.org\/tr\/wp-json\/wp\/v2\/types\/post"}],"author":[{"embeddable":true,"href":"https:\/\/sydialogue.org\/tr\/wp-json\/wp\/v2\/users\/1"}],"replies":[{"embeddable":true,"href":"https:\/\/sydialogue.org\/tr\/wp-json\/wp\/v2\/comments?post=4679"}],"version-history":[{"count":1,"href":"https:\/\/sydialogue.org\/tr\/wp-json\/wp\/v2\/posts\/4679\/revisions"}],"predecessor-version":[{"id":4683,"href":"https:\/\/sydialogue.org\/tr\/wp-json\/wp\/v2\/posts\/4679\/revisions\/4683"}],"wp:featuredmedia":[{"embeddable":true,"href":"https:\/\/sydialogue.org\/tr\/wp-json\/wp\/v2\/media\/4680"}],"wp:attachment":[{"href":"https:\/\/sydialogue.org\/tr\/wp-json\/wp\/v2\/media?parent=4679"}],"wp:term":[{"taxonomy":"category","embeddable":true,"href":"https:\/\/sydialogue.org\/tr\/wp-json\/wp\/v2\/categories?post=4679"},{"taxonomy":"post_tag","embeddable":true,"href":"https:\/\/sydialogue.org\/tr\/wp-json\/wp\/v2\/tags?post=4679"}],"curies":[{"name":"wp","href":"https:\/\/api.w.org\/{rel}","templated":true}]}}