{"id":5393,"date":"2021-02-19T23:22:36","date_gmt":"2021-02-19T20:22:36","guid":{"rendered":"http:\/\/sydialogue.org\/?p=5393"},"modified":"2021-04-06T23:23:07","modified_gmt":"2021-04-06T20:23:07","slug":"sempozyum-medya-raporu-suriye-meselesinin-guclendirilmesinde-sivil-toplum-ve-aktivistlerin-rolu","status":"publish","type":"post","link":"https:\/\/sydialogue.org\/tr\/sempozyum-medya-raporu-suriye-meselesinin-guclendirilmesinde-sivil-toplum-ve-aktivistlerin-rolu\/","title":{"rendered":"Sempozyum Medya Raporu: \u201cSuriye Meselesinin G\u00fc\u00e7lendirilmesinde Sivil Toplum ve Aktivistlerin Rol\u00fc\u201d"},"content":{"rendered":"<p dir=\"ltr\" style=\"text-align: justify;\">Suriye devriminin hedefleri ve ilkeleri konusunda Suriye toplumunda fikir birli\u011fini geli\u015ftirme \u00e7abalar\u0131n\u0131n kapsam\u0131nda, Suriye Diyalog Merkezi \u201cSuriye Meselesinin G\u00fc\u00e7lendirilmesinde Sivil Toplum ve Aktivistlerin Rol\u00fc\u201d ba\u015fl\u0131kl\u0131 etkile\u015fimli bir sempozyum d\u00fczenledi. Sempozyum Esasat \u0130dari ve Siyasi G\u00fc\u00e7lendirme Kul\u00fcb\u00fc i\u015f birli\u011fiyle 19 \u015eubat 2021 (7 Recep 1442) tarihinde ger\u00e7ekle\u015fti.<\/p>\n<p dir=\"ltr\" style=\"text-align: justify;\">Etkinlik, siyasi e\u011fitim ve Suriye devrimiyle ilgili baz\u0131 konularda fark\u0131ndal\u0131k olu\u015fturmak, olumlu ve olumsuz yanlar\u0131n \u00fczerinde durmak ve kazan\u00e7lar\u0131n nas\u0131l korunup kay\u0131plar\u0131n nas\u0131l azalt\u0131laca\u011f\u0131n\u0131 \u00f6\u011frenmek amac\u0131yla birka\u00e7 gen\u00e7 aktivisti a\u011f\u0131rlad\u0131.<\/p>\n<p dir=\"ltr\" style=\"text-align: justify;\">Sempozyumda Filistin meselesine de\u011finmenin yan\u0131 s\u0131ra konu ve sorun kavramlar\u0131 ve aralar\u0131ndaki farklar tart\u0131\u015f\u0131ld\u0131. Ard\u0131ndan Suriye&#8217;nin mevcut durumuna ve devrimin nedenlerinin de\u011fi\u015fip de\u011fi\u015fmedi\u011fini ve devrimin beklentilerinin azal\u0131p azalmad\u0131\u011f\u0131n\u0131 \u00f6\u011frenmeye odaklan\u0131ld\u0131.<\/p>\n<p dir=\"ltr\" style=\"text-align: justify;\">Sempozyuma kat\u0131lanlar devrim ve devrimin durumu hakk\u0131nda ve davran\u0131\u015flarda etkili olacak \u015fekilde devrimin ilkelerini k\u00f6kle\u015ftirmek i\u00e7in nas\u0131l hareket edilece\u011fi hakk\u0131nda sorular sorup birka\u00e7 \u00f6neride de bulundu.<\/p>\n","protected":false},"excerpt":{"rendered":"<p>Suriye devriminin hedefleri ve ilkeleri konusunda Suriye toplumunda fikir birli\u011fini geli\u015ftirme \u00e7abalar\u0131n\u0131n kapsam\u0131nda, Suriye Diyalog Merkezi, siyasi e\u011fitim ve kazan\u00e7lar\u0131n nas\u0131l korunup kay\u0131plar\u0131n nas\u0131l azalt\u0131laca\u011f\u0131n\u0131 tart\u0131\u015fmak amac\u0131yla bir sempozyum d\u00fczenledi.<\/p>\n","protected":false},"author":1,"featured_media":5394,"comment_status":"open","ping_status":"closed","sticky":false,"template":"","format":"standard","meta":{"_acf_changed":false,"footnotes":""},"categories":[50,83],"tags":[],"class_list":["post-5393","post","type-post","status-publish","format-standard","has-post-thumbnail","hentry","category-etkinlikler","category-dialogue-seminars-tr"],"acf":[],"yoast_head":"<!-- This site is optimized with the Yoast SEO plugin v26.0 - https:\/\/yoast.com\/wordpress\/plugins\/seo\/ -->\n<title>Sempozyum Medya Raporu: \u201cSuriye Meselesinin G\u00fc\u00e7lendirilmesinde Sivil Toplum ve Aktivistlerin Rol\u00fc\u201d - Suriye Diyalog Merkezi<\/title>\n<meta name=\"description\" content=\"Suriye devriminin hedefleri ve ilkeleri konusunda Suriye toplumunda fikir birli\u011fini geli\u015ftirme \u00e7abalar\u0131n\u0131n kapsam\u0131nda, Suriye Diyalog Merkezi, siyasi e\u011fitim ve kazan\u00e7lar\u0131n nas\u0131l korunup kay\u0131plar\u0131n nas\u0131l azalt\u0131laca\u011f\u0131n\u0131 tart\u0131\u015fmak amac\u0131yla bir sempozyum d\u00fczenledi.\" \/>\n<meta name=\"robots\" content=\"index, follow, max-snippet:-1, max-image-preview:large, max-video-preview:-1\" \/>\n<link rel=\"canonical\" href=\"https:\/\/sydialogue.org\/tr\/sempozyum-medya-raporu-suriye-meselesinin-guclendirilmesinde-sivil-toplum-ve-aktivistlerin-rolu\/\" \/>\n<meta property=\"og:locale\" content=\"tr_TR\" \/>\n<meta property=\"og:type\" content=\"article\" \/>\n<meta property=\"og:title\" content=\"Sempozyum Medya Raporu: \u201cSuriye Meselesinin G\u00fc\u00e7lendirilmesinde Sivil Toplum ve Aktivistlerin Rol\u00fc\u201d - Suriye Diyalog Merkezi\" \/>\n<meta property=\"og:description\" content=\"Suriye devriminin hedefleri ve ilkeleri konusunda Suriye toplumunda fikir birli\u011fini geli\u015ftirme \u00e7abalar\u0131n\u0131n kapsam\u0131nda, Suriye Diyalog Merkezi, siyasi e\u011fitim ve kazan\u00e7lar\u0131n nas\u0131l korunup kay\u0131plar\u0131n nas\u0131l azalt\u0131laca\u011f\u0131n\u0131 tart\u0131\u015fmak amac\u0131yla bir sempozyum d\u00fczenledi.\" \/>\n<meta property=\"og:url\" content=\"https:\/\/sydialogue.org\/tr\/sempozyum-medya-raporu-suriye-meselesinin-guclendirilmesinde-sivil-toplum-ve-aktivistlerin-rolu\/\" \/>\n<meta property=\"og:site_name\" content=\"Suriye Diyalog Merkezi\" \/>\n<meta property=\"article:publisher\" content=\"https:\/\/www.facebook.com\/Sydialogue\" \/>\n<meta property=\"article:published_time\" content=\"2021-02-19T20:22:36+00:00\" \/>\n<meta property=\"article:modified_time\" content=\"2021-04-06T20:23:07+00:00\" \/>\n<meta property=\"og:image\" content=\"https:\/\/sydialogue.org\/wp-content\/uploads\/2021\/04\/82TT.jpg\" \/>\n\t<meta property=\"og:image:width\" content=\"2308\" \/>\n\t<meta property=\"og:image:height\" content=\"1159\" \/>\n\t<meta property=\"og:image:type\" content=\"image\/jpeg\" \/>\n<meta name=\"author\" content=\"\u0645\u0631\u0643\u0632 \u0627\u0644\u062d\u0648\u0627\u0631 \u0627\u0644\u0633\u0648\u0631\u064a\" \/>\n<meta name=\"twitter:card\" content=\"summary_large_image\" \/>\n<meta name=\"twitter:creator\" content=\"@Sydialogue\" \/>\n<meta name=\"twitter:site\" content=\"@Sydialogue\" \/>\n<meta name=\"twitter:label1\" content=\"Yazan:\" \/>\n\t<meta name=\"twitter:data1\" content=\"\u0645\u0631\u0643\u0632 \u0627\u0644\u062d\u0648\u0627\u0631 \u0627\u0644\u0633\u0648\u0631\u064a\" \/>\n\t<meta name=\"twitter:label2\" content=\"Tahmini okuma s\u00fcresi\" \/>\n\t<meta name=\"twitter:data2\" content=\"1 dakika\" \/>\n<script type=\"application\/ld+json\" class=\"yoast-schema-graph\">{\"@context\":\"https:\/\/schema.org\",\"@graph\":[{\"@type\":\"WebPage\",\"@id\":\"https:\/\/sydialogue.org\/tr\/sempozyum-medya-raporu-suriye-meselesinin-guclendirilmesinde-sivil-toplum-ve-aktivistlerin-rolu\/\",\"url\":\"https:\/\/sydialogue.org\/tr\/sempozyum-medya-raporu-suriye-meselesinin-guclendirilmesinde-sivil-toplum-ve-aktivistlerin-rolu\/\",\"name\":\"Sempozyum Medya Raporu: \u201cSuriye Meselesinin G\u00fc\u00e7lendirilmesinde Sivil Toplum ve Aktivistlerin Rol\u00fc\u201d - Suriye Diyalog Merkezi\",\"isPartOf\":{\"@id\":\"https:\/\/sydialogue.org\/tr\/#website\"},\"primaryImageOfPage\":{\"@id\":\"https:\/\/sydialogue.org\/tr\/sempozyum-medya-raporu-suriye-meselesinin-guclendirilmesinde-sivil-toplum-ve-aktivistlerin-rolu\/#primaryimage\"},\"image\":{\"@id\":\"https:\/\/sydialogue.org\/tr\/sempozyum-medya-raporu-suriye-meselesinin-guclendirilmesinde-sivil-toplum-ve-aktivistlerin-rolu\/#primaryimage\"},\"thumbnailUrl\":\"https:\/\/egsaqtt58cu.exactdn.com\/wp-content\/uploads\/2021\/04\/82TT.jpg?strip=all&lossy=1&ssl=1\",\"datePublished\":\"2021-02-19T20:22:36+00:00\",\"dateModified\":\"2021-04-06T20:23:07+00:00\",\"author\":{\"@id\":\"https:\/\/sydialogue.org\/tr\/#\/schema\/person\/34a2994f7414cbc7ce06e08267c4944d\"},\"description\":\"Suriye devriminin hedefleri ve ilkeleri konusunda Suriye toplumunda fikir birli\u011fini geli\u015ftirme \u00e7abalar\u0131n\u0131n kapsam\u0131nda, Suriye Diyalog Merkezi, siyasi e\u011fitim ve kazan\u00e7lar\u0131n nas\u0131l korunup kay\u0131plar\u0131n nas\u0131l azalt\u0131laca\u011f\u0131n\u0131 tart\u0131\u015fmak amac\u0131yla bir sempozyum d\u00fczenledi.\",\"breadcrumb\":{\"@id\":\"https:\/\/sydialogue.org\/tr\/sempozyum-medya-raporu-suriye-meselesinin-guclendirilmesinde-sivil-toplum-ve-aktivistlerin-rolu\/#breadcrumb\"},\"inLanguage\":\"tr\",\"potentialAction\":[{\"@type\":\"ReadAction\",\"target\":[\"https:\/\/sydialogue.org\/tr\/sempozyum-medya-raporu-suriye-meselesinin-guclendirilmesinde-sivil-toplum-ve-aktivistlerin-rolu\/\"]}]},{\"@type\":\"ImageObject\",\"inLanguage\":\"tr\",\"@id\":\"https:\/\/sydialogue.org\/tr\/sempozyum-medya-raporu-suriye-meselesinin-guclendirilmesinde-sivil-toplum-ve-aktivistlerin-rolu\/#primaryimage\",\"url\":\"https:\/\/egsaqtt58cu.exactdn.com\/wp-content\/uploads\/2021\/04\/82TT.jpg?strip=all&lossy=1&ssl=1\",\"contentUrl\":\"https:\/\/egsaqtt58cu.exactdn.com\/wp-content\/uploads\/2021\/04\/82TT.jpg?strip=all&lossy=1&ssl=1\",\"width\":2308,\"height\":1159},{\"@type\":\"BreadcrumbList\",\"@id\":\"https:\/\/sydialogue.org\/tr\/sempozyum-medya-raporu-suriye-meselesinin-guclendirilmesinde-sivil-toplum-ve-aktivistlerin-rolu\/#breadcrumb\",\"itemListElement\":[{\"@type\":\"ListItem\",\"position\":1,\"name\":\"\u0627\u0644\u0631\u0626\u064a\u0633\u064a\u0629\",\"item\":\"https:\/\/sydialogue.org\/tr\/\"},{\"@type\":\"ListItem\",\"position\":2,\"name\":\"Sempozyum Medya Raporu: \u201cSuriye Meselesinin G\u00fc\u00e7lendirilmesinde Sivil Toplum ve Aktivistlerin Rol\u00fc\u201d\"}]},{\"@type\":\"WebSite\",\"@id\":\"https:\/\/sydialogue.org\/tr\/#website\",\"url\":\"https:\/\/sydialogue.org\/tr\/\",\"name\":\"\u0645\u0631\u0643\u0632 \u0627\u0644\u062d\u0648\u0627\u0631 \u0627\u0644\u0633\u0648\u0631\u064a\",\"description\":\"Suriyeli bir sivil kurum, Suriye halk\u0131n\u0131 ilgilendiren konularda diyalo\u011fu canland\u0131rmay\u0131 ve harekete ge\u00e7irmeyi hedefliyor ve Suriyeliler aras\u0131nda ili\u015fkileri g\u00fc\u00e7lendirmeye ve i\u015fbirli\u011fi ve koordinasyonu harekete ge\u00e7irmeye \u00e7al\u0131\u015f\u0131yor.\",\"potentialAction\":[{\"@type\":\"SearchAction\",\"target\":{\"@type\":\"EntryPoint\",\"urlTemplate\":\"https:\/\/sydialogue.org\/tr\/?s={search_term_string}\"},\"query-input\":{\"@type\":\"PropertyValueSpecification\",\"valueRequired\":true,\"valueName\":\"search_term_string\"}}],\"inLanguage\":\"tr\"},{\"@type\":\"Person\",\"@id\":\"https:\/\/sydialogue.org\/tr\/#\/schema\/person\/34a2994f7414cbc7ce06e08267c4944d\",\"name\":\"\u0645\u0631\u0643\u0632 \u0627\u0644\u062d\u0648\u0627\u0631 \u0627\u0644\u0633\u0648\u0631\u064a\",\"image\":{\"@type\":\"ImageObject\",\"inLanguage\":\"tr\",\"@id\":\"https:\/\/sydialogue.org\/tr\/#\/schema\/person\/image\/\",\"url\":\"https:\/\/sydialogue.org\/wp-content\/uploads\/2023\/09\/\u0644\u0648\u063a\u0648-\u062e\u0644\u0641\u064a\u0629-\u0634\u0641\u0627\u0641\u0629-1.png\",\"contentUrl\":\"https:\/\/sydialogue.org\/wp-content\/uploads\/2023\/09\/\u0644\u0648\u063a\u0648-\u062e\u0644\u0641\u064a\u0629-\u0634\u0641\u0627\u0641\u0629-1.png\",\"caption\":\"\u0645\u0631\u0643\u0632 \u0627\u0644\u062d\u0648\u0627\u0631 \u0627\u0644\u0633\u0648\u0631\u064a\"},\"description\":\"\u0645\u0624\u0633\u0633\u0629 \u0628\u062d\u062b\u064a\u0629 \u0633\u0648\u0631\u064a\u0629 \u062a\u0633\u0639\u0649 \u0625\u0644\u0649 \u0627\u0644\u0625\u0633\u0647\u0627\u0645 \u0641\u064a \u0628\u0646\u0627\u0621 \u0627\u0644\u0631\u0624\u0649 \u0648\u0627\u0644\u0645\u0639\u0627\u0631\u0641 \u0628\u0645\u0627 \u064a\u0633\u0627\u0639\u062f \u0627\u0644\u0633\u0648\u0631\u064a\u064a\u0646 \u0639\u0644\u0649 \u0625\u0646\u0636\u0627\u062c \u062d\u0644\u0648\u0644 \u0639\u0645\u0644\u064a\u0629 \u0644\u0645\u0648\u0627\u062c\u0647\u0629 \u0627\u0644\u062a\u062d\u062f\u064a\u0627\u062a \u0627\u0644\u0648\u0637\u0646\u064a\u0629 \u0627\u0644\u0645\u0634\u062a\u0631\u0643\u0629 \u0648\u062a\u062d\u0642\u064a\u0642 \u0627\u0644\u062a\u0646\u0645\u064a\u0629 \u0627\u0644\u0645\u0633\u062a\u062f\u0627\u0645\u0629\",\"sameAs\":[\"http:\/\/sydialogue.org\/\",\"Syrian Dialogue Center\"],\"url\":\"#molongui-disabled-link\"}]}<\/script>\n<!-- \/ Yoast SEO plugin. -->","yoast_head_json":{"title":"Sempozyum Medya Raporu: \u201cSuriye Meselesinin G\u00fc\u00e7lendirilmesinde Sivil Toplum ve Aktivistlerin Rol\u00fc\u201d - Suriye Diyalog Merkezi","description":"Suriye devriminin hedefleri ve ilkeleri konusunda Suriye toplumunda fikir birli\u011fini geli\u015ftirme \u00e7abalar\u0131n\u0131n kapsam\u0131nda, Suriye Diyalog Merkezi, siyasi e\u011fitim ve kazan\u00e7lar\u0131n nas\u0131l korunup kay\u0131plar\u0131n nas\u0131l azalt\u0131laca\u011f\u0131n\u0131 tart\u0131\u015fmak amac\u0131yla bir sempozyum d\u00fczenledi.","robots":{"index":"index","follow":"follow","max-snippet":"max-snippet:-1","max-image-preview":"max-image-preview:large","max-video-preview":"max-video-preview:-1"},"canonical":"https:\/\/sydialogue.org\/tr\/sempozyum-medya-raporu-suriye-meselesinin-guclendirilmesinde-sivil-toplum-ve-aktivistlerin-rolu\/","og_locale":"tr_TR","og_type":"article","og_title":"Sempozyum Medya Raporu: \u201cSuriye Meselesinin G\u00fc\u00e7lendirilmesinde Sivil Toplum ve Aktivistlerin Rol\u00fc\u201d - Suriye Diyalog Merkezi","og_description":"Suriye devriminin hedefleri ve ilkeleri konusunda Suriye toplumunda fikir birli\u011fini geli\u015ftirme \u00e7abalar\u0131n\u0131n kapsam\u0131nda, Suriye Diyalog Merkezi, siyasi e\u011fitim ve kazan\u00e7lar\u0131n nas\u0131l korunup kay\u0131plar\u0131n nas\u0131l azalt\u0131laca\u011f\u0131n\u0131 tart\u0131\u015fmak amac\u0131yla bir sempozyum d\u00fczenledi.","og_url":"https:\/\/sydialogue.org\/tr\/sempozyum-medya-raporu-suriye-meselesinin-guclendirilmesinde-sivil-toplum-ve-aktivistlerin-rolu\/","og_site_name":"Suriye Diyalog Merkezi","article_publisher":"https:\/\/www.facebook.com\/Sydialogue","article_published_time":"2021-02-19T20:22:36+00:00","article_modified_time":"2021-04-06T20:23:07+00:00","og_image":[{"width":2308,"height":1159,"url":"https:\/\/sydialogue.org\/wp-content\/uploads\/2021\/04\/82TT.jpg","type":"image\/jpeg"}],"author":"\u0645\u0631\u0643\u0632 \u0627\u0644\u062d\u0648\u0627\u0631 \u0627\u0644\u0633\u0648\u0631\u064a","twitter_card":"summary_large_image","twitter_creator":"@Sydialogue","twitter_site":"@Sydialogue","twitter_misc":{"Yazan:":"\u0645\u0631\u0643\u0632 \u0627\u0644\u062d\u0648\u0627\u0631 \u0627\u0644\u0633\u0648\u0631\u064a","Tahmini okuma s\u00fcresi":"1 dakika"},"schema":{"@context":"https:\/\/schema.org","@graph":[{"@type":"WebPage","@id":"https:\/\/sydialogue.org\/tr\/sempozyum-medya-raporu-suriye-meselesinin-guclendirilmesinde-sivil-toplum-ve-aktivistlerin-rolu\/","url":"https:\/\/sydialogue.org\/tr\/sempozyum-medya-raporu-suriye-meselesinin-guclendirilmesinde-sivil-toplum-ve-aktivistlerin-rolu\/","name":"Sempozyum Medya Raporu: \u201cSuriye Meselesinin G\u00fc\u00e7lendirilmesinde Sivil Toplum ve Aktivistlerin Rol\u00fc\u201d - Suriye Diyalog Merkezi","isPartOf":{"@id":"https:\/\/sydialogue.org\/tr\/#website"},"primaryImageOfPage":{"@id":"https:\/\/sydialogue.org\/tr\/sempozyum-medya-raporu-suriye-meselesinin-guclendirilmesinde-sivil-toplum-ve-aktivistlerin-rolu\/#primaryimage"},"image":{"@id":"https:\/\/sydialogue.org\/tr\/sempozyum-medya-raporu-suriye-meselesinin-guclendirilmesinde-sivil-toplum-ve-aktivistlerin-rolu\/#primaryimage"},"thumbnailUrl":"https:\/\/egsaqtt58cu.exactdn.com\/wp-content\/uploads\/2021\/04\/82TT.jpg?strip=all&lossy=1&ssl=1","datePublished":"2021-02-19T20:22:36+00:00","dateModified":"2021-04-06T20:23:07+00:00","author":{"@id":"https:\/\/sydialogue.org\/tr\/#\/schema\/person\/34a2994f7414cbc7ce06e08267c4944d"},"description":"Suriye devriminin hedefleri ve ilkeleri konusunda Suriye toplumunda fikir birli\u011fini geli\u015ftirme \u00e7abalar\u0131n\u0131n kapsam\u0131nda, Suriye Diyalog Merkezi, siyasi e\u011fitim ve kazan\u00e7lar\u0131n nas\u0131l korunup kay\u0131plar\u0131n nas\u0131l azalt\u0131laca\u011f\u0131n\u0131 tart\u0131\u015fmak amac\u0131yla bir sempozyum d\u00fczenledi.","breadcrumb":{"@id":"https:\/\/sydialogue.org\/tr\/sempozyum-medya-raporu-suriye-meselesinin-guclendirilmesinde-sivil-toplum-ve-aktivistlerin-rolu\/#breadcrumb"},"inLanguage":"tr","potentialAction":[{"@type":"ReadAction","target":["https:\/\/sydialogue.org\/tr\/sempozyum-medya-raporu-suriye-meselesinin-guclendirilmesinde-sivil-toplum-ve-aktivistlerin-rolu\/"]}]},{"@type":"ImageObject","inLanguage":"tr","@id":"https:\/\/sydialogue.org\/tr\/sempozyum-medya-raporu-suriye-meselesinin-guclendirilmesinde-sivil-toplum-ve-aktivistlerin-rolu\/#primaryimage","url":"https:\/\/egsaqtt58cu.exactdn.com\/wp-content\/uploads\/2021\/04\/82TT.jpg?strip=all&lossy=1&ssl=1","contentUrl":"https:\/\/egsaqtt58cu.exactdn.com\/wp-content\/uploads\/2021\/04\/82TT.jpg?strip=all&lossy=1&ssl=1","width":2308,"height":1159},{"@type":"BreadcrumbList","@id":"https:\/\/sydialogue.org\/tr\/sempozyum-medya-raporu-suriye-meselesinin-guclendirilmesinde-sivil-toplum-ve-aktivistlerin-rolu\/#breadcrumb","itemListElement":[{"@type":"ListItem","position":1,"name":"\u0627\u0644\u0631\u0626\u064a\u0633\u064a\u0629","item":"https:\/\/sydialogue.org\/tr\/"},{"@type":"ListItem","position":2,"name":"Sempozyum Medya Raporu: \u201cSuriye Meselesinin G\u00fc\u00e7lendirilmesinde Sivil Toplum ve Aktivistlerin Rol\u00fc\u201d"}]},{"@type":"WebSite","@id":"https:\/\/sydialogue.org\/tr\/#website","url":"https:\/\/sydialogue.org\/tr\/","name":"\u0645\u0631\u0643\u0632 \u0627\u0644\u062d\u0648\u0627\u0631 \u0627\u0644\u0633\u0648\u0631\u064a","description":"Suriyeli bir sivil kurum, Suriye halk\u0131n\u0131 ilgilendiren konularda diyalo\u011fu canland\u0131rmay\u0131 ve harekete ge\u00e7irmeyi hedefliyor ve Suriyeliler aras\u0131nda ili\u015fkileri g\u00fc\u00e7lendirmeye ve i\u015fbirli\u011fi ve koordinasyonu harekete ge\u00e7irmeye \u00e7al\u0131\u015f\u0131yor.","potentialAction":[{"@type":"SearchAction","target":{"@type":"EntryPoint","urlTemplate":"https:\/\/sydialogue.org\/tr\/?s={search_term_string}"},"query-input":{"@type":"PropertyValueSpecification","valueRequired":true,"valueName":"search_term_string"}}],"inLanguage":"tr"},{"@type":"Person","@id":"https:\/\/sydialogue.org\/tr\/#\/schema\/person\/34a2994f7414cbc7ce06e08267c4944d","name":"\u0645\u0631\u0643\u0632 \u0627\u0644\u062d\u0648\u0627\u0631 \u0627\u0644\u0633\u0648\u0631\u064a","image":{"@type":"ImageObject","inLanguage":"tr","@id":"https:\/\/sydialogue.org\/tr\/#\/schema\/person\/image\/","url":"https:\/\/sydialogue.org\/wp-content\/uploads\/2023\/09\/\u0644\u0648\u063a\u0648-\u062e\u0644\u0641\u064a\u0629-\u0634\u0641\u0627\u0641\u0629-1.png","contentUrl":"https:\/\/sydialogue.org\/wp-content\/uploads\/2023\/09\/\u0644\u0648\u063a\u0648-\u062e\u0644\u0641\u064a\u0629-\u0634\u0641\u0627\u0641\u0629-1.png","caption":"\u0645\u0631\u0643\u0632 \u0627\u0644\u062d\u0648\u0627\u0631 \u0627\u0644\u0633\u0648\u0631\u064a"},"description":"\u0645\u0624\u0633\u0633\u0629 \u0628\u062d\u062b\u064a\u0629 \u0633\u0648\u0631\u064a\u0629 \u062a\u0633\u0639\u0649 \u0625\u0644\u0649 \u0627\u0644\u0625\u0633\u0647\u0627\u0645 \u0641\u064a \u0628\u0646\u0627\u0621 \u0627\u0644\u0631\u0624\u0649 \u0648\u0627\u0644\u0645\u0639\u0627\u0631\u0641 \u0628\u0645\u0627 \u064a\u0633\u0627\u0639\u062f \u0627\u0644\u0633\u0648\u0631\u064a\u064a\u0646 \u0639\u0644\u0649 \u0625\u0646\u0636\u0627\u062c \u062d\u0644\u0648\u0644 \u0639\u0645\u0644\u064a\u0629 \u0644\u0645\u0648\u0627\u062c\u0647\u0629 \u0627\u0644\u062a\u062d\u062f\u064a\u0627\u062a \u0627\u0644\u0648\u0637\u0646\u064a\u0629 \u0627\u0644\u0645\u0634\u062a\u0631\u0643\u0629 \u0648\u062a\u062d\u0642\u064a\u0642 \u0627\u0644\u062a\u0646\u0645\u064a\u0629 \u0627\u0644\u0645\u0633\u062a\u062f\u0627\u0645\u0629","sameAs":["http:\/\/sydialogue.org\/","Syrian Dialogue Center"],"url":"#molongui-disabled-link"}]}},"_links":{"self":[{"href":"https:\/\/sydialogue.org\/tr\/wp-json\/wp\/v2\/posts\/5393","targetHints":{"allow":["GET"]}}],"collection":[{"href":"https:\/\/sydialogue.org\/tr\/wp-json\/wp\/v2\/posts"}],"about":[{"href":"https:\/\/sydialogue.org\/tr\/wp-json\/wp\/v2\/types\/post"}],"author":[{"embeddable":true,"href":"https:\/\/sydialogue.org\/tr\/wp-json\/wp\/v2\/users\/1"}],"replies":[{"embeddable":true,"href":"https:\/\/sydialogue.org\/tr\/wp-json\/wp\/v2\/comments?post=5393"}],"version-history":[{"count":1,"href":"https:\/\/sydialogue.org\/tr\/wp-json\/wp\/v2\/posts\/5393\/revisions"}],"predecessor-version":[{"id":5397,"href":"https:\/\/sydialogue.org\/tr\/wp-json\/wp\/v2\/posts\/5393\/revisions\/5397"}],"wp:featuredmedia":[{"embeddable":true,"href":"https:\/\/sydialogue.org\/tr\/wp-json\/wp\/v2\/media\/5394"}],"wp:attachment":[{"href":"https:\/\/sydialogue.org\/tr\/wp-json\/wp\/v2\/media?parent=5393"}],"wp:term":[{"taxonomy":"category","embeddable":true,"href":"https:\/\/sydialogue.org\/tr\/wp-json\/wp\/v2\/categories?post=5393"},{"taxonomy":"post_tag","embeddable":true,"href":"https:\/\/sydialogue.org\/tr\/wp-json\/wp\/v2\/tags?post=5393"}],"curies":[{"name":"wp","href":"https:\/\/api.w.org\/{rel}","templated":true}]}}