{"id":6397,"date":"2020-08-23T18:17:11","date_gmt":"2020-08-23T15:17:11","guid":{"rendered":"http:\/\/sydialogue.org\/?p=6397"},"modified":"2022-04-20T14:28:54","modified_gmt":"2022-04-20T11:28:54","slug":"seminer-medya-raporu-devrim-ve-muhalefet-guclerinin-pozisyonlarinda-uzlasi-ve-anlasmazlik-bir-yilin-pozisyonlarinin-analizinden-ozetler","status":"publish","type":"post","link":"https:\/\/sydialogue.org\/tr\/seminer-medya-raporu-devrim-ve-muhalefet-guclerinin-pozisyonlarinda-uzlasi-ve-anlasmazlik-bir-yilin-pozisyonlarinin-analizinden-ozetler\/","title":{"rendered":"Seminer Medya Raporu: &#8220;Devrim ve Muhalefet G\u00fc\u00e7lerinin Pozisyonlar\u0131nda Uzla\u015f\u0131 ve Anla\u015fmazl\u0131k: Bir Y\u0131l\u0131n Pozisyonlar\u0131n\u0131n Analizinden \u00d6zetler&#8221;"},"content":{"rendered":"<p dir=\"ltr\" style=\"text-align: justify;\">Suriye Diyalog Merkezi\u2019nin milli haklarla ilgili bir uzla\u015f\u0131 sa\u011flama misyonuna uygun \u015fekilde ve Devrim ve Muhalefet g\u00fc\u00e7lerinin aralar\u0131ndaki uzla\u015f\u0131 ve anla\u015fmazl\u0131k pozisyonlar\u0131n\u0131 g\u00f6zlemleyen ulusal uzla\u015f\u0131 indeksinin be\u015finci bask\u0131s\u0131n\u0131n \u00e7\u0131kmas\u0131ndan sonra, indeks hakk\u0131nda g\u00f6r\u00fclen baz\u0131 \u00e7\u0131kt\u0131 ve sonu\u00e7lar\u0131 tart\u0131\u015fmak amac\u0131yla Suriye Diyalog Merkezi, 3 A\u011fustos 2021 (24 Zilhicce 1442)tarihinde &#8220;Devrim ve Muhalefet G\u00fc\u00e7lerinin Pozisyonlar\u0131nda Uzla\u015f\u0131 ve Anla\u015fmazl\u0131k: Bir Y\u0131l\u0131n Pozisyonlar\u0131n\u0131n Analizinden \u00d6zetler&#8221; ba\u015fl\u0131\u011f\u0131 alt\u0131nda interaktif bir sanal seminer d\u00fczenledi. Bir dizi politikac\u0131, aktivist ve ilgili ki\u015fi seminere kat\u0131l\u0131m g\u00f6sterdi.<\/p>\n<p dir=\"ltr\" style=\"text-align: justify;\">Seminerde, devrim ve muhalif g\u00fc\u00e7lerinin aras\u0131ndaki i\u00e7 meselelere dair pozisyonlar\u0131na y\u00f6nelik elde edilen fikir birli\u011finin nas\u0131l in\u015fa edilece\u011fi konusunda bir tart\u0131\u015fmaya yer verildi. Bu meselelerin Esad rejiminin kontrol\u00fcnde olan b\u00f6lgelerde veyahut Suriye Demokratik G\u00fc\u00e7leri b\u00f6lgelerinde hatta Devrim ve Muhalefet g\u00fc\u00e7lerinin oldu\u011fu b\u00f6lgelerde olmas\u0131 fark etmiyor. Ayn\u0131 \u015fekilde \u00f6zg\u00fcrle\u015ftirilmi\u015f kuzeyde insan haklar\u0131 ve hukuk dosyas\u0131n\u0131n \u00f6nemi konusunda fark\u0131ndal\u0131\u011f\u0131 art\u0131rmak i\u00e7in siyasi olarak \u00fczerinde \u00e7al\u0131\u015f\u0131labilecek ara\u00e7 ve y\u00f6ntemler tart\u0131\u015f\u0131ld\u0131. Devrim ve Muhalefet G\u00fc\u00e7lerinin baz\u0131 pozisyonlarda b\u00fcr\u00fcnd\u00fc\u011f\u00fc sessizlik haline de de\u011finildi.<\/p>\n<p dir=\"ltr\" style=\"text-align: justify;\">Seminer, Devrim ve Muhalefet G\u00fc\u00e7leri aras\u0131ndaki uzla\u015f\u0131 g\u00f6stergelerine dair bak\u0131\u015f a\u00e7\u0131lar\u0131n\u0131 birbirine yak\u0131nla\u015ft\u0131racak ve i\u00e7eri\u011fi zenginle\u015ftirecek baz\u0131 fikirlerinin belirten kat\u0131l\u0131mc\u0131lar\u0131n de\u011ferli ve geni\u015f katk\u0131lar\u0131na tan\u0131k oldu. Kat\u0131l\u0131mc\u0131lardan baz\u0131lar\u0131 kal\u0131c\u0131 bir uzla\u015f\u0131n\u0131n elzem olmad\u0131\u011f\u0131 gibi anla\u015fmazl\u0131k halinin de baz\u0131 durumlarda do\u011fal olabilece\u011fi y\u00f6n\u00fcnde fikir beyan etti.<\/p>\n","protected":false},"excerpt":{"rendered":"<p>Seminer, devrim ve muhalif g\u00fc\u00e7ler aras\u0131nda hangi b\u00f6lgede oldu\u011fu fark etmeksizin i\u00e7 meselelere dair pozisyonlar\u0131na y\u00f6nelik elde edilen fikir birli\u011finin nas\u0131l in\u015fa edilece\u011fi konusunda bir tart\u0131\u015fma yapmay\u0131 hedefledi.<\/p>\n","protected":false},"author":1,"featured_media":6398,"comment_status":"open","ping_status":"closed","sticky":false,"template":"","format":"standard","meta":{"_acf_changed":false,"footnotes":""},"categories":[50,83],"tags":[],"class_list":["post-6397","post","type-post","status-publish","format-standard","has-post-thumbnail","hentry","category-etkinlikler","category-dialogue-seminars-tr"],"acf":[],"yoast_head":"<!-- This site is optimized with the Yoast SEO plugin v26.0 - https:\/\/yoast.com\/wordpress\/plugins\/seo\/ -->\n<title>Seminer Medya Raporu: &quot;Devrim ve Muhalefet G\u00fc\u00e7lerinin Pozisyonlar\u0131nda Uzla\u015f\u0131 ve Anla\u015fmazl\u0131k: Bir Y\u0131l\u0131n Pozisyonlar\u0131n\u0131n Analizinden \u00d6zetler&quot; - Suriye Diyalog Merkezi<\/title>\n<meta name=\"description\" content=\"Seminer, devrim ve muhalif g\u00fc\u00e7ler aras\u0131nda hangi b\u00f6lgede oldu\u011fu fark etmeksizin i\u00e7 meselelere dair pozisyonlar\u0131na y\u00f6nelik elde edilen fikir birli\u011finin nas\u0131l in\u015fa edilece\u011fi konusunda bir tart\u0131\u015fma yapmay\u0131 hedefledi.\" \/>\n<meta name=\"robots\" content=\"index, follow, max-snippet:-1, max-image-preview:large, max-video-preview:-1\" \/>\n<link rel=\"canonical\" href=\"https:\/\/sydialogue.org\/tr\/seminer-medya-raporu-devrim-ve-muhalefet-guclerinin-pozisyonlarinda-uzlasi-ve-anlasmazlik-bir-yilin-pozisyonlarinin-analizinden-ozetler\/\" \/>\n<meta property=\"og:locale\" content=\"tr_TR\" \/>\n<meta property=\"og:type\" content=\"article\" \/>\n<meta property=\"og:title\" content=\"Seminer Medya Raporu: &quot;Devrim ve Muhalefet G\u00fc\u00e7lerinin Pozisyonlar\u0131nda Uzla\u015f\u0131 ve Anla\u015fmazl\u0131k: Bir Y\u0131l\u0131n Pozisyonlar\u0131n\u0131n Analizinden \u00d6zetler&quot; - Suriye Diyalog Merkezi\" \/>\n<meta property=\"og:description\" content=\"Seminer, devrim ve muhalif g\u00fc\u00e7ler aras\u0131nda hangi b\u00f6lgede oldu\u011fu fark etmeksizin i\u00e7 meselelere dair pozisyonlar\u0131na y\u00f6nelik elde edilen fikir birli\u011finin nas\u0131l in\u015fa edilece\u011fi konusunda bir tart\u0131\u015fma yapmay\u0131 hedefledi.\" \/>\n<meta property=\"og:url\" content=\"https:\/\/sydialogue.org\/tr\/seminer-medya-raporu-devrim-ve-muhalefet-guclerinin-pozisyonlarinda-uzlasi-ve-anlasmazlik-bir-yilin-pozisyonlarinin-analizinden-ozetler\/\" \/>\n<meta property=\"og:site_name\" content=\"Suriye Diyalog Merkezi\" \/>\n<meta property=\"article:publisher\" content=\"https:\/\/www.facebook.com\/Sydialogue\" \/>\n<meta property=\"article:published_time\" content=\"2020-08-23T15:17:11+00:00\" \/>\n<meta property=\"article:modified_time\" content=\"2022-04-20T11:28:54+00:00\" \/>\n<meta property=\"og:image\" content=\"https:\/\/sydialogue.org\/wp-content\/uploads\/2021\/08\/97TT.jpg\" \/>\n\t<meta property=\"og:image:width\" content=\"2308\" \/>\n\t<meta property=\"og:image:height\" content=\"1159\" \/>\n\t<meta property=\"og:image:type\" content=\"image\/jpeg\" \/>\n<meta name=\"author\" content=\"\u0645\u0631\u0643\u0632 \u0627\u0644\u062d\u0648\u0627\u0631 \u0627\u0644\u0633\u0648\u0631\u064a\" \/>\n<meta name=\"twitter:card\" content=\"summary_large_image\" \/>\n<meta name=\"twitter:creator\" content=\"@Sydialogue\" \/>\n<meta name=\"twitter:site\" content=\"@Sydialogue\" \/>\n<meta name=\"twitter:label1\" content=\"Yazan:\" \/>\n\t<meta name=\"twitter:data1\" content=\"\u0645\u0631\u0643\u0632 \u0627\u0644\u062d\u0648\u0627\u0631 \u0627\u0644\u0633\u0648\u0631\u064a\" \/>\n\t<meta name=\"twitter:label2\" content=\"Tahmini okuma s\u00fcresi\" \/>\n\t<meta name=\"twitter:data2\" content=\"1 dakika\" \/>\n<script type=\"application\/ld+json\" class=\"yoast-schema-graph\">{\"@context\":\"https:\/\/schema.org\",\"@graph\":[{\"@type\":\"WebPage\",\"@id\":\"https:\/\/sydialogue.org\/tr\/seminer-medya-raporu-devrim-ve-muhalefet-guclerinin-pozisyonlarinda-uzlasi-ve-anlasmazlik-bir-yilin-pozisyonlarinin-analizinden-ozetler\/\",\"url\":\"https:\/\/sydialogue.org\/tr\/seminer-medya-raporu-devrim-ve-muhalefet-guclerinin-pozisyonlarinda-uzlasi-ve-anlasmazlik-bir-yilin-pozisyonlarinin-analizinden-ozetler\/\",\"name\":\"Seminer Medya Raporu: \\\"Devrim ve Muhalefet G\u00fc\u00e7lerinin Pozisyonlar\u0131nda Uzla\u015f\u0131 ve Anla\u015fmazl\u0131k: Bir Y\u0131l\u0131n Pozisyonlar\u0131n\u0131n Analizinden \u00d6zetler\\\" - Suriye Diyalog Merkezi\",\"isPartOf\":{\"@id\":\"https:\/\/sydialogue.org\/tr\/#website\"},\"primaryImageOfPage\":{\"@id\":\"https:\/\/sydialogue.org\/tr\/seminer-medya-raporu-devrim-ve-muhalefet-guclerinin-pozisyonlarinda-uzlasi-ve-anlasmazlik-bir-yilin-pozisyonlarinin-analizinden-ozetler\/#primaryimage\"},\"image\":{\"@id\":\"https:\/\/sydialogue.org\/tr\/seminer-medya-raporu-devrim-ve-muhalefet-guclerinin-pozisyonlarinda-uzlasi-ve-anlasmazlik-bir-yilin-pozisyonlarinin-analizinden-ozetler\/#primaryimage\"},\"thumbnailUrl\":\"https:\/\/egsaqtt58cu.exactdn.com\/wp-content\/uploads\/2021\/08\/97TT.jpg?strip=all&lossy=1&ssl=1\",\"datePublished\":\"2020-08-23T15:17:11+00:00\",\"dateModified\":\"2022-04-20T11:28:54+00:00\",\"author\":{\"@id\":\"https:\/\/sydialogue.org\/tr\/#\/schema\/person\/34a2994f7414cbc7ce06e08267c4944d\"},\"description\":\"Seminer, devrim ve muhalif g\u00fc\u00e7ler aras\u0131nda hangi b\u00f6lgede oldu\u011fu fark etmeksizin i\u00e7 meselelere dair pozisyonlar\u0131na y\u00f6nelik elde edilen fikir birli\u011finin nas\u0131l in\u015fa edilece\u011fi konusunda bir tart\u0131\u015fma yapmay\u0131 hedefledi.\",\"breadcrumb\":{\"@id\":\"https:\/\/sydialogue.org\/tr\/seminer-medya-raporu-devrim-ve-muhalefet-guclerinin-pozisyonlarinda-uzlasi-ve-anlasmazlik-bir-yilin-pozisyonlarinin-analizinden-ozetler\/#breadcrumb\"},\"inLanguage\":\"tr\",\"potentialAction\":[{\"@type\":\"ReadAction\",\"target\":[\"https:\/\/sydialogue.org\/tr\/seminer-medya-raporu-devrim-ve-muhalefet-guclerinin-pozisyonlarinda-uzlasi-ve-anlasmazlik-bir-yilin-pozisyonlarinin-analizinden-ozetler\/\"]}]},{\"@type\":\"ImageObject\",\"inLanguage\":\"tr\",\"@id\":\"https:\/\/sydialogue.org\/tr\/seminer-medya-raporu-devrim-ve-muhalefet-guclerinin-pozisyonlarinda-uzlasi-ve-anlasmazlik-bir-yilin-pozisyonlarinin-analizinden-ozetler\/#primaryimage\",\"url\":\"https:\/\/egsaqtt58cu.exactdn.com\/wp-content\/uploads\/2021\/08\/97TT.jpg?strip=all&lossy=1&ssl=1\",\"contentUrl\":\"https:\/\/egsaqtt58cu.exactdn.com\/wp-content\/uploads\/2021\/08\/97TT.jpg?strip=all&lossy=1&ssl=1\",\"width\":2308,\"height\":1159},{\"@type\":\"BreadcrumbList\",\"@id\":\"https:\/\/sydialogue.org\/tr\/seminer-medya-raporu-devrim-ve-muhalefet-guclerinin-pozisyonlarinda-uzlasi-ve-anlasmazlik-bir-yilin-pozisyonlarinin-analizinden-ozetler\/#breadcrumb\",\"itemListElement\":[{\"@type\":\"ListItem\",\"position\":1,\"name\":\"\u0627\u0644\u0631\u0626\u064a\u0633\u064a\u0629\",\"item\":\"https:\/\/sydialogue.org\/tr\/\"},{\"@type\":\"ListItem\",\"position\":2,\"name\":\"Seminer Medya Raporu: &#8220;Devrim ve Muhalefet G\u00fc\u00e7lerinin Pozisyonlar\u0131nda Uzla\u015f\u0131 ve Anla\u015fmazl\u0131k: Bir Y\u0131l\u0131n Pozisyonlar\u0131n\u0131n Analizinden \u00d6zetler&#8221;\"}]},{\"@type\":\"WebSite\",\"@id\":\"https:\/\/sydialogue.org\/tr\/#website\",\"url\":\"https:\/\/sydialogue.org\/tr\/\",\"name\":\"\u0645\u0631\u0643\u0632 \u0627\u0644\u062d\u0648\u0627\u0631 \u0627\u0644\u0633\u0648\u0631\u064a\",\"description\":\"Suriyeli bir sivil kurum, Suriye halk\u0131n\u0131 ilgilendiren konularda diyalo\u011fu canland\u0131rmay\u0131 ve harekete ge\u00e7irmeyi hedefliyor ve Suriyeliler aras\u0131nda ili\u015fkileri g\u00fc\u00e7lendirmeye ve i\u015fbirli\u011fi ve koordinasyonu harekete ge\u00e7irmeye \u00e7al\u0131\u015f\u0131yor.\",\"potentialAction\":[{\"@type\":\"SearchAction\",\"target\":{\"@type\":\"EntryPoint\",\"urlTemplate\":\"https:\/\/sydialogue.org\/tr\/?s={search_term_string}\"},\"query-input\":{\"@type\":\"PropertyValueSpecification\",\"valueRequired\":true,\"valueName\":\"search_term_string\"}}],\"inLanguage\":\"tr\"},{\"@type\":\"Person\",\"@id\":\"https:\/\/sydialogue.org\/tr\/#\/schema\/person\/34a2994f7414cbc7ce06e08267c4944d\",\"name\":\"\u0645\u0631\u0643\u0632 \u0627\u0644\u062d\u0648\u0627\u0631 \u0627\u0644\u0633\u0648\u0631\u064a\",\"image\":{\"@type\":\"ImageObject\",\"inLanguage\":\"tr\",\"@id\":\"https:\/\/sydialogue.org\/tr\/#\/schema\/person\/image\/\",\"url\":\"https:\/\/sydialogue.org\/wp-content\/uploads\/2023\/09\/\u0644\u0648\u063a\u0648-\u062e\u0644\u0641\u064a\u0629-\u0634\u0641\u0627\u0641\u0629-1.png\",\"contentUrl\":\"https:\/\/sydialogue.org\/wp-content\/uploads\/2023\/09\/\u0644\u0648\u063a\u0648-\u062e\u0644\u0641\u064a\u0629-\u0634\u0641\u0627\u0641\u0629-1.png\",\"caption\":\"\u0645\u0631\u0643\u0632 \u0627\u0644\u062d\u0648\u0627\u0631 \u0627\u0644\u0633\u0648\u0631\u064a\"},\"description\":\"\u0645\u0624\u0633\u0633\u0629 \u0628\u062d\u062b\u064a\u0629 \u0633\u0648\u0631\u064a\u0629 \u062a\u0633\u0639\u0649 \u0625\u0644\u0649 \u0627\u0644\u0625\u0633\u0647\u0627\u0645 \u0641\u064a \u0628\u0646\u0627\u0621 \u0627\u0644\u0631\u0624\u0649 \u0648\u0627\u0644\u0645\u0639\u0627\u0631\u0641 \u0628\u0645\u0627 \u064a\u0633\u0627\u0639\u062f \u0627\u0644\u0633\u0648\u0631\u064a\u064a\u0646 \u0639\u0644\u0649 \u0625\u0646\u0636\u0627\u062c \u062d\u0644\u0648\u0644 \u0639\u0645\u0644\u064a\u0629 \u0644\u0645\u0648\u0627\u062c\u0647\u0629 \u0627\u0644\u062a\u062d\u062f\u064a\u0627\u062a \u0627\u0644\u0648\u0637\u0646\u064a\u0629 \u0627\u0644\u0645\u0634\u062a\u0631\u0643\u0629 \u0648\u062a\u062d\u0642\u064a\u0642 \u0627\u0644\u062a\u0646\u0645\u064a\u0629 \u0627\u0644\u0645\u0633\u062a\u062f\u0627\u0645\u0629\",\"sameAs\":[\"http:\/\/sydialogue.org\/\",\"Syrian Dialogue Center\"],\"url\":\"#molongui-disabled-link\"}]}<\/script>\n<!-- \/ Yoast SEO plugin. -->","yoast_head_json":{"title":"Seminer Medya Raporu: \"Devrim ve Muhalefet G\u00fc\u00e7lerinin Pozisyonlar\u0131nda Uzla\u015f\u0131 ve Anla\u015fmazl\u0131k: Bir Y\u0131l\u0131n Pozisyonlar\u0131n\u0131n Analizinden \u00d6zetler\" - Suriye Diyalog Merkezi","description":"Seminer, devrim ve muhalif g\u00fc\u00e7ler aras\u0131nda hangi b\u00f6lgede oldu\u011fu fark etmeksizin i\u00e7 meselelere dair pozisyonlar\u0131na y\u00f6nelik elde edilen fikir birli\u011finin nas\u0131l in\u015fa edilece\u011fi konusunda bir tart\u0131\u015fma yapmay\u0131 hedefledi.","robots":{"index":"index","follow":"follow","max-snippet":"max-snippet:-1","max-image-preview":"max-image-preview:large","max-video-preview":"max-video-preview:-1"},"canonical":"https:\/\/sydialogue.org\/tr\/seminer-medya-raporu-devrim-ve-muhalefet-guclerinin-pozisyonlarinda-uzlasi-ve-anlasmazlik-bir-yilin-pozisyonlarinin-analizinden-ozetler\/","og_locale":"tr_TR","og_type":"article","og_title":"Seminer Medya Raporu: \"Devrim ve Muhalefet G\u00fc\u00e7lerinin Pozisyonlar\u0131nda Uzla\u015f\u0131 ve Anla\u015fmazl\u0131k: Bir Y\u0131l\u0131n Pozisyonlar\u0131n\u0131n Analizinden \u00d6zetler\" - Suriye Diyalog Merkezi","og_description":"Seminer, devrim ve muhalif g\u00fc\u00e7ler aras\u0131nda hangi b\u00f6lgede oldu\u011fu fark etmeksizin i\u00e7 meselelere dair pozisyonlar\u0131na y\u00f6nelik elde edilen fikir birli\u011finin nas\u0131l in\u015fa edilece\u011fi konusunda bir tart\u0131\u015fma yapmay\u0131 hedefledi.","og_url":"https:\/\/sydialogue.org\/tr\/seminer-medya-raporu-devrim-ve-muhalefet-guclerinin-pozisyonlarinda-uzlasi-ve-anlasmazlik-bir-yilin-pozisyonlarinin-analizinden-ozetler\/","og_site_name":"Suriye Diyalog Merkezi","article_publisher":"https:\/\/www.facebook.com\/Sydialogue","article_published_time":"2020-08-23T15:17:11+00:00","article_modified_time":"2022-04-20T11:28:54+00:00","og_image":[{"width":2308,"height":1159,"url":"https:\/\/sydialogue.org\/wp-content\/uploads\/2021\/08\/97TT.jpg","type":"image\/jpeg"}],"author":"\u0645\u0631\u0643\u0632 \u0627\u0644\u062d\u0648\u0627\u0631 \u0627\u0644\u0633\u0648\u0631\u064a","twitter_card":"summary_large_image","twitter_creator":"@Sydialogue","twitter_site":"@Sydialogue","twitter_misc":{"Yazan:":"\u0645\u0631\u0643\u0632 \u0627\u0644\u062d\u0648\u0627\u0631 \u0627\u0644\u0633\u0648\u0631\u064a","Tahmini okuma s\u00fcresi":"1 dakika"},"schema":{"@context":"https:\/\/schema.org","@graph":[{"@type":"WebPage","@id":"https:\/\/sydialogue.org\/tr\/seminer-medya-raporu-devrim-ve-muhalefet-guclerinin-pozisyonlarinda-uzlasi-ve-anlasmazlik-bir-yilin-pozisyonlarinin-analizinden-ozetler\/","url":"https:\/\/sydialogue.org\/tr\/seminer-medya-raporu-devrim-ve-muhalefet-guclerinin-pozisyonlarinda-uzlasi-ve-anlasmazlik-bir-yilin-pozisyonlarinin-analizinden-ozetler\/","name":"Seminer Medya Raporu: \"Devrim ve Muhalefet G\u00fc\u00e7lerinin Pozisyonlar\u0131nda Uzla\u015f\u0131 ve Anla\u015fmazl\u0131k: Bir Y\u0131l\u0131n Pozisyonlar\u0131n\u0131n Analizinden \u00d6zetler\" - Suriye Diyalog Merkezi","isPartOf":{"@id":"https:\/\/sydialogue.org\/tr\/#website"},"primaryImageOfPage":{"@id":"https:\/\/sydialogue.org\/tr\/seminer-medya-raporu-devrim-ve-muhalefet-guclerinin-pozisyonlarinda-uzlasi-ve-anlasmazlik-bir-yilin-pozisyonlarinin-analizinden-ozetler\/#primaryimage"},"image":{"@id":"https:\/\/sydialogue.org\/tr\/seminer-medya-raporu-devrim-ve-muhalefet-guclerinin-pozisyonlarinda-uzlasi-ve-anlasmazlik-bir-yilin-pozisyonlarinin-analizinden-ozetler\/#primaryimage"},"thumbnailUrl":"https:\/\/egsaqtt58cu.exactdn.com\/wp-content\/uploads\/2021\/08\/97TT.jpg?strip=all&lossy=1&ssl=1","datePublished":"2020-08-23T15:17:11+00:00","dateModified":"2022-04-20T11:28:54+00:00","author":{"@id":"https:\/\/sydialogue.org\/tr\/#\/schema\/person\/34a2994f7414cbc7ce06e08267c4944d"},"description":"Seminer, devrim ve muhalif g\u00fc\u00e7ler aras\u0131nda hangi b\u00f6lgede oldu\u011fu fark etmeksizin i\u00e7 meselelere dair pozisyonlar\u0131na y\u00f6nelik elde edilen fikir birli\u011finin nas\u0131l in\u015fa edilece\u011fi konusunda bir tart\u0131\u015fma yapmay\u0131 hedefledi.","breadcrumb":{"@id":"https:\/\/sydialogue.org\/tr\/seminer-medya-raporu-devrim-ve-muhalefet-guclerinin-pozisyonlarinda-uzlasi-ve-anlasmazlik-bir-yilin-pozisyonlarinin-analizinden-ozetler\/#breadcrumb"},"inLanguage":"tr","potentialAction":[{"@type":"ReadAction","target":["https:\/\/sydialogue.org\/tr\/seminer-medya-raporu-devrim-ve-muhalefet-guclerinin-pozisyonlarinda-uzlasi-ve-anlasmazlik-bir-yilin-pozisyonlarinin-analizinden-ozetler\/"]}]},{"@type":"ImageObject","inLanguage":"tr","@id":"https:\/\/sydialogue.org\/tr\/seminer-medya-raporu-devrim-ve-muhalefet-guclerinin-pozisyonlarinda-uzlasi-ve-anlasmazlik-bir-yilin-pozisyonlarinin-analizinden-ozetler\/#primaryimage","url":"https:\/\/egsaqtt58cu.exactdn.com\/wp-content\/uploads\/2021\/08\/97TT.jpg?strip=all&lossy=1&ssl=1","contentUrl":"https:\/\/egsaqtt58cu.exactdn.com\/wp-content\/uploads\/2021\/08\/97TT.jpg?strip=all&lossy=1&ssl=1","width":2308,"height":1159},{"@type":"BreadcrumbList","@id":"https:\/\/sydialogue.org\/tr\/seminer-medya-raporu-devrim-ve-muhalefet-guclerinin-pozisyonlarinda-uzlasi-ve-anlasmazlik-bir-yilin-pozisyonlarinin-analizinden-ozetler\/#breadcrumb","itemListElement":[{"@type":"ListItem","position":1,"name":"\u0627\u0644\u0631\u0626\u064a\u0633\u064a\u0629","item":"https:\/\/sydialogue.org\/tr\/"},{"@type":"ListItem","position":2,"name":"Seminer Medya Raporu: &#8220;Devrim ve Muhalefet G\u00fc\u00e7lerinin Pozisyonlar\u0131nda Uzla\u015f\u0131 ve Anla\u015fmazl\u0131k: Bir Y\u0131l\u0131n Pozisyonlar\u0131n\u0131n Analizinden \u00d6zetler&#8221;"}]},{"@type":"WebSite","@id":"https:\/\/sydialogue.org\/tr\/#website","url":"https:\/\/sydialogue.org\/tr\/","name":"\u0645\u0631\u0643\u0632 \u0627\u0644\u062d\u0648\u0627\u0631 \u0627\u0644\u0633\u0648\u0631\u064a","description":"Suriyeli bir sivil kurum, Suriye halk\u0131n\u0131 ilgilendiren konularda diyalo\u011fu canland\u0131rmay\u0131 ve harekete ge\u00e7irmeyi hedefliyor ve Suriyeliler aras\u0131nda ili\u015fkileri g\u00fc\u00e7lendirmeye ve i\u015fbirli\u011fi ve koordinasyonu harekete ge\u00e7irmeye \u00e7al\u0131\u015f\u0131yor.","potentialAction":[{"@type":"SearchAction","target":{"@type":"EntryPoint","urlTemplate":"https:\/\/sydialogue.org\/tr\/?s={search_term_string}"},"query-input":{"@type":"PropertyValueSpecification","valueRequired":true,"valueName":"search_term_string"}}],"inLanguage":"tr"},{"@type":"Person","@id":"https:\/\/sydialogue.org\/tr\/#\/schema\/person\/34a2994f7414cbc7ce06e08267c4944d","name":"\u0645\u0631\u0643\u0632 \u0627\u0644\u062d\u0648\u0627\u0631 \u0627\u0644\u0633\u0648\u0631\u064a","image":{"@type":"ImageObject","inLanguage":"tr","@id":"https:\/\/sydialogue.org\/tr\/#\/schema\/person\/image\/","url":"https:\/\/sydialogue.org\/wp-content\/uploads\/2023\/09\/\u0644\u0648\u063a\u0648-\u062e\u0644\u0641\u064a\u0629-\u0634\u0641\u0627\u0641\u0629-1.png","contentUrl":"https:\/\/sydialogue.org\/wp-content\/uploads\/2023\/09\/\u0644\u0648\u063a\u0648-\u062e\u0644\u0641\u064a\u0629-\u0634\u0641\u0627\u0641\u0629-1.png","caption":"\u0645\u0631\u0643\u0632 \u0627\u0644\u062d\u0648\u0627\u0631 \u0627\u0644\u0633\u0648\u0631\u064a"},"description":"\u0645\u0624\u0633\u0633\u0629 \u0628\u062d\u062b\u064a\u0629 \u0633\u0648\u0631\u064a\u0629 \u062a\u0633\u0639\u0649 \u0625\u0644\u0649 \u0627\u0644\u0625\u0633\u0647\u0627\u0645 \u0641\u064a \u0628\u0646\u0627\u0621 \u0627\u0644\u0631\u0624\u0649 \u0648\u0627\u0644\u0645\u0639\u0627\u0631\u0641 \u0628\u0645\u0627 \u064a\u0633\u0627\u0639\u062f \u0627\u0644\u0633\u0648\u0631\u064a\u064a\u0646 \u0639\u0644\u0649 \u0625\u0646\u0636\u0627\u062c \u062d\u0644\u0648\u0644 \u0639\u0645\u0644\u064a\u0629 \u0644\u0645\u0648\u0627\u062c\u0647\u0629 \u0627\u0644\u062a\u062d\u062f\u064a\u0627\u062a \u0627\u0644\u0648\u0637\u0646\u064a\u0629 \u0627\u0644\u0645\u0634\u062a\u0631\u0643\u0629 \u0648\u062a\u062d\u0642\u064a\u0642 \u0627\u0644\u062a\u0646\u0645\u064a\u0629 \u0627\u0644\u0645\u0633\u062a\u062f\u0627\u0645\u0629","sameAs":["http:\/\/sydialogue.org\/","Syrian Dialogue Center"],"url":"#molongui-disabled-link"}]}},"_links":{"self":[{"href":"https:\/\/sydialogue.org\/tr\/wp-json\/wp\/v2\/posts\/6397","targetHints":{"allow":["GET"]}}],"collection":[{"href":"https:\/\/sydialogue.org\/tr\/wp-json\/wp\/v2\/posts"}],"about":[{"href":"https:\/\/sydialogue.org\/tr\/wp-json\/wp\/v2\/types\/post"}],"author":[{"embeddable":true,"href":"https:\/\/sydialogue.org\/tr\/wp-json\/wp\/v2\/users\/1"}],"replies":[{"embeddable":true,"href":"https:\/\/sydialogue.org\/tr\/wp-json\/wp\/v2\/comments?post=6397"}],"version-history":[{"count":2,"href":"https:\/\/sydialogue.org\/tr\/wp-json\/wp\/v2\/posts\/6397\/revisions"}],"predecessor-version":[{"id":6402,"href":"https:\/\/sydialogue.org\/tr\/wp-json\/wp\/v2\/posts\/6397\/revisions\/6402"}],"wp:featuredmedia":[{"embeddable":true,"href":"https:\/\/sydialogue.org\/tr\/wp-json\/wp\/v2\/media\/6398"}],"wp:attachment":[{"href":"https:\/\/sydialogue.org\/tr\/wp-json\/wp\/v2\/media?parent=6397"}],"wp:term":[{"taxonomy":"category","embeddable":true,"href":"https:\/\/sydialogue.org\/tr\/wp-json\/wp\/v2\/categories?post=6397"},{"taxonomy":"post_tag","embeddable":true,"href":"https:\/\/sydialogue.org\/tr\/wp-json\/wp\/v2\/tags?post=6397"}],"curies":[{"name":"wp","href":"https:\/\/api.w.org\/{rel}","templated":true}]}}