{"id":7691,"date":"2020-12-23T00:37:45","date_gmt":"2020-12-22T21:37:45","guid":{"rendered":"http:\/\/sydialogue.org\/?p=7691"},"modified":"2022-04-20T13:54:37","modified_gmt":"2022-04-20T10:54:37","slug":"suriye-ekonomisi-cokusun-esiginde-nedenler-politikalar-ve-sezar-yasasinin-etkileri","status":"publish","type":"post","link":"https:\/\/sydialogue.org\/tr\/suriye-ekonomisi-cokusun-esiginde-nedenler-politikalar-ve-sezar-yasasinin-etkileri\/","title":{"rendered":"Suriye Ekonomisi \u00c7\u00f6k\u00fc\u015f\u00fcn E\u015fi\u011finde: Nedenler, Politikalar ve Sezar Yasas\u0131\u2019n\u0131n Etkileri"},"content":{"rendered":"<p dir=\"ltr\" style=\"text-align: justify;\">Raporun ilk b\u00f6l\u00fcm\u00fcnde Suriye ekonomisinin durumu incelenmektedir. B\u00f6l\u00fcm \u00f6nceki y\u0131llarda ya\u015fanan temel sekt\u00f6rlerini vuran ve altyap\u0131s\u0131n\u0131 tahrip eden ekonomik kay\u0131plar nedeniyle ekonomi durumunu Sezar Yasas\u0131\u2019ndan \u00f6nce ka\u00e7\u0131n\u0131lmaz \u00e7\u00f6k\u00fc\u015fe s\u00fcr\u00fckleyecek derin sorunlar\u0131n varl\u0131\u011f\u0131na i\u015faret etmektedir.<\/p>\n<p dir=\"ltr\" style=\"text-align: justify;\">Raporun ikinci b\u00f6l\u00fcm\u00fcnde ise Esad rejiminin daha \u00f6nceki mali krizler kar\u015f\u0131s\u0131nda izledi\u011fi ve daha sonra &#8220;Sezar&#8221; kanunu kar\u015f\u0131s\u0131nda devam etmesi beklenen politikalar\u0131 de\u011ferlendirilmi\u015ftir.<\/p>\n<p dir=\"ltr\" style=\"text-align: justify;\">\u00dc\u00e7\u00fcnc\u00fc b\u00f6l\u00fcmde de &#8220;Sezar&#8221; kanunu ve onunla ilgili olan tart\u0131\u015fmalar\u0131n ara\u015ft\u0131r\u0131lm\u0131\u015ft\u0131r. Son olarak da karar\u0131 rejimi zay\u0131flatma ve d\u00fc\u015f\u00fc\u015f\u00fcn\u00fc h\u0131zland\u0131rma arac\u0131 olarak g\u00f6renler ile faydas\u0131z ve siviller \u00fczerinde olumsuz etkili olarak g\u00f6renler aras\u0131nda bir\u00e7ok g\u00f6r\u00fc\u015fe yer verilmi\u015ftir.<\/p>\n<p dir=\"ltr\">\u0130ndirmek i\u00e7in (Arap\u00e7a): <a href=\"http:\/\/sydialogue.org\/files\/EcoColReport.pdf\">Buraya T\u0131klay\u0131n\u0131z<\/a><\/p>\n","protected":false},"excerpt":{"rendered":"<p>Raporun ilk b\u00f6l\u00fcm\u00fcnde Suriye ekonomisinin durumu incelenmektedir. B\u00f6l\u00fcm \u00f6nceki y\u0131llarda ya\u015fanan temel sekt\u00f6rlerini vuran ve altyap\u0131s\u0131n\u0131 tahrip eden ekonomik kay\u0131plar nedeniyle ekonomi durumunu Sezar Yasas\u0131\u2019ndan \u00f6nce ka\u00e7\u0131n\u0131lmaz \u00e7\u00f6k\u00fc\u015fe s\u00fcr\u00fckleyecek derin sorunlar\u0131n varl\u0131\u011f\u0131na i\u015faret etmektedir. Raporun ikinci b\u00f6l\u00fcm\u00fcnde ise Esad rejiminin daha \u00f6nceki mali krizler kar\u015f\u0131s\u0131nda izledi\u011fi ve daha sonra &#8220;Sezar&#8221; kanunu kar\u015f\u0131s\u0131nda devam etmesi beklenen &hellip;<\/p>\n","protected":false},"author":1,"featured_media":7693,"comment_status":"open","ping_status":"closed","sticky":false,"template":"","format":"standard","meta":{"_acf_changed":false,"footnotes":""},"categories":[81,93,49],"tags":[],"class_list":["post-7691","post","type-post","status-publish","format-standard","has-post-thumbnail","hentry","category-position-assessment-tr","category-sosyal-birim","category-yayinlar"],"acf":[],"yoast_head":"<!-- This site is optimized with the Yoast SEO plugin v26.0 - https:\/\/yoast.com\/wordpress\/plugins\/seo\/ -->\n<title>Suriye Ekonomisi \u00c7\u00f6k\u00fc\u015f\u00fcn E\u015fi\u011finde: Nedenler, Politikalar ve Sezar Yasas\u0131\u2019n\u0131n Etkileri - Suriye Diyalog Merkezi<\/title>\n<meta name=\"robots\" content=\"index, follow, max-snippet:-1, max-image-preview:large, max-video-preview:-1\" \/>\n<link rel=\"canonical\" href=\"https:\/\/sydialogue.org\/tr\/suriye-ekonomisi-cokusun-esiginde-nedenler-politikalar-ve-sezar-yasasinin-etkileri\/\" \/>\n<meta property=\"og:locale\" content=\"tr_TR\" \/>\n<meta property=\"og:type\" content=\"article\" \/>\n<meta property=\"og:title\" content=\"Suriye Ekonomisi \u00c7\u00f6k\u00fc\u015f\u00fcn E\u015fi\u011finde: Nedenler, Politikalar ve Sezar Yasas\u0131\u2019n\u0131n Etkileri - Suriye Diyalog Merkezi\" \/>\n<meta property=\"og:description\" content=\"Raporun ilk b\u00f6l\u00fcm\u00fcnde Suriye ekonomisinin durumu incelenmektedir. B\u00f6l\u00fcm \u00f6nceki y\u0131llarda ya\u015fanan temel sekt\u00f6rlerini vuran ve altyap\u0131s\u0131n\u0131 tahrip eden ekonomik kay\u0131plar nedeniyle ekonomi durumunu Sezar Yasas\u0131\u2019ndan \u00f6nce ka\u00e7\u0131n\u0131lmaz \u00e7\u00f6k\u00fc\u015fe s\u00fcr\u00fckleyecek derin sorunlar\u0131n varl\u0131\u011f\u0131na i\u015faret etmektedir. Raporun ikinci b\u00f6l\u00fcm\u00fcnde ise Esad rejiminin daha \u00f6nceki mali krizler kar\u015f\u0131s\u0131nda izledi\u011fi ve daha sonra &#8220;Sezar&#8221; kanunu kar\u015f\u0131s\u0131nda devam etmesi beklenen &hellip;\" \/>\n<meta property=\"og:url\" content=\"https:\/\/sydialogue.org\/tr\/suriye-ekonomisi-cokusun-esiginde-nedenler-politikalar-ve-sezar-yasasinin-etkileri\/\" \/>\n<meta property=\"og:site_name\" content=\"Suriye Diyalog Merkezi\" \/>\n<meta property=\"article:publisher\" content=\"https:\/\/www.facebook.com\/Sydialogue\" \/>\n<meta property=\"article:published_time\" content=\"2020-12-22T21:37:45+00:00\" \/>\n<meta property=\"article:modified_time\" content=\"2022-04-20T10:54:37+00:00\" \/>\n<meta property=\"og:image\" content=\"https:\/\/sydialogue.org\/wp-content\/uploads\/2021\/12\/tr015.jpg\" \/>\n\t<meta property=\"og:image:width\" content=\"2308\" \/>\n\t<meta property=\"og:image:height\" content=\"1159\" \/>\n\t<meta property=\"og:image:type\" content=\"image\/jpeg\" \/>\n<meta name=\"author\" content=\"\u0645\u0631\u0643\u0632 \u0627\u0644\u062d\u0648\u0627\u0631 \u0627\u0644\u0633\u0648\u0631\u064a\" \/>\n<meta name=\"twitter:card\" content=\"summary_large_image\" \/>\n<meta name=\"twitter:creator\" content=\"@Sydialogue\" \/>\n<meta name=\"twitter:site\" content=\"@Sydialogue\" \/>\n<meta name=\"twitter:label1\" content=\"Yazan:\" \/>\n\t<meta name=\"twitter:data1\" content=\"\u0645\u0631\u0643\u0632 \u0627\u0644\u062d\u0648\u0627\u0631 \u0627\u0644\u0633\u0648\u0631\u064a\" \/>\n\t<meta name=\"twitter:label2\" content=\"Tahmini okuma s\u00fcresi\" \/>\n\t<meta name=\"twitter:data2\" content=\"1 dakika\" \/>\n<script type=\"application\/ld+json\" class=\"yoast-schema-graph\">{\"@context\":\"https:\/\/schema.org\",\"@graph\":[{\"@type\":\"WebPage\",\"@id\":\"https:\/\/sydialogue.org\/tr\/suriye-ekonomisi-cokusun-esiginde-nedenler-politikalar-ve-sezar-yasasinin-etkileri\/\",\"url\":\"https:\/\/sydialogue.org\/tr\/suriye-ekonomisi-cokusun-esiginde-nedenler-politikalar-ve-sezar-yasasinin-etkileri\/\",\"name\":\"Suriye Ekonomisi \u00c7\u00f6k\u00fc\u015f\u00fcn E\u015fi\u011finde: Nedenler, Politikalar ve Sezar Yasas\u0131\u2019n\u0131n Etkileri - Suriye Diyalog Merkezi\",\"isPartOf\":{\"@id\":\"https:\/\/sydialogue.org\/tr\/#website\"},\"primaryImageOfPage\":{\"@id\":\"https:\/\/sydialogue.org\/tr\/suriye-ekonomisi-cokusun-esiginde-nedenler-politikalar-ve-sezar-yasasinin-etkileri\/#primaryimage\"},\"image\":{\"@id\":\"https:\/\/sydialogue.org\/tr\/suriye-ekonomisi-cokusun-esiginde-nedenler-politikalar-ve-sezar-yasasinin-etkileri\/#primaryimage\"},\"thumbnailUrl\":\"https:\/\/e8nd7pn44jx.exactdn.com\/wp-content\/uploads\/2021\/12\/tr015.jpg?strip=all\",\"datePublished\":\"2020-12-22T21:37:45+00:00\",\"dateModified\":\"2022-04-20T10:54:37+00:00\",\"author\":{\"@id\":\"https:\/\/sydialogue.org\/tr\/#\/schema\/person\/34a2994f7414cbc7ce06e08267c4944d\"},\"breadcrumb\":{\"@id\":\"https:\/\/sydialogue.org\/tr\/suriye-ekonomisi-cokusun-esiginde-nedenler-politikalar-ve-sezar-yasasinin-etkileri\/#breadcrumb\"},\"inLanguage\":\"tr\",\"potentialAction\":[{\"@type\":\"ReadAction\",\"target\":[\"https:\/\/sydialogue.org\/tr\/suriye-ekonomisi-cokusun-esiginde-nedenler-politikalar-ve-sezar-yasasinin-etkileri\/\"]}]},{\"@type\":\"ImageObject\",\"inLanguage\":\"tr\",\"@id\":\"https:\/\/sydialogue.org\/tr\/suriye-ekonomisi-cokusun-esiginde-nedenler-politikalar-ve-sezar-yasasinin-etkileri\/#primaryimage\",\"url\":\"https:\/\/e8nd7pn44jx.exactdn.com\/wp-content\/uploads\/2021\/12\/tr015.jpg?strip=all\",\"contentUrl\":\"https:\/\/e8nd7pn44jx.exactdn.com\/wp-content\/uploads\/2021\/12\/tr015.jpg?strip=all\",\"width\":2308,\"height\":1159},{\"@type\":\"BreadcrumbList\",\"@id\":\"https:\/\/sydialogue.org\/tr\/suriye-ekonomisi-cokusun-esiginde-nedenler-politikalar-ve-sezar-yasasinin-etkileri\/#breadcrumb\",\"itemListElement\":[{\"@type\":\"ListItem\",\"position\":1,\"name\":\"\u0627\u0644\u0631\u0626\u064a\u0633\u064a\u0629\",\"item\":\"https:\/\/sydialogue.org\/tr\/\"},{\"@type\":\"ListItem\",\"position\":2,\"name\":\"Suriye Ekonomisi \u00c7\u00f6k\u00fc\u015f\u00fcn E\u015fi\u011finde: Nedenler, Politikalar ve Sezar Yasas\u0131\u2019n\u0131n Etkileri\"}]},{\"@type\":\"WebSite\",\"@id\":\"https:\/\/sydialogue.org\/tr\/#website\",\"url\":\"https:\/\/sydialogue.org\/tr\/\",\"name\":\"\u0645\u0631\u0643\u0632 \u0627\u0644\u062d\u0648\u0627\u0631 \u0627\u0644\u0633\u0648\u0631\u064a\",\"description\":\"Suriyeli bir sivil kurum, Suriye halk\u0131n\u0131 ilgilendiren konularda diyalo\u011fu canland\u0131rmay\u0131 ve harekete ge\u00e7irmeyi hedefliyor ve Suriyeliler aras\u0131nda ili\u015fkileri g\u00fc\u00e7lendirmeye ve i\u015fbirli\u011fi ve koordinasyonu harekete ge\u00e7irmeye \u00e7al\u0131\u015f\u0131yor.\",\"potentialAction\":[{\"@type\":\"SearchAction\",\"target\":{\"@type\":\"EntryPoint\",\"urlTemplate\":\"https:\/\/sydialogue.org\/tr\/?s={search_term_string}\"},\"query-input\":{\"@type\":\"PropertyValueSpecification\",\"valueRequired\":true,\"valueName\":\"search_term_string\"}}],\"inLanguage\":\"tr\"},{\"@type\":\"Person\",\"@id\":\"https:\/\/sydialogue.org\/tr\/#\/schema\/person\/34a2994f7414cbc7ce06e08267c4944d\",\"name\":\"\u0645\u0631\u0643\u0632 \u0627\u0644\u062d\u0648\u0627\u0631 \u0627\u0644\u0633\u0648\u0631\u064a\",\"image\":{\"@type\":\"ImageObject\",\"inLanguage\":\"tr\",\"@id\":\"https:\/\/sydialogue.org\/tr\/#\/schema\/person\/image\/\",\"url\":\"https:\/\/sydialogue.org\/wp-content\/uploads\/2023\/09\/\u0644\u0648\u063a\u0648-\u062e\u0644\u0641\u064a\u0629-\u0634\u0641\u0627\u0641\u0629-1.png\",\"contentUrl\":\"https:\/\/sydialogue.org\/wp-content\/uploads\/2023\/09\/\u0644\u0648\u063a\u0648-\u062e\u0644\u0641\u064a\u0629-\u0634\u0641\u0627\u0641\u0629-1.png\",\"caption\":\"\u0645\u0631\u0643\u0632 \u0627\u0644\u062d\u0648\u0627\u0631 \u0627\u0644\u0633\u0648\u0631\u064a\"},\"description\":\"\u0645\u0624\u0633\u0633\u0629 \u0628\u062d\u062b\u064a\u0629 \u0633\u0648\u0631\u064a\u0629 \u062a\u0633\u0639\u0649 \u0625\u0644\u0649 \u0627\u0644\u0625\u0633\u0647\u0627\u0645 \u0641\u064a \u0628\u0646\u0627\u0621 \u0627\u0644\u0631\u0624\u0649 \u0648\u0627\u0644\u0645\u0639\u0627\u0631\u0641 \u0628\u0645\u0627 \u064a\u0633\u0627\u0639\u062f \u0627\u0644\u0633\u0648\u0631\u064a\u064a\u0646 \u0639\u0644\u0649 \u0625\u0646\u0636\u0627\u062c \u062d\u0644\u0648\u0644 \u0639\u0645\u0644\u064a\u0629 \u0644\u0645\u0648\u0627\u062c\u0647\u0629 \u0627\u0644\u062a\u062d\u062f\u064a\u0627\u062a \u0627\u0644\u0648\u0637\u0646\u064a\u0629 \u0627\u0644\u0645\u0634\u062a\u0631\u0643\u0629 \u0648\u062a\u062d\u0642\u064a\u0642 \u0627\u0644\u062a\u0646\u0645\u064a\u0629 \u0627\u0644\u0645\u0633\u062a\u062f\u0627\u0645\u0629\",\"sameAs\":[\"http:\/\/sydialogue.org\/\",\"Syrian Dialogue Center\"],\"url\":\"#molongui-disabled-link\"}]}<\/script>\n<!-- \/ Yoast SEO plugin. -->","yoast_head_json":{"title":"Suriye Ekonomisi \u00c7\u00f6k\u00fc\u015f\u00fcn E\u015fi\u011finde: Nedenler, Politikalar ve Sezar Yasas\u0131\u2019n\u0131n Etkileri - Suriye Diyalog Merkezi","robots":{"index":"index","follow":"follow","max-snippet":"max-snippet:-1","max-image-preview":"max-image-preview:large","max-video-preview":"max-video-preview:-1"},"canonical":"https:\/\/sydialogue.org\/tr\/suriye-ekonomisi-cokusun-esiginde-nedenler-politikalar-ve-sezar-yasasinin-etkileri\/","og_locale":"tr_TR","og_type":"article","og_title":"Suriye Ekonomisi \u00c7\u00f6k\u00fc\u015f\u00fcn E\u015fi\u011finde: Nedenler, Politikalar ve Sezar Yasas\u0131\u2019n\u0131n Etkileri - Suriye Diyalog Merkezi","og_description":"Raporun ilk b\u00f6l\u00fcm\u00fcnde Suriye ekonomisinin durumu incelenmektedir. B\u00f6l\u00fcm \u00f6nceki y\u0131llarda ya\u015fanan temel sekt\u00f6rlerini vuran ve altyap\u0131s\u0131n\u0131 tahrip eden ekonomik kay\u0131plar nedeniyle ekonomi durumunu Sezar Yasas\u0131\u2019ndan \u00f6nce ka\u00e7\u0131n\u0131lmaz \u00e7\u00f6k\u00fc\u015fe s\u00fcr\u00fckleyecek derin sorunlar\u0131n varl\u0131\u011f\u0131na i\u015faret etmektedir. Raporun ikinci b\u00f6l\u00fcm\u00fcnde ise Esad rejiminin daha \u00f6nceki mali krizler kar\u015f\u0131s\u0131nda izledi\u011fi ve daha sonra &#8220;Sezar&#8221; kanunu kar\u015f\u0131s\u0131nda devam etmesi beklenen &hellip;","og_url":"https:\/\/sydialogue.org\/tr\/suriye-ekonomisi-cokusun-esiginde-nedenler-politikalar-ve-sezar-yasasinin-etkileri\/","og_site_name":"Suriye Diyalog Merkezi","article_publisher":"https:\/\/www.facebook.com\/Sydialogue","article_published_time":"2020-12-22T21:37:45+00:00","article_modified_time":"2022-04-20T10:54:37+00:00","og_image":[{"width":2308,"height":1159,"url":"https:\/\/sydialogue.org\/wp-content\/uploads\/2021\/12\/tr015.jpg","type":"image\/jpeg"}],"author":"\u0645\u0631\u0643\u0632 \u0627\u0644\u062d\u0648\u0627\u0631 \u0627\u0644\u0633\u0648\u0631\u064a","twitter_card":"summary_large_image","twitter_creator":"@Sydialogue","twitter_site":"@Sydialogue","twitter_misc":{"Yazan:":"\u0645\u0631\u0643\u0632 \u0627\u0644\u062d\u0648\u0627\u0631 \u0627\u0644\u0633\u0648\u0631\u064a","Tahmini okuma s\u00fcresi":"1 dakika"},"schema":{"@context":"https:\/\/schema.org","@graph":[{"@type":"WebPage","@id":"https:\/\/sydialogue.org\/tr\/suriye-ekonomisi-cokusun-esiginde-nedenler-politikalar-ve-sezar-yasasinin-etkileri\/","url":"https:\/\/sydialogue.org\/tr\/suriye-ekonomisi-cokusun-esiginde-nedenler-politikalar-ve-sezar-yasasinin-etkileri\/","name":"Suriye Ekonomisi \u00c7\u00f6k\u00fc\u015f\u00fcn E\u015fi\u011finde: Nedenler, Politikalar ve Sezar Yasas\u0131\u2019n\u0131n Etkileri - Suriye Diyalog Merkezi","isPartOf":{"@id":"https:\/\/sydialogue.org\/tr\/#website"},"primaryImageOfPage":{"@id":"https:\/\/sydialogue.org\/tr\/suriye-ekonomisi-cokusun-esiginde-nedenler-politikalar-ve-sezar-yasasinin-etkileri\/#primaryimage"},"image":{"@id":"https:\/\/sydialogue.org\/tr\/suriye-ekonomisi-cokusun-esiginde-nedenler-politikalar-ve-sezar-yasasinin-etkileri\/#primaryimage"},"thumbnailUrl":"https:\/\/e8nd7pn44jx.exactdn.com\/wp-content\/uploads\/2021\/12\/tr015.jpg?strip=all","datePublished":"2020-12-22T21:37:45+00:00","dateModified":"2022-04-20T10:54:37+00:00","author":{"@id":"https:\/\/sydialogue.org\/tr\/#\/schema\/person\/34a2994f7414cbc7ce06e08267c4944d"},"breadcrumb":{"@id":"https:\/\/sydialogue.org\/tr\/suriye-ekonomisi-cokusun-esiginde-nedenler-politikalar-ve-sezar-yasasinin-etkileri\/#breadcrumb"},"inLanguage":"tr","potentialAction":[{"@type":"ReadAction","target":["https:\/\/sydialogue.org\/tr\/suriye-ekonomisi-cokusun-esiginde-nedenler-politikalar-ve-sezar-yasasinin-etkileri\/"]}]},{"@type":"ImageObject","inLanguage":"tr","@id":"https:\/\/sydialogue.org\/tr\/suriye-ekonomisi-cokusun-esiginde-nedenler-politikalar-ve-sezar-yasasinin-etkileri\/#primaryimage","url":"https:\/\/e8nd7pn44jx.exactdn.com\/wp-content\/uploads\/2021\/12\/tr015.jpg?strip=all","contentUrl":"https:\/\/e8nd7pn44jx.exactdn.com\/wp-content\/uploads\/2021\/12\/tr015.jpg?strip=all","width":2308,"height":1159},{"@type":"BreadcrumbList","@id":"https:\/\/sydialogue.org\/tr\/suriye-ekonomisi-cokusun-esiginde-nedenler-politikalar-ve-sezar-yasasinin-etkileri\/#breadcrumb","itemListElement":[{"@type":"ListItem","position":1,"name":"\u0627\u0644\u0631\u0626\u064a\u0633\u064a\u0629","item":"https:\/\/sydialogue.org\/tr\/"},{"@type":"ListItem","position":2,"name":"Suriye Ekonomisi \u00c7\u00f6k\u00fc\u015f\u00fcn E\u015fi\u011finde: Nedenler, Politikalar ve Sezar Yasas\u0131\u2019n\u0131n Etkileri"}]},{"@type":"WebSite","@id":"https:\/\/sydialogue.org\/tr\/#website","url":"https:\/\/sydialogue.org\/tr\/","name":"\u0645\u0631\u0643\u0632 \u0627\u0644\u062d\u0648\u0627\u0631 \u0627\u0644\u0633\u0648\u0631\u064a","description":"Suriyeli bir sivil kurum, Suriye halk\u0131n\u0131 ilgilendiren konularda diyalo\u011fu canland\u0131rmay\u0131 ve harekete ge\u00e7irmeyi hedefliyor ve Suriyeliler aras\u0131nda ili\u015fkileri g\u00fc\u00e7lendirmeye ve i\u015fbirli\u011fi ve koordinasyonu harekete ge\u00e7irmeye \u00e7al\u0131\u015f\u0131yor.","potentialAction":[{"@type":"SearchAction","target":{"@type":"EntryPoint","urlTemplate":"https:\/\/sydialogue.org\/tr\/?s={search_term_string}"},"query-input":{"@type":"PropertyValueSpecification","valueRequired":true,"valueName":"search_term_string"}}],"inLanguage":"tr"},{"@type":"Person","@id":"https:\/\/sydialogue.org\/tr\/#\/schema\/person\/34a2994f7414cbc7ce06e08267c4944d","name":"\u0645\u0631\u0643\u0632 \u0627\u0644\u062d\u0648\u0627\u0631 \u0627\u0644\u0633\u0648\u0631\u064a","image":{"@type":"ImageObject","inLanguage":"tr","@id":"https:\/\/sydialogue.org\/tr\/#\/schema\/person\/image\/","url":"https:\/\/sydialogue.org\/wp-content\/uploads\/2023\/09\/\u0644\u0648\u063a\u0648-\u062e\u0644\u0641\u064a\u0629-\u0634\u0641\u0627\u0641\u0629-1.png","contentUrl":"https:\/\/sydialogue.org\/wp-content\/uploads\/2023\/09\/\u0644\u0648\u063a\u0648-\u062e\u0644\u0641\u064a\u0629-\u0634\u0641\u0627\u0641\u0629-1.png","caption":"\u0645\u0631\u0643\u0632 \u0627\u0644\u062d\u0648\u0627\u0631 \u0627\u0644\u0633\u0648\u0631\u064a"},"description":"\u0645\u0624\u0633\u0633\u0629 \u0628\u062d\u062b\u064a\u0629 \u0633\u0648\u0631\u064a\u0629 \u062a\u0633\u0639\u0649 \u0625\u0644\u0649 \u0627\u0644\u0625\u0633\u0647\u0627\u0645 \u0641\u064a \u0628\u0646\u0627\u0621 \u0627\u0644\u0631\u0624\u0649 \u0648\u0627\u0644\u0645\u0639\u0627\u0631\u0641 \u0628\u0645\u0627 \u064a\u0633\u0627\u0639\u062f \u0627\u0644\u0633\u0648\u0631\u064a\u064a\u0646 \u0639\u0644\u0649 \u0625\u0646\u0636\u0627\u062c \u062d\u0644\u0648\u0644 \u0639\u0645\u0644\u064a\u0629 \u0644\u0645\u0648\u0627\u062c\u0647\u0629 \u0627\u0644\u062a\u062d\u062f\u064a\u0627\u062a \u0627\u0644\u0648\u0637\u0646\u064a\u0629 \u0627\u0644\u0645\u0634\u062a\u0631\u0643\u0629 \u0648\u062a\u062d\u0642\u064a\u0642 \u0627\u0644\u062a\u0646\u0645\u064a\u0629 \u0627\u0644\u0645\u0633\u062a\u062f\u0627\u0645\u0629","sameAs":["http:\/\/sydialogue.org\/","Syrian Dialogue Center"],"url":"#molongui-disabled-link"}]}},"_links":{"self":[{"href":"https:\/\/sydialogue.org\/tr\/wp-json\/wp\/v2\/posts\/7691","targetHints":{"allow":["GET"]}}],"collection":[{"href":"https:\/\/sydialogue.org\/tr\/wp-json\/wp\/v2\/posts"}],"about":[{"href":"https:\/\/sydialogue.org\/tr\/wp-json\/wp\/v2\/types\/post"}],"author":[{"embeddable":true,"href":"https:\/\/sydialogue.org\/tr\/wp-json\/wp\/v2\/users\/1"}],"replies":[{"embeddable":true,"href":"https:\/\/sydialogue.org\/tr\/wp-json\/wp\/v2\/comments?post=7691"}],"version-history":[{"count":1,"href":"https:\/\/sydialogue.org\/tr\/wp-json\/wp\/v2\/posts\/7691\/revisions"}],"predecessor-version":[{"id":7696,"href":"https:\/\/sydialogue.org\/tr\/wp-json\/wp\/v2\/posts\/7691\/revisions\/7696"}],"wp:featuredmedia":[{"embeddable":true,"href":"https:\/\/sydialogue.org\/tr\/wp-json\/wp\/v2\/media\/7693"}],"wp:attachment":[{"href":"https:\/\/sydialogue.org\/tr\/wp-json\/wp\/v2\/media?parent=7691"}],"wp:term":[{"taxonomy":"category","embeddable":true,"href":"https:\/\/sydialogue.org\/tr\/wp-json\/wp\/v2\/categories?post=7691"},{"taxonomy":"post_tag","embeddable":true,"href":"https:\/\/sydialogue.org\/tr\/wp-json\/wp\/v2\/tags?post=7691"}],"curies":[{"name":"wp","href":"https:\/\/api.w.org\/{rel}","templated":true}]}}