{"id":7845,"date":"2020-12-29T23:59:54","date_gmt":"2020-12-29T20:59:54","guid":{"rendered":"http:\/\/sydialogue.org\/?p=7845"},"modified":"2022-04-20T13:56:15","modified_gmt":"2022-04-20T10:56:15","slug":"anayasa-komisyonunun-kaderi-basarisizlik-siyasi-girisimin-nedeni-mi","status":"publish","type":"post","link":"https:\/\/sydialogue.org\/tr\/anayasa-komisyonunun-kaderi-basarisizlik-siyasi-girisimin-nedeni-mi\/","title":{"rendered":"Anayasa Komisyonunun Kaderi: Ba\u015far\u0131s\u0131zl\u0131k Siyasi Giri\u015fimin Nedeni mi?"},"content":{"rendered":"<p dir=\"ltr\" style=\"text-align: justify;\">Birle\u015fmi\u015f Milletler&#8217;in 2019&#8217;un sonlar\u0131nda a\u00e7\u0131klad\u0131\u011f\u0131 Suriye Anayasa Komitesi, i\u00e7 \u00e7at\u0131\u015fmalarda benzersiz bir \u00f6rnek temsil etmi\u015ftir. Zira anayasa s\u00fcreci ilk kez siyasi anla\u015fman\u0131n \u00f6n\u00fcne ge\u00e7mi\u015f ve Anayasa Komitesi ilk kez Birle\u015fmi\u015f Milletler karar\u0131yla olu\u015fturulmu\u015ftu.<\/p>\n<p dir=\"ltr\" style=\"text-align: justify;\">Serinin birinci yay\u0131n\u0131nda Suriye durumunun siyasi s\u00fcrecindeki geli\u015fmeler incelenmi\u015f ve ikinci yay\u0131nda Suriye\u2019deki siyasi \u00e7\u00f6z\u00fcm\u00fcn konular\u0131na y\u00f6nelik uluslararas\u0131 \u00e7\u0131karlar\u0131n kesi\u015fmesi ara\u015ft\u0131r\u0131lm\u0131\u015ft\u0131r. Son olan bu \u00fc\u00e7\u00fcnc\u00fc yay\u0131nda ise \u015fimdilik Anayasa Komitesi ile s\u0131n\u0131rl\u0131 olan siyasi \u00e7\u00f6z\u00fcm senaryolar\u0131 ara\u015ft\u0131r\u0131lacakt\u0131r.<\/p>\n<p dir=\"ltr\" style=\"text-align: justify;\">Bu yay\u0131n Anayasa Komitesinin ba\u015far\u0131s\u0131zl\u0131\u011f\u0131n\u0131n ve ba\u015far\u0131s\u0131n\u0131n fakt\u00f6rlerini tart\u0131\u015farak ve benzer baz\u0131 deneyimleri analiz ederek Anayasa Komitesi s\u00fcrecinin senaryolar\u0131n\u0131 incelemektedir.<\/p>\n<p dir=\"ltr\">\u0130ndirmek i\u00e7in (Arap\u00e7a): <a href=\"http:\/\/sydialogue.org\/files\/AftComm003ar.pdf\">Buraya T\u0131klay\u0131n\u0131z<\/a><\/p>\n","protected":false},"excerpt":{"rendered":"<p>Birle\u015fmi\u015f Milletler&#8217;in 2019&#8217;un sonlar\u0131nda a\u00e7\u0131klad\u0131\u011f\u0131 Suriye Anayasa Komitesi, i\u00e7 \u00e7at\u0131\u015fmalarda benzersiz bir \u00f6rnek temsil etmi\u015ftir. Zira anayasa s\u00fcreci ilk kez siyasi anla\u015fman\u0131n \u00f6n\u00fcne ge\u00e7mi\u015f ve Anayasa Komitesi ilk kez Birle\u015fmi\u015f Milletler karar\u0131yla olu\u015fturulmu\u015ftu. Serinin birinci yay\u0131n\u0131nda Suriye durumunun siyasi s\u00fcrecindeki geli\u015fmeler incelenmi\u015f ve ikinci yay\u0131nda Suriye\u2019deki siyasi \u00e7\u00f6z\u00fcm\u00fcn konular\u0131na y\u00f6nelik uluslararas\u0131 \u00e7\u0131karlar\u0131n kesi\u015fmesi ara\u015ft\u0131r\u0131lm\u0131\u015ft\u0131r. Son &hellip;<\/p>\n","protected":false},"author":1,"featured_media":7847,"comment_status":"open","ping_status":"closed","sticky":false,"template":"","format":"standard","meta":{"_acf_changed":false,"footnotes":""},"categories":[78,92,49],"tags":[],"class_list":["post-7845","post","type-post","status-publish","format-standard","has-post-thumbnail","hentry","category-research-and-studies-tr","category-ortak-kimlik-ve-uzlasi-birimi","category-yayinlar"],"acf":[],"yoast_head":"<!-- This site is optimized with the Yoast SEO plugin v26.0 - https:\/\/yoast.com\/wordpress\/plugins\/seo\/ -->\n<title>Anayasa Komisyonunun Kaderi: Ba\u015far\u0131s\u0131zl\u0131k Siyasi Giri\u015fimin Nedeni mi? - Suriye Diyalog Merkezi<\/title>\n<meta name=\"robots\" content=\"index, follow, max-snippet:-1, max-image-preview:large, max-video-preview:-1\" \/>\n<link rel=\"canonical\" href=\"https:\/\/sydialogue.org\/tr\/anayasa-komisyonunun-kaderi-basarisizlik-siyasi-girisimin-nedeni-mi\/\" \/>\n<meta property=\"og:locale\" content=\"tr_TR\" \/>\n<meta property=\"og:type\" content=\"article\" \/>\n<meta property=\"og:title\" content=\"Anayasa Komisyonunun Kaderi: Ba\u015far\u0131s\u0131zl\u0131k Siyasi Giri\u015fimin Nedeni mi? - Suriye Diyalog Merkezi\" \/>\n<meta property=\"og:description\" content=\"Birle\u015fmi\u015f Milletler&#8217;in 2019&#8217;un sonlar\u0131nda a\u00e7\u0131klad\u0131\u011f\u0131 Suriye Anayasa Komitesi, i\u00e7 \u00e7at\u0131\u015fmalarda benzersiz bir \u00f6rnek temsil etmi\u015ftir. Zira anayasa s\u00fcreci ilk kez siyasi anla\u015fman\u0131n \u00f6n\u00fcne ge\u00e7mi\u015f ve Anayasa Komitesi ilk kez Birle\u015fmi\u015f Milletler karar\u0131yla olu\u015fturulmu\u015ftu. Serinin birinci yay\u0131n\u0131nda Suriye durumunun siyasi s\u00fcrecindeki geli\u015fmeler incelenmi\u015f ve ikinci yay\u0131nda Suriye\u2019deki siyasi \u00e7\u00f6z\u00fcm\u00fcn konular\u0131na y\u00f6nelik uluslararas\u0131 \u00e7\u0131karlar\u0131n kesi\u015fmesi ara\u015ft\u0131r\u0131lm\u0131\u015ft\u0131r. Son &hellip;\" \/>\n<meta property=\"og:url\" content=\"https:\/\/sydialogue.org\/tr\/anayasa-komisyonunun-kaderi-basarisizlik-siyasi-girisimin-nedeni-mi\/\" \/>\n<meta property=\"og:site_name\" content=\"Suriye Diyalog Merkezi\" \/>\n<meta property=\"article:publisher\" content=\"https:\/\/www.facebook.com\/Sydialogue\" \/>\n<meta property=\"article:published_time\" content=\"2020-12-29T20:59:54+00:00\" \/>\n<meta property=\"article:modified_time\" content=\"2022-04-20T10:56:15+00:00\" \/>\n<meta property=\"og:image\" content=\"https:\/\/sydialogue.org\/wp-content\/uploads\/2021\/12\/tr030.jpg\" \/>\n\t<meta property=\"og:image:width\" content=\"2308\" \/>\n\t<meta property=\"og:image:height\" content=\"1159\" \/>\n\t<meta property=\"og:image:type\" content=\"image\/jpeg\" \/>\n<meta name=\"author\" content=\"\u0645\u0631\u0643\u0632 \u0627\u0644\u062d\u0648\u0627\u0631 \u0627\u0644\u0633\u0648\u0631\u064a\" \/>\n<meta name=\"twitter:card\" content=\"summary_large_image\" \/>\n<meta name=\"twitter:creator\" content=\"@Sydialogue\" \/>\n<meta name=\"twitter:site\" content=\"@Sydialogue\" \/>\n<meta name=\"twitter:label1\" content=\"Yazan:\" \/>\n\t<meta name=\"twitter:data1\" content=\"\u0645\u0631\u0643\u0632 \u0627\u0644\u062d\u0648\u0627\u0631 \u0627\u0644\u0633\u0648\u0631\u064a\" \/>\n\t<meta name=\"twitter:label2\" content=\"Tahmini okuma s\u00fcresi\" \/>\n\t<meta name=\"twitter:data2\" content=\"1 dakika\" \/>\n<script type=\"application\/ld+json\" class=\"yoast-schema-graph\">{\"@context\":\"https:\/\/schema.org\",\"@graph\":[{\"@type\":\"WebPage\",\"@id\":\"https:\/\/sydialogue.org\/tr\/anayasa-komisyonunun-kaderi-basarisizlik-siyasi-girisimin-nedeni-mi\/\",\"url\":\"https:\/\/sydialogue.org\/tr\/anayasa-komisyonunun-kaderi-basarisizlik-siyasi-girisimin-nedeni-mi\/\",\"name\":\"Anayasa Komisyonunun Kaderi: Ba\u015far\u0131s\u0131zl\u0131k Siyasi Giri\u015fimin Nedeni mi? - Suriye Diyalog Merkezi\",\"isPartOf\":{\"@id\":\"https:\/\/sydialogue.org\/tr\/#website\"},\"primaryImageOfPage\":{\"@id\":\"https:\/\/sydialogue.org\/tr\/anayasa-komisyonunun-kaderi-basarisizlik-siyasi-girisimin-nedeni-mi\/#primaryimage\"},\"image\":{\"@id\":\"https:\/\/sydialogue.org\/tr\/anayasa-komisyonunun-kaderi-basarisizlik-siyasi-girisimin-nedeni-mi\/#primaryimage\"},\"thumbnailUrl\":\"https:\/\/e8nd7pn44jx.exactdn.com\/wp-content\/uploads\/2021\/12\/tr030.jpg?strip=all\",\"datePublished\":\"2020-12-29T20:59:54+00:00\",\"dateModified\":\"2022-04-20T10:56:15+00:00\",\"author\":{\"@id\":\"https:\/\/sydialogue.org\/tr\/#\/schema\/person\/34a2994f7414cbc7ce06e08267c4944d\"},\"breadcrumb\":{\"@id\":\"https:\/\/sydialogue.org\/tr\/anayasa-komisyonunun-kaderi-basarisizlik-siyasi-girisimin-nedeni-mi\/#breadcrumb\"},\"inLanguage\":\"tr\",\"potentialAction\":[{\"@type\":\"ReadAction\",\"target\":[\"https:\/\/sydialogue.org\/tr\/anayasa-komisyonunun-kaderi-basarisizlik-siyasi-girisimin-nedeni-mi\/\"]}]},{\"@type\":\"ImageObject\",\"inLanguage\":\"tr\",\"@id\":\"https:\/\/sydialogue.org\/tr\/anayasa-komisyonunun-kaderi-basarisizlik-siyasi-girisimin-nedeni-mi\/#primaryimage\",\"url\":\"https:\/\/e8nd7pn44jx.exactdn.com\/wp-content\/uploads\/2021\/12\/tr030.jpg?strip=all\",\"contentUrl\":\"https:\/\/e8nd7pn44jx.exactdn.com\/wp-content\/uploads\/2021\/12\/tr030.jpg?strip=all\",\"width\":2308,\"height\":1159},{\"@type\":\"BreadcrumbList\",\"@id\":\"https:\/\/sydialogue.org\/tr\/anayasa-komisyonunun-kaderi-basarisizlik-siyasi-girisimin-nedeni-mi\/#breadcrumb\",\"itemListElement\":[{\"@type\":\"ListItem\",\"position\":1,\"name\":\"\u0627\u0644\u0631\u0626\u064a\u0633\u064a\u0629\",\"item\":\"https:\/\/sydialogue.org\/tr\/\"},{\"@type\":\"ListItem\",\"position\":2,\"name\":\"Anayasa Komisyonunun Kaderi: Ba\u015far\u0131s\u0131zl\u0131k Siyasi Giri\u015fimin Nedeni mi?\"}]},{\"@type\":\"WebSite\",\"@id\":\"https:\/\/sydialogue.org\/tr\/#website\",\"url\":\"https:\/\/sydialogue.org\/tr\/\",\"name\":\"\u0645\u0631\u0643\u0632 \u0627\u0644\u062d\u0648\u0627\u0631 \u0627\u0644\u0633\u0648\u0631\u064a\",\"description\":\"Suriyeli bir sivil kurum, Suriye halk\u0131n\u0131 ilgilendiren konularda diyalo\u011fu canland\u0131rmay\u0131 ve harekete ge\u00e7irmeyi hedefliyor ve Suriyeliler aras\u0131nda ili\u015fkileri g\u00fc\u00e7lendirmeye ve i\u015fbirli\u011fi ve koordinasyonu harekete ge\u00e7irmeye \u00e7al\u0131\u015f\u0131yor.\",\"potentialAction\":[{\"@type\":\"SearchAction\",\"target\":{\"@type\":\"EntryPoint\",\"urlTemplate\":\"https:\/\/sydialogue.org\/tr\/?s={search_term_string}\"},\"query-input\":{\"@type\":\"PropertyValueSpecification\",\"valueRequired\":true,\"valueName\":\"search_term_string\"}}],\"inLanguage\":\"tr\"},{\"@type\":\"Person\",\"@id\":\"https:\/\/sydialogue.org\/tr\/#\/schema\/person\/34a2994f7414cbc7ce06e08267c4944d\",\"name\":\"\u0645\u0631\u0643\u0632 \u0627\u0644\u062d\u0648\u0627\u0631 \u0627\u0644\u0633\u0648\u0631\u064a\",\"image\":{\"@type\":\"ImageObject\",\"inLanguage\":\"tr\",\"@id\":\"https:\/\/sydialogue.org\/tr\/#\/schema\/person\/image\/\",\"url\":\"https:\/\/sydialogue.org\/wp-content\/uploads\/2023\/09\/\u0644\u0648\u063a\u0648-\u062e\u0644\u0641\u064a\u0629-\u0634\u0641\u0627\u0641\u0629-1.png\",\"contentUrl\":\"https:\/\/sydialogue.org\/wp-content\/uploads\/2023\/09\/\u0644\u0648\u063a\u0648-\u062e\u0644\u0641\u064a\u0629-\u0634\u0641\u0627\u0641\u0629-1.png\",\"caption\":\"\u0645\u0631\u0643\u0632 \u0627\u0644\u062d\u0648\u0627\u0631 \u0627\u0644\u0633\u0648\u0631\u064a\"},\"description\":\"\u0645\u0624\u0633\u0633\u0629 \u0628\u062d\u062b\u064a\u0629 \u0633\u0648\u0631\u064a\u0629 \u062a\u0633\u0639\u0649 \u0625\u0644\u0649 \u0627\u0644\u0625\u0633\u0647\u0627\u0645 \u0641\u064a \u0628\u0646\u0627\u0621 \u0627\u0644\u0631\u0624\u0649 \u0648\u0627\u0644\u0645\u0639\u0627\u0631\u0641 \u0628\u0645\u0627 \u064a\u0633\u0627\u0639\u062f \u0627\u0644\u0633\u0648\u0631\u064a\u064a\u0646 \u0639\u0644\u0649 \u0625\u0646\u0636\u0627\u062c \u062d\u0644\u0648\u0644 \u0639\u0645\u0644\u064a\u0629 \u0644\u0645\u0648\u0627\u062c\u0647\u0629 \u0627\u0644\u062a\u062d\u062f\u064a\u0627\u062a \u0627\u0644\u0648\u0637\u0646\u064a\u0629 \u0627\u0644\u0645\u0634\u062a\u0631\u0643\u0629 \u0648\u062a\u062d\u0642\u064a\u0642 \u0627\u0644\u062a\u0646\u0645\u064a\u0629 \u0627\u0644\u0645\u0633\u062a\u062f\u0627\u0645\u0629\",\"sameAs\":[\"http:\/\/sydialogue.org\/\",\"Syrian Dialogue Center\"],\"url\":\"#molongui-disabled-link\"}]}<\/script>\n<!-- \/ Yoast SEO plugin. -->","yoast_head_json":{"title":"Anayasa Komisyonunun Kaderi: Ba\u015far\u0131s\u0131zl\u0131k Siyasi Giri\u015fimin Nedeni mi? - Suriye Diyalog Merkezi","robots":{"index":"index","follow":"follow","max-snippet":"max-snippet:-1","max-image-preview":"max-image-preview:large","max-video-preview":"max-video-preview:-1"},"canonical":"https:\/\/sydialogue.org\/tr\/anayasa-komisyonunun-kaderi-basarisizlik-siyasi-girisimin-nedeni-mi\/","og_locale":"tr_TR","og_type":"article","og_title":"Anayasa Komisyonunun Kaderi: Ba\u015far\u0131s\u0131zl\u0131k Siyasi Giri\u015fimin Nedeni mi? - Suriye Diyalog Merkezi","og_description":"Birle\u015fmi\u015f Milletler&#8217;in 2019&#8217;un sonlar\u0131nda a\u00e7\u0131klad\u0131\u011f\u0131 Suriye Anayasa Komitesi, i\u00e7 \u00e7at\u0131\u015fmalarda benzersiz bir \u00f6rnek temsil etmi\u015ftir. Zira anayasa s\u00fcreci ilk kez siyasi anla\u015fman\u0131n \u00f6n\u00fcne ge\u00e7mi\u015f ve Anayasa Komitesi ilk kez Birle\u015fmi\u015f Milletler karar\u0131yla olu\u015fturulmu\u015ftu. Serinin birinci yay\u0131n\u0131nda Suriye durumunun siyasi s\u00fcrecindeki geli\u015fmeler incelenmi\u015f ve ikinci yay\u0131nda Suriye\u2019deki siyasi \u00e7\u00f6z\u00fcm\u00fcn konular\u0131na y\u00f6nelik uluslararas\u0131 \u00e7\u0131karlar\u0131n kesi\u015fmesi ara\u015ft\u0131r\u0131lm\u0131\u015ft\u0131r. Son &hellip;","og_url":"https:\/\/sydialogue.org\/tr\/anayasa-komisyonunun-kaderi-basarisizlik-siyasi-girisimin-nedeni-mi\/","og_site_name":"Suriye Diyalog Merkezi","article_publisher":"https:\/\/www.facebook.com\/Sydialogue","article_published_time":"2020-12-29T20:59:54+00:00","article_modified_time":"2022-04-20T10:56:15+00:00","og_image":[{"width":2308,"height":1159,"url":"https:\/\/sydialogue.org\/wp-content\/uploads\/2021\/12\/tr030.jpg","type":"image\/jpeg"}],"author":"\u0645\u0631\u0643\u0632 \u0627\u0644\u062d\u0648\u0627\u0631 \u0627\u0644\u0633\u0648\u0631\u064a","twitter_card":"summary_large_image","twitter_creator":"@Sydialogue","twitter_site":"@Sydialogue","twitter_misc":{"Yazan:":"\u0645\u0631\u0643\u0632 \u0627\u0644\u062d\u0648\u0627\u0631 \u0627\u0644\u0633\u0648\u0631\u064a","Tahmini okuma s\u00fcresi":"1 dakika"},"schema":{"@context":"https:\/\/schema.org","@graph":[{"@type":"WebPage","@id":"https:\/\/sydialogue.org\/tr\/anayasa-komisyonunun-kaderi-basarisizlik-siyasi-girisimin-nedeni-mi\/","url":"https:\/\/sydialogue.org\/tr\/anayasa-komisyonunun-kaderi-basarisizlik-siyasi-girisimin-nedeni-mi\/","name":"Anayasa Komisyonunun Kaderi: Ba\u015far\u0131s\u0131zl\u0131k Siyasi Giri\u015fimin Nedeni mi? - Suriye Diyalog Merkezi","isPartOf":{"@id":"https:\/\/sydialogue.org\/tr\/#website"},"primaryImageOfPage":{"@id":"https:\/\/sydialogue.org\/tr\/anayasa-komisyonunun-kaderi-basarisizlik-siyasi-girisimin-nedeni-mi\/#primaryimage"},"image":{"@id":"https:\/\/sydialogue.org\/tr\/anayasa-komisyonunun-kaderi-basarisizlik-siyasi-girisimin-nedeni-mi\/#primaryimage"},"thumbnailUrl":"https:\/\/e8nd7pn44jx.exactdn.com\/wp-content\/uploads\/2021\/12\/tr030.jpg?strip=all","datePublished":"2020-12-29T20:59:54+00:00","dateModified":"2022-04-20T10:56:15+00:00","author":{"@id":"https:\/\/sydialogue.org\/tr\/#\/schema\/person\/34a2994f7414cbc7ce06e08267c4944d"},"breadcrumb":{"@id":"https:\/\/sydialogue.org\/tr\/anayasa-komisyonunun-kaderi-basarisizlik-siyasi-girisimin-nedeni-mi\/#breadcrumb"},"inLanguage":"tr","potentialAction":[{"@type":"ReadAction","target":["https:\/\/sydialogue.org\/tr\/anayasa-komisyonunun-kaderi-basarisizlik-siyasi-girisimin-nedeni-mi\/"]}]},{"@type":"ImageObject","inLanguage":"tr","@id":"https:\/\/sydialogue.org\/tr\/anayasa-komisyonunun-kaderi-basarisizlik-siyasi-girisimin-nedeni-mi\/#primaryimage","url":"https:\/\/e8nd7pn44jx.exactdn.com\/wp-content\/uploads\/2021\/12\/tr030.jpg?strip=all","contentUrl":"https:\/\/e8nd7pn44jx.exactdn.com\/wp-content\/uploads\/2021\/12\/tr030.jpg?strip=all","width":2308,"height":1159},{"@type":"BreadcrumbList","@id":"https:\/\/sydialogue.org\/tr\/anayasa-komisyonunun-kaderi-basarisizlik-siyasi-girisimin-nedeni-mi\/#breadcrumb","itemListElement":[{"@type":"ListItem","position":1,"name":"\u0627\u0644\u0631\u0626\u064a\u0633\u064a\u0629","item":"https:\/\/sydialogue.org\/tr\/"},{"@type":"ListItem","position":2,"name":"Anayasa Komisyonunun Kaderi: Ba\u015far\u0131s\u0131zl\u0131k Siyasi Giri\u015fimin Nedeni mi?"}]},{"@type":"WebSite","@id":"https:\/\/sydialogue.org\/tr\/#website","url":"https:\/\/sydialogue.org\/tr\/","name":"\u0645\u0631\u0643\u0632 \u0627\u0644\u062d\u0648\u0627\u0631 \u0627\u0644\u0633\u0648\u0631\u064a","description":"Suriyeli bir sivil kurum, Suriye halk\u0131n\u0131 ilgilendiren konularda diyalo\u011fu canland\u0131rmay\u0131 ve harekete ge\u00e7irmeyi hedefliyor ve Suriyeliler aras\u0131nda ili\u015fkileri g\u00fc\u00e7lendirmeye ve i\u015fbirli\u011fi ve koordinasyonu harekete ge\u00e7irmeye \u00e7al\u0131\u015f\u0131yor.","potentialAction":[{"@type":"SearchAction","target":{"@type":"EntryPoint","urlTemplate":"https:\/\/sydialogue.org\/tr\/?s={search_term_string}"},"query-input":{"@type":"PropertyValueSpecification","valueRequired":true,"valueName":"search_term_string"}}],"inLanguage":"tr"},{"@type":"Person","@id":"https:\/\/sydialogue.org\/tr\/#\/schema\/person\/34a2994f7414cbc7ce06e08267c4944d","name":"\u0645\u0631\u0643\u0632 \u0627\u0644\u062d\u0648\u0627\u0631 \u0627\u0644\u0633\u0648\u0631\u064a","image":{"@type":"ImageObject","inLanguage":"tr","@id":"https:\/\/sydialogue.org\/tr\/#\/schema\/person\/image\/","url":"https:\/\/sydialogue.org\/wp-content\/uploads\/2023\/09\/\u0644\u0648\u063a\u0648-\u062e\u0644\u0641\u064a\u0629-\u0634\u0641\u0627\u0641\u0629-1.png","contentUrl":"https:\/\/sydialogue.org\/wp-content\/uploads\/2023\/09\/\u0644\u0648\u063a\u0648-\u062e\u0644\u0641\u064a\u0629-\u0634\u0641\u0627\u0641\u0629-1.png","caption":"\u0645\u0631\u0643\u0632 \u0627\u0644\u062d\u0648\u0627\u0631 \u0627\u0644\u0633\u0648\u0631\u064a"},"description":"\u0645\u0624\u0633\u0633\u0629 \u0628\u062d\u062b\u064a\u0629 \u0633\u0648\u0631\u064a\u0629 \u062a\u0633\u0639\u0649 \u0625\u0644\u0649 \u0627\u0644\u0625\u0633\u0647\u0627\u0645 \u0641\u064a \u0628\u0646\u0627\u0621 \u0627\u0644\u0631\u0624\u0649 \u0648\u0627\u0644\u0645\u0639\u0627\u0631\u0641 \u0628\u0645\u0627 \u064a\u0633\u0627\u0639\u062f \u0627\u0644\u0633\u0648\u0631\u064a\u064a\u0646 \u0639\u0644\u0649 \u0625\u0646\u0636\u0627\u062c \u062d\u0644\u0648\u0644 \u0639\u0645\u0644\u064a\u0629 \u0644\u0645\u0648\u0627\u062c\u0647\u0629 \u0627\u0644\u062a\u062d\u062f\u064a\u0627\u062a \u0627\u0644\u0648\u0637\u0646\u064a\u0629 \u0627\u0644\u0645\u0634\u062a\u0631\u0643\u0629 \u0648\u062a\u062d\u0642\u064a\u0642 \u0627\u0644\u062a\u0646\u0645\u064a\u0629 \u0627\u0644\u0645\u0633\u062a\u062f\u0627\u0645\u0629","sameAs":["http:\/\/sydialogue.org\/","Syrian Dialogue Center"],"url":"#molongui-disabled-link"}]}},"_links":{"self":[{"href":"https:\/\/sydialogue.org\/tr\/wp-json\/wp\/v2\/posts\/7845","targetHints":{"allow":["GET"]}}],"collection":[{"href":"https:\/\/sydialogue.org\/tr\/wp-json\/wp\/v2\/posts"}],"about":[{"href":"https:\/\/sydialogue.org\/tr\/wp-json\/wp\/v2\/types\/post"}],"author":[{"embeddable":true,"href":"https:\/\/sydialogue.org\/tr\/wp-json\/wp\/v2\/users\/1"}],"replies":[{"embeddable":true,"href":"https:\/\/sydialogue.org\/tr\/wp-json\/wp\/v2\/comments?post=7845"}],"version-history":[{"count":1,"href":"https:\/\/sydialogue.org\/tr\/wp-json\/wp\/v2\/posts\/7845\/revisions"}],"predecessor-version":[{"id":7850,"href":"https:\/\/sydialogue.org\/tr\/wp-json\/wp\/v2\/posts\/7845\/revisions\/7850"}],"wp:featuredmedia":[{"embeddable":true,"href":"https:\/\/sydialogue.org\/tr\/wp-json\/wp\/v2\/media\/7847"}],"wp:attachment":[{"href":"https:\/\/sydialogue.org\/tr\/wp-json\/wp\/v2\/media?parent=7845"}],"wp:term":[{"taxonomy":"category","embeddable":true,"href":"https:\/\/sydialogue.org\/tr\/wp-json\/wp\/v2\/categories?post=7845"},{"taxonomy":"post_tag","embeddable":true,"href":"https:\/\/sydialogue.org\/tr\/wp-json\/wp\/v2\/tags?post=7845"}],"curies":[{"name":"wp","href":"https:\/\/api.w.org\/{rel}","templated":true}]}}