{"id":7958,"date":"2020-12-30T03:15:30","date_gmt":"2020-12-30T00:15:30","guid":{"rendered":"http:\/\/sydialogue.org\/?p=7958"},"modified":"2022-04-20T13:50:48","modified_gmt":"2022-04-20T10:50:48","slug":"kismi-siyasi-cozumlerin-gelecegi-anayasa-komitesinin-sonrasi","status":"publish","type":"post","link":"https:\/\/sydialogue.org\/tr\/kismi-siyasi-cozumlerin-gelecegi-anayasa-komitesinin-sonrasi\/","title":{"rendered":"K\u0131smi Siyasi \u00c7\u00f6z\u00fcmlerin Gelece\u011fi: Anayasa Komitesi\u2019nin Sonras\u0131"},"content":{"rendered":"<p dir=\"ltr\" style=\"text-align: justify;\">Merkezin siyasi \u00e7\u00f6z\u00fcm\u00fcn gelece\u011fine ili\u015fkin ara\u015ft\u0131rmas\u0131n\u0131n (\u00f6nceki yay\u0131nlar) devam\u0131 niteli\u011findeki bu rapor, Anayasa Komitesi ile ilgili durumu, dahil olman\u0131n riskler ve f\u0131rsatlar\u0131 a\u00e7\u0131s\u0131ndan muhalif ve devrimci g\u00fc\u00e7lerden ki\u015fi ve uzmanlar\u0131n g\u00f6r\u00fc\u015flerini aktarmaktad\u0131r. Ayr\u0131ca genel olarak siyasi \u00e7\u00f6z\u00fcm ve \u00f6zel olarak Anayasa Komitesi&#8217;nin s\u00fcre\u00e7lerinin ele al\u0131nmas\u0131na ili\u015fkin tavsiyeler sunmaktad\u0131r.<\/p>\n<p dir=\"ltr\" style=\"text-align: justify;\">\u0130ndirmek i\u00e7in (Arap\u00e7a): <a href=\"http:\/\/sydialogue.org\/files\/aftercom004.pdf\">Buraya T\u0131klay\u0131n\u0131z<\/a><\/p>\n","protected":false},"excerpt":{"rendered":"<p>Merkezin siyasi \u00e7\u00f6z\u00fcm\u00fcn gelece\u011fine ili\u015fkin ara\u015ft\u0131rmas\u0131n\u0131n (\u00f6nceki yay\u0131nlar) devam\u0131 niteli\u011findeki bu rapor, Anayasa Komitesi ile ilgili durumu, dahil olman\u0131n riskler ve f\u0131rsatlar\u0131 a\u00e7\u0131s\u0131ndan muhalif ve devrimci g\u00fc\u00e7lerden ki\u015fi ve uzmanlar\u0131n g\u00f6r\u00fc\u015flerini aktarmaktad\u0131r. Ayr\u0131ca genel olarak siyasi \u00e7\u00f6z\u00fcm ve \u00f6zel olarak Anayasa Komitesi&#8217;nin s\u00fcre\u00e7lerinin ele al\u0131nmas\u0131na ili\u015fkin tavsiyeler sunmaktad\u0131r. \u0130ndirmek i\u00e7in (Arap\u00e7a): Buraya T\u0131klay\u0131n\u0131z<\/p>\n","protected":false},"author":1,"featured_media":7959,"comment_status":"open","ping_status":"closed","sticky":false,"template":"","format":"standard","meta":{"_acf_changed":false,"footnotes":""},"categories":[54,92,49],"tags":[],"class_list":["post-7958","post","type-post","status-publish","format-standard","has-post-thumbnail","hentry","category-gelisim-raporlar","category-ortak-kimlik-ve-uzlasi-birimi","category-yayinlar"],"acf":[],"yoast_head":"<!-- This site is optimized with the Yoast SEO plugin v26.0 - https:\/\/yoast.com\/wordpress\/plugins\/seo\/ -->\n<title>K\u0131smi Siyasi \u00c7\u00f6z\u00fcmlerin Gelece\u011fi: Anayasa Komitesi\u2019nin Sonras\u0131 - Suriye Diyalog Merkezi<\/title>\n<meta name=\"robots\" content=\"index, follow, max-snippet:-1, max-image-preview:large, max-video-preview:-1\" \/>\n<link rel=\"canonical\" href=\"https:\/\/sydialogue.org\/tr\/kismi-siyasi-cozumlerin-gelecegi-anayasa-komitesinin-sonrasi\/\" \/>\n<meta property=\"og:locale\" content=\"tr_TR\" \/>\n<meta property=\"og:type\" content=\"article\" \/>\n<meta property=\"og:title\" content=\"K\u0131smi Siyasi \u00c7\u00f6z\u00fcmlerin Gelece\u011fi: Anayasa Komitesi\u2019nin Sonras\u0131 - Suriye Diyalog Merkezi\" \/>\n<meta property=\"og:description\" content=\"Merkezin siyasi \u00e7\u00f6z\u00fcm\u00fcn gelece\u011fine ili\u015fkin ara\u015ft\u0131rmas\u0131n\u0131n (\u00f6nceki yay\u0131nlar) devam\u0131 niteli\u011findeki bu rapor, Anayasa Komitesi ile ilgili durumu, dahil olman\u0131n riskler ve f\u0131rsatlar\u0131 a\u00e7\u0131s\u0131ndan muhalif ve devrimci g\u00fc\u00e7lerden ki\u015fi ve uzmanlar\u0131n g\u00f6r\u00fc\u015flerini aktarmaktad\u0131r. Ayr\u0131ca genel olarak siyasi \u00e7\u00f6z\u00fcm ve \u00f6zel olarak Anayasa Komitesi&#8217;nin s\u00fcre\u00e7lerinin ele al\u0131nmas\u0131na ili\u015fkin tavsiyeler sunmaktad\u0131r. \u0130ndirmek i\u00e7in (Arap\u00e7a): Buraya T\u0131klay\u0131n\u0131z\" \/>\n<meta property=\"og:url\" content=\"https:\/\/sydialogue.org\/tr\/kismi-siyasi-cozumlerin-gelecegi-anayasa-komitesinin-sonrasi\/\" \/>\n<meta property=\"og:site_name\" content=\"Suriye Diyalog Merkezi\" \/>\n<meta property=\"article:publisher\" content=\"https:\/\/www.facebook.com\/Sydialogue\" \/>\n<meta property=\"article:published_time\" content=\"2020-12-30T00:15:30+00:00\" \/>\n<meta property=\"article:modified_time\" content=\"2022-04-20T10:50:48+00:00\" \/>\n<meta property=\"og:image\" content=\"https:\/\/sydialogue.org\/wp-content\/uploads\/2021\/12\/tr040.jpg\" \/>\n\t<meta property=\"og:image:width\" content=\"2308\" \/>\n\t<meta property=\"og:image:height\" content=\"1159\" \/>\n\t<meta property=\"og:image:type\" content=\"image\/jpeg\" \/>\n<meta name=\"author\" content=\"\u0645\u0631\u0643\u0632 \u0627\u0644\u062d\u0648\u0627\u0631 \u0627\u0644\u0633\u0648\u0631\u064a\" \/>\n<meta name=\"twitter:card\" content=\"summary_large_image\" \/>\n<meta name=\"twitter:creator\" content=\"@Sydialogue\" \/>\n<meta name=\"twitter:site\" content=\"@Sydialogue\" \/>\n<meta name=\"twitter:label1\" content=\"Yazan:\" \/>\n\t<meta name=\"twitter:data1\" content=\"\u0645\u0631\u0643\u0632 \u0627\u0644\u062d\u0648\u0627\u0631 \u0627\u0644\u0633\u0648\u0631\u064a\" \/>\n\t<meta name=\"twitter:label2\" content=\"Tahmini okuma s\u00fcresi\" \/>\n\t<meta name=\"twitter:data2\" content=\"1 dakika\" \/>\n<script type=\"application\/ld+json\" class=\"yoast-schema-graph\">{\"@context\":\"https:\/\/schema.org\",\"@graph\":[{\"@type\":\"WebPage\",\"@id\":\"https:\/\/sydialogue.org\/tr\/kismi-siyasi-cozumlerin-gelecegi-anayasa-komitesinin-sonrasi\/\",\"url\":\"https:\/\/sydialogue.org\/tr\/kismi-siyasi-cozumlerin-gelecegi-anayasa-komitesinin-sonrasi\/\",\"name\":\"K\u0131smi Siyasi \u00c7\u00f6z\u00fcmlerin Gelece\u011fi: Anayasa Komitesi\u2019nin Sonras\u0131 - Suriye Diyalog Merkezi\",\"isPartOf\":{\"@id\":\"https:\/\/sydialogue.org\/tr\/#website\"},\"primaryImageOfPage\":{\"@id\":\"https:\/\/sydialogue.org\/tr\/kismi-siyasi-cozumlerin-gelecegi-anayasa-komitesinin-sonrasi\/#primaryimage\"},\"image\":{\"@id\":\"https:\/\/sydialogue.org\/tr\/kismi-siyasi-cozumlerin-gelecegi-anayasa-komitesinin-sonrasi\/#primaryimage\"},\"thumbnailUrl\":\"https:\/\/egsaqtt58cu.exactdn.com\/wp-content\/uploads\/2021\/12\/tr040.jpg?strip=all&lossy=1&ssl=1\",\"datePublished\":\"2020-12-30T00:15:30+00:00\",\"dateModified\":\"2022-04-20T10:50:48+00:00\",\"author\":{\"@id\":\"https:\/\/sydialogue.org\/tr\/#\/schema\/person\/34a2994f7414cbc7ce06e08267c4944d\"},\"breadcrumb\":{\"@id\":\"https:\/\/sydialogue.org\/tr\/kismi-siyasi-cozumlerin-gelecegi-anayasa-komitesinin-sonrasi\/#breadcrumb\"},\"inLanguage\":\"tr\",\"potentialAction\":[{\"@type\":\"ReadAction\",\"target\":[\"https:\/\/sydialogue.org\/tr\/kismi-siyasi-cozumlerin-gelecegi-anayasa-komitesinin-sonrasi\/\"]}]},{\"@type\":\"ImageObject\",\"inLanguage\":\"tr\",\"@id\":\"https:\/\/sydialogue.org\/tr\/kismi-siyasi-cozumlerin-gelecegi-anayasa-komitesinin-sonrasi\/#primaryimage\",\"url\":\"https:\/\/egsaqtt58cu.exactdn.com\/wp-content\/uploads\/2021\/12\/tr040.jpg?strip=all&lossy=1&ssl=1\",\"contentUrl\":\"https:\/\/egsaqtt58cu.exactdn.com\/wp-content\/uploads\/2021\/12\/tr040.jpg?strip=all&lossy=1&ssl=1\",\"width\":2308,\"height\":1159},{\"@type\":\"BreadcrumbList\",\"@id\":\"https:\/\/sydialogue.org\/tr\/kismi-siyasi-cozumlerin-gelecegi-anayasa-komitesinin-sonrasi\/#breadcrumb\",\"itemListElement\":[{\"@type\":\"ListItem\",\"position\":1,\"name\":\"\u0627\u0644\u0631\u0626\u064a\u0633\u064a\u0629\",\"item\":\"https:\/\/sydialogue.org\/tr\/\"},{\"@type\":\"ListItem\",\"position\":2,\"name\":\"K\u0131smi Siyasi \u00c7\u00f6z\u00fcmlerin Gelece\u011fi: Anayasa Komitesi\u2019nin Sonras\u0131\"}]},{\"@type\":\"WebSite\",\"@id\":\"https:\/\/sydialogue.org\/tr\/#website\",\"url\":\"https:\/\/sydialogue.org\/tr\/\",\"name\":\"\u0645\u0631\u0643\u0632 \u0627\u0644\u062d\u0648\u0627\u0631 \u0627\u0644\u0633\u0648\u0631\u064a\",\"description\":\"Suriyeli bir sivil kurum, Suriye halk\u0131n\u0131 ilgilendiren konularda diyalo\u011fu canland\u0131rmay\u0131 ve harekete ge\u00e7irmeyi hedefliyor ve Suriyeliler aras\u0131nda ili\u015fkileri g\u00fc\u00e7lendirmeye ve i\u015fbirli\u011fi ve koordinasyonu harekete ge\u00e7irmeye \u00e7al\u0131\u015f\u0131yor.\",\"potentialAction\":[{\"@type\":\"SearchAction\",\"target\":{\"@type\":\"EntryPoint\",\"urlTemplate\":\"https:\/\/sydialogue.org\/tr\/?s={search_term_string}\"},\"query-input\":{\"@type\":\"PropertyValueSpecification\",\"valueRequired\":true,\"valueName\":\"search_term_string\"}}],\"inLanguage\":\"tr\"},{\"@type\":\"Person\",\"@id\":\"https:\/\/sydialogue.org\/tr\/#\/schema\/person\/34a2994f7414cbc7ce06e08267c4944d\",\"name\":\"\u0645\u0631\u0643\u0632 \u0627\u0644\u062d\u0648\u0627\u0631 \u0627\u0644\u0633\u0648\u0631\u064a\",\"image\":{\"@type\":\"ImageObject\",\"inLanguage\":\"tr\",\"@id\":\"https:\/\/sydialogue.org\/tr\/#\/schema\/person\/image\/\",\"url\":\"https:\/\/sydialogue.org\/wp-content\/uploads\/2023\/09\/\u0644\u0648\u063a\u0648-\u062e\u0644\u0641\u064a\u0629-\u0634\u0641\u0627\u0641\u0629-1.png\",\"contentUrl\":\"https:\/\/sydialogue.org\/wp-content\/uploads\/2023\/09\/\u0644\u0648\u063a\u0648-\u062e\u0644\u0641\u064a\u0629-\u0634\u0641\u0627\u0641\u0629-1.png\",\"caption\":\"\u0645\u0631\u0643\u0632 \u0627\u0644\u062d\u0648\u0627\u0631 \u0627\u0644\u0633\u0648\u0631\u064a\"},\"description\":\"\u0645\u0624\u0633\u0633\u0629 \u0628\u062d\u062b\u064a\u0629 \u0633\u0648\u0631\u064a\u0629 \u062a\u0633\u0639\u0649 \u0625\u0644\u0649 \u0627\u0644\u0625\u0633\u0647\u0627\u0645 \u0641\u064a \u0628\u0646\u0627\u0621 \u0627\u0644\u0631\u0624\u0649 \u0648\u0627\u0644\u0645\u0639\u0627\u0631\u0641 \u0628\u0645\u0627 \u064a\u0633\u0627\u0639\u062f \u0627\u0644\u0633\u0648\u0631\u064a\u064a\u0646 \u0639\u0644\u0649 \u0625\u0646\u0636\u0627\u062c \u062d\u0644\u0648\u0644 \u0639\u0645\u0644\u064a\u0629 \u0644\u0645\u0648\u0627\u062c\u0647\u0629 \u0627\u0644\u062a\u062d\u062f\u064a\u0627\u062a \u0627\u0644\u0648\u0637\u0646\u064a\u0629 \u0627\u0644\u0645\u0634\u062a\u0631\u0643\u0629 \u0648\u062a\u062d\u0642\u064a\u0642 \u0627\u0644\u062a\u0646\u0645\u064a\u0629 \u0627\u0644\u0645\u0633\u062a\u062f\u0627\u0645\u0629\",\"sameAs\":[\"http:\/\/sydialogue.org\/\",\"Syrian Dialogue Center\"],\"url\":\"#molongui-disabled-link\"}]}<\/script>\n<!-- \/ Yoast SEO plugin. -->","yoast_head_json":{"title":"K\u0131smi Siyasi \u00c7\u00f6z\u00fcmlerin Gelece\u011fi: Anayasa Komitesi\u2019nin Sonras\u0131 - Suriye Diyalog Merkezi","robots":{"index":"index","follow":"follow","max-snippet":"max-snippet:-1","max-image-preview":"max-image-preview:large","max-video-preview":"max-video-preview:-1"},"canonical":"https:\/\/sydialogue.org\/tr\/kismi-siyasi-cozumlerin-gelecegi-anayasa-komitesinin-sonrasi\/","og_locale":"tr_TR","og_type":"article","og_title":"K\u0131smi Siyasi \u00c7\u00f6z\u00fcmlerin Gelece\u011fi: Anayasa Komitesi\u2019nin Sonras\u0131 - Suriye Diyalog Merkezi","og_description":"Merkezin siyasi \u00e7\u00f6z\u00fcm\u00fcn gelece\u011fine ili\u015fkin ara\u015ft\u0131rmas\u0131n\u0131n (\u00f6nceki yay\u0131nlar) devam\u0131 niteli\u011findeki bu rapor, Anayasa Komitesi ile ilgili durumu, dahil olman\u0131n riskler ve f\u0131rsatlar\u0131 a\u00e7\u0131s\u0131ndan muhalif ve devrimci g\u00fc\u00e7lerden ki\u015fi ve uzmanlar\u0131n g\u00f6r\u00fc\u015flerini aktarmaktad\u0131r. Ayr\u0131ca genel olarak siyasi \u00e7\u00f6z\u00fcm ve \u00f6zel olarak Anayasa Komitesi&#8217;nin s\u00fcre\u00e7lerinin ele al\u0131nmas\u0131na ili\u015fkin tavsiyeler sunmaktad\u0131r. \u0130ndirmek i\u00e7in (Arap\u00e7a): Buraya T\u0131klay\u0131n\u0131z","og_url":"https:\/\/sydialogue.org\/tr\/kismi-siyasi-cozumlerin-gelecegi-anayasa-komitesinin-sonrasi\/","og_site_name":"Suriye Diyalog Merkezi","article_publisher":"https:\/\/www.facebook.com\/Sydialogue","article_published_time":"2020-12-30T00:15:30+00:00","article_modified_time":"2022-04-20T10:50:48+00:00","og_image":[{"width":2308,"height":1159,"url":"https:\/\/sydialogue.org\/wp-content\/uploads\/2021\/12\/tr040.jpg","type":"image\/jpeg"}],"author":"\u0645\u0631\u0643\u0632 \u0627\u0644\u062d\u0648\u0627\u0631 \u0627\u0644\u0633\u0648\u0631\u064a","twitter_card":"summary_large_image","twitter_creator":"@Sydialogue","twitter_site":"@Sydialogue","twitter_misc":{"Yazan:":"\u0645\u0631\u0643\u0632 \u0627\u0644\u062d\u0648\u0627\u0631 \u0627\u0644\u0633\u0648\u0631\u064a","Tahmini okuma s\u00fcresi":"1 dakika"},"schema":{"@context":"https:\/\/schema.org","@graph":[{"@type":"WebPage","@id":"https:\/\/sydialogue.org\/tr\/kismi-siyasi-cozumlerin-gelecegi-anayasa-komitesinin-sonrasi\/","url":"https:\/\/sydialogue.org\/tr\/kismi-siyasi-cozumlerin-gelecegi-anayasa-komitesinin-sonrasi\/","name":"K\u0131smi Siyasi \u00c7\u00f6z\u00fcmlerin Gelece\u011fi: Anayasa Komitesi\u2019nin Sonras\u0131 - Suriye Diyalog Merkezi","isPartOf":{"@id":"https:\/\/sydialogue.org\/tr\/#website"},"primaryImageOfPage":{"@id":"https:\/\/sydialogue.org\/tr\/kismi-siyasi-cozumlerin-gelecegi-anayasa-komitesinin-sonrasi\/#primaryimage"},"image":{"@id":"https:\/\/sydialogue.org\/tr\/kismi-siyasi-cozumlerin-gelecegi-anayasa-komitesinin-sonrasi\/#primaryimage"},"thumbnailUrl":"https:\/\/egsaqtt58cu.exactdn.com\/wp-content\/uploads\/2021\/12\/tr040.jpg?strip=all&lossy=1&ssl=1","datePublished":"2020-12-30T00:15:30+00:00","dateModified":"2022-04-20T10:50:48+00:00","author":{"@id":"https:\/\/sydialogue.org\/tr\/#\/schema\/person\/34a2994f7414cbc7ce06e08267c4944d"},"breadcrumb":{"@id":"https:\/\/sydialogue.org\/tr\/kismi-siyasi-cozumlerin-gelecegi-anayasa-komitesinin-sonrasi\/#breadcrumb"},"inLanguage":"tr","potentialAction":[{"@type":"ReadAction","target":["https:\/\/sydialogue.org\/tr\/kismi-siyasi-cozumlerin-gelecegi-anayasa-komitesinin-sonrasi\/"]}]},{"@type":"ImageObject","inLanguage":"tr","@id":"https:\/\/sydialogue.org\/tr\/kismi-siyasi-cozumlerin-gelecegi-anayasa-komitesinin-sonrasi\/#primaryimage","url":"https:\/\/egsaqtt58cu.exactdn.com\/wp-content\/uploads\/2021\/12\/tr040.jpg?strip=all&lossy=1&ssl=1","contentUrl":"https:\/\/egsaqtt58cu.exactdn.com\/wp-content\/uploads\/2021\/12\/tr040.jpg?strip=all&lossy=1&ssl=1","width":2308,"height":1159},{"@type":"BreadcrumbList","@id":"https:\/\/sydialogue.org\/tr\/kismi-siyasi-cozumlerin-gelecegi-anayasa-komitesinin-sonrasi\/#breadcrumb","itemListElement":[{"@type":"ListItem","position":1,"name":"\u0627\u0644\u0631\u0626\u064a\u0633\u064a\u0629","item":"https:\/\/sydialogue.org\/tr\/"},{"@type":"ListItem","position":2,"name":"K\u0131smi Siyasi \u00c7\u00f6z\u00fcmlerin Gelece\u011fi: Anayasa Komitesi\u2019nin Sonras\u0131"}]},{"@type":"WebSite","@id":"https:\/\/sydialogue.org\/tr\/#website","url":"https:\/\/sydialogue.org\/tr\/","name":"\u0645\u0631\u0643\u0632 \u0627\u0644\u062d\u0648\u0627\u0631 \u0627\u0644\u0633\u0648\u0631\u064a","description":"Suriyeli bir sivil kurum, Suriye halk\u0131n\u0131 ilgilendiren konularda diyalo\u011fu canland\u0131rmay\u0131 ve harekete ge\u00e7irmeyi hedefliyor ve Suriyeliler aras\u0131nda ili\u015fkileri g\u00fc\u00e7lendirmeye ve i\u015fbirli\u011fi ve koordinasyonu harekete ge\u00e7irmeye \u00e7al\u0131\u015f\u0131yor.","potentialAction":[{"@type":"SearchAction","target":{"@type":"EntryPoint","urlTemplate":"https:\/\/sydialogue.org\/tr\/?s={search_term_string}"},"query-input":{"@type":"PropertyValueSpecification","valueRequired":true,"valueName":"search_term_string"}}],"inLanguage":"tr"},{"@type":"Person","@id":"https:\/\/sydialogue.org\/tr\/#\/schema\/person\/34a2994f7414cbc7ce06e08267c4944d","name":"\u0645\u0631\u0643\u0632 \u0627\u0644\u062d\u0648\u0627\u0631 \u0627\u0644\u0633\u0648\u0631\u064a","image":{"@type":"ImageObject","inLanguage":"tr","@id":"https:\/\/sydialogue.org\/tr\/#\/schema\/person\/image\/","url":"https:\/\/sydialogue.org\/wp-content\/uploads\/2023\/09\/\u0644\u0648\u063a\u0648-\u062e\u0644\u0641\u064a\u0629-\u0634\u0641\u0627\u0641\u0629-1.png","contentUrl":"https:\/\/sydialogue.org\/wp-content\/uploads\/2023\/09\/\u0644\u0648\u063a\u0648-\u062e\u0644\u0641\u064a\u0629-\u0634\u0641\u0627\u0641\u0629-1.png","caption":"\u0645\u0631\u0643\u0632 \u0627\u0644\u062d\u0648\u0627\u0631 \u0627\u0644\u0633\u0648\u0631\u064a"},"description":"\u0645\u0624\u0633\u0633\u0629 \u0628\u062d\u062b\u064a\u0629 \u0633\u0648\u0631\u064a\u0629 \u062a\u0633\u0639\u0649 \u0625\u0644\u0649 \u0627\u0644\u0625\u0633\u0647\u0627\u0645 \u0641\u064a \u0628\u0646\u0627\u0621 \u0627\u0644\u0631\u0624\u0649 \u0648\u0627\u0644\u0645\u0639\u0627\u0631\u0641 \u0628\u0645\u0627 \u064a\u0633\u0627\u0639\u062f \u0627\u0644\u0633\u0648\u0631\u064a\u064a\u0646 \u0639\u0644\u0649 \u0625\u0646\u0636\u0627\u062c \u062d\u0644\u0648\u0644 \u0639\u0645\u0644\u064a\u0629 \u0644\u0645\u0648\u0627\u062c\u0647\u0629 \u0627\u0644\u062a\u062d\u062f\u064a\u0627\u062a \u0627\u0644\u0648\u0637\u0646\u064a\u0629 \u0627\u0644\u0645\u0634\u062a\u0631\u0643\u0629 \u0648\u062a\u062d\u0642\u064a\u0642 \u0627\u0644\u062a\u0646\u0645\u064a\u0629 \u0627\u0644\u0645\u0633\u062a\u062f\u0627\u0645\u0629","sameAs":["http:\/\/sydialogue.org\/","Syrian Dialogue Center"],"url":"#molongui-disabled-link"}]}},"_links":{"self":[{"href":"https:\/\/sydialogue.org\/tr\/wp-json\/wp\/v2\/posts\/7958","targetHints":{"allow":["GET"]}}],"collection":[{"href":"https:\/\/sydialogue.org\/tr\/wp-json\/wp\/v2\/posts"}],"about":[{"href":"https:\/\/sydialogue.org\/tr\/wp-json\/wp\/v2\/types\/post"}],"author":[{"embeddable":true,"href":"https:\/\/sydialogue.org\/tr\/wp-json\/wp\/v2\/users\/1"}],"replies":[{"embeddable":true,"href":"https:\/\/sydialogue.org\/tr\/wp-json\/wp\/v2\/comments?post=7958"}],"version-history":[{"count":1,"href":"https:\/\/sydialogue.org\/tr\/wp-json\/wp\/v2\/posts\/7958\/revisions"}],"predecessor-version":[{"id":7962,"href":"https:\/\/sydialogue.org\/tr\/wp-json\/wp\/v2\/posts\/7958\/revisions\/7962"}],"wp:featuredmedia":[{"embeddable":true,"href":"https:\/\/sydialogue.org\/tr\/wp-json\/wp\/v2\/media\/7959"}],"wp:attachment":[{"href":"https:\/\/sydialogue.org\/tr\/wp-json\/wp\/v2\/media?parent=7958"}],"wp:term":[{"taxonomy":"category","embeddable":true,"href":"https:\/\/sydialogue.org\/tr\/wp-json\/wp\/v2\/categories?post=7958"},{"taxonomy":"post_tag","embeddable":true,"href":"https:\/\/sydialogue.org\/tr\/wp-json\/wp\/v2\/tags?post=7958"}],"curies":[{"name":"wp","href":"https:\/\/api.w.org\/{rel}","templated":true}]}}